{"id":10249,"date":"2021-07-22T16:58:34","date_gmt":"2021-07-22T16:58:34","guid":{"rendered":"https:\/\/www.africa-press.net\/cotedivoire\/?p=10249"},"modified":"2021-07-22T19:04:55","modified_gmt":"2021-07-22T19:04:55","slug":"cote-divoire-comment-la-rencontre-ouattara-gbagbo-du-27-juillet-a-ete-preparee","status":"publish","type":"post","link":"https:\/\/www.africa-press.net\/cotedivoire\/dossiers\/cote-divoire-comment-la-rencontre-ouattara-gbagbo-du-27-juillet-a-ete-preparee","title":{"rendered":"comment la rencontre Ouattara-Gbagbo du 27 juillet a \u00e9t\u00e9 pr\u00e9par\u00e9e"},"content":{"rendered":"<p><span style=\"color: #ff6600\"><strong><a href=\"https:\/\/www.africa-press.net\/\">Africa-Press<\/a> &#8211; <a href=\"https:\/\/www.africa-press.net\/cotedivoire\">C\u00f4te d&rsquo;Ivoire<\/a>. <\/strong><\/span>Alassane Ouattara et Laurent Gbagbo vont se retrouver le 27 juillet au palais pr\u00e9sidentiel, \u00e0 Abidjan. Une rencontre pr\u00e9par\u00e9e en coulisses depuis plusieurs jours.<\/p>\n<p>Dix ans apr\u00e8s la guerre qui les a oppos\u00e9s et qui a mis la C\u00f4te d\u2019Ivoire \u00e0 genoux, les deux anciens adversaires vont se retrouver le 27 juillet. Le pr\u00e9sident ivoirien l\u2019a annonc\u00e9 \u00e0 son gouvernement lors du conseil des ministres, ce mercredi. Cette rencontre a ensuite \u00e9t\u00e9 officiellement annonc\u00e9e par Amadou Coulibaly, le ministre de la Communication et porte-parole du gouvernement. Il a expliqu\u00e9 qu\u2019\u00ab il y a eu un contact \u00bb entre Alassane Ouattara et Laurent Gbagbo, ces derniers jours, pour pr\u00e9parer ce rendez-vous symbolique, cens\u00e9 incarner leur r\u00e9conciliation, dix ans apr\u00e8s la crise post-\u00e9lectorale qui a d\u00e9chir\u00e9 le pays et fait plus de 3 000 morts.<\/p>\n<p><b>\u00a0<\/b><\/p>\n","protected":false},"excerpt":{"rendered":"<p>Africa-Press &#8211; C\u00f4te d&rsquo;Ivoire. Alassane Ouattara et Laurent Gbagbo vont se retrouver le 27 juillet au palais pr\u00e9sidentiel, \u00e0 Abidjan. Une rencontre pr\u00e9par\u00e9e en coulisses depuis plusieurs jours. Dix ans apr\u00e8s la guerre qui les a oppos\u00e9s et qui a mis la C\u00f4te d\u2019Ivoire \u00e0 genoux, les deux anciens adversaires vont se retrouver le 27 [&hellip;]<\/p>\n","protected":false},"author":82,"featured_media":10248,"comment_status":"open","ping_status":"closed","sticky":false,"template":"","format":"standard","meta":{"footnotes":""},"categories":[7,11,10],"tags":[56,63,29],"class_list":["post-10249","post","type-post","status-publish","format-standard","has-post-thumbnail","hentry","category-dossiers","category-homepage-french","category-toutes-les-actualites","tag-africa-press","tag-africa-press-cote-divoire","tag-cote-divoire"],"yoast_head":"<!-- This site is optimized with the Yoast SEO Premium plugin v26.1 (Yoast SEO v27.0) - https:\/\/yoast.com\/product\/yoast-seo-premium-wordpress\/ -->\n<title>comment la rencontre Ouattara-Gbagbo du 27 juillet a \u00e9t\u00e9 pr\u00e9par\u00e9e - C\u00f4te d&#039;Ivoire<\/title>\n<meta name=\"description\" content=\"Alassane Ouattara et Laurent Gbagbo vont se retrouver le 27 juillet au palais pr\u00e9sidentiel, \u00e0 Abidjan. Une rencontre pr\u00e9 ...\" \/>\n<meta name=\"robots\" content=\"index, follow, max-snippet:-1, max-image-preview:large, max-video-preview:-1\" \/>\n<link rel=\"canonical\" href=\"https:\/\/www.africa-press.net\/cotedivoire\/dossiers\/cote-divoire-comment-la-rencontre-ouattara-gbagbo-du-27-juillet-a-ete-preparee\" \/>\n<meta property=\"og:locale\" content=\"fr_FR\" \/>\n<meta property=\"og:type\" content=\"article\" \/>\n<meta property=\"og:title\" content=\"comment la rencontre Ouattara-Gbagbo du 27 juillet a \u00e9t\u00e9 pr\u00e9par\u00e9e\" \/>\n<meta property=\"og:description\" content=\"Alassane Ouattara et Laurent Gbagbo vont se retrouver le 27 juillet au palais pr\u00e9sidentiel, \u00e0 Abidjan. Une rencontre pr\u00e9 ...\" \/>\n<meta property=\"og:url\" content=\"https:\/\/www.africa-press.net\/cotedivoire\/dossiers\/cote-divoire-comment-la-rencontre-ouattara-gbagbo-du-27-juillet-a-ete-preparee\" \/>\n<meta property=\"og:site_name\" content=\"C\u00f4te d&#039;Ivoire\" \/>\n<meta property=\"article:published_time\" content=\"2021-07-22T16:58:34+00:00\" \/>\n<meta property=\"article:modified_time\" content=\"2021-07-22T19:04:55+00:00\" \/>\n<meta property=\"og:image\" content=\"https:\/\/static.africa-press.net\/cote\/sites\/43\/2021\/07\/img-60f9a154d2584.jpg\" \/>\n\t<meta property=\"og:image:width\" content=\"720\" \/>\n\t<meta property=\"og:image:height\" content=\"360\" \/>\n\t<meta property=\"og:image:type\" content=\"image\/jpeg\" \/>\n<meta name=\"author\" content=\"cfeditorfr\" \/>\n<meta name=\"twitter:card\" content=\"summary_large_image\" \/>\n<meta name=\"twitter:label1\" content=\"\u00c9crit par\" \/>\n\t<meta name=\"twitter:data1\" content=\"cfeditorfr\" \/>\n\t<meta name=\"twitter:label2\" content=\"Dur\u00e9e de lecture estim\u00e9e\" \/>\n\t<meta name=\"twitter:data2\" content=\"1 minute\" \/>\n<script type=\"application\/ld+json\" class=\"yoast-schema-graph\">{\"@context\":\"https:\/\/schema.org\",\"@graph\":[{\"@type\":\"Article\",\"@id\":\"https:\/\/www.africa-press.net\/cotedivoire\/dossiers\/cote-divoire-comment-la-rencontre-ouattara-gbagbo-du-27-juillet-a-ete-preparee#article\",\"isPartOf\":{\"@id\":\"https:\/\/www.africa-press.net\/cotedivoire\/dossiers\/cote-divoire-comment-la-rencontre-ouattara-gbagbo-du-27-juillet-a-ete-preparee\"},\"author\":{\"name\":\"cfeditorfr\",\"@id\":\"https:\/\/www.africa-press.net\/cotedivoire\/#\/schema\/person\/2b1cf3cd81a31e3cd26889ca66d677f1\"},\"headline\":\"comment la rencontre Ouattara-Gbagbo du 27 juillet a \u00e9t\u00e9 pr\u00e9par\u00e9e\",\"datePublished\":\"2021-07-22T16:58:34+00:00\",\"dateModified\":\"2021-07-22T19:04:55+00:00\",\"mainEntityOfPage\":{\"@id\":\"https:\/\/www.africa-press.net\/cotedivoire\/dossiers\/cote-divoire-comment-la-rencontre-ouattara-gbagbo-du-27-juillet-a-ete-preparee\"},\"wordCount\":157,\"commentCount\":0,\"image\":{\"@id\":\"https:\/\/www.africa-press.net\/cotedivoire\/dossiers\/cote-divoire-comment-la-rencontre-ouattara-gbagbo-du-27-juillet-a-ete-preparee#primaryimage\"},\"thumbnailUrl\":\"https:\/\/static.africa-press.net\/cote\/sites\/43\/2021\/07\/img-60f9a154d2584.jpg\",\"keywords\":[\"Africa Press\",\"Africa Press-C\u00f4te d'Ivoire\",\"C\u00d4TE D'IVOIRE\"],\"articleSection\":[\"Dossiers\",\"homepage-french\",\"Toutes les actualit\u00e9s\"],\"inLanguage\":\"fr-FR\",\"potentialAction\":[{\"@type\":\"CommentAction\",\"name\":\"Comment\",\"target\":[\"https:\/\/www.africa-press.net\/cotedivoire\/dossiers\/cote-divoire-comment-la-rencontre-ouattara-gbagbo-du-27-juillet-a-ete-preparee#respond\"]}]},{\"@type\":\"WebPage\",\"@id\":\"https:\/\/www.africa-press.net\/cotedivoire\/dossiers\/cote-divoire-comment-la-rencontre-ouattara-gbagbo-du-27-juillet-a-ete-preparee\",\"url\":\"https:\/\/www.africa-press.net\/cotedivoire\/dossiers\/cote-divoire-comment-la-rencontre-ouattara-gbagbo-du-27-juillet-a-ete-preparee\",\"name\":\"comment la rencontre Ouattara-Gbagbo du 27 juillet a \u00e9t\u00e9 pr\u00e9par\u00e9e - C\u00f4te d&#039;Ivoire\",\"isPartOf\":{\"@id\":\"https:\/\/www.africa-press.net\/cotedivoire\/#website\"},\"primaryImageOfPage\":{\"@id\":\"https:\/\/www.africa-press.net\/cotedivoire\/dossiers\/cote-divoire-comment-la-rencontre-ouattara-gbagbo-du-27-juillet-a-ete-preparee#primaryimage\"},\"image\":{\"@id\":\"https:\/\/www.africa-press.net\/cotedivoire\/dossiers\/cote-divoire-comment-la-rencontre-ouattara-gbagbo-du-27-juillet-a-ete-preparee#primaryimage\"},\"thumbnailUrl\":\"https:\/\/static.africa-press.net\/cote\/sites\/43\/2021\/07\/img-60f9a154d2584.jpg\",\"datePublished\":\"2021-07-22T16:58:34+00:00\",\"dateModified\":\"2021-07-22T19:04:55+00:00\",\"author\":{\"@id\":\"https:\/\/www.africa-press.net\/cotedivoire\/#\/schema\/person\/2b1cf3cd81a31e3cd26889ca66d677f1\"},\"description\":\"Alassane Ouattara et Laurent Gbagbo vont se retrouver le 27 juillet au palais pr\u00e9sidentiel, \u00e0 Abidjan. Une rencontre pr\u00e9 ...\",\"breadcrumb\":{\"@id\":\"https:\/\/www.africa-press.net\/cotedivoire\/dossiers\/cote-divoire-comment-la-rencontre-ouattara-gbagbo-du-27-juillet-a-ete-preparee#breadcrumb\"},\"inLanguage\":\"fr-FR\",\"potentialAction\":[{\"@type\":\"ReadAction\",\"target\":[\"https:\/\/www.africa-press.net\/cotedivoire\/dossiers\/cote-divoire-comment-la-rencontre-ouattara-gbagbo-du-27-juillet-a-ete-preparee\"]}]},{\"@type\":\"ImageObject\",\"inLanguage\":\"fr-FR\",\"@id\":\"https:\/\/www.africa-press.net\/cotedivoire\/dossiers\/cote-divoire-comment-la-rencontre-ouattara-gbagbo-du-27-juillet-a-ete-preparee#primaryimage\",\"url\":\"https:\/\/static.africa-press.net\/cote\/sites\/43\/2021\/07\/img-60f9a154d2584.jpg\",\"contentUrl\":\"https:\/\/static.africa-press.net\/cote\/sites\/43\/2021\/07\/img-60f9a154d2584.jpg\",\"width\":720,\"height\":360,\"caption\":\"C\u00f4te d\u2019Ivoire : comment la rencontre Ouattara-Gbagbo du 27 juillet a \u00e9t\u00e9 pr\u00e9par\u00e9e\"},{\"@type\":\"BreadcrumbList\",\"@id\":\"https:\/\/www.africa-press.net\/cotedivoire\/dossiers\/cote-divoire-comment-la-rencontre-ouattara-gbagbo-du-27-juillet-a-ete-preparee#breadcrumb\",\"itemListElement\":[{\"@type\":\"ListItem\",\"position\":1,\"name\":\"Accueil\",\"item\":\"https:\/\/www.africa-press.net\/cotedivoire\/\"},{\"@type\":\"ListItem\",\"position\":2,\"name\":\"comment la rencontre Ouattara-Gbagbo du 27 juillet a \u00e9t\u00e9 pr\u00e9par\u00e9e\"}]},{\"@type\":\"WebSite\",\"@id\":\"https:\/\/www.africa-press.net\/cotedivoire\/#website\",\"url\":\"https:\/\/www.africa-press.net\/cotedivoire\/\",\"name\":\"C\u00f4te d&#039;Ivoire\",\"description\":\"Just another Africa News Agency Sites site\",\"potentialAction\":[{\"@type\":\"SearchAction\",\"target\":{\"@type\":\"EntryPoint\",\"urlTemplate\":\"https:\/\/www.africa-press.net\/cotedivoire\/?s={search_term_string}\"},\"query-input\":{\"@type\":\"PropertyValueSpecification\",\"valueRequired\":true,\"valueName\":\"search_term_string\"}}],\"inLanguage\":\"fr-FR\"},{\"@type\":\"Person\",\"@id\":\"https:\/\/www.africa-press.net\/cotedivoire\/#\/schema\/person\/2b1cf3cd81a31e3cd26889ca66d677f1\",\"name\":\"cfeditorfr\"}]}<\/script>\n<!-- \/ Yoast SEO Premium plugin. -->","yoast_head_json":{"title":"comment la rencontre Ouattara-Gbagbo du 27 juillet a \u00e9t\u00e9 pr\u00e9par\u00e9e - C\u00f4te d&#039;Ivoire","description":"Alassane Ouattara et Laurent Gbagbo vont se retrouver le 27 juillet au palais pr\u00e9sidentiel, \u00e0 Abidjan. Une rencontre pr\u00e9 ...","robots":{"index":"index","follow":"follow","max-snippet":"max-snippet:-1","max-image-preview":"max-image-preview:large","max-video-preview":"max-video-preview:-1"},"canonical":"https:\/\/www.africa-press.net\/cotedivoire\/dossiers\/cote-divoire-comment-la-rencontre-ouattara-gbagbo-du-27-juillet-a-ete-preparee","og_locale":"fr_FR","og_type":"article","og_title":"comment la rencontre Ouattara-Gbagbo du 27 juillet a \u00e9t\u00e9 pr\u00e9par\u00e9e","og_description":"Alassane Ouattara et Laurent Gbagbo vont se retrouver le 27 juillet au palais pr\u00e9sidentiel, \u00e0 Abidjan. Une rencontre pr\u00e9 ...","og_url":"https:\/\/www.africa-press.net\/cotedivoire\/dossiers\/cote-divoire-comment-la-rencontre-ouattara-gbagbo-du-27-juillet-a-ete-preparee","og_site_name":"C\u00f4te d&#039;Ivoire","article_published_time":"2021-07-22T16:58:34+00:00","article_modified_time":"2021-07-22T19:04:55+00:00","og_image":[{"width":720,"height":360,"url":"https:\/\/static.africa-press.net\/cote\/sites\/43\/2021\/07\/img-60f9a154d2584.jpg","type":"image\/jpeg"}],"author":"cfeditorfr","twitter_card":"summary_large_image","twitter_misc":{"\u00c9crit par":"cfeditorfr","Dur\u00e9e de lecture estim\u00e9e":"1 minute"},"schema":{"@context":"https:\/\/schema.org","@graph":[{"@type":"Article","@id":"https:\/\/www.africa-press.net\/cotedivoire\/dossiers\/cote-divoire-comment-la-rencontre-ouattara-gbagbo-du-27-juillet-a-ete-preparee#article","isPartOf":{"@id":"https:\/\/www.africa-press.net\/cotedivoire\/dossiers\/cote-divoire-comment-la-rencontre-ouattara-gbagbo-du-27-juillet-a-ete-preparee"},"author":{"name":"cfeditorfr","@id":"https:\/\/www.africa-press.net\/cotedivoire\/#\/schema\/person\/2b1cf3cd81a31e3cd26889ca66d677f1"},"headline":"comment la rencontre Ouattara-Gbagbo du 27 juillet a \u00e9t\u00e9 pr\u00e9par\u00e9e","datePublished":"2021-07-22T16:58:34+00:00","dateModified":"2021-07-22T19:04:55+00:00","mainEntityOfPage":{"@id":"https:\/\/www.africa-press.net\/cotedivoire\/dossiers\/cote-divoire-comment-la-rencontre-ouattara-gbagbo-du-27-juillet-a-ete-preparee"},"wordCount":157,"commentCount":0,"image":{"@id":"https:\/\/www.africa-press.net\/cotedivoire\/dossiers\/cote-divoire-comment-la-rencontre-ouattara-gbagbo-du-27-juillet-a-ete-preparee#primaryimage"},"thumbnailUrl":"https:\/\/static.africa-press.net\/cote\/sites\/43\/2021\/07\/img-60f9a154d2584.jpg","keywords":["Africa Press","Africa Press-C\u00f4te d'Ivoire","C\u00d4TE D'IVOIRE"],"articleSection":["Dossiers","homepage-french","Toutes les actualit\u00e9s"],"inLanguage":"fr-FR","potentialAction":[{"@type":"CommentAction","name":"Comment","target":["https:\/\/www.africa-press.net\/cotedivoire\/dossiers\/cote-divoire-comment-la-rencontre-ouattara-gbagbo-du-27-juillet-a-ete-preparee#respond"]}]},{"@type":"WebPage","@id":"https:\/\/www.africa-press.net\/cotedivoire\/dossiers\/cote-divoire-comment-la-rencontre-ouattara-gbagbo-du-27-juillet-a-ete-preparee","url":"https:\/\/www.africa-press.net\/cotedivoire\/dossiers\/cote-divoire-comment-la-rencontre-ouattara-gbagbo-du-27-juillet-a-ete-preparee","name":"comment la rencontre Ouattara-Gbagbo du 27 juillet a \u00e9t\u00e9 pr\u00e9par\u00e9e - C\u00f4te d&#039;Ivoire","isPartOf":{"@id":"https:\/\/www.africa-press.net\/cotedivoire\/#website"},"primaryImageOfPage":{"@id":"https:\/\/www.africa-press.net\/cotedivoire\/dossiers\/cote-divoire-comment-la-rencontre-ouattara-gbagbo-du-27-juillet-a-ete-preparee#primaryimage"},"image":{"@id":"https:\/\/www.africa-press.net\/cotedivoire\/dossiers\/cote-divoire-comment-la-rencontre-ouattara-gbagbo-du-27-juillet-a-ete-preparee#primaryimage"},"thumbnailUrl":"https:\/\/static.africa-press.net\/cote\/sites\/43\/2021\/07\/img-60f9a154d2584.jpg","datePublished":"2021-07-22T16:58:34+00:00","dateModified":"2021-07-22T19:04:55+00:00","author":{"@id":"https:\/\/www.africa-press.net\/cotedivoire\/#\/schema\/person\/2b1cf3cd81a31e3cd26889ca66d677f1"},"description":"Alassane Ouattara et Laurent Gbagbo vont se retrouver le 27 juillet au palais pr\u00e9sidentiel, \u00e0 Abidjan. Une rencontre pr\u00e9 ...","breadcrumb":{"@id":"https:\/\/www.africa-press.net\/cotedivoire\/dossiers\/cote-divoire-comment-la-rencontre-ouattara-gbagbo-du-27-juillet-a-ete-preparee#breadcrumb"},"inLanguage":"fr-FR","potentialAction":[{"@type":"ReadAction","target":["https:\/\/www.africa-press.net\/cotedivoire\/dossiers\/cote-divoire-comment-la-rencontre-ouattara-gbagbo-du-27-juillet-a-ete-preparee"]}]},{"@type":"ImageObject","inLanguage":"fr-FR","@id":"https:\/\/www.africa-press.net\/cotedivoire\/dossiers\/cote-divoire-comment-la-rencontre-ouattara-gbagbo-du-27-juillet-a-ete-preparee#primaryimage","url":"https:\/\/static.africa-press.net\/cote\/sites\/43\/2021\/07\/img-60f9a154d2584.jpg","contentUrl":"https:\/\/static.africa-press.net\/cote\/sites\/43\/2021\/07\/img-60f9a154d2584.jpg","width":720,"height":360,"caption":"C\u00f4te d\u2019Ivoire : comment la rencontre Ouattara-Gbagbo du 27 juillet a \u00e9t\u00e9 pr\u00e9par\u00e9e"},{"@type":"BreadcrumbList","@id":"https:\/\/www.africa-press.net\/cotedivoire\/dossiers\/cote-divoire-comment-la-rencontre-ouattara-gbagbo-du-27-juillet-a-ete-preparee#breadcrumb","itemListElement":[{"@type":"ListItem","position":1,"name":"Accueil","item":"https:\/\/www.africa-press.net\/cotedivoire\/"},{"@type":"ListItem","position":2,"name":"comment la rencontre Ouattara-Gbagbo du 27 juillet a \u00e9t\u00e9 pr\u00e9par\u00e9e"}]},{"@type":"WebSite","@id":"https:\/\/www.africa-press.net\/cotedivoire\/#website","url":"https:\/\/www.africa-press.net\/cotedivoire\/","name":"C\u00f4te d&#039;Ivoire","description":"Just another Africa News Agency Sites site","potentialAction":[{"@type":"SearchAction","target":{"@type":"EntryPoint","urlTemplate":"https:\/\/www.africa-press.net\/cotedivoire\/?s={search_term_string}"},"query-input":{"@type":"PropertyValueSpecification","valueRequired":true,"valueName":"search_term_string"}}],"inLanguage":"fr-FR"},{"@type":"Person","@id":"https:\/\/www.africa-press.net\/cotedivoire\/#\/schema\/person\/2b1cf3cd81a31e3cd26889ca66d677f1","name":"cfeditorfr"}]}},"_links":{"self":[{"href":"https:\/\/www.africa-press.net\/cotedivoire\/wp-json\/wp\/v2\/posts\/10249","targetHints":{"allow":["GET"]}}],"collection":[{"href":"https:\/\/www.africa-press.net\/cotedivoire\/wp-json\/wp\/v2\/posts"}],"about":[{"href":"https:\/\/www.africa-press.net\/cotedivoire\/wp-json\/wp\/v2\/types\/post"}],"author":[{"embeddable":true,"href":"https:\/\/www.africa-press.net\/cotedivoire\/wp-json\/wp\/v2\/users\/82"}],"replies":[{"embeddable":true,"href":"https:\/\/www.africa-press.net\/cotedivoire\/wp-json\/wp\/v2\/comments?post=10249"}],"version-history":[{"count":0,"href":"https:\/\/www.africa-press.net\/cotedivoire\/wp-json\/wp\/v2\/posts\/10249\/revisions"}],"wp:featuredmedia":[{"embeddable":true,"href":"https:\/\/www.africa-press.net\/cotedivoire\/wp-json\/wp\/v2\/media\/10248"}],"wp:attachment":[{"href":"https:\/\/www.africa-press.net\/cotedivoire\/wp-json\/wp\/v2\/media?parent=10249"}],"wp:term":[{"taxonomy":"category","embeddable":true,"href":"https:\/\/www.africa-press.net\/cotedivoire\/wp-json\/wp\/v2\/categories?post=10249"},{"taxonomy":"post_tag","embeddable":true,"href":"https:\/\/www.africa-press.net\/cotedivoire\/wp-json\/wp\/v2\/tags?post=10249"}],"curies":[{"name":"wp","href":"https:\/\/api.w.org\/{rel}","templated":true}]}}