{"id":10255,"date":"2021-07-22T17:16:05","date_gmt":"2021-07-22T17:16:05","guid":{"rendered":"https:\/\/www.africa-press.net\/cotedivoire\/?p=10255"},"modified":"2021-07-22T19:05:21","modified_gmt":"2021-07-22T19:05:21","slug":"france-cote-divoire-pourquoi-macron-et-ouattara-vont-se-revoir","status":"publish","type":"post","link":"https:\/\/www.africa-press.net\/cotedivoire\/politique\/france-cote-divoire-pourquoi-macron-et-ouattara-vont-se-revoir","title":{"rendered":"France-C\u00f4te d\u2019Ivoire : pourquoi Macron et Ouattara vont se revoir"},"content":{"rendered":"<p><span style=\"color: #ff6600\"><strong><a href=\"https:\/\/www.africa-press.net\/\">Africa-Press<\/a> &#8211; <a href=\"https:\/\/www.africa-press.net\/cotedivoire\">C\u00f4te d&rsquo;Ivoire<\/a>. <\/strong><\/span>Le chef de l\u2019\u00c9tat ivoirien s\u2019entretiendra \u00e0 Paris avec son homologue fran\u00e7ais dans les prochaines semaines. Plusieurs sujets prioritaires seront abord\u00e9s. Voici ce sur quoi ils devront trancher.<\/p>\n<p>Le principe de la rencontre est acquis. Reste d\u00e9sormais \u00e0 fixer la date, en fonction des agendas des deux pr\u00e9sidents. Emmanuel Macron et Alassane Ouattara se verront dans les semaines \u00e0 venir, au plus tard \u00e0 la rentr\u00e9e, selon nos informations.<\/p>\n<p>Les deux chefs d\u2019\u00c9tat, qui se rencontrent r\u00e9guli\u00e8rement, ont une s\u00e9rie de sujets sur lesquels ils veulent \u00e9changer de vive voix, tant sur les questions internationales que sur celle touchant \u00e0 la politique int\u00e9rieure ivoirienne.<\/p>\n<p><b>\u00a0<\/b><\/p>\n","protected":false},"excerpt":{"rendered":"<p>Africa-Press &#8211; C\u00f4te d&rsquo;Ivoire. Le chef de l\u2019\u00c9tat ivoirien s\u2019entretiendra \u00e0 Paris avec son homologue fran\u00e7ais dans les prochaines semaines. Plusieurs sujets prioritaires seront abord\u00e9s. Voici ce sur quoi ils devront trancher. Le principe de la rencontre est acquis. Reste d\u00e9sormais \u00e0 fixer la date, en fonction des agendas des deux pr\u00e9sidents. Emmanuel Macron et [&hellip;]<\/p>\n","protected":false},"author":82,"featured_media":10254,"comment_status":"open","ping_status":"closed","sticky":false,"template":"","format":"standard","meta":{"footnotes":""},"categories":[11,2,20,10],"tags":[56,63,29],"class_list":["post-10255","post","type-post","status-publish","format-standard","has-post-thumbnail","hentry","category-homepage-french","category-politique","category-top-nouvelles","category-toutes-les-actualites","tag-africa-press","tag-africa-press-cote-divoire","tag-cote-divoire"],"yoast_head":"<!-- This site is optimized with the Yoast SEO Premium plugin v26.1 (Yoast SEO v27.0) - https:\/\/yoast.com\/product\/yoast-seo-premium-wordpress\/ -->\n<title>France-C\u00f4te d\u2019Ivoire : pourquoi Macron et Ouattara vont se revoir - C\u00f4te d&#039;Ivoire<\/title>\n<meta name=\"description\" content=\"Le chef de l\u2019\u00c9tat ivoirien s\u2019entretiendra \u00e0 Paris avec son homologue fran\u00e7ais dans les prochaines semaines. Plusieurs su ...\" \/>\n<meta name=\"robots\" content=\"index, follow, max-snippet:-1, max-image-preview:large, max-video-preview:-1\" \/>\n<link rel=\"canonical\" href=\"https:\/\/www.africa-press.net\/cotedivoire\/politique\/france-cote-divoire-pourquoi-macron-et-ouattara-vont-se-revoir\" \/>\n<meta property=\"og:locale\" content=\"fr_FR\" \/>\n<meta property=\"og:type\" content=\"article\" \/>\n<meta property=\"og:title\" content=\"France-C\u00f4te d\u2019Ivoire : pourquoi Macron et Ouattara vont se revoir\" \/>\n<meta property=\"og:description\" content=\"Le chef de l\u2019\u00c9tat ivoirien s\u2019entretiendra \u00e0 Paris avec son homologue fran\u00e7ais dans les prochaines semaines. Plusieurs su ...\" \/>\n<meta property=\"og:url\" content=\"https:\/\/www.africa-press.net\/cotedivoire\/politique\/france-cote-divoire-pourquoi-macron-et-ouattara-vont-se-revoir\" \/>\n<meta property=\"og:site_name\" content=\"C\u00f4te d&#039;Ivoire\" \/>\n<meta property=\"article:published_time\" content=\"2021-07-22T17:16:05+00:00\" \/>\n<meta property=\"article:modified_time\" content=\"2021-07-22T19:05:21+00:00\" \/>\n<meta property=\"og:image\" content=\"https:\/\/static.africa-press.net\/cote\/sites\/43\/2021\/07\/img-60f9a1aec7a16.jpg\" \/>\n\t<meta property=\"og:image:width\" content=\"720\" \/>\n\t<meta property=\"og:image:height\" content=\"360\" \/>\n\t<meta property=\"og:image:type\" content=\"image\/jpeg\" \/>\n<meta name=\"author\" content=\"cfeditorfr\" \/>\n<meta name=\"twitter:card\" content=\"summary_large_image\" \/>\n<meta name=\"twitter:label1\" content=\"\u00c9crit par\" \/>\n\t<meta name=\"twitter:data1\" content=\"cfeditorfr\" \/>\n\t<meta name=\"twitter:label2\" content=\"Dur\u00e9e de lecture estim\u00e9e\" \/>\n\t<meta name=\"twitter:data2\" content=\"1 minute\" \/>\n<script type=\"application\/ld+json\" class=\"yoast-schema-graph\">{\"@context\":\"https:\/\/schema.org\",\"@graph\":[{\"@type\":\"Article\",\"@id\":\"https:\/\/www.africa-press.net\/cotedivoire\/politique\/france-cote-divoire-pourquoi-macron-et-ouattara-vont-se-revoir#article\",\"isPartOf\":{\"@id\":\"https:\/\/www.africa-press.net\/cotedivoire\/politique\/france-cote-divoire-pourquoi-macron-et-ouattara-vont-se-revoir\"},\"author\":{\"name\":\"cfeditorfr\",\"@id\":\"https:\/\/www.africa-press.net\/cotedivoire\/#\/schema\/person\/2b1cf3cd81a31e3cd26889ca66d677f1\"},\"headline\":\"France-C\u00f4te d\u2019Ivoire : pourquoi Macron et Ouattara vont se revoir\",\"datePublished\":\"2021-07-22T17:16:05+00:00\",\"dateModified\":\"2021-07-22T19:05:21+00:00\",\"mainEntityOfPage\":{\"@id\":\"https:\/\/www.africa-press.net\/cotedivoire\/politique\/france-cote-divoire-pourquoi-macron-et-ouattara-vont-se-revoir\"},\"wordCount\":128,\"commentCount\":0,\"image\":{\"@id\":\"https:\/\/www.africa-press.net\/cotedivoire\/politique\/france-cote-divoire-pourquoi-macron-et-ouattara-vont-se-revoir#primaryimage\"},\"thumbnailUrl\":\"https:\/\/static.africa-press.net\/cote\/sites\/43\/2021\/07\/img-60f9a1aec7a16.jpg\",\"keywords\":[\"Africa Press\",\"Africa Press-C\u00f4te d'Ivoire\",\"C\u00d4TE D'IVOIRE\"],\"articleSection\":[\"homepage-french\",\"Politique\",\"Top Nouvelles\",\"Toutes les actualit\u00e9s\"],\"inLanguage\":\"fr-FR\",\"potentialAction\":[{\"@type\":\"CommentAction\",\"name\":\"Comment\",\"target\":[\"https:\/\/www.africa-press.net\/cotedivoire\/politique\/france-cote-divoire-pourquoi-macron-et-ouattara-vont-se-revoir#respond\"]}]},{\"@type\":\"WebPage\",\"@id\":\"https:\/\/www.africa-press.net\/cotedivoire\/politique\/france-cote-divoire-pourquoi-macron-et-ouattara-vont-se-revoir\",\"url\":\"https:\/\/www.africa-press.net\/cotedivoire\/politique\/france-cote-divoire-pourquoi-macron-et-ouattara-vont-se-revoir\",\"name\":\"France-C\u00f4te d\u2019Ivoire : pourquoi Macron et Ouattara vont se revoir - C\u00f4te d&#039;Ivoire\",\"isPartOf\":{\"@id\":\"https:\/\/www.africa-press.net\/cotedivoire\/#website\"},\"primaryImageOfPage\":{\"@id\":\"https:\/\/www.africa-press.net\/cotedivoire\/politique\/france-cote-divoire-pourquoi-macron-et-ouattara-vont-se-revoir#primaryimage\"},\"image\":{\"@id\":\"https:\/\/www.africa-press.net\/cotedivoire\/politique\/france-cote-divoire-pourquoi-macron-et-ouattara-vont-se-revoir#primaryimage\"},\"thumbnailUrl\":\"https:\/\/static.africa-press.net\/cote\/sites\/43\/2021\/07\/img-60f9a1aec7a16.jpg\",\"datePublished\":\"2021-07-22T17:16:05+00:00\",\"dateModified\":\"2021-07-22T19:05:21+00:00\",\"author\":{\"@id\":\"https:\/\/www.africa-press.net\/cotedivoire\/#\/schema\/person\/2b1cf3cd81a31e3cd26889ca66d677f1\"},\"description\":\"Le chef de l\u2019\u00c9tat ivoirien s\u2019entretiendra \u00e0 Paris avec son homologue fran\u00e7ais dans les prochaines semaines. Plusieurs su ...\",\"breadcrumb\":{\"@id\":\"https:\/\/www.africa-press.net\/cotedivoire\/politique\/france-cote-divoire-pourquoi-macron-et-ouattara-vont-se-revoir#breadcrumb\"},\"inLanguage\":\"fr-FR\",\"potentialAction\":[{\"@type\":\"ReadAction\",\"target\":[\"https:\/\/www.africa-press.net\/cotedivoire\/politique\/france-cote-divoire-pourquoi-macron-et-ouattara-vont-se-revoir\"]}]},{\"@type\":\"ImageObject\",\"inLanguage\":\"fr-FR\",\"@id\":\"https:\/\/www.africa-press.net\/cotedivoire\/politique\/france-cote-divoire-pourquoi-macron-et-ouattara-vont-se-revoir#primaryimage\",\"url\":\"https:\/\/static.africa-press.net\/cote\/sites\/43\/2021\/07\/img-60f9a1aec7a16.jpg\",\"contentUrl\":\"https:\/\/static.africa-press.net\/cote\/sites\/43\/2021\/07\/img-60f9a1aec7a16.jpg\",\"width\":720,\"height\":360,\"caption\":\"France-C\u00f4te d\u2019Ivoire : pourquoi Macron et Ouattara vont se revoir\"},{\"@type\":\"BreadcrumbList\",\"@id\":\"https:\/\/www.africa-press.net\/cotedivoire\/politique\/france-cote-divoire-pourquoi-macron-et-ouattara-vont-se-revoir#breadcrumb\",\"itemListElement\":[{\"@type\":\"ListItem\",\"position\":1,\"name\":\"Accueil\",\"item\":\"https:\/\/www.africa-press.net\/cotedivoire\/\"},{\"@type\":\"ListItem\",\"position\":2,\"name\":\"France-C\u00f4te d\u2019Ivoire : pourquoi Macron et Ouattara vont se revoir\"}]},{\"@type\":\"WebSite\",\"@id\":\"https:\/\/www.africa-press.net\/cotedivoire\/#website\",\"url\":\"https:\/\/www.africa-press.net\/cotedivoire\/\",\"name\":\"C\u00f4te d&#039;Ivoire\",\"description\":\"Just another Africa News Agency Sites site\",\"potentialAction\":[{\"@type\":\"SearchAction\",\"target\":{\"@type\":\"EntryPoint\",\"urlTemplate\":\"https:\/\/www.africa-press.net\/cotedivoire\/?s={search_term_string}\"},\"query-input\":{\"@type\":\"PropertyValueSpecification\",\"valueRequired\":true,\"valueName\":\"search_term_string\"}}],\"inLanguage\":\"fr-FR\"},{\"@type\":\"Person\",\"@id\":\"https:\/\/www.africa-press.net\/cotedivoire\/#\/schema\/person\/2b1cf3cd81a31e3cd26889ca66d677f1\",\"name\":\"cfeditorfr\"}]}<\/script>\n<!-- \/ Yoast SEO Premium plugin. -->","yoast_head_json":{"title":"France-C\u00f4te d\u2019Ivoire : pourquoi Macron et Ouattara vont se revoir - C\u00f4te d&#039;Ivoire","description":"Le chef de l\u2019\u00c9tat ivoirien s\u2019entretiendra \u00e0 Paris avec son homologue fran\u00e7ais dans les prochaines semaines. Plusieurs su ...","robots":{"index":"index","follow":"follow","max-snippet":"max-snippet:-1","max-image-preview":"max-image-preview:large","max-video-preview":"max-video-preview:-1"},"canonical":"https:\/\/www.africa-press.net\/cotedivoire\/politique\/france-cote-divoire-pourquoi-macron-et-ouattara-vont-se-revoir","og_locale":"fr_FR","og_type":"article","og_title":"France-C\u00f4te d\u2019Ivoire : pourquoi Macron et Ouattara vont se revoir","og_description":"Le chef de l\u2019\u00c9tat ivoirien s\u2019entretiendra \u00e0 Paris avec son homologue fran\u00e7ais dans les prochaines semaines. Plusieurs su ...","og_url":"https:\/\/www.africa-press.net\/cotedivoire\/politique\/france-cote-divoire-pourquoi-macron-et-ouattara-vont-se-revoir","og_site_name":"C\u00f4te d&#039;Ivoire","article_published_time":"2021-07-22T17:16:05+00:00","article_modified_time":"2021-07-22T19:05:21+00:00","og_image":[{"width":720,"height":360,"url":"https:\/\/static.africa-press.net\/cote\/sites\/43\/2021\/07\/img-60f9a1aec7a16.jpg","type":"image\/jpeg"}],"author":"cfeditorfr","twitter_card":"summary_large_image","twitter_misc":{"\u00c9crit par":"cfeditorfr","Dur\u00e9e de lecture estim\u00e9e":"1 minute"},"schema":{"@context":"https:\/\/schema.org","@graph":[{"@type":"Article","@id":"https:\/\/www.africa-press.net\/cotedivoire\/politique\/france-cote-divoire-pourquoi-macron-et-ouattara-vont-se-revoir#article","isPartOf":{"@id":"https:\/\/www.africa-press.net\/cotedivoire\/politique\/france-cote-divoire-pourquoi-macron-et-ouattara-vont-se-revoir"},"author":{"name":"cfeditorfr","@id":"https:\/\/www.africa-press.net\/cotedivoire\/#\/schema\/person\/2b1cf3cd81a31e3cd26889ca66d677f1"},"headline":"France-C\u00f4te d\u2019Ivoire : pourquoi Macron et Ouattara vont se revoir","datePublished":"2021-07-22T17:16:05+00:00","dateModified":"2021-07-22T19:05:21+00:00","mainEntityOfPage":{"@id":"https:\/\/www.africa-press.net\/cotedivoire\/politique\/france-cote-divoire-pourquoi-macron-et-ouattara-vont-se-revoir"},"wordCount":128,"commentCount":0,"image":{"@id":"https:\/\/www.africa-press.net\/cotedivoire\/politique\/france-cote-divoire-pourquoi-macron-et-ouattara-vont-se-revoir#primaryimage"},"thumbnailUrl":"https:\/\/static.africa-press.net\/cote\/sites\/43\/2021\/07\/img-60f9a1aec7a16.jpg","keywords":["Africa Press","Africa Press-C\u00f4te d'Ivoire","C\u00d4TE D'IVOIRE"],"articleSection":["homepage-french","Politique","Top Nouvelles","Toutes les actualit\u00e9s"],"inLanguage":"fr-FR","potentialAction":[{"@type":"CommentAction","name":"Comment","target":["https:\/\/www.africa-press.net\/cotedivoire\/politique\/france-cote-divoire-pourquoi-macron-et-ouattara-vont-se-revoir#respond"]}]},{"@type":"WebPage","@id":"https:\/\/www.africa-press.net\/cotedivoire\/politique\/france-cote-divoire-pourquoi-macron-et-ouattara-vont-se-revoir","url":"https:\/\/www.africa-press.net\/cotedivoire\/politique\/france-cote-divoire-pourquoi-macron-et-ouattara-vont-se-revoir","name":"France-C\u00f4te d\u2019Ivoire : pourquoi Macron et Ouattara vont se revoir - C\u00f4te d&#039;Ivoire","isPartOf":{"@id":"https:\/\/www.africa-press.net\/cotedivoire\/#website"},"primaryImageOfPage":{"@id":"https:\/\/www.africa-press.net\/cotedivoire\/politique\/france-cote-divoire-pourquoi-macron-et-ouattara-vont-se-revoir#primaryimage"},"image":{"@id":"https:\/\/www.africa-press.net\/cotedivoire\/politique\/france-cote-divoire-pourquoi-macron-et-ouattara-vont-se-revoir#primaryimage"},"thumbnailUrl":"https:\/\/static.africa-press.net\/cote\/sites\/43\/2021\/07\/img-60f9a1aec7a16.jpg","datePublished":"2021-07-22T17:16:05+00:00","dateModified":"2021-07-22T19:05:21+00:00","author":{"@id":"https:\/\/www.africa-press.net\/cotedivoire\/#\/schema\/person\/2b1cf3cd81a31e3cd26889ca66d677f1"},"description":"Le chef de l\u2019\u00c9tat ivoirien s\u2019entretiendra \u00e0 Paris avec son homologue fran\u00e7ais dans les prochaines semaines. Plusieurs su ...","breadcrumb":{"@id":"https:\/\/www.africa-press.net\/cotedivoire\/politique\/france-cote-divoire-pourquoi-macron-et-ouattara-vont-se-revoir#breadcrumb"},"inLanguage":"fr-FR","potentialAction":[{"@type":"ReadAction","target":["https:\/\/www.africa-press.net\/cotedivoire\/politique\/france-cote-divoire-pourquoi-macron-et-ouattara-vont-se-revoir"]}]},{"@type":"ImageObject","inLanguage":"fr-FR","@id":"https:\/\/www.africa-press.net\/cotedivoire\/politique\/france-cote-divoire-pourquoi-macron-et-ouattara-vont-se-revoir#primaryimage","url":"https:\/\/static.africa-press.net\/cote\/sites\/43\/2021\/07\/img-60f9a1aec7a16.jpg","contentUrl":"https:\/\/static.africa-press.net\/cote\/sites\/43\/2021\/07\/img-60f9a1aec7a16.jpg","width":720,"height":360,"caption":"France-C\u00f4te d\u2019Ivoire : pourquoi Macron et Ouattara vont se revoir"},{"@type":"BreadcrumbList","@id":"https:\/\/www.africa-press.net\/cotedivoire\/politique\/france-cote-divoire-pourquoi-macron-et-ouattara-vont-se-revoir#breadcrumb","itemListElement":[{"@type":"ListItem","position":1,"name":"Accueil","item":"https:\/\/www.africa-press.net\/cotedivoire\/"},{"@type":"ListItem","position":2,"name":"France-C\u00f4te d\u2019Ivoire : pourquoi Macron et Ouattara vont se revoir"}]},{"@type":"WebSite","@id":"https:\/\/www.africa-press.net\/cotedivoire\/#website","url":"https:\/\/www.africa-press.net\/cotedivoire\/","name":"C\u00f4te d&#039;Ivoire","description":"Just another Africa News Agency Sites site","potentialAction":[{"@type":"SearchAction","target":{"@type":"EntryPoint","urlTemplate":"https:\/\/www.africa-press.net\/cotedivoire\/?s={search_term_string}"},"query-input":{"@type":"PropertyValueSpecification","valueRequired":true,"valueName":"search_term_string"}}],"inLanguage":"fr-FR"},{"@type":"Person","@id":"https:\/\/www.africa-press.net\/cotedivoire\/#\/schema\/person\/2b1cf3cd81a31e3cd26889ca66d677f1","name":"cfeditorfr"}]}},"_links":{"self":[{"href":"https:\/\/www.africa-press.net\/cotedivoire\/wp-json\/wp\/v2\/posts\/10255","targetHints":{"allow":["GET"]}}],"collection":[{"href":"https:\/\/www.africa-press.net\/cotedivoire\/wp-json\/wp\/v2\/posts"}],"about":[{"href":"https:\/\/www.africa-press.net\/cotedivoire\/wp-json\/wp\/v2\/types\/post"}],"author":[{"embeddable":true,"href":"https:\/\/www.africa-press.net\/cotedivoire\/wp-json\/wp\/v2\/users\/82"}],"replies":[{"embeddable":true,"href":"https:\/\/www.africa-press.net\/cotedivoire\/wp-json\/wp\/v2\/comments?post=10255"}],"version-history":[{"count":0,"href":"https:\/\/www.africa-press.net\/cotedivoire\/wp-json\/wp\/v2\/posts\/10255\/revisions"}],"wp:featuredmedia":[{"embeddable":true,"href":"https:\/\/www.africa-press.net\/cotedivoire\/wp-json\/wp\/v2\/media\/10254"}],"wp:attachment":[{"href":"https:\/\/www.africa-press.net\/cotedivoire\/wp-json\/wp\/v2\/media?parent=10255"}],"wp:term":[{"taxonomy":"category","embeddable":true,"href":"https:\/\/www.africa-press.net\/cotedivoire\/wp-json\/wp\/v2\/categories?post=10255"},{"taxonomy":"post_tag","embeddable":true,"href":"https:\/\/www.africa-press.net\/cotedivoire\/wp-json\/wp\/v2\/tags?post=10255"}],"curies":[{"name":"wp","href":"https:\/\/api.w.org\/{rel}","templated":true}]}}