{"id":10258,"date":"2021-07-22T17:20:02","date_gmt":"2021-07-22T17:20:02","guid":{"rendered":"https:\/\/www.africa-press.net\/cotedivoire\/?p=10258"},"modified":"2021-07-22T19:05:52","modified_gmt":"2021-07-22T19:05:52","slug":"le-gouvernement-ivoirien-ratifie-un-accord-de-pret-de-plus-de-135-milliards-fcfa-pour-lagro-industrie","status":"publish","type":"post","link":"https:\/\/www.africa-press.net\/cotedivoire\/economie\/le-gouvernement-ivoirien-ratifie-un-accord-de-pret-de-plus-de-135-milliards-fcfa-pour-lagro-industrie","title":{"rendered":"Le gouvernement ivoirien ratifie un accord de pr\u00eat de plus de 135 milliards fcfa pour l\u2019agro-industrie"},"content":{"rendered":"<p><span style=\"color: #ff6600\"><strong><a href=\"https:\/\/www.africa-press.net\/\">Africa-Press<\/a> &#8211; <a href=\"https:\/\/www.africa-press.net\/cotedivoire\">C\u00f4te d&rsquo;Ivoire<\/a>. <\/strong><\/span>Le gouvernement ivoirien a adopt\u00e9 mercredi 21 juillet 2021, en conseil des ministres \u00e0 Abidjan, un d\u00e9cret portant ratification d\u2019un accord de pr\u00eat d\u2019un montant de 135 793 000 099 FCFA (135 milliards 783 millions 099 FCFA), a indiqu\u00e9 son porte-parole, Coulibaly Amadou.<\/p>\n<p>M. Coulibaly a expliqu\u00e9 que l\u2019objectif global de projet est de soutenir durablement le d\u00e9veloppement des cha\u00eenes de valeurs agro-alimentaires comp\u00e9titives et inclusives. \u00ab Ainsi, ce financement permettra de renforcer les capacit\u00e9s des institutions publics op\u00e9rant dans le d\u00e9veloppement des chaines de valeurs vivri\u00e8res, de consolider les infrastructures de commercialisation et de distribution des produits agro-alimentaires \u00bb, a-t-il expliqu\u00e9.<\/p>\n<p>Il favorisera \u00e9galement l\u2019acc\u00e8s aux nouvelles technologies agricoles adapt\u00e9s au climat afin de d\u00e9velopper des vari\u00e9t\u00e9s de manioc et de cultures horticoles \u00e0 haut rang, a conclu le Coulibaly Amadou, par ailleurs, ministre de la Communication, des M\u00e9dias et de la Francophonie.<\/p>\n<p>&nbsp;<\/p>\n","protected":false},"excerpt":{"rendered":"<p>Africa-Press &#8211; C\u00f4te d&rsquo;Ivoire. Le gouvernement ivoirien a adopt\u00e9 mercredi 21 juillet 2021, en conseil des ministres \u00e0 Abidjan, un d\u00e9cret portant ratification d\u2019un accord de pr\u00eat d\u2019un montant de 135 793 000 099 FCFA (135 milliards 783 millions 099 FCFA), a indiqu\u00e9 son porte-parole, Coulibaly Amadou. M. Coulibaly a expliqu\u00e9 que l\u2019objectif global de [&hellip;]<\/p>\n","protected":false},"author":82,"featured_media":10257,"comment_status":"open","ping_status":"closed","sticky":false,"template":"","format":"standard","meta":{"footnotes":""},"categories":[3,11,10],"tags":[56,63,29],"class_list":["post-10258","post","type-post","status-publish","format-standard","has-post-thumbnail","hentry","category-economie","category-homepage-french","category-toutes-les-actualites","tag-africa-press","tag-africa-press-cote-divoire","tag-cote-divoire"],"yoast_head":"<!-- This site is optimized with the Yoast SEO Premium plugin v26.1 (Yoast SEO v27.0) - https:\/\/yoast.com\/product\/yoast-seo-premium-wordpress\/ -->\n<title>Le gouvernement ivoirien ratifie un accord de pr\u00eat de plus de 135 milliards fcfa pour l\u2019agro-industrie - C\u00f4te d&#039;Ivoire<\/title>\n<meta name=\"description\" content=\"Le gouvernement ivoirien a adopt\u00e9 mercredi 21 juillet 2021, en conseil des ministres \u00e0 Abidjan, un d\u00e9cret portant ratifi ...\" \/>\n<meta name=\"robots\" content=\"index, follow, max-snippet:-1, max-image-preview:large, max-video-preview:-1\" \/>\n<link rel=\"canonical\" href=\"https:\/\/www.africa-press.net\/cotedivoire\/economie\/le-gouvernement-ivoirien-ratifie-un-accord-de-pret-de-plus-de-135-milliards-fcfa-pour-lagro-industrie\" \/>\n<meta property=\"og:locale\" content=\"fr_FR\" \/>\n<meta property=\"og:type\" content=\"article\" \/>\n<meta property=\"og:title\" content=\"Le gouvernement ivoirien ratifie un accord de pr\u00eat de plus de 135 milliards fcfa pour l\u2019agro-industrie\" \/>\n<meta property=\"og:description\" content=\"Le gouvernement ivoirien a adopt\u00e9 mercredi 21 juillet 2021, en conseil des ministres \u00e0 Abidjan, un d\u00e9cret portant ratifi ...\" \/>\n<meta property=\"og:url\" content=\"https:\/\/www.africa-press.net\/cotedivoire\/economie\/le-gouvernement-ivoirien-ratifie-un-accord-de-pret-de-plus-de-135-milliards-fcfa-pour-lagro-industrie\" \/>\n<meta property=\"og:site_name\" content=\"C\u00f4te d&#039;Ivoire\" \/>\n<meta property=\"article:published_time\" content=\"2021-07-22T17:20:02+00:00\" \/>\n<meta property=\"article:modified_time\" content=\"2021-07-22T19:05:52+00:00\" \/>\n<meta property=\"og:image\" content=\"https:\/\/static.africa-press.net\/cote\/sites\/43\/2021\/07\/img-60f9a1e75f5ff.jpg\" \/>\n\t<meta property=\"og:image:width\" content=\"825\" \/>\n\t<meta property=\"og:image:height\" content=\"425\" \/>\n\t<meta property=\"og:image:type\" content=\"image\/jpeg\" \/>\n<meta name=\"author\" content=\"cfeditorfr\" \/>\n<meta name=\"twitter:card\" content=\"summary_large_image\" \/>\n<meta name=\"twitter:label1\" content=\"\u00c9crit par\" \/>\n\t<meta name=\"twitter:data1\" content=\"cfeditorfr\" \/>\n\t<meta name=\"twitter:label2\" content=\"Dur\u00e9e de lecture estim\u00e9e\" \/>\n\t<meta name=\"twitter:data2\" content=\"1 minute\" \/>\n<script type=\"application\/ld+json\" class=\"yoast-schema-graph\">{\"@context\":\"https:\/\/schema.org\",\"@graph\":[{\"@type\":\"Article\",\"@id\":\"https:\/\/www.africa-press.net\/cotedivoire\/economie\/le-gouvernement-ivoirien-ratifie-un-accord-de-pret-de-plus-de-135-milliards-fcfa-pour-lagro-industrie#article\",\"isPartOf\":{\"@id\":\"https:\/\/www.africa-press.net\/cotedivoire\/economie\/le-gouvernement-ivoirien-ratifie-un-accord-de-pret-de-plus-de-135-milliards-fcfa-pour-lagro-industrie\"},\"author\":{\"name\":\"cfeditorfr\",\"@id\":\"https:\/\/www.africa-press.net\/cotedivoire\/#\/schema\/person\/2b1cf3cd81a31e3cd26889ca66d677f1\"},\"headline\":\"Le gouvernement ivoirien ratifie un accord de pr\u00eat de plus de 135 milliards fcfa pour l\u2019agro-industrie\",\"datePublished\":\"2021-07-22T17:20:02+00:00\",\"dateModified\":\"2021-07-22T19:05:52+00:00\",\"mainEntityOfPage\":{\"@id\":\"https:\/\/www.africa-press.net\/cotedivoire\/economie\/le-gouvernement-ivoirien-ratifie-un-accord-de-pret-de-plus-de-135-milliards-fcfa-pour-lagro-industrie\"},\"wordCount\":174,\"commentCount\":0,\"image\":{\"@id\":\"https:\/\/www.africa-press.net\/cotedivoire\/economie\/le-gouvernement-ivoirien-ratifie-un-accord-de-pret-de-plus-de-135-milliards-fcfa-pour-lagro-industrie#primaryimage\"},\"thumbnailUrl\":\"https:\/\/static.africa-press.net\/cote\/sites\/43\/2021\/07\/img-60f9a1e75f5ff.jpg\",\"keywords\":[\"Africa Press\",\"Africa Press-C\u00f4te d'Ivoire\",\"C\u00d4TE D'IVOIRE\"],\"articleSection\":[\"\u00c9conomie\",\"homepage-french\",\"Toutes les actualit\u00e9s\"],\"inLanguage\":\"fr-FR\",\"potentialAction\":[{\"@type\":\"CommentAction\",\"name\":\"Comment\",\"target\":[\"https:\/\/www.africa-press.net\/cotedivoire\/economie\/le-gouvernement-ivoirien-ratifie-un-accord-de-pret-de-plus-de-135-milliards-fcfa-pour-lagro-industrie#respond\"]}]},{\"@type\":\"WebPage\",\"@id\":\"https:\/\/www.africa-press.net\/cotedivoire\/economie\/le-gouvernement-ivoirien-ratifie-un-accord-de-pret-de-plus-de-135-milliards-fcfa-pour-lagro-industrie\",\"url\":\"https:\/\/www.africa-press.net\/cotedivoire\/economie\/le-gouvernement-ivoirien-ratifie-un-accord-de-pret-de-plus-de-135-milliards-fcfa-pour-lagro-industrie\",\"name\":\"Le gouvernement ivoirien ratifie un accord de pr\u00eat de plus de 135 milliards fcfa pour l\u2019agro-industrie - C\u00f4te d&#039;Ivoire\",\"isPartOf\":{\"@id\":\"https:\/\/www.africa-press.net\/cotedivoire\/#website\"},\"primaryImageOfPage\":{\"@id\":\"https:\/\/www.africa-press.net\/cotedivoire\/economie\/le-gouvernement-ivoirien-ratifie-un-accord-de-pret-de-plus-de-135-milliards-fcfa-pour-lagro-industrie#primaryimage\"},\"image\":{\"@id\":\"https:\/\/www.africa-press.net\/cotedivoire\/economie\/le-gouvernement-ivoirien-ratifie-un-accord-de-pret-de-plus-de-135-milliards-fcfa-pour-lagro-industrie#primaryimage\"},\"thumbnailUrl\":\"https:\/\/static.africa-press.net\/cote\/sites\/43\/2021\/07\/img-60f9a1e75f5ff.jpg\",\"datePublished\":\"2021-07-22T17:20:02+00:00\",\"dateModified\":\"2021-07-22T19:05:52+00:00\",\"author\":{\"@id\":\"https:\/\/www.africa-press.net\/cotedivoire\/#\/schema\/person\/2b1cf3cd81a31e3cd26889ca66d677f1\"},\"description\":\"Le gouvernement ivoirien a adopt\u00e9 mercredi 21 juillet 2021, en conseil des ministres \u00e0 Abidjan, un d\u00e9cret portant ratifi ...\",\"breadcrumb\":{\"@id\":\"https:\/\/www.africa-press.net\/cotedivoire\/economie\/le-gouvernement-ivoirien-ratifie-un-accord-de-pret-de-plus-de-135-milliards-fcfa-pour-lagro-industrie#breadcrumb\"},\"inLanguage\":\"fr-FR\",\"potentialAction\":[{\"@type\":\"ReadAction\",\"target\":[\"https:\/\/www.africa-press.net\/cotedivoire\/economie\/le-gouvernement-ivoirien-ratifie-un-accord-de-pret-de-plus-de-135-milliards-fcfa-pour-lagro-industrie\"]}]},{\"@type\":\"ImageObject\",\"inLanguage\":\"fr-FR\",\"@id\":\"https:\/\/www.africa-press.net\/cotedivoire\/economie\/le-gouvernement-ivoirien-ratifie-un-accord-de-pret-de-plus-de-135-milliards-fcfa-pour-lagro-industrie#primaryimage\",\"url\":\"https:\/\/static.africa-press.net\/cote\/sites\/43\/2021\/07\/img-60f9a1e75f5ff.jpg\",\"contentUrl\":\"https:\/\/static.africa-press.net\/cote\/sites\/43\/2021\/07\/img-60f9a1e75f5ff.jpg\",\"width\":825,\"height\":425,\"caption\":\"Le gouvernement ivoirien ratifie un accord de pr\u00eat de plus de 135 milliards fcfa pour l\u2019agro-industrie\"},{\"@type\":\"BreadcrumbList\",\"@id\":\"https:\/\/www.africa-press.net\/cotedivoire\/economie\/le-gouvernement-ivoirien-ratifie-un-accord-de-pret-de-plus-de-135-milliards-fcfa-pour-lagro-industrie#breadcrumb\",\"itemListElement\":[{\"@type\":\"ListItem\",\"position\":1,\"name\":\"Accueil\",\"item\":\"https:\/\/www.africa-press.net\/cotedivoire\/\"},{\"@type\":\"ListItem\",\"position\":2,\"name\":\"Le gouvernement ivoirien ratifie un accord de pr\u00eat de plus de 135 milliards fcfa pour l\u2019agro-industrie\"}]},{\"@type\":\"WebSite\",\"@id\":\"https:\/\/www.africa-press.net\/cotedivoire\/#website\",\"url\":\"https:\/\/www.africa-press.net\/cotedivoire\/\",\"name\":\"C\u00f4te d&#039;Ivoire\",\"description\":\"Just another Africa News Agency Sites site\",\"potentialAction\":[{\"@type\":\"SearchAction\",\"target\":{\"@type\":\"EntryPoint\",\"urlTemplate\":\"https:\/\/www.africa-press.net\/cotedivoire\/?s={search_term_string}\"},\"query-input\":{\"@type\":\"PropertyValueSpecification\",\"valueRequired\":true,\"valueName\":\"search_term_string\"}}],\"inLanguage\":\"fr-FR\"},{\"@type\":\"Person\",\"@id\":\"https:\/\/www.africa-press.net\/cotedivoire\/#\/schema\/person\/2b1cf3cd81a31e3cd26889ca66d677f1\",\"name\":\"cfeditorfr\"}]}<\/script>\n<!-- \/ Yoast SEO Premium plugin. -->","yoast_head_json":{"title":"Le gouvernement ivoirien ratifie un accord de pr\u00eat de plus de 135 milliards fcfa pour l\u2019agro-industrie - C\u00f4te d&#039;Ivoire","description":"Le gouvernement ivoirien a adopt\u00e9 mercredi 21 juillet 2021, en conseil des ministres \u00e0 Abidjan, un d\u00e9cret portant ratifi ...","robots":{"index":"index","follow":"follow","max-snippet":"max-snippet:-1","max-image-preview":"max-image-preview:large","max-video-preview":"max-video-preview:-1"},"canonical":"https:\/\/www.africa-press.net\/cotedivoire\/economie\/le-gouvernement-ivoirien-ratifie-un-accord-de-pret-de-plus-de-135-milliards-fcfa-pour-lagro-industrie","og_locale":"fr_FR","og_type":"article","og_title":"Le gouvernement ivoirien ratifie un accord de pr\u00eat de plus de 135 milliards fcfa pour l\u2019agro-industrie","og_description":"Le gouvernement ivoirien a adopt\u00e9 mercredi 21 juillet 2021, en conseil des ministres \u00e0 Abidjan, un d\u00e9cret portant ratifi ...","og_url":"https:\/\/www.africa-press.net\/cotedivoire\/economie\/le-gouvernement-ivoirien-ratifie-un-accord-de-pret-de-plus-de-135-milliards-fcfa-pour-lagro-industrie","og_site_name":"C\u00f4te d&#039;Ivoire","article_published_time":"2021-07-22T17:20:02+00:00","article_modified_time":"2021-07-22T19:05:52+00:00","og_image":[{"width":825,"height":425,"url":"https:\/\/static.africa-press.net\/cote\/sites\/43\/2021\/07\/img-60f9a1e75f5ff.jpg","type":"image\/jpeg"}],"author":"cfeditorfr","twitter_card":"summary_large_image","twitter_misc":{"\u00c9crit par":"cfeditorfr","Dur\u00e9e de lecture estim\u00e9e":"1 minute"},"schema":{"@context":"https:\/\/schema.org","@graph":[{"@type":"Article","@id":"https:\/\/www.africa-press.net\/cotedivoire\/economie\/le-gouvernement-ivoirien-ratifie-un-accord-de-pret-de-plus-de-135-milliards-fcfa-pour-lagro-industrie#article","isPartOf":{"@id":"https:\/\/www.africa-press.net\/cotedivoire\/economie\/le-gouvernement-ivoirien-ratifie-un-accord-de-pret-de-plus-de-135-milliards-fcfa-pour-lagro-industrie"},"author":{"name":"cfeditorfr","@id":"https:\/\/www.africa-press.net\/cotedivoire\/#\/schema\/person\/2b1cf3cd81a31e3cd26889ca66d677f1"},"headline":"Le gouvernement ivoirien ratifie un accord de pr\u00eat de plus de 135 milliards fcfa pour l\u2019agro-industrie","datePublished":"2021-07-22T17:20:02+00:00","dateModified":"2021-07-22T19:05:52+00:00","mainEntityOfPage":{"@id":"https:\/\/www.africa-press.net\/cotedivoire\/economie\/le-gouvernement-ivoirien-ratifie-un-accord-de-pret-de-plus-de-135-milliards-fcfa-pour-lagro-industrie"},"wordCount":174,"commentCount":0,"image":{"@id":"https:\/\/www.africa-press.net\/cotedivoire\/economie\/le-gouvernement-ivoirien-ratifie-un-accord-de-pret-de-plus-de-135-milliards-fcfa-pour-lagro-industrie#primaryimage"},"thumbnailUrl":"https:\/\/static.africa-press.net\/cote\/sites\/43\/2021\/07\/img-60f9a1e75f5ff.jpg","keywords":["Africa Press","Africa Press-C\u00f4te d'Ivoire","C\u00d4TE D'IVOIRE"],"articleSection":["\u00c9conomie","homepage-french","Toutes les actualit\u00e9s"],"inLanguage":"fr-FR","potentialAction":[{"@type":"CommentAction","name":"Comment","target":["https:\/\/www.africa-press.net\/cotedivoire\/economie\/le-gouvernement-ivoirien-ratifie-un-accord-de-pret-de-plus-de-135-milliards-fcfa-pour-lagro-industrie#respond"]}]},{"@type":"WebPage","@id":"https:\/\/www.africa-press.net\/cotedivoire\/economie\/le-gouvernement-ivoirien-ratifie-un-accord-de-pret-de-plus-de-135-milliards-fcfa-pour-lagro-industrie","url":"https:\/\/www.africa-press.net\/cotedivoire\/economie\/le-gouvernement-ivoirien-ratifie-un-accord-de-pret-de-plus-de-135-milliards-fcfa-pour-lagro-industrie","name":"Le gouvernement ivoirien ratifie un accord de pr\u00eat de plus de 135 milliards fcfa pour l\u2019agro-industrie - C\u00f4te d&#039;Ivoire","isPartOf":{"@id":"https:\/\/www.africa-press.net\/cotedivoire\/#website"},"primaryImageOfPage":{"@id":"https:\/\/www.africa-press.net\/cotedivoire\/economie\/le-gouvernement-ivoirien-ratifie-un-accord-de-pret-de-plus-de-135-milliards-fcfa-pour-lagro-industrie#primaryimage"},"image":{"@id":"https:\/\/www.africa-press.net\/cotedivoire\/economie\/le-gouvernement-ivoirien-ratifie-un-accord-de-pret-de-plus-de-135-milliards-fcfa-pour-lagro-industrie#primaryimage"},"thumbnailUrl":"https:\/\/static.africa-press.net\/cote\/sites\/43\/2021\/07\/img-60f9a1e75f5ff.jpg","datePublished":"2021-07-22T17:20:02+00:00","dateModified":"2021-07-22T19:05:52+00:00","author":{"@id":"https:\/\/www.africa-press.net\/cotedivoire\/#\/schema\/person\/2b1cf3cd81a31e3cd26889ca66d677f1"},"description":"Le gouvernement ivoirien a adopt\u00e9 mercredi 21 juillet 2021, en conseil des ministres \u00e0 Abidjan, un d\u00e9cret portant ratifi ...","breadcrumb":{"@id":"https:\/\/www.africa-press.net\/cotedivoire\/economie\/le-gouvernement-ivoirien-ratifie-un-accord-de-pret-de-plus-de-135-milliards-fcfa-pour-lagro-industrie#breadcrumb"},"inLanguage":"fr-FR","potentialAction":[{"@type":"ReadAction","target":["https:\/\/www.africa-press.net\/cotedivoire\/economie\/le-gouvernement-ivoirien-ratifie-un-accord-de-pret-de-plus-de-135-milliards-fcfa-pour-lagro-industrie"]}]},{"@type":"ImageObject","inLanguage":"fr-FR","@id":"https:\/\/www.africa-press.net\/cotedivoire\/economie\/le-gouvernement-ivoirien-ratifie-un-accord-de-pret-de-plus-de-135-milliards-fcfa-pour-lagro-industrie#primaryimage","url":"https:\/\/static.africa-press.net\/cote\/sites\/43\/2021\/07\/img-60f9a1e75f5ff.jpg","contentUrl":"https:\/\/static.africa-press.net\/cote\/sites\/43\/2021\/07\/img-60f9a1e75f5ff.jpg","width":825,"height":425,"caption":"Le gouvernement ivoirien ratifie un accord de pr\u00eat de plus de 135 milliards fcfa pour l\u2019agro-industrie"},{"@type":"BreadcrumbList","@id":"https:\/\/www.africa-press.net\/cotedivoire\/economie\/le-gouvernement-ivoirien-ratifie-un-accord-de-pret-de-plus-de-135-milliards-fcfa-pour-lagro-industrie#breadcrumb","itemListElement":[{"@type":"ListItem","position":1,"name":"Accueil","item":"https:\/\/www.africa-press.net\/cotedivoire\/"},{"@type":"ListItem","position":2,"name":"Le gouvernement ivoirien ratifie un accord de pr\u00eat de plus de 135 milliards fcfa pour l\u2019agro-industrie"}]},{"@type":"WebSite","@id":"https:\/\/www.africa-press.net\/cotedivoire\/#website","url":"https:\/\/www.africa-press.net\/cotedivoire\/","name":"C\u00f4te d&#039;Ivoire","description":"Just another Africa News Agency Sites site","potentialAction":[{"@type":"SearchAction","target":{"@type":"EntryPoint","urlTemplate":"https:\/\/www.africa-press.net\/cotedivoire\/?s={search_term_string}"},"query-input":{"@type":"PropertyValueSpecification","valueRequired":true,"valueName":"search_term_string"}}],"inLanguage":"fr-FR"},{"@type":"Person","@id":"https:\/\/www.africa-press.net\/cotedivoire\/#\/schema\/person\/2b1cf3cd81a31e3cd26889ca66d677f1","name":"cfeditorfr"}]}},"_links":{"self":[{"href":"https:\/\/www.africa-press.net\/cotedivoire\/wp-json\/wp\/v2\/posts\/10258","targetHints":{"allow":["GET"]}}],"collection":[{"href":"https:\/\/www.africa-press.net\/cotedivoire\/wp-json\/wp\/v2\/posts"}],"about":[{"href":"https:\/\/www.africa-press.net\/cotedivoire\/wp-json\/wp\/v2\/types\/post"}],"author":[{"embeddable":true,"href":"https:\/\/www.africa-press.net\/cotedivoire\/wp-json\/wp\/v2\/users\/82"}],"replies":[{"embeddable":true,"href":"https:\/\/www.africa-press.net\/cotedivoire\/wp-json\/wp\/v2\/comments?post=10258"}],"version-history":[{"count":0,"href":"https:\/\/www.africa-press.net\/cotedivoire\/wp-json\/wp\/v2\/posts\/10258\/revisions"}],"wp:featuredmedia":[{"embeddable":true,"href":"https:\/\/www.africa-press.net\/cotedivoire\/wp-json\/wp\/v2\/media\/10257"}],"wp:attachment":[{"href":"https:\/\/www.africa-press.net\/cotedivoire\/wp-json\/wp\/v2\/media?parent=10258"}],"wp:term":[{"taxonomy":"category","embeddable":true,"href":"https:\/\/www.africa-press.net\/cotedivoire\/wp-json\/wp\/v2\/categories?post=10258"},{"taxonomy":"post_tag","embeddable":true,"href":"https:\/\/www.africa-press.net\/cotedivoire\/wp-json\/wp\/v2\/tags?post=10258"}],"curies":[{"name":"wp","href":"https:\/\/api.w.org\/{rel}","templated":true}]}}