{"id":10264,"date":"2021-07-22T17:39:14","date_gmt":"2021-07-22T17:39:14","guid":{"rendered":"https:\/\/www.africa-press.net\/cotedivoire\/?p=10264"},"modified":"2021-07-22T19:06:01","modified_gmt":"2021-07-22T19:06:01","slug":"ce-quil-faut-savoir-sur-le-deroulement-et-les-etapes-des-etats-generaux-de-lecole-en-cote-divoire","status":"publish","type":"post","link":"https:\/\/www.africa-press.net\/cotedivoire\/culture-et-art\/ce-quil-faut-savoir-sur-le-deroulement-et-les-etapes-des-etats-generaux-de-lecole-en-cote-divoire","title":{"rendered":"Ce qu\u2019il faut savoir sur le d\u00e9roulement et les \u00e9tapes des \u00c9tats g\u00e9n\u00e9raux de l\u2019\u00e9cole en C\u00f4te-d\u2019Ivoire"},"content":{"rendered":"<p><span style=\"color: #ff6600\"><strong><a href=\"https:\/\/www.africa-press.net\/\">Africa-Press<\/a> &#8211; <a href=\"https:\/\/www.africa-press.net\/cotedivoire\">C\u00f4te d&rsquo;Ivoire<\/a>. <\/strong><\/span>Le Minist\u00e8re de l\u2019Education Nationale et de l\u2019Alphab\u00e9tisation a proc\u00e9d\u00e9 ce lundi 19 juillet 2021 \u00e0 Abidjan, au lancement officiel des Etats G\u00e9n\u00e9raux de l\u2019Education Nationale et de l\u2019Alphab\u00e9tisation.<\/p>\n<p>Pr\u00e9sid\u00e9e par le Monsieur le Premier Ministre, Patrick ACHI, Chef du Gouvernement avec une forte d\u00e9l\u00e9gation minist\u00e9rielle. Cette activit\u00e9 a enregistr\u00e9, outre la participation effective de la Directrice Ex\u00e9cutive Adjointe de l\u2019UNESCO, Madame Stefania Giannini, plusieurs personnalit\u00e9s, des pr\u00e9sidents d\u2019institution, des acteurs de la soci\u00e9t\u00e9 civile, des membres de la communaut\u00e9 \u00e9ducative ainsi que la pr\u00e9sence de plusieurs couches socio professionnelles.<\/p>\n<p>Les Etats G\u00e9n\u00e9raux, faut-il le rappeler, visent \u00e0 co-construire un pacte social durable en faveur d\u2019une \u00e9cole ivoirienne centr\u00e9e sur la r\u00e9ussite des \u00e9l\u00e8ves et l\u2019appropriation des valeurs de la R\u00e9publique.<\/p>\n<p>La Ministre de l\u2019Education Nationale et de l\u2019Alphab\u00e9tisation, le Professeur Mariatou Kon\u00e9 a rassur\u00e9 l\u2019ensemble de la communaut\u00e9 \u00e9ducative et des populations sur le caract\u00e8re inclusif et participatif de ses Etats G\u00e9n\u00e9raux qui permettront de consolider les acquis obtenus et de porter un regard diagnostic cons\u00e9quent sur le syst\u00e8me \u00e9ducatif actuel, en vue de g\u00e9n\u00e9rer des solutions innovantes et consensuelles aux probl\u00e8mes qui minent l\u2019\u00e9cole ivoirienne.<\/p>\n<p>A cet effet, plusieurs th\u00e9matiques seront abord\u00e9es au cours de ces Etats G\u00e9n\u00e9raux et porteront sur la politique \u00e9ducative et le cadre r\u00e8glementaire, l\u2019inclusion, l\u2019\u00e9quit\u00e9 et le genre, la qualit\u00e9 des enseignements-apprentissages, la pertinence et l\u2019efficacit\u00e9 interne et externe, la soci\u00e9t\u00e9 apprenante, la gouvernance et la gestion, y compris le dialogue social et les m\u00e9canismes de financement, de m\u00eame que la digitalisation du syst\u00e8me \u00e9ducatif. Naturellement, ces th\u00e8mes visent \u00e0 orienter les r\u00e9flexions et non \u00e0 les limiter et ne sont donc pas exhaustifs, puisqu\u2019il appartiendra \u00e0 chaque citoyen d\u2019aborder le probl\u00e8me ou la question qu\u2019il trouve pertinent pour rehausser l\u2019image de l\u2019\u00e9cole ivoirienne.<\/p>\n<p>Apr\u00e8s le lancement officiel, trois (3) grandes phases restent d\u00e9sormais \u00e0 \u00e9vacuer pour la finalisation du processus des Etats G\u00e9n\u00e9raux, qui vont durer sur six (6) mois, et mettront l\u2019accent dans un premier abord, sur la consultation des parties prenantes qui prendra en compte la mise en place des plateformes num\u00e9riques, des commissions th\u00e9matiques et des rencontres publiques. A cette phase, succ\u00e9deront l\u2019organisation des journ\u00e9es nationales et la capitalisation des rapports des Etats G\u00e9n\u00e9raux. Une feuille de route consensuelle permettant la mise en place d\u2019une instance de suivi-\u00e9valuation des recommandations et r\u00e9solutions viendra sanctionner la fin des travaux, apr\u00e8s leur pr\u00e9sentation \u00e0 Son Excellence, le Pr\u00e9sident de la R\u00e9publique, Alassane OUATTARA.<\/p>\n<p>D\u2019ailleurs pour permettre d\u2019atteindre l\u2019ensemble des populations dans les zones et contr\u00e9es les plus recul\u00e9es, une plateforme digitale sera bient\u00f4t mise en ligne officiellement et marquera le d\u00e9but effectif des consultations populaires en dehors de celles qui se feront en pr\u00e9sentiel dans les r\u00e9gions et districts de C\u00f4te d\u2019Ivoire.<\/p>\n<p>&nbsp;<\/p>\n","protected":false},"excerpt":{"rendered":"<p>Africa-Press &#8211; C\u00f4te d&rsquo;Ivoire. Le Minist\u00e8re de l\u2019Education Nationale et de l\u2019Alphab\u00e9tisation a proc\u00e9d\u00e9 ce lundi 19 juillet 2021 \u00e0 Abidjan, au lancement officiel des Etats G\u00e9n\u00e9raux de l\u2019Education Nationale et de l\u2019Alphab\u00e9tisation. Pr\u00e9sid\u00e9e par le Monsieur le Premier Ministre, Patrick ACHI, Chef du Gouvernement avec une forte d\u00e9l\u00e9gation minist\u00e9rielle. Cette activit\u00e9 a enregistr\u00e9, outre [&hellip;]<\/p>\n","protected":false},"author":82,"featured_media":10263,"comment_status":"open","ping_status":"closed","sticky":false,"template":"","format":"standard","meta":{"footnotes":""},"categories":[5,11,10],"tags":[56,63,29],"class_list":["post-10264","post","type-post","status-publish","format-standard","has-post-thumbnail","hentry","category-culture-et-art","category-homepage-french","category-toutes-les-actualites","tag-africa-press","tag-africa-press-cote-divoire","tag-cote-divoire"],"yoast_head":"<!-- This site is optimized with the Yoast SEO Premium plugin v26.1 (Yoast SEO v27.0) - https:\/\/yoast.com\/product\/yoast-seo-premium-wordpress\/ -->\n<title>Ce qu\u2019il faut savoir sur le d\u00e9roulement et les \u00e9tapes des \u00c9tats g\u00e9n\u00e9raux de l\u2019\u00e9cole en C\u00f4te-d\u2019Ivoire - C\u00f4te d&#039;Ivoire<\/title>\n<meta name=\"description\" content=\"Le Minist\u00e8re de l\u2019Education Nationale et de l\u2019Alphab\u00e9tisation a proc\u00e9d\u00e9 ce lundi 19 juillet 2021 \u00e0 Abidjan, au lancement ...\" \/>\n<meta name=\"robots\" content=\"index, follow, max-snippet:-1, max-image-preview:large, max-video-preview:-1\" \/>\n<link rel=\"canonical\" href=\"https:\/\/www.africa-press.net\/cotedivoire\/culture-et-art\/ce-quil-faut-savoir-sur-le-deroulement-et-les-etapes-des-etats-generaux-de-lecole-en-cote-divoire\" \/>\n<meta property=\"og:locale\" content=\"fr_FR\" \/>\n<meta property=\"og:type\" content=\"article\" \/>\n<meta property=\"og:title\" content=\"Ce qu\u2019il faut savoir sur le d\u00e9roulement et les \u00e9tapes des \u00c9tats g\u00e9n\u00e9raux de l\u2019\u00e9cole en C\u00f4te-d\u2019Ivoire\" \/>\n<meta property=\"og:description\" content=\"Le Minist\u00e8re de l\u2019Education Nationale et de l\u2019Alphab\u00e9tisation a proc\u00e9d\u00e9 ce lundi 19 juillet 2021 \u00e0 Abidjan, au lancement ...\" \/>\n<meta property=\"og:url\" content=\"https:\/\/www.africa-press.net\/cotedivoire\/culture-et-art\/ce-quil-faut-savoir-sur-le-deroulement-et-les-etapes-des-etats-generaux-de-lecole-en-cote-divoire\" \/>\n<meta property=\"og:site_name\" content=\"C\u00f4te d&#039;Ivoire\" \/>\n<meta property=\"article:published_time\" content=\"2021-07-22T17:39:14+00:00\" \/>\n<meta property=\"article:modified_time\" content=\"2021-07-22T19:06:01+00:00\" \/>\n<meta property=\"og:image\" content=\"https:\/\/static.africa-press.net\/cote\/sites\/43\/2021\/07\/img-60f9a22f8d706.jpg\" \/>\n\t<meta property=\"og:image:width\" content=\"800\" \/>\n\t<meta property=\"og:image:height\" content=\"533\" \/>\n\t<meta property=\"og:image:type\" content=\"image\/jpeg\" \/>\n<meta name=\"author\" content=\"cfeditorfr\" \/>\n<meta name=\"twitter:card\" content=\"summary_large_image\" \/>\n<meta name=\"twitter:label1\" content=\"\u00c9crit par\" \/>\n\t<meta name=\"twitter:data1\" content=\"cfeditorfr\" \/>\n\t<meta name=\"twitter:label2\" content=\"Dur\u00e9e de lecture estim\u00e9e\" \/>\n\t<meta name=\"twitter:data2\" content=\"2 minutes\" \/>\n<script type=\"application\/ld+json\" class=\"yoast-schema-graph\">{\"@context\":\"https:\/\/schema.org\",\"@graph\":[{\"@type\":\"Article\",\"@id\":\"https:\/\/www.africa-press.net\/cotedivoire\/culture-et-art\/ce-quil-faut-savoir-sur-le-deroulement-et-les-etapes-des-etats-generaux-de-lecole-en-cote-divoire#article\",\"isPartOf\":{\"@id\":\"https:\/\/www.africa-press.net\/cotedivoire\/culture-et-art\/ce-quil-faut-savoir-sur-le-deroulement-et-les-etapes-des-etats-generaux-de-lecole-en-cote-divoire\"},\"author\":{\"name\":\"cfeditorfr\",\"@id\":\"https:\/\/www.africa-press.net\/cotedivoire\/#\/schema\/person\/2b1cf3cd81a31e3cd26889ca66d677f1\"},\"headline\":\"Ce qu\u2019il faut savoir sur le d\u00e9roulement et les \u00e9tapes des \u00c9tats g\u00e9n\u00e9raux de l\u2019\u00e9cole en C\u00f4te-d\u2019Ivoire\",\"datePublished\":\"2021-07-22T17:39:14+00:00\",\"dateModified\":\"2021-07-22T19:06:01+00:00\",\"mainEntityOfPage\":{\"@id\":\"https:\/\/www.africa-press.net\/cotedivoire\/culture-et-art\/ce-quil-faut-savoir-sur-le-deroulement-et-les-etapes-des-etats-generaux-de-lecole-en-cote-divoire\"},\"wordCount\":564,\"commentCount\":0,\"image\":{\"@id\":\"https:\/\/www.africa-press.net\/cotedivoire\/culture-et-art\/ce-quil-faut-savoir-sur-le-deroulement-et-les-etapes-des-etats-generaux-de-lecole-en-cote-divoire#primaryimage\"},\"thumbnailUrl\":\"https:\/\/static.africa-press.net\/cote\/sites\/43\/2021\/07\/img-60f9a22f8d706.jpg\",\"keywords\":[\"Africa Press\",\"Africa Press-C\u00f4te d'Ivoire\",\"C\u00d4TE D'IVOIRE\"],\"articleSection\":[\"Culture et Art\",\"homepage-french\",\"Toutes les actualit\u00e9s\"],\"inLanguage\":\"fr-FR\",\"potentialAction\":[{\"@type\":\"CommentAction\",\"name\":\"Comment\",\"target\":[\"https:\/\/www.africa-press.net\/cotedivoire\/culture-et-art\/ce-quil-faut-savoir-sur-le-deroulement-et-les-etapes-des-etats-generaux-de-lecole-en-cote-divoire#respond\"]}]},{\"@type\":\"WebPage\",\"@id\":\"https:\/\/www.africa-press.net\/cotedivoire\/culture-et-art\/ce-quil-faut-savoir-sur-le-deroulement-et-les-etapes-des-etats-generaux-de-lecole-en-cote-divoire\",\"url\":\"https:\/\/www.africa-press.net\/cotedivoire\/culture-et-art\/ce-quil-faut-savoir-sur-le-deroulement-et-les-etapes-des-etats-generaux-de-lecole-en-cote-divoire\",\"name\":\"Ce qu\u2019il faut savoir sur le d\u00e9roulement et les \u00e9tapes des \u00c9tats g\u00e9n\u00e9raux de l\u2019\u00e9cole en C\u00f4te-d\u2019Ivoire - C\u00f4te d&#039;Ivoire\",\"isPartOf\":{\"@id\":\"https:\/\/www.africa-press.net\/cotedivoire\/#website\"},\"primaryImageOfPage\":{\"@id\":\"https:\/\/www.africa-press.net\/cotedivoire\/culture-et-art\/ce-quil-faut-savoir-sur-le-deroulement-et-les-etapes-des-etats-generaux-de-lecole-en-cote-divoire#primaryimage\"},\"image\":{\"@id\":\"https:\/\/www.africa-press.net\/cotedivoire\/culture-et-art\/ce-quil-faut-savoir-sur-le-deroulement-et-les-etapes-des-etats-generaux-de-lecole-en-cote-divoire#primaryimage\"},\"thumbnailUrl\":\"https:\/\/static.africa-press.net\/cote\/sites\/43\/2021\/07\/img-60f9a22f8d706.jpg\",\"datePublished\":\"2021-07-22T17:39:14+00:00\",\"dateModified\":\"2021-07-22T19:06:01+00:00\",\"author\":{\"@id\":\"https:\/\/www.africa-press.net\/cotedivoire\/#\/schema\/person\/2b1cf3cd81a31e3cd26889ca66d677f1\"},\"description\":\"Le Minist\u00e8re de l\u2019Education Nationale et de l\u2019Alphab\u00e9tisation a proc\u00e9d\u00e9 ce lundi 19 juillet 2021 \u00e0 Abidjan, au lancement ...\",\"breadcrumb\":{\"@id\":\"https:\/\/www.africa-press.net\/cotedivoire\/culture-et-art\/ce-quil-faut-savoir-sur-le-deroulement-et-les-etapes-des-etats-generaux-de-lecole-en-cote-divoire#breadcrumb\"},\"inLanguage\":\"fr-FR\",\"potentialAction\":[{\"@type\":\"ReadAction\",\"target\":[\"https:\/\/www.africa-press.net\/cotedivoire\/culture-et-art\/ce-quil-faut-savoir-sur-le-deroulement-et-les-etapes-des-etats-generaux-de-lecole-en-cote-divoire\"]}]},{\"@type\":\"ImageObject\",\"inLanguage\":\"fr-FR\",\"@id\":\"https:\/\/www.africa-press.net\/cotedivoire\/culture-et-art\/ce-quil-faut-savoir-sur-le-deroulement-et-les-etapes-des-etats-generaux-de-lecole-en-cote-divoire#primaryimage\",\"url\":\"https:\/\/static.africa-press.net\/cote\/sites\/43\/2021\/07\/img-60f9a22f8d706.jpg\",\"contentUrl\":\"https:\/\/static.africa-press.net\/cote\/sites\/43\/2021\/07\/img-60f9a22f8d706.jpg\",\"width\":800,\"height\":533,\"caption\":\"Ce qu\u2019il faut savoir sur le d\u00e9roulement et les \u00e9tapes des \u00c9tats g\u00e9n\u00e9raux de l\u2019\u00e9cole en C\u00f4te-d\u2019Ivoire\"},{\"@type\":\"BreadcrumbList\",\"@id\":\"https:\/\/www.africa-press.net\/cotedivoire\/culture-et-art\/ce-quil-faut-savoir-sur-le-deroulement-et-les-etapes-des-etats-generaux-de-lecole-en-cote-divoire#breadcrumb\",\"itemListElement\":[{\"@type\":\"ListItem\",\"position\":1,\"name\":\"Accueil\",\"item\":\"https:\/\/www.africa-press.net\/cotedivoire\/\"},{\"@type\":\"ListItem\",\"position\":2,\"name\":\"Ce qu\u2019il faut savoir sur le d\u00e9roulement et les \u00e9tapes des \u00c9tats g\u00e9n\u00e9raux de l\u2019\u00e9cole en C\u00f4te-d\u2019Ivoire\"}]},{\"@type\":\"WebSite\",\"@id\":\"https:\/\/www.africa-press.net\/cotedivoire\/#website\",\"url\":\"https:\/\/www.africa-press.net\/cotedivoire\/\",\"name\":\"C\u00f4te d&#039;Ivoire\",\"description\":\"Just another Africa News Agency Sites site\",\"potentialAction\":[{\"@type\":\"SearchAction\",\"target\":{\"@type\":\"EntryPoint\",\"urlTemplate\":\"https:\/\/www.africa-press.net\/cotedivoire\/?s={search_term_string}\"},\"query-input\":{\"@type\":\"PropertyValueSpecification\",\"valueRequired\":true,\"valueName\":\"search_term_string\"}}],\"inLanguage\":\"fr-FR\"},{\"@type\":\"Person\",\"@id\":\"https:\/\/www.africa-press.net\/cotedivoire\/#\/schema\/person\/2b1cf3cd81a31e3cd26889ca66d677f1\",\"name\":\"cfeditorfr\"}]}<\/script>\n<!-- \/ Yoast SEO Premium plugin. -->","yoast_head_json":{"title":"Ce qu\u2019il faut savoir sur le d\u00e9roulement et les \u00e9tapes des \u00c9tats g\u00e9n\u00e9raux de l\u2019\u00e9cole en C\u00f4te-d\u2019Ivoire - C\u00f4te d&#039;Ivoire","description":"Le Minist\u00e8re de l\u2019Education Nationale et de l\u2019Alphab\u00e9tisation a proc\u00e9d\u00e9 ce lundi 19 juillet 2021 \u00e0 Abidjan, au lancement ...","robots":{"index":"index","follow":"follow","max-snippet":"max-snippet:-1","max-image-preview":"max-image-preview:large","max-video-preview":"max-video-preview:-1"},"canonical":"https:\/\/www.africa-press.net\/cotedivoire\/culture-et-art\/ce-quil-faut-savoir-sur-le-deroulement-et-les-etapes-des-etats-generaux-de-lecole-en-cote-divoire","og_locale":"fr_FR","og_type":"article","og_title":"Ce qu\u2019il faut savoir sur le d\u00e9roulement et les \u00e9tapes des \u00c9tats g\u00e9n\u00e9raux de l\u2019\u00e9cole en C\u00f4te-d\u2019Ivoire","og_description":"Le Minist\u00e8re de l\u2019Education Nationale et de l\u2019Alphab\u00e9tisation a proc\u00e9d\u00e9 ce lundi 19 juillet 2021 \u00e0 Abidjan, au lancement ...","og_url":"https:\/\/www.africa-press.net\/cotedivoire\/culture-et-art\/ce-quil-faut-savoir-sur-le-deroulement-et-les-etapes-des-etats-generaux-de-lecole-en-cote-divoire","og_site_name":"C\u00f4te d&#039;Ivoire","article_published_time":"2021-07-22T17:39:14+00:00","article_modified_time":"2021-07-22T19:06:01+00:00","og_image":[{"width":800,"height":533,"url":"https:\/\/static.africa-press.net\/cote\/sites\/43\/2021\/07\/img-60f9a22f8d706.jpg","type":"image\/jpeg"}],"author":"cfeditorfr","twitter_card":"summary_large_image","twitter_misc":{"\u00c9crit par":"cfeditorfr","Dur\u00e9e de lecture estim\u00e9e":"2 minutes"},"schema":{"@context":"https:\/\/schema.org","@graph":[{"@type":"Article","@id":"https:\/\/www.africa-press.net\/cotedivoire\/culture-et-art\/ce-quil-faut-savoir-sur-le-deroulement-et-les-etapes-des-etats-generaux-de-lecole-en-cote-divoire#article","isPartOf":{"@id":"https:\/\/www.africa-press.net\/cotedivoire\/culture-et-art\/ce-quil-faut-savoir-sur-le-deroulement-et-les-etapes-des-etats-generaux-de-lecole-en-cote-divoire"},"author":{"name":"cfeditorfr","@id":"https:\/\/www.africa-press.net\/cotedivoire\/#\/schema\/person\/2b1cf3cd81a31e3cd26889ca66d677f1"},"headline":"Ce qu\u2019il faut savoir sur le d\u00e9roulement et les \u00e9tapes des \u00c9tats g\u00e9n\u00e9raux de l\u2019\u00e9cole en C\u00f4te-d\u2019Ivoire","datePublished":"2021-07-22T17:39:14+00:00","dateModified":"2021-07-22T19:06:01+00:00","mainEntityOfPage":{"@id":"https:\/\/www.africa-press.net\/cotedivoire\/culture-et-art\/ce-quil-faut-savoir-sur-le-deroulement-et-les-etapes-des-etats-generaux-de-lecole-en-cote-divoire"},"wordCount":564,"commentCount":0,"image":{"@id":"https:\/\/www.africa-press.net\/cotedivoire\/culture-et-art\/ce-quil-faut-savoir-sur-le-deroulement-et-les-etapes-des-etats-generaux-de-lecole-en-cote-divoire#primaryimage"},"thumbnailUrl":"https:\/\/static.africa-press.net\/cote\/sites\/43\/2021\/07\/img-60f9a22f8d706.jpg","keywords":["Africa Press","Africa Press-C\u00f4te d'Ivoire","C\u00d4TE D'IVOIRE"],"articleSection":["Culture et Art","homepage-french","Toutes les actualit\u00e9s"],"inLanguage":"fr-FR","potentialAction":[{"@type":"CommentAction","name":"Comment","target":["https:\/\/www.africa-press.net\/cotedivoire\/culture-et-art\/ce-quil-faut-savoir-sur-le-deroulement-et-les-etapes-des-etats-generaux-de-lecole-en-cote-divoire#respond"]}]},{"@type":"WebPage","@id":"https:\/\/www.africa-press.net\/cotedivoire\/culture-et-art\/ce-quil-faut-savoir-sur-le-deroulement-et-les-etapes-des-etats-generaux-de-lecole-en-cote-divoire","url":"https:\/\/www.africa-press.net\/cotedivoire\/culture-et-art\/ce-quil-faut-savoir-sur-le-deroulement-et-les-etapes-des-etats-generaux-de-lecole-en-cote-divoire","name":"Ce qu\u2019il faut savoir sur le d\u00e9roulement et les \u00e9tapes des \u00c9tats g\u00e9n\u00e9raux de l\u2019\u00e9cole en C\u00f4te-d\u2019Ivoire - C\u00f4te d&#039;Ivoire","isPartOf":{"@id":"https:\/\/www.africa-press.net\/cotedivoire\/#website"},"primaryImageOfPage":{"@id":"https:\/\/www.africa-press.net\/cotedivoire\/culture-et-art\/ce-quil-faut-savoir-sur-le-deroulement-et-les-etapes-des-etats-generaux-de-lecole-en-cote-divoire#primaryimage"},"image":{"@id":"https:\/\/www.africa-press.net\/cotedivoire\/culture-et-art\/ce-quil-faut-savoir-sur-le-deroulement-et-les-etapes-des-etats-generaux-de-lecole-en-cote-divoire#primaryimage"},"thumbnailUrl":"https:\/\/static.africa-press.net\/cote\/sites\/43\/2021\/07\/img-60f9a22f8d706.jpg","datePublished":"2021-07-22T17:39:14+00:00","dateModified":"2021-07-22T19:06:01+00:00","author":{"@id":"https:\/\/www.africa-press.net\/cotedivoire\/#\/schema\/person\/2b1cf3cd81a31e3cd26889ca66d677f1"},"description":"Le Minist\u00e8re de l\u2019Education Nationale et de l\u2019Alphab\u00e9tisation a proc\u00e9d\u00e9 ce lundi 19 juillet 2021 \u00e0 Abidjan, au lancement ...","breadcrumb":{"@id":"https:\/\/www.africa-press.net\/cotedivoire\/culture-et-art\/ce-quil-faut-savoir-sur-le-deroulement-et-les-etapes-des-etats-generaux-de-lecole-en-cote-divoire#breadcrumb"},"inLanguage":"fr-FR","potentialAction":[{"@type":"ReadAction","target":["https:\/\/www.africa-press.net\/cotedivoire\/culture-et-art\/ce-quil-faut-savoir-sur-le-deroulement-et-les-etapes-des-etats-generaux-de-lecole-en-cote-divoire"]}]},{"@type":"ImageObject","inLanguage":"fr-FR","@id":"https:\/\/www.africa-press.net\/cotedivoire\/culture-et-art\/ce-quil-faut-savoir-sur-le-deroulement-et-les-etapes-des-etats-generaux-de-lecole-en-cote-divoire#primaryimage","url":"https:\/\/static.africa-press.net\/cote\/sites\/43\/2021\/07\/img-60f9a22f8d706.jpg","contentUrl":"https:\/\/static.africa-press.net\/cote\/sites\/43\/2021\/07\/img-60f9a22f8d706.jpg","width":800,"height":533,"caption":"Ce qu\u2019il faut savoir sur le d\u00e9roulement et les \u00e9tapes des \u00c9tats g\u00e9n\u00e9raux de l\u2019\u00e9cole en C\u00f4te-d\u2019Ivoire"},{"@type":"BreadcrumbList","@id":"https:\/\/www.africa-press.net\/cotedivoire\/culture-et-art\/ce-quil-faut-savoir-sur-le-deroulement-et-les-etapes-des-etats-generaux-de-lecole-en-cote-divoire#breadcrumb","itemListElement":[{"@type":"ListItem","position":1,"name":"Accueil","item":"https:\/\/www.africa-press.net\/cotedivoire\/"},{"@type":"ListItem","position":2,"name":"Ce qu\u2019il faut savoir sur le d\u00e9roulement et les \u00e9tapes des \u00c9tats g\u00e9n\u00e9raux de l\u2019\u00e9cole en C\u00f4te-d\u2019Ivoire"}]},{"@type":"WebSite","@id":"https:\/\/www.africa-press.net\/cotedivoire\/#website","url":"https:\/\/www.africa-press.net\/cotedivoire\/","name":"C\u00f4te d&#039;Ivoire","description":"Just another Africa News Agency Sites site","potentialAction":[{"@type":"SearchAction","target":{"@type":"EntryPoint","urlTemplate":"https:\/\/www.africa-press.net\/cotedivoire\/?s={search_term_string}"},"query-input":{"@type":"PropertyValueSpecification","valueRequired":true,"valueName":"search_term_string"}}],"inLanguage":"fr-FR"},{"@type":"Person","@id":"https:\/\/www.africa-press.net\/cotedivoire\/#\/schema\/person\/2b1cf3cd81a31e3cd26889ca66d677f1","name":"cfeditorfr"}]}},"_links":{"self":[{"href":"https:\/\/www.africa-press.net\/cotedivoire\/wp-json\/wp\/v2\/posts\/10264","targetHints":{"allow":["GET"]}}],"collection":[{"href":"https:\/\/www.africa-press.net\/cotedivoire\/wp-json\/wp\/v2\/posts"}],"about":[{"href":"https:\/\/www.africa-press.net\/cotedivoire\/wp-json\/wp\/v2\/types\/post"}],"author":[{"embeddable":true,"href":"https:\/\/www.africa-press.net\/cotedivoire\/wp-json\/wp\/v2\/users\/82"}],"replies":[{"embeddable":true,"href":"https:\/\/www.africa-press.net\/cotedivoire\/wp-json\/wp\/v2\/comments?post=10264"}],"version-history":[{"count":0,"href":"https:\/\/www.africa-press.net\/cotedivoire\/wp-json\/wp\/v2\/posts\/10264\/revisions"}],"wp:featuredmedia":[{"embeddable":true,"href":"https:\/\/www.africa-press.net\/cotedivoire\/wp-json\/wp\/v2\/media\/10263"}],"wp:attachment":[{"href":"https:\/\/www.africa-press.net\/cotedivoire\/wp-json\/wp\/v2\/media?parent=10264"}],"wp:term":[{"taxonomy":"category","embeddable":true,"href":"https:\/\/www.africa-press.net\/cotedivoire\/wp-json\/wp\/v2\/categories?post=10264"},{"taxonomy":"post_tag","embeddable":true,"href":"https:\/\/www.africa-press.net\/cotedivoire\/wp-json\/wp\/v2\/tags?post=10264"}],"curies":[{"name":"wp","href":"https:\/\/api.w.org\/{rel}","templated":true}]}}