{"id":102654,"date":"2025-07-23T15:55:31","date_gmt":"2025-07-23T15:55:31","guid":{"rendered":"https:\/\/www.africa-press.net\/cotedivoire\/politique\/demission-de-fernand-ahile-et-critique-de-gbagbo"},"modified":"2025-07-23T17:00:16","modified_gmt":"2025-07-23T17:00:16","slug":"demission-de-fernand-ahile-et-critique-de-gbagbo","status":"publish","type":"post","link":"https:\/\/www.africa-press.net\/cotedivoire\/parties\/demission-de-fernand-ahile-et-critique-de-gbagbo","title":{"rendered":"D\u00e9mission de Fernand Ahil\u00e9 et critique de Gbagbo"},"content":{"rendered":"<p><span style=\"color: #ff6600\"><strong>Africa-Press &#8211; C\u00f4te d&rsquo;Ivoire. <\/strong><\/span>C\u2019est avec une amertume me\u0302le\u0301e de lucidite\u0301 que Ahile\u0301 Fernand, jusque-la\u0300 Secre\u0301taire National Technique du PPA-CI en charge de la Communication et de l\u2019Organisation des Manifestations, a re\u0301agi a\u0300 sa re\u0301cente exclusion du parti fonde\u0301 par Laurent Gbagbo.<\/p>\n<p>L\u2019annonce est intervenue hier mardi 22 juillet 2025, via un communique\u0301 signe\u0301 par Me Habiba Toure\u0301, porte-parole de l&rsquo;ancien president ivoirien Laurent Gbagbo. Un document qu\u2019il qualifie d\u2019irre\u0301gulier tant sur la forme que sur le fond, tout en regrettant l\u2019absence d\u2019e\u0301le\u0301ments pre\u0301cis sur les faits qui lui sont reproche\u0301s.<\/p>\n<p>Dans sa de\u0301claration publique, Fernand Ahile\u0301 affirme percevoir derrie\u0300re cette de\u0301cision une sanction de\u0301guise\u0301e pour avoir exprime\u0301 un soutien assume\u0301 au ministre Ahoua Don Mello. Ce dernier avait re\u0301cemment propose\u0301 une ouverture strate\u0301gique, sugge\u0301rant au Pre\u0301sident Laurent Gbagbo d\u2019autoriser, par pre\u0301caution et en toute lucidite\u0301 politique, d\u2019autres candidatures au sein du PPA-CI pour l\u2019e\u0301lection pre\u0301sidentielle de 2025. Une proposition pourtant relaye\u0301e avec un certain e\u0301cho au sein de la base, mais qui semble avoir heurte\u0301 la ligne impose\u0301e d\u2019en haut.<\/p>\n<p>L\u2019ancien responsable de la communication n\u2019a pas manque\u0301 de pointer les contradictions entre les prises de position publiques de Laurent Gbagbo et la gestion interne du parti. En effet, il rappelle une de\u0301claration re\u0301cente du fondateur du PPA-CI, lors d\u2019une rencontre avec le PDCI, ou\u0300 ce dernier de\u0301nonc\u0327ait l\u2019exclusion d\u2019acteurs politiques du jeu de\u0301mocratique, affirmant qu\u2019il n\u2019y a plus de\u0301mocratie si certains ne peuvent pas se battre pour acce\u0301der au pouvoir.<\/p>\n<p>Des propos que Fernand Ahile\u0301 revendique comme e\u0301tant e\u0301galement siens, tout en s\u2019interrogeant sur la cohe\u0301rence: comment appeler a\u0300 la re\u0301inte\u0301gration d\u2019acteurs politiques au nom de la de\u0301mocratie et, dans le me\u0302me temps, refuser d\u2019ouvrir un de\u0301bat interne sur la strate\u0301gie pre\u0301sidentielle?<\/p>\n<p>\u00ab\u00a0La forme et le fond du communique\u0301 me laissent perplexes, car connaissant le fonctionnement du Parti, je doute qu\u2019une avocate se me\u0301lange dans un tel texte, en de\u0301butant par un sujet, puis chutant sur un autre, mais qui est hors-sujet, sauf si cela lui a e\u0301te\u0301 impose\u0301 par son patron, que dis-je sa patronne, la patronne du Parti\u00a0\u00bb, s&rsquo;interroge t-il en faisant allusion a\u0300 Nadiani Bamba, l&rsquo;e\u0301pouse de Laurent Gbagbo.<\/p>\n<p>Il estime que la candidature de Laurent Gbagbo, bien que le\u0301galement possible, est strate\u0301giquement inopportune, et que la de\u0301mocratie interne du parti devrait permettre aux autres ambitions d\u2019e\u0301merger sans crainte de repre\u0301sailles. Selon lui, de nombreuses figures du PPA-CI nourriraient des velle\u0301ite\u0301s de candidatures, mais sont musele\u0301es par une atmosphe\u0300re de crainte, ou\u0300 la parole libre est syste\u0301matiquement perc\u0327ue comme une menace.<\/p>\n<p>Loin d\u2019une simple re\u0301action e\u0301pidermique, sa prise de parole prend la forme d\u2019un manifeste politique contre ce qu\u2019il de\u0301crit comme une de\u0301rive autoritaire du parti. Il e\u0301voque des tensions internes bien connues mais tues, des rivalite\u0301s silencieuses entre barons du parti, et un refus syste\u0301matique de de\u0301battre sur la ligne strate\u0301gique. Fernand Ahile\u0301 regrette l\u2019exclusion brutale d\u2019Ahoua Don Mello des re\u0301centes initiatives conjointes entre le PPA-CI et le PDCI, un signe clair, selon lui, d\u2019un isolement volontaire de toutes les voix divergentes.<\/p>\n<p>A\u0300 travers son propos, c\u2019est une mise en garde qu\u2019il adresse: celle d\u2019un parti qui, tout en se proclamant de\u0301mocratique, adopte des re\u0301flexes de rejet, d\u2019exclusion et de verrouillage interne.<\/p>\n<p>L\u2019homme assume sa position, qu\u2019il sait de\u0301sormais marginale, mais reste fide\u0300le a\u0300 ses convictions. Il quitte le PPA-CI avec l\u2019amertume d\u2019un militant trahi par un ide\u0301al, mais avec la dignite\u0301 de celui qui aura choisi la liberte\u0301 d\u2019expression pluto\u0302t que le silence complice.<\/p>\n<p>\u00ab\u00a0Au lieu de jouer les pseudo-combattants, se contentant de bomber le torse qu\u2019a\u0300 l\u2019inte\u0301rieur du Parti, par des batailles souterraines, Assoa Adou vs Hubert Oulaye, Katinan Kone\u0301 vs Habiba Toure\u0301, ou encore Ste\u0301phane Kipre\u0301 vs Damana Adia Pickass, ceux-ci devraient courageusement cre\u0301er le de\u0301bat en interne et sugge\u0301rer au Parti d\u2019abandonner sa strate\u0301gie.<\/p>\n<p>Bon vent au PPA-CI, ce Parti qui se vante d\u2019e\u0302tre de\u0301mocratique, mais qui, dans le fonctionnement, exclut, rejette, combat, e\u0301carte, me\u0301prise, tous ceux qui osent user de leur liberte\u0301 d\u2019expression\u00a0\u00bb, conclut-il.<\/p>\n<p><strong>Pour plus d&rsquo;informations et d&rsquo;analyses sur la <span style=\"color: #ff6600\">C\u00f4te d&rsquo;Ivoire<\/span>, suivez <span style=\"color: #ff6600\">Africa-Press<\/span><\/strong><\/p>\n","protected":false},"excerpt":{"rendered":"<p>Africa-Press &#8211; C\u00f4te d&rsquo;Ivoire. C\u2019est avec une amertume me\u0302le\u0301e de lucidite\u0301 que Ahile\u0301 Fernand, jusque-la\u0300 Secre\u0301taire National Technique du PPA-CI en charge de la Communication et de l\u2019Organisation des Manifestations, a re\u0301agi a\u0300 sa re\u0301cente exclusion du parti fonde\u0301 par Laurent Gbagbo. L\u2019annonce est intervenue hier mardi 22 juillet 2025, via un communique\u0301 signe\u0301 par [&hellip;]<\/p>\n","protected":false},"author":82,"featured_media":102653,"comment_status":"open","ping_status":"closed","sticky":false,"template":"","format":"standard","meta":{"footnotes":""},"categories":[4,10],"tags":[29,1227,18329,320,11595,363,423,1952],"class_list":["post-102654","post","type-post","status-publish","format-standard","has-post-thumbnail","hentry","category-parties","category-toutes-les-actualites","tag-cote-divoire","tag-don-mello","tag-fernand-ahile","tag-gbagbo","tag-habiba","tag-parti","tag-pdci","tag-ppa-ci"],"yoast_head":"<!-- This site is optimized with the Yoast SEO Premium plugin v26.1 (Yoast SEO v27.0) - https:\/\/yoast.com\/product\/yoast-seo-premium-wordpress\/ -->\n<title>D\u00e9mission de Fernand Ahil\u00e9 et critique de Gbagbo - C\u00f4te d&#039;Ivoire<\/title>\n<meta name=\"description\" content=\"C\u2019est avec une amertume me\u0302le\u0301e de lucidite\u0301 que Ahile\u0301 Fernand, jusque-la\u0300 Secre\u0301taire National Technique du PPA-CI en ...\" \/>\n<meta name=\"robots\" content=\"index, follow, max-snippet:-1, max-image-preview:large, max-video-preview:-1\" \/>\n<link rel=\"canonical\" href=\"https:\/\/www.africa-press.net\/cotedivoire\/parties\/demission-de-fernand-ahile-et-critique-de-gbagbo\" \/>\n<meta property=\"og:locale\" content=\"fr_FR\" \/>\n<meta property=\"og:type\" content=\"article\" \/>\n<meta property=\"og:title\" content=\"D\u00e9mission de Fernand Ahil\u00e9 et critique de Gbagbo\" \/>\n<meta property=\"og:description\" content=\"C\u2019est avec une amertume me\u0302le\u0301e de lucidite\u0301 que Ahile\u0301 Fernand, jusque-la\u0300 Secre\u0301taire National Technique du PPA-CI en ...\" \/>\n<meta property=\"og:url\" content=\"https:\/\/www.africa-press.net\/cotedivoire\/parties\/demission-de-fernand-ahile-et-critique-de-gbagbo\" \/>\n<meta property=\"og:site_name\" content=\"C\u00f4te d&#039;Ivoire\" \/>\n<meta property=\"article:published_time\" content=\"2025-07-23T15:55:31+00:00\" \/>\n<meta property=\"article:modified_time\" content=\"2025-07-23T17:00:16+00:00\" \/>\n<meta property=\"og:image\" content=\"https:\/\/static.africa-press.net\/cote\/sites\/43\/2025\/07\/sm_1753277381.066507.jpg\" \/>\n\t<meta property=\"og:image:width\" content=\"720\" \/>\n\t<meta property=\"og:image:height\" content=\"502\" \/>\n\t<meta property=\"og:image:type\" content=\"image\/jpeg\" \/>\n<meta name=\"author\" content=\"cfeditorfr\" \/>\n<meta name=\"twitter:card\" content=\"summary_large_image\" \/>\n<meta name=\"twitter:label1\" content=\"\u00c9crit par\" \/>\n\t<meta name=\"twitter:data1\" content=\"cfeditorfr\" \/>\n\t<meta name=\"twitter:label2\" content=\"Dur\u00e9e de lecture estim\u00e9e\" \/>\n\t<meta name=\"twitter:data2\" content=\"4 minutes\" \/>\n<script type=\"application\/ld+json\" class=\"yoast-schema-graph\">{\"@context\":\"https:\/\/schema.org\",\"@graph\":[{\"@type\":\"Article\",\"@id\":\"https:\/\/www.africa-press.net\/cotedivoire\/parties\/demission-de-fernand-ahile-et-critique-de-gbagbo#article\",\"isPartOf\":{\"@id\":\"https:\/\/www.africa-press.net\/cotedivoire\/parties\/demission-de-fernand-ahile-et-critique-de-gbagbo\"},\"author\":{\"name\":\"cfeditorfr\",\"@id\":\"https:\/\/www.africa-press.net\/cotedivoire\/#\/schema\/person\/2b1cf3cd81a31e3cd26889ca66d677f1\"},\"headline\":\"D\u00e9mission de Fernand Ahil\u00e9 et critique de Gbagbo\",\"datePublished\":\"2025-07-23T15:55:31+00:00\",\"dateModified\":\"2025-07-23T17:00:16+00:00\",\"mainEntityOfPage\":{\"@id\":\"https:\/\/www.africa-press.net\/cotedivoire\/parties\/demission-de-fernand-ahile-et-critique-de-gbagbo\"},\"wordCount\":807,\"commentCount\":0,\"image\":{\"@id\":\"https:\/\/www.africa-press.net\/cotedivoire\/parties\/demission-de-fernand-ahile-et-critique-de-gbagbo#primaryimage\"},\"thumbnailUrl\":\"https:\/\/static.africa-press.net\/cote\/sites\/43\/2025\/07\/sm_1753277381.066507.jpg\",\"keywords\":[\"C\u00d4TE D'IVOIRE\",\"Don Mello\",\"Fernand Ahil\u00e9\",\"Gbagbo\",\"Habiba\",\"Parti\",\"Pdci\",\"PPA-CI\"],\"articleSection\":[\"Parties\",\"Toutes les actualit\u00e9s\"],\"inLanguage\":\"fr-FR\",\"potentialAction\":[{\"@type\":\"CommentAction\",\"name\":\"Comment\",\"target\":[\"https:\/\/www.africa-press.net\/cotedivoire\/parties\/demission-de-fernand-ahile-et-critique-de-gbagbo#respond\"]}]},{\"@type\":\"WebPage\",\"@id\":\"https:\/\/www.africa-press.net\/cotedivoire\/parties\/demission-de-fernand-ahile-et-critique-de-gbagbo\",\"url\":\"https:\/\/www.africa-press.net\/cotedivoire\/parties\/demission-de-fernand-ahile-et-critique-de-gbagbo\",\"name\":\"D\u00e9mission de Fernand Ahil\u00e9 et critique de Gbagbo - C\u00f4te d&#039;Ivoire\",\"isPartOf\":{\"@id\":\"https:\/\/www.africa-press.net\/cotedivoire\/#website\"},\"primaryImageOfPage\":{\"@id\":\"https:\/\/www.africa-press.net\/cotedivoire\/parties\/demission-de-fernand-ahile-et-critique-de-gbagbo#primaryimage\"},\"image\":{\"@id\":\"https:\/\/www.africa-press.net\/cotedivoire\/parties\/demission-de-fernand-ahile-et-critique-de-gbagbo#primaryimage\"},\"thumbnailUrl\":\"https:\/\/static.africa-press.net\/cote\/sites\/43\/2025\/07\/sm_1753277381.066507.jpg\",\"datePublished\":\"2025-07-23T15:55:31+00:00\",\"dateModified\":\"2025-07-23T17:00:16+00:00\",\"author\":{\"@id\":\"https:\/\/www.africa-press.net\/cotedivoire\/#\/schema\/person\/2b1cf3cd81a31e3cd26889ca66d677f1\"},\"description\":\"C\u2019est avec une amertume me\u0302le\u0301e de lucidite\u0301 que Ahile\u0301 Fernand, jusque-la\u0300 Secre\u0301taire National Technique du PPA-CI en ...\",\"breadcrumb\":{\"@id\":\"https:\/\/www.africa-press.net\/cotedivoire\/parties\/demission-de-fernand-ahile-et-critique-de-gbagbo#breadcrumb\"},\"inLanguage\":\"fr-FR\",\"potentialAction\":[{\"@type\":\"ReadAction\",\"target\":[\"https:\/\/www.africa-press.net\/cotedivoire\/parties\/demission-de-fernand-ahile-et-critique-de-gbagbo\"]}]},{\"@type\":\"ImageObject\",\"inLanguage\":\"fr-FR\",\"@id\":\"https:\/\/www.africa-press.net\/cotedivoire\/parties\/demission-de-fernand-ahile-et-critique-de-gbagbo#primaryimage\",\"url\":\"https:\/\/static.africa-press.net\/cote\/sites\/43\/2025\/07\/sm_1753277381.066507.jpg\",\"contentUrl\":\"https:\/\/static.africa-press.net\/cote\/sites\/43\/2025\/07\/sm_1753277381.066507.jpg\",\"width\":720,\"height\":502,\"caption\":\"D\u00e9mission de Fernand Ahil\u00e9 et critique de Gbagbo\"},{\"@type\":\"BreadcrumbList\",\"@id\":\"https:\/\/www.africa-press.net\/cotedivoire\/parties\/demission-de-fernand-ahile-et-critique-de-gbagbo#breadcrumb\",\"itemListElement\":[{\"@type\":\"ListItem\",\"position\":1,\"name\":\"Accueil\",\"item\":\"https:\/\/www.africa-press.net\/cotedivoire\/\"},{\"@type\":\"ListItem\",\"position\":2,\"name\":\"D\u00e9mission de Fernand Ahil\u00e9 et critique de Gbagbo\"}]},{\"@type\":\"WebSite\",\"@id\":\"https:\/\/www.africa-press.net\/cotedivoire\/#website\",\"url\":\"https:\/\/www.africa-press.net\/cotedivoire\/\",\"name\":\"C\u00f4te d&#039;Ivoire\",\"description\":\"Just another Africa News Agency Sites site\",\"potentialAction\":[{\"@type\":\"SearchAction\",\"target\":{\"@type\":\"EntryPoint\",\"urlTemplate\":\"https:\/\/www.africa-press.net\/cotedivoire\/?s={search_term_string}\"},\"query-input\":{\"@type\":\"PropertyValueSpecification\",\"valueRequired\":true,\"valueName\":\"search_term_string\"}}],\"inLanguage\":\"fr-FR\"},{\"@type\":\"Person\",\"@id\":\"https:\/\/www.africa-press.net\/cotedivoire\/#\/schema\/person\/2b1cf3cd81a31e3cd26889ca66d677f1\",\"name\":\"cfeditorfr\"}]}<\/script>\n<!-- \/ Yoast SEO Premium plugin. -->","yoast_head_json":{"title":"D\u00e9mission de Fernand Ahil\u00e9 et critique de Gbagbo - C\u00f4te d&#039;Ivoire","description":"C\u2019est avec une amertume me\u0302le\u0301e de lucidite\u0301 que Ahile\u0301 Fernand, jusque-la\u0300 Secre\u0301taire National Technique du PPA-CI en ...","robots":{"index":"index","follow":"follow","max-snippet":"max-snippet:-1","max-image-preview":"max-image-preview:large","max-video-preview":"max-video-preview:-1"},"canonical":"https:\/\/www.africa-press.net\/cotedivoire\/parties\/demission-de-fernand-ahile-et-critique-de-gbagbo","og_locale":"fr_FR","og_type":"article","og_title":"D\u00e9mission de Fernand Ahil\u00e9 et critique de Gbagbo","og_description":"C\u2019est avec une amertume me\u0302le\u0301e de lucidite\u0301 que Ahile\u0301 Fernand, jusque-la\u0300 Secre\u0301taire National Technique du PPA-CI en ...","og_url":"https:\/\/www.africa-press.net\/cotedivoire\/parties\/demission-de-fernand-ahile-et-critique-de-gbagbo","og_site_name":"C\u00f4te d&#039;Ivoire","article_published_time":"2025-07-23T15:55:31+00:00","article_modified_time":"2025-07-23T17:00:16+00:00","og_image":[{"width":720,"height":502,"url":"https:\/\/static.africa-press.net\/cote\/sites\/43\/2025\/07\/sm_1753277381.066507.jpg","type":"image\/jpeg"}],"author":"cfeditorfr","twitter_card":"summary_large_image","twitter_misc":{"\u00c9crit par":"cfeditorfr","Dur\u00e9e de lecture estim\u00e9e":"4 minutes"},"schema":{"@context":"https:\/\/schema.org","@graph":[{"@type":"Article","@id":"https:\/\/www.africa-press.net\/cotedivoire\/parties\/demission-de-fernand-ahile-et-critique-de-gbagbo#article","isPartOf":{"@id":"https:\/\/www.africa-press.net\/cotedivoire\/parties\/demission-de-fernand-ahile-et-critique-de-gbagbo"},"author":{"name":"cfeditorfr","@id":"https:\/\/www.africa-press.net\/cotedivoire\/#\/schema\/person\/2b1cf3cd81a31e3cd26889ca66d677f1"},"headline":"D\u00e9mission de Fernand Ahil\u00e9 et critique de Gbagbo","datePublished":"2025-07-23T15:55:31+00:00","dateModified":"2025-07-23T17:00:16+00:00","mainEntityOfPage":{"@id":"https:\/\/www.africa-press.net\/cotedivoire\/parties\/demission-de-fernand-ahile-et-critique-de-gbagbo"},"wordCount":807,"commentCount":0,"image":{"@id":"https:\/\/www.africa-press.net\/cotedivoire\/parties\/demission-de-fernand-ahile-et-critique-de-gbagbo#primaryimage"},"thumbnailUrl":"https:\/\/static.africa-press.net\/cote\/sites\/43\/2025\/07\/sm_1753277381.066507.jpg","keywords":["C\u00d4TE D'IVOIRE","Don Mello","Fernand Ahil\u00e9","Gbagbo","Habiba","Parti","Pdci","PPA-CI"],"articleSection":["Parties","Toutes les actualit\u00e9s"],"inLanguage":"fr-FR","potentialAction":[{"@type":"CommentAction","name":"Comment","target":["https:\/\/www.africa-press.net\/cotedivoire\/parties\/demission-de-fernand-ahile-et-critique-de-gbagbo#respond"]}]},{"@type":"WebPage","@id":"https:\/\/www.africa-press.net\/cotedivoire\/parties\/demission-de-fernand-ahile-et-critique-de-gbagbo","url":"https:\/\/www.africa-press.net\/cotedivoire\/parties\/demission-de-fernand-ahile-et-critique-de-gbagbo","name":"D\u00e9mission de Fernand Ahil\u00e9 et critique de Gbagbo - C\u00f4te d&#039;Ivoire","isPartOf":{"@id":"https:\/\/www.africa-press.net\/cotedivoire\/#website"},"primaryImageOfPage":{"@id":"https:\/\/www.africa-press.net\/cotedivoire\/parties\/demission-de-fernand-ahile-et-critique-de-gbagbo#primaryimage"},"image":{"@id":"https:\/\/www.africa-press.net\/cotedivoire\/parties\/demission-de-fernand-ahile-et-critique-de-gbagbo#primaryimage"},"thumbnailUrl":"https:\/\/static.africa-press.net\/cote\/sites\/43\/2025\/07\/sm_1753277381.066507.jpg","datePublished":"2025-07-23T15:55:31+00:00","dateModified":"2025-07-23T17:00:16+00:00","author":{"@id":"https:\/\/www.africa-press.net\/cotedivoire\/#\/schema\/person\/2b1cf3cd81a31e3cd26889ca66d677f1"},"description":"C\u2019est avec une amertume me\u0302le\u0301e de lucidite\u0301 que Ahile\u0301 Fernand, jusque-la\u0300 Secre\u0301taire National Technique du PPA-CI en ...","breadcrumb":{"@id":"https:\/\/www.africa-press.net\/cotedivoire\/parties\/demission-de-fernand-ahile-et-critique-de-gbagbo#breadcrumb"},"inLanguage":"fr-FR","potentialAction":[{"@type":"ReadAction","target":["https:\/\/www.africa-press.net\/cotedivoire\/parties\/demission-de-fernand-ahile-et-critique-de-gbagbo"]}]},{"@type":"ImageObject","inLanguage":"fr-FR","@id":"https:\/\/www.africa-press.net\/cotedivoire\/parties\/demission-de-fernand-ahile-et-critique-de-gbagbo#primaryimage","url":"https:\/\/static.africa-press.net\/cote\/sites\/43\/2025\/07\/sm_1753277381.066507.jpg","contentUrl":"https:\/\/static.africa-press.net\/cote\/sites\/43\/2025\/07\/sm_1753277381.066507.jpg","width":720,"height":502,"caption":"D\u00e9mission de Fernand Ahil\u00e9 et critique de Gbagbo"},{"@type":"BreadcrumbList","@id":"https:\/\/www.africa-press.net\/cotedivoire\/parties\/demission-de-fernand-ahile-et-critique-de-gbagbo#breadcrumb","itemListElement":[{"@type":"ListItem","position":1,"name":"Accueil","item":"https:\/\/www.africa-press.net\/cotedivoire\/"},{"@type":"ListItem","position":2,"name":"D\u00e9mission de Fernand Ahil\u00e9 et critique de Gbagbo"}]},{"@type":"WebSite","@id":"https:\/\/www.africa-press.net\/cotedivoire\/#website","url":"https:\/\/www.africa-press.net\/cotedivoire\/","name":"C\u00f4te d&#039;Ivoire","description":"Just another Africa News Agency Sites site","potentialAction":[{"@type":"SearchAction","target":{"@type":"EntryPoint","urlTemplate":"https:\/\/www.africa-press.net\/cotedivoire\/?s={search_term_string}"},"query-input":{"@type":"PropertyValueSpecification","valueRequired":true,"valueName":"search_term_string"}}],"inLanguage":"fr-FR"},{"@type":"Person","@id":"https:\/\/www.africa-press.net\/cotedivoire\/#\/schema\/person\/2b1cf3cd81a31e3cd26889ca66d677f1","name":"cfeditorfr"}]}},"_links":{"self":[{"href":"https:\/\/www.africa-press.net\/cotedivoire\/wp-json\/wp\/v2\/posts\/102654","targetHints":{"allow":["GET"]}}],"collection":[{"href":"https:\/\/www.africa-press.net\/cotedivoire\/wp-json\/wp\/v2\/posts"}],"about":[{"href":"https:\/\/www.africa-press.net\/cotedivoire\/wp-json\/wp\/v2\/types\/post"}],"author":[{"embeddable":true,"href":"https:\/\/www.africa-press.net\/cotedivoire\/wp-json\/wp\/v2\/users\/82"}],"replies":[{"embeddable":true,"href":"https:\/\/www.africa-press.net\/cotedivoire\/wp-json\/wp\/v2\/comments?post=102654"}],"version-history":[{"count":0,"href":"https:\/\/www.africa-press.net\/cotedivoire\/wp-json\/wp\/v2\/posts\/102654\/revisions"}],"wp:featuredmedia":[{"embeddable":true,"href":"https:\/\/www.africa-press.net\/cotedivoire\/wp-json\/wp\/v2\/media\/102653"}],"wp:attachment":[{"href":"https:\/\/www.africa-press.net\/cotedivoire\/wp-json\/wp\/v2\/media?parent=102654"}],"wp:term":[{"taxonomy":"category","embeddable":true,"href":"https:\/\/www.africa-press.net\/cotedivoire\/wp-json\/wp\/v2\/categories?post=102654"},{"taxonomy":"post_tag","embeddable":true,"href":"https:\/\/www.africa-press.net\/cotedivoire\/wp-json\/wp\/v2\/tags?post=102654"}],"curies":[{"name":"wp","href":"https:\/\/api.w.org\/{rel}","templated":true}]}}