{"id":10276,"date":"2021-07-22T18:08:00","date_gmt":"2021-07-22T18:08:00","guid":{"rendered":"https:\/\/www.africa-press.net\/cotedivoire\/?p=10276"},"modified":"2021-07-22T19:06:50","modified_gmt":"2021-07-22T19:06:50","slug":"en-cote-divoire-le-gouvernement-annonce-lencadrement-des-prix-de-lhuile-du-riz-de-la-viande","status":"publish","type":"post","link":"https:\/\/www.africa-press.net\/cotedivoire\/economie\/en-cote-divoire-le-gouvernement-annonce-lencadrement-des-prix-de-lhuile-du-riz-de-la-viande","title":{"rendered":"En C\u00f4te-d\u2019Ivoire le gouvernement annonce \u00ab\u00a0l\u2019encadrement\u00a0\u00bb des prix de l\u2019huile, du riz, de la viande\u2026"},"content":{"rendered":"<p><span style=\"color: #ff6600\"><strong><a href=\"https:\/\/www.africa-press.net\/\">Africa-Press<\/a> &#8211; <a href=\"https:\/\/www.africa-press.net\/cotedivoire\">C\u00f4te d&rsquo;Ivoire<\/a>. <\/strong><\/span>Au terme du Conseil des ministres de ce mercredi 21 juillet 2021, le gouvernement a adopt\u00e9 une communication relative \u00e0 la vie ch\u00e8re. Plusieurs mesures ont \u00e9t\u00e9 prises, notamment l\u2019encadrement des prix de certaines denr\u00e9es alimentaires.<\/p>\n<p>Face \u00e0 la relative hausse des prix de certains produits de premi\u00e8re n\u00e9cessit\u00e9, le gouvernement a men\u00e9 des actions qui s\u2019inscrivent dans la dynamique de la lutte contre la vie ch\u00e8re. Il s\u2019agit, notamment de l\u2019organisation du lundi 19 juillet 2021 d\u2019une r\u00e9union interminist\u00e9rielle sur le co\u00fbt de la vie, pr\u00e9c\u00e9d\u00e9e par deux r\u00e9unions d\u2019experts des minist\u00e8res concern\u00e9s.<\/p>\n<p>En outre, le conseil a d\u00e9cid\u00e9 d\u2019encadrer les prix des produits de consommation de premi\u00e8re n\u00e9cessit\u00e9 tels que le riz, l\u2019huile de palme raffin\u00e9e, la viande de b\u0153uf et la farine.<\/p>\n<p>Le ministre de la Communication, des M\u00e9dias et de la Francophonie, par ailleurs porte-parole du gouvernement, Amadou Coulibaly, a aussi relev\u00e9 la r\u00e9activation du Comit\u00e9 de lutte contre la vie ch\u00e8re et la visite de terrain du Premier ministre au Forum des march\u00e9s d\u2019Adjam\u00e9 afin de s\u2019impr\u00e9gner de l\u2019effectivit\u00e9 des augmentations de prix de certaines denr\u00e9es de premi\u00e8re n\u00e9cessit\u00e9.<\/p>\n<p>Toutefois, en vue d\u2019apporter des mesures imm\u00e9diates aux pr\u00e9occupations des m\u00e9nages, le gouvernement a arr\u00eat\u00e9 plusieurs mesures. Il s\u2019agit de la rencontre sectorielle avec les diff\u00e9rents acteurs \u00e9conomiques fili\u00e8re par fili\u00e8re en vue de trouver des solutions afin de contenir la hausse des prix ; du renforcement de la surveillance des march\u00e9s, notamment l\u2019affichage et le contr\u00f4le des prix r\u00e9glementaires. Le gouvernement pr\u00e9voit aussi l\u2019authentification de la communication sur les prix et les actions men\u00e9es dans le cadre de la lutte contre la vie ch\u00e8re.<\/p>\n<p>Autres d\u00e9cisions arr\u00eat\u00e9es, la r\u00e9vision sur la norme ivoirienne concernant le pain, la facilitation du retour des bouviers pour le convoyage des b\u00e9tails du Mali et du Burkina Faso en C\u00f4te d\u2019Ivoire. Et de l\u2019installation des comit\u00e9s locaux de lutte contre la vie ch\u00e8re et du renforcement contre le racket.<\/p>\n<p>Selon le porte-parole du gouvernement, ces mesures individuelles seront suivies de mesures structurelles devant permettre de consolider les acquis et de lutter de fa\u00e7on p\u00e9renne contre la vie ch\u00e8re.<\/p>\n<p>Pour le gouvernement, les prix constat\u00e9s ne sont pas sp\u00e9cifiques \u00e0 la C\u00f4te d\u2019Ivoire. En effet, la plupart des produits ont augment\u00e9 sur le march\u00e9 international.<\/p>\n<p>&nbsp;<\/p>\n","protected":false},"excerpt":{"rendered":"<p>Africa-Press &#8211; C\u00f4te d&rsquo;Ivoire. Au terme du Conseil des ministres de ce mercredi 21 juillet 2021, le gouvernement a adopt\u00e9 une communication relative \u00e0 la vie ch\u00e8re. Plusieurs mesures ont \u00e9t\u00e9 prises, notamment l\u2019encadrement des prix de certaines denr\u00e9es alimentaires. Face \u00e0 la relative hausse des prix de certains produits de premi\u00e8re n\u00e9cessit\u00e9, le gouvernement [&hellip;]<\/p>\n","protected":false},"author":82,"featured_media":10275,"comment_status":"open","ping_status":"closed","sticky":false,"template":"","format":"standard","meta":{"footnotes":""},"categories":[3,11,20,10],"tags":[56,63,29],"class_list":["post-10276","post","type-post","status-publish","format-standard","has-post-thumbnail","hentry","category-economie","category-homepage-french","category-top-nouvelles","category-toutes-les-actualites","tag-africa-press","tag-africa-press-cote-divoire","tag-cote-divoire"],"yoast_head":"<!-- This site is optimized with the Yoast SEO Premium plugin v26.1 (Yoast SEO v27.0) - https:\/\/yoast.com\/product\/yoast-seo-premium-wordpress\/ -->\n<title>En C\u00f4te-d\u2019Ivoire le gouvernement annonce \u00ab\u00a0l\u2019encadrement\u00a0\u00bb des prix de l\u2019huile, du riz, de la viande\u2026 - C\u00f4te d&#039;Ivoire<\/title>\n<meta name=\"description\" content=\"Au terme du Conseil des ministres de ce mercredi 21 juillet 2021, le gouvernement a adopt\u00e9 une communication relative \u00e0 ...\" \/>\n<meta name=\"robots\" content=\"index, follow, max-snippet:-1, max-image-preview:large, max-video-preview:-1\" \/>\n<link rel=\"canonical\" href=\"https:\/\/www.africa-press.net\/cotedivoire\/economie\/en-cote-divoire-le-gouvernement-annonce-lencadrement-des-prix-de-lhuile-du-riz-de-la-viande\" \/>\n<meta property=\"og:locale\" content=\"fr_FR\" \/>\n<meta property=\"og:type\" content=\"article\" \/>\n<meta property=\"og:title\" content=\"En C\u00f4te-d\u2019Ivoire le gouvernement annonce \u00ab\u00a0l\u2019encadrement\u00a0\u00bb des prix de l\u2019huile, du riz, de la viande\u2026\" \/>\n<meta property=\"og:description\" content=\"Au terme du Conseil des ministres de ce mercredi 21 juillet 2021, le gouvernement a adopt\u00e9 une communication relative \u00e0 ...\" \/>\n<meta property=\"og:url\" content=\"https:\/\/www.africa-press.net\/cotedivoire\/economie\/en-cote-divoire-le-gouvernement-annonce-lencadrement-des-prix-de-lhuile-du-riz-de-la-viande\" \/>\n<meta property=\"og:site_name\" content=\"C\u00f4te d&#039;Ivoire\" \/>\n<meta property=\"article:published_time\" content=\"2021-07-22T18:08:00+00:00\" \/>\n<meta property=\"article:modified_time\" content=\"2021-07-22T19:06:50+00:00\" \/>\n<meta property=\"og:image\" content=\"https:\/\/static.africa-press.net\/cote\/sites\/43\/2021\/07\/img-60f9a2d669dba.jpg\" \/>\n\t<meta property=\"og:image:width\" content=\"720\" \/>\n\t<meta property=\"og:image:height\" content=\"424\" \/>\n\t<meta property=\"og:image:type\" content=\"image\/jpeg\" \/>\n<meta name=\"author\" content=\"cfeditorfr\" \/>\n<meta name=\"twitter:card\" content=\"summary_large_image\" \/>\n<meta name=\"twitter:label1\" content=\"\u00c9crit par\" \/>\n\t<meta name=\"twitter:data1\" content=\"cfeditorfr\" \/>\n\t<meta name=\"twitter:label2\" content=\"Dur\u00e9e de lecture estim\u00e9e\" \/>\n\t<meta name=\"twitter:data2\" content=\"2 minutes\" \/>\n<script type=\"application\/ld+json\" class=\"yoast-schema-graph\">{\"@context\":\"https:\/\/schema.org\",\"@graph\":[{\"@type\":\"Article\",\"@id\":\"https:\/\/www.africa-press.net\/cotedivoire\/economie\/en-cote-divoire-le-gouvernement-annonce-lencadrement-des-prix-de-lhuile-du-riz-de-la-viande#article\",\"isPartOf\":{\"@id\":\"https:\/\/www.africa-press.net\/cotedivoire\/economie\/en-cote-divoire-le-gouvernement-annonce-lencadrement-des-prix-de-lhuile-du-riz-de-la-viande\"},\"author\":{\"name\":\"cfeditorfr\",\"@id\":\"https:\/\/www.africa-press.net\/cotedivoire\/#\/schema\/person\/2b1cf3cd81a31e3cd26889ca66d677f1\"},\"headline\":\"En C\u00f4te-d\u2019Ivoire le gouvernement annonce \u00ab\u00a0l\u2019encadrement\u00a0\u00bb des prix de l\u2019huile, du riz, de la viande\u2026\",\"datePublished\":\"2021-07-22T18:08:00+00:00\",\"dateModified\":\"2021-07-22T19:06:50+00:00\",\"mainEntityOfPage\":{\"@id\":\"https:\/\/www.africa-press.net\/cotedivoire\/economie\/en-cote-divoire-le-gouvernement-annonce-lencadrement-des-prix-de-lhuile-du-riz-de-la-viande\"},\"wordCount\":464,\"commentCount\":0,\"image\":{\"@id\":\"https:\/\/www.africa-press.net\/cotedivoire\/economie\/en-cote-divoire-le-gouvernement-annonce-lencadrement-des-prix-de-lhuile-du-riz-de-la-viande#primaryimage\"},\"thumbnailUrl\":\"https:\/\/static.africa-press.net\/cote\/sites\/43\/2021\/07\/img-60f9a2d669dba.jpg\",\"keywords\":[\"Africa Press\",\"Africa Press-C\u00f4te d'Ivoire\",\"C\u00d4TE D'IVOIRE\"],\"articleSection\":[\"\u00c9conomie\",\"homepage-french\",\"Top Nouvelles\",\"Toutes les actualit\u00e9s\"],\"inLanguage\":\"fr-FR\",\"potentialAction\":[{\"@type\":\"CommentAction\",\"name\":\"Comment\",\"target\":[\"https:\/\/www.africa-press.net\/cotedivoire\/economie\/en-cote-divoire-le-gouvernement-annonce-lencadrement-des-prix-de-lhuile-du-riz-de-la-viande#respond\"]}]},{\"@type\":\"WebPage\",\"@id\":\"https:\/\/www.africa-press.net\/cotedivoire\/economie\/en-cote-divoire-le-gouvernement-annonce-lencadrement-des-prix-de-lhuile-du-riz-de-la-viande\",\"url\":\"https:\/\/www.africa-press.net\/cotedivoire\/economie\/en-cote-divoire-le-gouvernement-annonce-lencadrement-des-prix-de-lhuile-du-riz-de-la-viande\",\"name\":\"En C\u00f4te-d\u2019Ivoire le gouvernement annonce \u00ab\u00a0l\u2019encadrement\u00a0\u00bb des prix de l\u2019huile, du riz, de la viande\u2026 - C\u00f4te d&#039;Ivoire\",\"isPartOf\":{\"@id\":\"https:\/\/www.africa-press.net\/cotedivoire\/#website\"},\"primaryImageOfPage\":{\"@id\":\"https:\/\/www.africa-press.net\/cotedivoire\/economie\/en-cote-divoire-le-gouvernement-annonce-lencadrement-des-prix-de-lhuile-du-riz-de-la-viande#primaryimage\"},\"image\":{\"@id\":\"https:\/\/www.africa-press.net\/cotedivoire\/economie\/en-cote-divoire-le-gouvernement-annonce-lencadrement-des-prix-de-lhuile-du-riz-de-la-viande#primaryimage\"},\"thumbnailUrl\":\"https:\/\/static.africa-press.net\/cote\/sites\/43\/2021\/07\/img-60f9a2d669dba.jpg\",\"datePublished\":\"2021-07-22T18:08:00+00:00\",\"dateModified\":\"2021-07-22T19:06:50+00:00\",\"author\":{\"@id\":\"https:\/\/www.africa-press.net\/cotedivoire\/#\/schema\/person\/2b1cf3cd81a31e3cd26889ca66d677f1\"},\"description\":\"Au terme du Conseil des ministres de ce mercredi 21 juillet 2021, le gouvernement a adopt\u00e9 une communication relative \u00e0 ...\",\"breadcrumb\":{\"@id\":\"https:\/\/www.africa-press.net\/cotedivoire\/economie\/en-cote-divoire-le-gouvernement-annonce-lencadrement-des-prix-de-lhuile-du-riz-de-la-viande#breadcrumb\"},\"inLanguage\":\"fr-FR\",\"potentialAction\":[{\"@type\":\"ReadAction\",\"target\":[\"https:\/\/www.africa-press.net\/cotedivoire\/economie\/en-cote-divoire-le-gouvernement-annonce-lencadrement-des-prix-de-lhuile-du-riz-de-la-viande\"]}]},{\"@type\":\"ImageObject\",\"inLanguage\":\"fr-FR\",\"@id\":\"https:\/\/www.africa-press.net\/cotedivoire\/economie\/en-cote-divoire-le-gouvernement-annonce-lencadrement-des-prix-de-lhuile-du-riz-de-la-viande#primaryimage\",\"url\":\"https:\/\/static.africa-press.net\/cote\/sites\/43\/2021\/07\/img-60f9a2d669dba.jpg\",\"contentUrl\":\"https:\/\/static.africa-press.net\/cote\/sites\/43\/2021\/07\/img-60f9a2d669dba.jpg\",\"width\":720,\"height\":424,\"caption\":\"En C\u00f4te-d\u2019Ivoire le gouvernement annonce \u00ab\u00a0l\u2019encadrement\u00a0\u00bb des prix de l\u2019huile, du riz, de la viande\u2026\"},{\"@type\":\"BreadcrumbList\",\"@id\":\"https:\/\/www.africa-press.net\/cotedivoire\/economie\/en-cote-divoire-le-gouvernement-annonce-lencadrement-des-prix-de-lhuile-du-riz-de-la-viande#breadcrumb\",\"itemListElement\":[{\"@type\":\"ListItem\",\"position\":1,\"name\":\"Accueil\",\"item\":\"https:\/\/www.africa-press.net\/cotedivoire\/\"},{\"@type\":\"ListItem\",\"position\":2,\"name\":\"En C\u00f4te-d\u2019Ivoire le gouvernement annonce \u00ab\u00a0l\u2019encadrement\u00a0\u00bb des prix de l\u2019huile, du riz, de la viande\u2026\"}]},{\"@type\":\"WebSite\",\"@id\":\"https:\/\/www.africa-press.net\/cotedivoire\/#website\",\"url\":\"https:\/\/www.africa-press.net\/cotedivoire\/\",\"name\":\"C\u00f4te d&#039;Ivoire\",\"description\":\"Just another Africa News Agency Sites site\",\"potentialAction\":[{\"@type\":\"SearchAction\",\"target\":{\"@type\":\"EntryPoint\",\"urlTemplate\":\"https:\/\/www.africa-press.net\/cotedivoire\/?s={search_term_string}\"},\"query-input\":{\"@type\":\"PropertyValueSpecification\",\"valueRequired\":true,\"valueName\":\"search_term_string\"}}],\"inLanguage\":\"fr-FR\"},{\"@type\":\"Person\",\"@id\":\"https:\/\/www.africa-press.net\/cotedivoire\/#\/schema\/person\/2b1cf3cd81a31e3cd26889ca66d677f1\",\"name\":\"cfeditorfr\"}]}<\/script>\n<!-- \/ Yoast SEO Premium plugin. -->","yoast_head_json":{"title":"En C\u00f4te-d\u2019Ivoire le gouvernement annonce \u00ab\u00a0l\u2019encadrement\u00a0\u00bb des prix de l\u2019huile, du riz, de la viande\u2026 - C\u00f4te d&#039;Ivoire","description":"Au terme du Conseil des ministres de ce mercredi 21 juillet 2021, le gouvernement a adopt\u00e9 une communication relative \u00e0 ...","robots":{"index":"index","follow":"follow","max-snippet":"max-snippet:-1","max-image-preview":"max-image-preview:large","max-video-preview":"max-video-preview:-1"},"canonical":"https:\/\/www.africa-press.net\/cotedivoire\/economie\/en-cote-divoire-le-gouvernement-annonce-lencadrement-des-prix-de-lhuile-du-riz-de-la-viande","og_locale":"fr_FR","og_type":"article","og_title":"En C\u00f4te-d\u2019Ivoire le gouvernement annonce \u00ab\u00a0l\u2019encadrement\u00a0\u00bb des prix de l\u2019huile, du riz, de la viande\u2026","og_description":"Au terme du Conseil des ministres de ce mercredi 21 juillet 2021, le gouvernement a adopt\u00e9 une communication relative \u00e0 ...","og_url":"https:\/\/www.africa-press.net\/cotedivoire\/economie\/en-cote-divoire-le-gouvernement-annonce-lencadrement-des-prix-de-lhuile-du-riz-de-la-viande","og_site_name":"C\u00f4te d&#039;Ivoire","article_published_time":"2021-07-22T18:08:00+00:00","article_modified_time":"2021-07-22T19:06:50+00:00","og_image":[{"width":720,"height":424,"url":"https:\/\/static.africa-press.net\/cote\/sites\/43\/2021\/07\/img-60f9a2d669dba.jpg","type":"image\/jpeg"}],"author":"cfeditorfr","twitter_card":"summary_large_image","twitter_misc":{"\u00c9crit par":"cfeditorfr","Dur\u00e9e de lecture estim\u00e9e":"2 minutes"},"schema":{"@context":"https:\/\/schema.org","@graph":[{"@type":"Article","@id":"https:\/\/www.africa-press.net\/cotedivoire\/economie\/en-cote-divoire-le-gouvernement-annonce-lencadrement-des-prix-de-lhuile-du-riz-de-la-viande#article","isPartOf":{"@id":"https:\/\/www.africa-press.net\/cotedivoire\/economie\/en-cote-divoire-le-gouvernement-annonce-lencadrement-des-prix-de-lhuile-du-riz-de-la-viande"},"author":{"name":"cfeditorfr","@id":"https:\/\/www.africa-press.net\/cotedivoire\/#\/schema\/person\/2b1cf3cd81a31e3cd26889ca66d677f1"},"headline":"En C\u00f4te-d\u2019Ivoire le gouvernement annonce \u00ab\u00a0l\u2019encadrement\u00a0\u00bb des prix de l\u2019huile, du riz, de la viande\u2026","datePublished":"2021-07-22T18:08:00+00:00","dateModified":"2021-07-22T19:06:50+00:00","mainEntityOfPage":{"@id":"https:\/\/www.africa-press.net\/cotedivoire\/economie\/en-cote-divoire-le-gouvernement-annonce-lencadrement-des-prix-de-lhuile-du-riz-de-la-viande"},"wordCount":464,"commentCount":0,"image":{"@id":"https:\/\/www.africa-press.net\/cotedivoire\/economie\/en-cote-divoire-le-gouvernement-annonce-lencadrement-des-prix-de-lhuile-du-riz-de-la-viande#primaryimage"},"thumbnailUrl":"https:\/\/static.africa-press.net\/cote\/sites\/43\/2021\/07\/img-60f9a2d669dba.jpg","keywords":["Africa Press","Africa Press-C\u00f4te d'Ivoire","C\u00d4TE D'IVOIRE"],"articleSection":["\u00c9conomie","homepage-french","Top Nouvelles","Toutes les actualit\u00e9s"],"inLanguage":"fr-FR","potentialAction":[{"@type":"CommentAction","name":"Comment","target":["https:\/\/www.africa-press.net\/cotedivoire\/economie\/en-cote-divoire-le-gouvernement-annonce-lencadrement-des-prix-de-lhuile-du-riz-de-la-viande#respond"]}]},{"@type":"WebPage","@id":"https:\/\/www.africa-press.net\/cotedivoire\/economie\/en-cote-divoire-le-gouvernement-annonce-lencadrement-des-prix-de-lhuile-du-riz-de-la-viande","url":"https:\/\/www.africa-press.net\/cotedivoire\/economie\/en-cote-divoire-le-gouvernement-annonce-lencadrement-des-prix-de-lhuile-du-riz-de-la-viande","name":"En C\u00f4te-d\u2019Ivoire le gouvernement annonce \u00ab\u00a0l\u2019encadrement\u00a0\u00bb des prix de l\u2019huile, du riz, de la viande\u2026 - C\u00f4te d&#039;Ivoire","isPartOf":{"@id":"https:\/\/www.africa-press.net\/cotedivoire\/#website"},"primaryImageOfPage":{"@id":"https:\/\/www.africa-press.net\/cotedivoire\/economie\/en-cote-divoire-le-gouvernement-annonce-lencadrement-des-prix-de-lhuile-du-riz-de-la-viande#primaryimage"},"image":{"@id":"https:\/\/www.africa-press.net\/cotedivoire\/economie\/en-cote-divoire-le-gouvernement-annonce-lencadrement-des-prix-de-lhuile-du-riz-de-la-viande#primaryimage"},"thumbnailUrl":"https:\/\/static.africa-press.net\/cote\/sites\/43\/2021\/07\/img-60f9a2d669dba.jpg","datePublished":"2021-07-22T18:08:00+00:00","dateModified":"2021-07-22T19:06:50+00:00","author":{"@id":"https:\/\/www.africa-press.net\/cotedivoire\/#\/schema\/person\/2b1cf3cd81a31e3cd26889ca66d677f1"},"description":"Au terme du Conseil des ministres de ce mercredi 21 juillet 2021, le gouvernement a adopt\u00e9 une communication relative \u00e0 ...","breadcrumb":{"@id":"https:\/\/www.africa-press.net\/cotedivoire\/economie\/en-cote-divoire-le-gouvernement-annonce-lencadrement-des-prix-de-lhuile-du-riz-de-la-viande#breadcrumb"},"inLanguage":"fr-FR","potentialAction":[{"@type":"ReadAction","target":["https:\/\/www.africa-press.net\/cotedivoire\/economie\/en-cote-divoire-le-gouvernement-annonce-lencadrement-des-prix-de-lhuile-du-riz-de-la-viande"]}]},{"@type":"ImageObject","inLanguage":"fr-FR","@id":"https:\/\/www.africa-press.net\/cotedivoire\/economie\/en-cote-divoire-le-gouvernement-annonce-lencadrement-des-prix-de-lhuile-du-riz-de-la-viande#primaryimage","url":"https:\/\/static.africa-press.net\/cote\/sites\/43\/2021\/07\/img-60f9a2d669dba.jpg","contentUrl":"https:\/\/static.africa-press.net\/cote\/sites\/43\/2021\/07\/img-60f9a2d669dba.jpg","width":720,"height":424,"caption":"En C\u00f4te-d\u2019Ivoire le gouvernement annonce \u00ab\u00a0l\u2019encadrement\u00a0\u00bb des prix de l\u2019huile, du riz, de la viande\u2026"},{"@type":"BreadcrumbList","@id":"https:\/\/www.africa-press.net\/cotedivoire\/economie\/en-cote-divoire-le-gouvernement-annonce-lencadrement-des-prix-de-lhuile-du-riz-de-la-viande#breadcrumb","itemListElement":[{"@type":"ListItem","position":1,"name":"Accueil","item":"https:\/\/www.africa-press.net\/cotedivoire\/"},{"@type":"ListItem","position":2,"name":"En C\u00f4te-d\u2019Ivoire le gouvernement annonce \u00ab\u00a0l\u2019encadrement\u00a0\u00bb des prix de l\u2019huile, du riz, de la viande\u2026"}]},{"@type":"WebSite","@id":"https:\/\/www.africa-press.net\/cotedivoire\/#website","url":"https:\/\/www.africa-press.net\/cotedivoire\/","name":"C\u00f4te d&#039;Ivoire","description":"Just another Africa News Agency Sites site","potentialAction":[{"@type":"SearchAction","target":{"@type":"EntryPoint","urlTemplate":"https:\/\/www.africa-press.net\/cotedivoire\/?s={search_term_string}"},"query-input":{"@type":"PropertyValueSpecification","valueRequired":true,"valueName":"search_term_string"}}],"inLanguage":"fr-FR"},{"@type":"Person","@id":"https:\/\/www.africa-press.net\/cotedivoire\/#\/schema\/person\/2b1cf3cd81a31e3cd26889ca66d677f1","name":"cfeditorfr"}]}},"_links":{"self":[{"href":"https:\/\/www.africa-press.net\/cotedivoire\/wp-json\/wp\/v2\/posts\/10276","targetHints":{"allow":["GET"]}}],"collection":[{"href":"https:\/\/www.africa-press.net\/cotedivoire\/wp-json\/wp\/v2\/posts"}],"about":[{"href":"https:\/\/www.africa-press.net\/cotedivoire\/wp-json\/wp\/v2\/types\/post"}],"author":[{"embeddable":true,"href":"https:\/\/www.africa-press.net\/cotedivoire\/wp-json\/wp\/v2\/users\/82"}],"replies":[{"embeddable":true,"href":"https:\/\/www.africa-press.net\/cotedivoire\/wp-json\/wp\/v2\/comments?post=10276"}],"version-history":[{"count":0,"href":"https:\/\/www.africa-press.net\/cotedivoire\/wp-json\/wp\/v2\/posts\/10276\/revisions"}],"wp:featuredmedia":[{"embeddable":true,"href":"https:\/\/www.africa-press.net\/cotedivoire\/wp-json\/wp\/v2\/media\/10275"}],"wp:attachment":[{"href":"https:\/\/www.africa-press.net\/cotedivoire\/wp-json\/wp\/v2\/media?parent=10276"}],"wp:term":[{"taxonomy":"category","embeddable":true,"href":"https:\/\/www.africa-press.net\/cotedivoire\/wp-json\/wp\/v2\/categories?post=10276"},{"taxonomy":"post_tag","embeddable":true,"href":"https:\/\/www.africa-press.net\/cotedivoire\/wp-json\/wp\/v2\/tags?post=10276"}],"curies":[{"name":"wp","href":"https:\/\/api.w.org\/{rel}","templated":true}]}}