{"id":102812,"date":"2025-07-26T20:11:18","date_gmt":"2025-07-26T20:11:18","guid":{"rendered":"https:\/\/www.africa-press.net\/cotedivoire\/politique\/lartci-appelle-a-la-vigilance-contre-les-attaques"},"modified":"2025-07-26T20:14:26","modified_gmt":"2025-07-26T20:14:26","slug":"lartci-appelle-a-la-vigilance-contre-les-attaques","status":"publish","type":"post","link":"https:\/\/www.africa-press.net\/cotedivoire\/economie\/lartci-appelle-a-la-vigilance-contre-les-attaques","title":{"rendered":"L&rsquo;ARTCI Appelle \u00e0 la Vigilance Contre les Attaques"},"content":{"rendered":"<p><span style=\"color: #ff6600\"><strong>Africa-Press &#8211; C\u00f4te d&rsquo;Ivoire. <\/strong><\/span>L\u2019Autorite\u0301 de Re\u0301gulation des Te\u0301le\u0301communications\/TIC de Co\u0302te d\u2019Ivoire (ARTCI) alerte l\u2019opinion publique sur une situation pre\u0301occupante: la multiplication des actes de vandalisme et de vol ciblant les infrastructures de communications e\u0301lectroniques a\u0300 travers le pays.<\/p>\n<p>Ces attaques, de plus en plus fre\u0301quentes, mettent a\u0300 mal la disponibilite\u0301 des re\u0301seaux te\u0301le\u0301coms et compromettent la qualite\u0301 des services fournis par les ope\u0301rateurs, qu\u2019il s\u2019agisse des appels, de l\u2019acce\u0300s a\u0300 internet ou des envois de SMS. Dans un communique\u0301 officiel publie\u0301 ce jour, l\u2019ARTCI exprime sa vive inquie\u0301tude face a\u0300 ces atteintes qui affectent directement les citoyens, les entreprises, les services publics et l\u2019e\u0301conomie nationale<\/p>\n<p>L\u2019ARTCI rappelle que toute personne qui, de manie\u0300re de\u0301libe\u0301re\u0301e, de\u0301te\u0301riore, endommage ou interrompt une installation de communications e\u0301lectroniques \u2013 ca\u0302bles, e\u0301quipements radioe\u0301lectriques, chambres techniques, etc. \u2013 s\u2019expose a\u0300 des sanctions pe\u0301nales se\u0301ve\u0300res.<\/p>\n<p>En effet, selon la Loi n\u00b02024-352 du 06 juin 2024 relative aux communications e\u0301lectroniques, ces actes sont passibles d\u2019une peine d\u2019emprisonnement allant de un (1) a\u0300 cinq (5) ans et\/ou d\u2019une amende comprise entre cinq (5) et vingt (20) millions de francs CFA. Ces sanctions peuvent s\u2019ajouter a\u0300 des poursuites civiles engage\u0301es par les exploitants des infrastructures endommage\u0301es.<\/p>\n<p>L\u2019ARTCI insiste sur l\u2019importance cruciale de ces installations pour le bon fonctionnement de la socie\u0301te\u0301 moderne. Elles permettent non seulement de communiquer au quotidien, mais aussi de maintenir la connectivite\u0301 nume\u0301rique du pays, essentielle a\u0300 l\u2019e\u0301ducation, a\u0300 la sante\u0301, a\u0300 la se\u0301curite\u0301, a\u0300 l\u2019administration et a\u0300 l\u2019e\u0301conomie nume\u0301rique en pleine croissance.<\/p>\n<p>Dans son communique\u0301, la Direction Ge\u0301ne\u0301rale de l\u2019ARTCI en appelle au sens civique et a\u0300 la responsabilite\u0301 de chaque citoyen. Elle exhorte les populations a\u0300 prote\u0301ger activement ces infrastructures, a\u0300 signaler tout acte suspect ou de vandalisme aux forces de l\u2019ordre (police, gendarmerie) ou directement a\u0300 l\u2019ARTCI.<\/p>\n<p>Prote\u0301ger les infrastructures de communications e\u0301lectroniques, c\u2019est pre\u0301server un droit fondamental, celui de rester connecte\u0301 au monde.<\/p>\n<p>L\u2019ARTCI re\u0301affirme son engagement a\u0300 lutter sans rela\u0302che contre ces actes criminels et appelle a\u0300 une mobilisation nationale pour garantir la se\u0301curite\u0301 et la fiabilite\u0301 du re\u0301seau nume\u0301rique ivoirien.<\/p>\n<p><strong>Pour plus d&rsquo;informations et d&rsquo;analyses sur la <span style=\"color: #ff6600\">C\u00f4te d&rsquo;Ivoire<\/span>, suivez <span style=\"color: #ff6600\">Africa-Press<\/span><\/strong><\/p>\n","protected":false},"excerpt":{"rendered":"<p>Africa-Press &#8211; C\u00f4te d&rsquo;Ivoire. L\u2019Autorite\u0301 de Re\u0301gulation des Te\u0301le\u0301communications\/TIC de Co\u0302te d\u2019Ivoire (ARTCI) alerte l\u2019opinion publique sur une situation pre\u0301occupante: la multiplication des actes de vandalisme et de vol ciblant les infrastructures de communications e\u0301lectroniques a\u0300 travers le pays. Ces attaques, de plus en plus fre\u0301quentes, mettent a\u0300 mal la disponibilite\u0301 des re\u0301seaux te\u0301le\u0301coms et [&hellip;]<\/p>\n","protected":false},"author":82,"featured_media":102810,"comment_status":"open","ping_status":"closed","sticky":false,"template":"","format":"standard","meta":{"footnotes":""},"categories":[3,10],"tags":[18359,1875,29,225,2780,3693,18358,13631],"class_list":["post-102812","post","type-post","status-publish","format-standard","has-post-thumbnail","hentry","category-economie","category-toutes-les-actualites","tag-alarme","tag-artci","tag-cote-divoire","tag-danger","tag-infrastructures","tag-numeriques","tag-sonnette","tag-vandalisme"],"yoast_head":"<!-- This site is optimized with the Yoast SEO Premium plugin v26.1 (Yoast SEO v27.0) - https:\/\/yoast.com\/product\/yoast-seo-premium-wordpress\/ -->\n<title>L&#039;ARTCI Appelle \u00e0 la Vigilance Contre les Attaques - C\u00f4te d&#039;Ivoire<\/title>\n<meta name=\"description\" content=\"L\u2019Autorite\u0301 de Re\u0301gulation des Te\u0301le\u0301communications\/TIC de Co\u0302te d\u2019Ivoire (ARTCI) alerte l\u2019opinion publique sur une situ ...\" \/>\n<meta name=\"robots\" content=\"index, follow, max-snippet:-1, max-image-preview:large, max-video-preview:-1\" \/>\n<link rel=\"canonical\" href=\"https:\/\/www.africa-press.net\/cotedivoire\/economie\/lartci-appelle-a-la-vigilance-contre-les-attaques\" \/>\n<meta property=\"og:locale\" content=\"fr_FR\" \/>\n<meta property=\"og:type\" content=\"article\" \/>\n<meta property=\"og:title\" content=\"L&#039;ARTCI Appelle \u00e0 la Vigilance Contre les Attaques\" \/>\n<meta property=\"og:description\" content=\"L\u2019Autorite\u0301 de Re\u0301gulation des Te\u0301le\u0301communications\/TIC de Co\u0302te d\u2019Ivoire (ARTCI) alerte l\u2019opinion publique sur une situ ...\" \/>\n<meta property=\"og:url\" content=\"https:\/\/www.africa-press.net\/cotedivoire\/economie\/lartci-appelle-a-la-vigilance-contre-les-attaques\" \/>\n<meta property=\"og:site_name\" content=\"C\u00f4te d&#039;Ivoire\" \/>\n<meta property=\"article:published_time\" content=\"2025-07-26T20:11:18+00:00\" \/>\n<meta property=\"article:modified_time\" content=\"2025-07-26T20:14:26+00:00\" \/>\n<meta property=\"og:image\" content=\"https:\/\/static.africa-press.net\/cote\/sites\/43\/2025\/07\/sm_1753548227.848114.jpg\" \/>\n\t<meta property=\"og:image:width\" content=\"720\" \/>\n\t<meta property=\"og:image:height\" content=\"480\" \/>\n\t<meta property=\"og:image:type\" content=\"image\/jpeg\" \/>\n<meta name=\"author\" content=\"cfeditorfr\" \/>\n<meta name=\"twitter:card\" content=\"summary_large_image\" \/>\n<meta name=\"twitter:label1\" content=\"\u00c9crit par\" \/>\n\t<meta name=\"twitter:data1\" content=\"cfeditorfr\" \/>\n\t<meta name=\"twitter:label2\" content=\"Dur\u00e9e de lecture estim\u00e9e\" \/>\n\t<meta name=\"twitter:data2\" content=\"2 minutes\" \/>\n<script type=\"application\/ld+json\" class=\"yoast-schema-graph\">{\"@context\":\"https:\/\/schema.org\",\"@graph\":[{\"@type\":\"Article\",\"@id\":\"https:\/\/www.africa-press.net\/cotedivoire\/economie\/lartci-appelle-a-la-vigilance-contre-les-attaques#article\",\"isPartOf\":{\"@id\":\"https:\/\/www.africa-press.net\/cotedivoire\/economie\/lartci-appelle-a-la-vigilance-contre-les-attaques\"},\"author\":{\"name\":\"cfeditorfr\",\"@id\":\"https:\/\/www.africa-press.net\/cotedivoire\/#\/schema\/person\/2b1cf3cd81a31e3cd26889ca66d677f1\"},\"headline\":\"L&rsquo;ARTCI Appelle \u00e0 la Vigilance Contre les Attaques\",\"datePublished\":\"2025-07-26T20:11:18+00:00\",\"dateModified\":\"2025-07-26T20:14:26+00:00\",\"mainEntityOfPage\":{\"@id\":\"https:\/\/www.africa-press.net\/cotedivoire\/economie\/lartci-appelle-a-la-vigilance-contre-les-attaques\"},\"wordCount\":431,\"commentCount\":0,\"image\":{\"@id\":\"https:\/\/www.africa-press.net\/cotedivoire\/economie\/lartci-appelle-a-la-vigilance-contre-les-attaques#primaryimage\"},\"thumbnailUrl\":\"https:\/\/static.africa-press.net\/cote\/sites\/43\/2025\/07\/sm_1753548227.848114.jpg\",\"keywords\":[\"alarme\",\"ARTCI\",\"C\u00d4TE D'IVOIRE\",\"danger\",\"infrastructures\",\"num\u00e9riques\",\"sonnette\",\"Vandalisme\"],\"articleSection\":[\"\u00c9conomie\",\"Toutes les actualit\u00e9s\"],\"inLanguage\":\"fr-FR\",\"potentialAction\":[{\"@type\":\"CommentAction\",\"name\":\"Comment\",\"target\":[\"https:\/\/www.africa-press.net\/cotedivoire\/economie\/lartci-appelle-a-la-vigilance-contre-les-attaques#respond\"]}]},{\"@type\":\"WebPage\",\"@id\":\"https:\/\/www.africa-press.net\/cotedivoire\/economie\/lartci-appelle-a-la-vigilance-contre-les-attaques\",\"url\":\"https:\/\/www.africa-press.net\/cotedivoire\/economie\/lartci-appelle-a-la-vigilance-contre-les-attaques\",\"name\":\"L'ARTCI Appelle \u00e0 la Vigilance Contre les Attaques - C\u00f4te d&#039;Ivoire\",\"isPartOf\":{\"@id\":\"https:\/\/www.africa-press.net\/cotedivoire\/#website\"},\"primaryImageOfPage\":{\"@id\":\"https:\/\/www.africa-press.net\/cotedivoire\/economie\/lartci-appelle-a-la-vigilance-contre-les-attaques#primaryimage\"},\"image\":{\"@id\":\"https:\/\/www.africa-press.net\/cotedivoire\/economie\/lartci-appelle-a-la-vigilance-contre-les-attaques#primaryimage\"},\"thumbnailUrl\":\"https:\/\/static.africa-press.net\/cote\/sites\/43\/2025\/07\/sm_1753548227.848114.jpg\",\"datePublished\":\"2025-07-26T20:11:18+00:00\",\"dateModified\":\"2025-07-26T20:14:26+00:00\",\"author\":{\"@id\":\"https:\/\/www.africa-press.net\/cotedivoire\/#\/schema\/person\/2b1cf3cd81a31e3cd26889ca66d677f1\"},\"description\":\"L\u2019Autorite\u0301 de Re\u0301gulation des Te\u0301le\u0301communications\/TIC de Co\u0302te d\u2019Ivoire (ARTCI) alerte l\u2019opinion publique sur une situ ...\",\"breadcrumb\":{\"@id\":\"https:\/\/www.africa-press.net\/cotedivoire\/economie\/lartci-appelle-a-la-vigilance-contre-les-attaques#breadcrumb\"},\"inLanguage\":\"fr-FR\",\"potentialAction\":[{\"@type\":\"ReadAction\",\"target\":[\"https:\/\/www.africa-press.net\/cotedivoire\/economie\/lartci-appelle-a-la-vigilance-contre-les-attaques\"]}]},{\"@type\":\"ImageObject\",\"inLanguage\":\"fr-FR\",\"@id\":\"https:\/\/www.africa-press.net\/cotedivoire\/economie\/lartci-appelle-a-la-vigilance-contre-les-attaques#primaryimage\",\"url\":\"https:\/\/static.africa-press.net\/cote\/sites\/43\/2025\/07\/sm_1753548227.848114.jpg\",\"contentUrl\":\"https:\/\/static.africa-press.net\/cote\/sites\/43\/2025\/07\/sm_1753548227.848114.jpg\",\"width\":720,\"height\":480,\"caption\":\"L'ARTCI Appelle \u00e0 la Vigilance Contre les Attaques\"},{\"@type\":\"BreadcrumbList\",\"@id\":\"https:\/\/www.africa-press.net\/cotedivoire\/economie\/lartci-appelle-a-la-vigilance-contre-les-attaques#breadcrumb\",\"itemListElement\":[{\"@type\":\"ListItem\",\"position\":1,\"name\":\"Accueil\",\"item\":\"https:\/\/www.africa-press.net\/cotedivoire\/\"},{\"@type\":\"ListItem\",\"position\":2,\"name\":\"L&#8217;ARTCI Appelle \u00e0 la Vigilance Contre les Attaques\"}]},{\"@type\":\"WebSite\",\"@id\":\"https:\/\/www.africa-press.net\/cotedivoire\/#website\",\"url\":\"https:\/\/www.africa-press.net\/cotedivoire\/\",\"name\":\"C\u00f4te d&#039;Ivoire\",\"description\":\"Just another Africa News Agency Sites site\",\"potentialAction\":[{\"@type\":\"SearchAction\",\"target\":{\"@type\":\"EntryPoint\",\"urlTemplate\":\"https:\/\/www.africa-press.net\/cotedivoire\/?s={search_term_string}\"},\"query-input\":{\"@type\":\"PropertyValueSpecification\",\"valueRequired\":true,\"valueName\":\"search_term_string\"}}],\"inLanguage\":\"fr-FR\"},{\"@type\":\"Person\",\"@id\":\"https:\/\/www.africa-press.net\/cotedivoire\/#\/schema\/person\/2b1cf3cd81a31e3cd26889ca66d677f1\",\"name\":\"cfeditorfr\"}]}<\/script>\n<!-- \/ Yoast SEO Premium plugin. -->","yoast_head_json":{"title":"L'ARTCI Appelle \u00e0 la Vigilance Contre les Attaques - C\u00f4te d&#039;Ivoire","description":"L\u2019Autorite\u0301 de Re\u0301gulation des Te\u0301le\u0301communications\/TIC de Co\u0302te d\u2019Ivoire (ARTCI) alerte l\u2019opinion publique sur une situ ...","robots":{"index":"index","follow":"follow","max-snippet":"max-snippet:-1","max-image-preview":"max-image-preview:large","max-video-preview":"max-video-preview:-1"},"canonical":"https:\/\/www.africa-press.net\/cotedivoire\/economie\/lartci-appelle-a-la-vigilance-contre-les-attaques","og_locale":"fr_FR","og_type":"article","og_title":"L'ARTCI Appelle \u00e0 la Vigilance Contre les Attaques","og_description":"L\u2019Autorite\u0301 de Re\u0301gulation des Te\u0301le\u0301communications\/TIC de Co\u0302te d\u2019Ivoire (ARTCI) alerte l\u2019opinion publique sur une situ ...","og_url":"https:\/\/www.africa-press.net\/cotedivoire\/economie\/lartci-appelle-a-la-vigilance-contre-les-attaques","og_site_name":"C\u00f4te d&#039;Ivoire","article_published_time":"2025-07-26T20:11:18+00:00","article_modified_time":"2025-07-26T20:14:26+00:00","og_image":[{"width":720,"height":480,"url":"https:\/\/static.africa-press.net\/cote\/sites\/43\/2025\/07\/sm_1753548227.848114.jpg","type":"image\/jpeg"}],"author":"cfeditorfr","twitter_card":"summary_large_image","twitter_misc":{"\u00c9crit par":"cfeditorfr","Dur\u00e9e de lecture estim\u00e9e":"2 minutes"},"schema":{"@context":"https:\/\/schema.org","@graph":[{"@type":"Article","@id":"https:\/\/www.africa-press.net\/cotedivoire\/economie\/lartci-appelle-a-la-vigilance-contre-les-attaques#article","isPartOf":{"@id":"https:\/\/www.africa-press.net\/cotedivoire\/economie\/lartci-appelle-a-la-vigilance-contre-les-attaques"},"author":{"name":"cfeditorfr","@id":"https:\/\/www.africa-press.net\/cotedivoire\/#\/schema\/person\/2b1cf3cd81a31e3cd26889ca66d677f1"},"headline":"L&rsquo;ARTCI Appelle \u00e0 la Vigilance Contre les Attaques","datePublished":"2025-07-26T20:11:18+00:00","dateModified":"2025-07-26T20:14:26+00:00","mainEntityOfPage":{"@id":"https:\/\/www.africa-press.net\/cotedivoire\/economie\/lartci-appelle-a-la-vigilance-contre-les-attaques"},"wordCount":431,"commentCount":0,"image":{"@id":"https:\/\/www.africa-press.net\/cotedivoire\/economie\/lartci-appelle-a-la-vigilance-contre-les-attaques#primaryimage"},"thumbnailUrl":"https:\/\/static.africa-press.net\/cote\/sites\/43\/2025\/07\/sm_1753548227.848114.jpg","keywords":["alarme","ARTCI","C\u00d4TE D'IVOIRE","danger","infrastructures","num\u00e9riques","sonnette","Vandalisme"],"articleSection":["\u00c9conomie","Toutes les actualit\u00e9s"],"inLanguage":"fr-FR","potentialAction":[{"@type":"CommentAction","name":"Comment","target":["https:\/\/www.africa-press.net\/cotedivoire\/economie\/lartci-appelle-a-la-vigilance-contre-les-attaques#respond"]}]},{"@type":"WebPage","@id":"https:\/\/www.africa-press.net\/cotedivoire\/economie\/lartci-appelle-a-la-vigilance-contre-les-attaques","url":"https:\/\/www.africa-press.net\/cotedivoire\/economie\/lartci-appelle-a-la-vigilance-contre-les-attaques","name":"L'ARTCI Appelle \u00e0 la Vigilance Contre les Attaques - C\u00f4te d&#039;Ivoire","isPartOf":{"@id":"https:\/\/www.africa-press.net\/cotedivoire\/#website"},"primaryImageOfPage":{"@id":"https:\/\/www.africa-press.net\/cotedivoire\/economie\/lartci-appelle-a-la-vigilance-contre-les-attaques#primaryimage"},"image":{"@id":"https:\/\/www.africa-press.net\/cotedivoire\/economie\/lartci-appelle-a-la-vigilance-contre-les-attaques#primaryimage"},"thumbnailUrl":"https:\/\/static.africa-press.net\/cote\/sites\/43\/2025\/07\/sm_1753548227.848114.jpg","datePublished":"2025-07-26T20:11:18+00:00","dateModified":"2025-07-26T20:14:26+00:00","author":{"@id":"https:\/\/www.africa-press.net\/cotedivoire\/#\/schema\/person\/2b1cf3cd81a31e3cd26889ca66d677f1"},"description":"L\u2019Autorite\u0301 de Re\u0301gulation des Te\u0301le\u0301communications\/TIC de Co\u0302te d\u2019Ivoire (ARTCI) alerte l\u2019opinion publique sur une situ ...","breadcrumb":{"@id":"https:\/\/www.africa-press.net\/cotedivoire\/economie\/lartci-appelle-a-la-vigilance-contre-les-attaques#breadcrumb"},"inLanguage":"fr-FR","potentialAction":[{"@type":"ReadAction","target":["https:\/\/www.africa-press.net\/cotedivoire\/economie\/lartci-appelle-a-la-vigilance-contre-les-attaques"]}]},{"@type":"ImageObject","inLanguage":"fr-FR","@id":"https:\/\/www.africa-press.net\/cotedivoire\/economie\/lartci-appelle-a-la-vigilance-contre-les-attaques#primaryimage","url":"https:\/\/static.africa-press.net\/cote\/sites\/43\/2025\/07\/sm_1753548227.848114.jpg","contentUrl":"https:\/\/static.africa-press.net\/cote\/sites\/43\/2025\/07\/sm_1753548227.848114.jpg","width":720,"height":480,"caption":"L'ARTCI Appelle \u00e0 la Vigilance Contre les Attaques"},{"@type":"BreadcrumbList","@id":"https:\/\/www.africa-press.net\/cotedivoire\/economie\/lartci-appelle-a-la-vigilance-contre-les-attaques#breadcrumb","itemListElement":[{"@type":"ListItem","position":1,"name":"Accueil","item":"https:\/\/www.africa-press.net\/cotedivoire\/"},{"@type":"ListItem","position":2,"name":"L&#8217;ARTCI Appelle \u00e0 la Vigilance Contre les Attaques"}]},{"@type":"WebSite","@id":"https:\/\/www.africa-press.net\/cotedivoire\/#website","url":"https:\/\/www.africa-press.net\/cotedivoire\/","name":"C\u00f4te d&#039;Ivoire","description":"Just another Africa News Agency Sites site","potentialAction":[{"@type":"SearchAction","target":{"@type":"EntryPoint","urlTemplate":"https:\/\/www.africa-press.net\/cotedivoire\/?s={search_term_string}"},"query-input":{"@type":"PropertyValueSpecification","valueRequired":true,"valueName":"search_term_string"}}],"inLanguage":"fr-FR"},{"@type":"Person","@id":"https:\/\/www.africa-press.net\/cotedivoire\/#\/schema\/person\/2b1cf3cd81a31e3cd26889ca66d677f1","name":"cfeditorfr"}]}},"_links":{"self":[{"href":"https:\/\/www.africa-press.net\/cotedivoire\/wp-json\/wp\/v2\/posts\/102812","targetHints":{"allow":["GET"]}}],"collection":[{"href":"https:\/\/www.africa-press.net\/cotedivoire\/wp-json\/wp\/v2\/posts"}],"about":[{"href":"https:\/\/www.africa-press.net\/cotedivoire\/wp-json\/wp\/v2\/types\/post"}],"author":[{"embeddable":true,"href":"https:\/\/www.africa-press.net\/cotedivoire\/wp-json\/wp\/v2\/users\/82"}],"replies":[{"embeddable":true,"href":"https:\/\/www.africa-press.net\/cotedivoire\/wp-json\/wp\/v2\/comments?post=102812"}],"version-history":[{"count":0,"href":"https:\/\/www.africa-press.net\/cotedivoire\/wp-json\/wp\/v2\/posts\/102812\/revisions"}],"wp:featuredmedia":[{"embeddable":true,"href":"https:\/\/www.africa-press.net\/cotedivoire\/wp-json\/wp\/v2\/media\/102810"}],"wp:attachment":[{"href":"https:\/\/www.africa-press.net\/cotedivoire\/wp-json\/wp\/v2\/media?parent=102812"}],"wp:term":[{"taxonomy":"category","embeddable":true,"href":"https:\/\/www.africa-press.net\/cotedivoire\/wp-json\/wp\/v2\/categories?post=102812"},{"taxonomy":"post_tag","embeddable":true,"href":"https:\/\/www.africa-press.net\/cotedivoire\/wp-json\/wp\/v2\/tags?post=102812"}],"curies":[{"name":"wp","href":"https:\/\/api.w.org\/{rel}","templated":true}]}}