{"id":10295,"date":"2021-07-23T13:00:19","date_gmt":"2021-07-23T13:00:19","guid":{"rendered":"https:\/\/www.africa-press.net\/cotedivoire\/politique\/remise-depaulettes-cote-divoire-gon-et-hambak-honores-par-lecole-des-forces-armees"},"modified":"2021-07-24T08:09:02","modified_gmt":"2021-07-24T08:09:02","slug":"remise-depaulettes-cote-divoire-gon-et-hambak-honores-par-lecole-des-forces-armees","status":"publish","type":"post","link":"https:\/\/www.africa-press.net\/cotedivoire\/politique\/remise-depaulettes-cote-divoire-gon-et-hambak-honores-par-lecole-des-forces-armees","title":{"rendered":"Remise d\u2019\u00e9paulettes\/C\u00f4te-d\u2019Ivoire: Gon et Hambak honor\u00e9s par l\u2019\u00c9cole des Forces Arm\u00e9es"},"content":{"rendered":"<p><span style=\"color: #ff6600\"><strong><a href=\"https:\/\/www.africa-press.net\/\">Africa-Press<\/a> &#8211; <a href=\"https:\/\/www.africa-press.net\/cotedivoire\">C\u00f4te d&rsquo;Ivoire<\/a>. <\/strong><\/span>Les d\u00e9funts Premiers ministres ivoiriens, Amadou Gon Coulibaly et Hamed Bakayoko \u00e9taient \u00e0 l\u2019honneur, jeudi 22 juillet 2021, \u00e0 Yamoussoukro, \u00e0 la faveur du bapt\u00eame de la 52\u00e8me promotion de l\u2019Ecole des forces arm\u00e9es (EFA) et la remise d\u2019\u00e9paulettes \u00e0 la 51\u00e8me promotion ainsi que la 15\u00e8me promotion des m\u00e9decins \u00e9l\u00e8ves officiers.<\/p>\n<p>\u00ab L\u2019occasion me semble indiqu\u00e9e pour saluer la contribution remarquable de ces deux illustres fils de la C\u00f4te d\u2019Ivoire, au d\u00e9veloppement de notre pays. Aupr\u00e8s de Son Excellence Monsieur le Pr\u00e9sident de la R\u00e9publique, ils ont \u00e9t\u00e9 de tous les combats politiques pour l\u2019av\u00e8nement d\u2019une C\u00f4te d\u2019Ivoire nouvelle \u00bb, a d\u00e9clar\u00e9 le ministre d\u2019Etat, ministre de la D\u00e9fense, T\u00e9n\u00e9 Birahima Ouattara.<\/p>\n<p>En pr\u00e9sence du Premier ministre Patrick Achi qui repr\u00e9sentait le Pr\u00e9sident de la R\u00e9publique, T\u00e9n\u00e9 Birahima a invit\u00e9 les deux promotions \u00e0 rester fid\u00e8les aux valeurs qu\u2019incarnaient les deux personnalit\u00e9s dont elles portent les noms.<\/p>\n<p>La 51\u00e8me promotion (Gon Coulibaly) est forte de 100 officiers et a pour parrain le pr\u00e9sident du conseil d\u2019administration de l\u2019Agence fonci\u00e8re rurale (AFOR) et ancien commandant sup\u00e9rieur de la gendarmerie, G\u00e9n\u00e9ral Gervais Kouakou Kouassi.<\/p>\n<p>La promotion Hamed Bakayoko, elle, est forte de 111 \u00e9l\u00e8ves officiers d\u2019active dont 92 ivoiriens et des ressortissants de plusieurs pays africains. Elle a pour parrain le g\u00e9n\u00e9ral Philippe Mangou.<\/p>\n<p>\u00ab C\u2019est tr\u00e8s gratifiant que d\u2019avoir opt\u00e9 comme nom de bapt\u00eame pour votre promotion celui du Premier ministre Hamed Bakayoko, un homme de grande valeur. Il y a toujours \u00e0 apprendre de celui qui, au c\u0153ur d\u2019une \u00e9poque troubl\u00e9e, n\u2019a pas trembl\u00e9, n\u2019a pas d\u00e9vi\u00e9. Il a su garder au plus profond de lui-m\u00eame, et quoiqu\u2019il lui en co\u00fbte, cet id\u00e9al qu\u2019il nous laisse comme h\u00e9ritage : aimer et servir son pays jusqu\u2019\u00e0 son dernier souffle \u00bb, a fait savoir le ministre T\u00e9n\u00e9 Birahima.<\/p>\n<p>Le ministre de la d\u00e9fense a soulign\u00e9 la d\u00e9termination du gouvernement de faire de la C\u00f4te d\u2019Ivoire \u00ab un havre de s\u00e9curit\u00e9 \u00bb \u00e0 travers de nombreuses actions entreprises depuis une dizaine d\u2019ann\u00e9es.<\/p>\n<p>Il s\u2019agit notamment de la dotation de l\u2019arm\u00e9e d\u2019\u00e9quipements, l\u2019am\u00e9lioration des conditions de travail, la cr\u00e9ation de nouvelles structures et le recrutement des jeunes.<\/p>\n<p>&nbsp;<\/p>\n","protected":false},"excerpt":{"rendered":"<p>Africa-Press &#8211; C\u00f4te d&rsquo;Ivoire. Les d\u00e9funts Premiers ministres ivoiriens, Amadou Gon Coulibaly et Hamed Bakayoko \u00e9taient \u00e0 l\u2019honneur, jeudi 22 juillet 2021, \u00e0 Yamoussoukro, \u00e0 la faveur du bapt\u00eame de la 52\u00e8me promotion de l\u2019Ecole des forces arm\u00e9es (EFA) et la remise d\u2019\u00e9paulettes \u00e0 la 51\u00e8me promotion ainsi que la 15\u00e8me promotion des m\u00e9decins \u00e9l\u00e8ves [&hellip;]<\/p>\n","protected":false},"author":82,"featured_media":10294,"comment_status":"open","ping_status":"closed","sticky":false,"template":"","format":"standard","meta":{"footnotes":""},"categories":[11,2,10],"tags":[56,63,29],"class_list":["post-10295","post","type-post","status-publish","format-standard","has-post-thumbnail","hentry","category-homepage-french","category-politique","category-toutes-les-actualites","tag-africa-press","tag-africa-press-cote-divoire","tag-cote-divoire"],"yoast_head":"<!-- This site is optimized with the Yoast SEO Premium plugin v26.1 (Yoast SEO v27.0) - https:\/\/yoast.com\/product\/yoast-seo-premium-wordpress\/ -->\n<title>Remise d\u2019\u00e9paulettes\/C\u00f4te-d\u2019Ivoire: Gon et Hambak honor\u00e9s par l\u2019\u00c9cole des Forces Arm\u00e9es - C\u00f4te d&#039;Ivoire<\/title>\n<meta name=\"description\" content=\"Les d\u00e9funts Premiers ministres ivoiriens, Amadou Gon Coulibaly et Hamed Bakayoko \u00e9taient \u00e0 l\u2019honneur, jeudi 22 juillet 2 ...\" \/>\n<meta name=\"robots\" content=\"index, follow, max-snippet:-1, max-image-preview:large, max-video-preview:-1\" \/>\n<link rel=\"canonical\" href=\"https:\/\/www.africa-press.net\/cotedivoire\/politique\/remise-depaulettes-cote-divoire-gon-et-hambak-honores-par-lecole-des-forces-armees\" \/>\n<meta property=\"og:locale\" content=\"fr_FR\" \/>\n<meta property=\"og:type\" content=\"article\" \/>\n<meta property=\"og:title\" content=\"Remise d\u2019\u00e9paulettes\/C\u00f4te-d\u2019Ivoire: Gon et Hambak honor\u00e9s par l\u2019\u00c9cole des Forces Arm\u00e9es\" \/>\n<meta property=\"og:description\" content=\"Les d\u00e9funts Premiers ministres ivoiriens, Amadou Gon Coulibaly et Hamed Bakayoko \u00e9taient \u00e0 l\u2019honneur, jeudi 22 juillet 2 ...\" \/>\n<meta property=\"og:url\" content=\"https:\/\/www.africa-press.net\/cotedivoire\/politique\/remise-depaulettes-cote-divoire-gon-et-hambak-honores-par-lecole-des-forces-armees\" \/>\n<meta property=\"og:site_name\" content=\"C\u00f4te d&#039;Ivoire\" \/>\n<meta property=\"article:published_time\" content=\"2021-07-23T13:00:19+00:00\" \/>\n<meta property=\"article:modified_time\" content=\"2021-07-24T08:09:02+00:00\" \/>\n<meta property=\"og:image\" content=\"https:\/\/static.africa-press.net\/cote\/sites\/43\/2021\/07\/img-60fabd13bb564.jpg\" \/>\n\t<meta property=\"og:image:width\" content=\"1024\" \/>\n\t<meta property=\"og:image:height\" content=\"671\" \/>\n\t<meta property=\"og:image:type\" content=\"image\/jpeg\" \/>\n<meta name=\"author\" content=\"cfeditorfr\" \/>\n<meta name=\"twitter:card\" content=\"summary_large_image\" \/>\n<meta name=\"twitter:label1\" content=\"\u00c9crit par\" \/>\n\t<meta name=\"twitter:data1\" content=\"cfeditorfr\" \/>\n\t<meta name=\"twitter:label2\" content=\"Dur\u00e9e de lecture estim\u00e9e\" \/>\n\t<meta name=\"twitter:data2\" content=\"2 minutes\" \/>\n<script type=\"application\/ld+json\" class=\"yoast-schema-graph\">{\"@context\":\"https:\/\/schema.org\",\"@graph\":[{\"@type\":\"Article\",\"@id\":\"https:\/\/www.africa-press.net\/cotedivoire\/politique\/remise-depaulettes-cote-divoire-gon-et-hambak-honores-par-lecole-des-forces-armees#article\",\"isPartOf\":{\"@id\":\"https:\/\/www.africa-press.net\/cotedivoire\/politique\/remise-depaulettes-cote-divoire-gon-et-hambak-honores-par-lecole-des-forces-armees\"},\"author\":{\"name\":\"cfeditorfr\",\"@id\":\"https:\/\/www.africa-press.net\/cotedivoire\/#\/schema\/person\/2b1cf3cd81a31e3cd26889ca66d677f1\"},\"headline\":\"Remise d\u2019\u00e9paulettes\/C\u00f4te-d\u2019Ivoire: Gon et Hambak honor\u00e9s par l\u2019\u00c9cole des Forces Arm\u00e9es\",\"datePublished\":\"2021-07-23T13:00:19+00:00\",\"dateModified\":\"2021-07-24T08:09:02+00:00\",\"mainEntityOfPage\":{\"@id\":\"https:\/\/www.africa-press.net\/cotedivoire\/politique\/remise-depaulettes-cote-divoire-gon-et-hambak-honores-par-lecole-des-forces-armees\"},\"wordCount\":435,\"commentCount\":0,\"image\":{\"@id\":\"https:\/\/www.africa-press.net\/cotedivoire\/politique\/remise-depaulettes-cote-divoire-gon-et-hambak-honores-par-lecole-des-forces-armees#primaryimage\"},\"thumbnailUrl\":\"https:\/\/static.africa-press.net\/cote\/sites\/43\/2021\/07\/img-60fabd13bb564.jpg\",\"keywords\":[\"Africa Press\",\"Africa Press-C\u00f4te d'Ivoire\",\"C\u00d4TE D'IVOIRE\"],\"articleSection\":[\"homepage-french\",\"Politique\",\"Toutes les actualit\u00e9s\"],\"inLanguage\":\"fr-FR\",\"potentialAction\":[{\"@type\":\"CommentAction\",\"name\":\"Comment\",\"target\":[\"https:\/\/www.africa-press.net\/cotedivoire\/politique\/remise-depaulettes-cote-divoire-gon-et-hambak-honores-par-lecole-des-forces-armees#respond\"]}]},{\"@type\":\"WebPage\",\"@id\":\"https:\/\/www.africa-press.net\/cotedivoire\/politique\/remise-depaulettes-cote-divoire-gon-et-hambak-honores-par-lecole-des-forces-armees\",\"url\":\"https:\/\/www.africa-press.net\/cotedivoire\/politique\/remise-depaulettes-cote-divoire-gon-et-hambak-honores-par-lecole-des-forces-armees\",\"name\":\"Remise d\u2019\u00e9paulettes\/C\u00f4te-d\u2019Ivoire: Gon et Hambak honor\u00e9s par l\u2019\u00c9cole des Forces Arm\u00e9es - C\u00f4te d&#039;Ivoire\",\"isPartOf\":{\"@id\":\"https:\/\/www.africa-press.net\/cotedivoire\/#website\"},\"primaryImageOfPage\":{\"@id\":\"https:\/\/www.africa-press.net\/cotedivoire\/politique\/remise-depaulettes-cote-divoire-gon-et-hambak-honores-par-lecole-des-forces-armees#primaryimage\"},\"image\":{\"@id\":\"https:\/\/www.africa-press.net\/cotedivoire\/politique\/remise-depaulettes-cote-divoire-gon-et-hambak-honores-par-lecole-des-forces-armees#primaryimage\"},\"thumbnailUrl\":\"https:\/\/static.africa-press.net\/cote\/sites\/43\/2021\/07\/img-60fabd13bb564.jpg\",\"datePublished\":\"2021-07-23T13:00:19+00:00\",\"dateModified\":\"2021-07-24T08:09:02+00:00\",\"author\":{\"@id\":\"https:\/\/www.africa-press.net\/cotedivoire\/#\/schema\/person\/2b1cf3cd81a31e3cd26889ca66d677f1\"},\"description\":\"Les d\u00e9funts Premiers ministres ivoiriens, Amadou Gon Coulibaly et Hamed Bakayoko \u00e9taient \u00e0 l\u2019honneur, jeudi 22 juillet 2 ...\",\"breadcrumb\":{\"@id\":\"https:\/\/www.africa-press.net\/cotedivoire\/politique\/remise-depaulettes-cote-divoire-gon-et-hambak-honores-par-lecole-des-forces-armees#breadcrumb\"},\"inLanguage\":\"fr-FR\",\"potentialAction\":[{\"@type\":\"ReadAction\",\"target\":[\"https:\/\/www.africa-press.net\/cotedivoire\/politique\/remise-depaulettes-cote-divoire-gon-et-hambak-honores-par-lecole-des-forces-armees\"]}]},{\"@type\":\"ImageObject\",\"inLanguage\":\"fr-FR\",\"@id\":\"https:\/\/www.africa-press.net\/cotedivoire\/politique\/remise-depaulettes-cote-divoire-gon-et-hambak-honores-par-lecole-des-forces-armees#primaryimage\",\"url\":\"https:\/\/static.africa-press.net\/cote\/sites\/43\/2021\/07\/img-60fabd13bb564.jpg\",\"contentUrl\":\"https:\/\/static.africa-press.net\/cote\/sites\/43\/2021\/07\/img-60fabd13bb564.jpg\",\"width\":1024,\"height\":671,\"caption\":\"Remise d\u2019\u00e9paulettes\/C\u00f4te-d\u2019Ivoire: Gon et Hambak honor\u00e9s par l\u2019\u00c9cole des Forces Arm\u00e9es\"},{\"@type\":\"BreadcrumbList\",\"@id\":\"https:\/\/www.africa-press.net\/cotedivoire\/politique\/remise-depaulettes-cote-divoire-gon-et-hambak-honores-par-lecole-des-forces-armees#breadcrumb\",\"itemListElement\":[{\"@type\":\"ListItem\",\"position\":1,\"name\":\"Accueil\",\"item\":\"https:\/\/www.africa-press.net\/cotedivoire\/\"},{\"@type\":\"ListItem\",\"position\":2,\"name\":\"Remise d\u2019\u00e9paulettes\/C\u00f4te-d\u2019Ivoire: Gon et Hambak honor\u00e9s par l\u2019\u00c9cole des Forces Arm\u00e9es\"}]},{\"@type\":\"WebSite\",\"@id\":\"https:\/\/www.africa-press.net\/cotedivoire\/#website\",\"url\":\"https:\/\/www.africa-press.net\/cotedivoire\/\",\"name\":\"C\u00f4te d&#039;Ivoire\",\"description\":\"Just another Africa News Agency Sites site\",\"potentialAction\":[{\"@type\":\"SearchAction\",\"target\":{\"@type\":\"EntryPoint\",\"urlTemplate\":\"https:\/\/www.africa-press.net\/cotedivoire\/?s={search_term_string}\"},\"query-input\":{\"@type\":\"PropertyValueSpecification\",\"valueRequired\":true,\"valueName\":\"search_term_string\"}}],\"inLanguage\":\"fr-FR\"},{\"@type\":\"Person\",\"@id\":\"https:\/\/www.africa-press.net\/cotedivoire\/#\/schema\/person\/2b1cf3cd81a31e3cd26889ca66d677f1\",\"name\":\"cfeditorfr\"}]}<\/script>\n<!-- \/ Yoast SEO Premium plugin. -->","yoast_head_json":{"title":"Remise d\u2019\u00e9paulettes\/C\u00f4te-d\u2019Ivoire: Gon et Hambak honor\u00e9s par l\u2019\u00c9cole des Forces Arm\u00e9es - C\u00f4te d&#039;Ivoire","description":"Les d\u00e9funts Premiers ministres ivoiriens, Amadou Gon Coulibaly et Hamed Bakayoko \u00e9taient \u00e0 l\u2019honneur, jeudi 22 juillet 2 ...","robots":{"index":"index","follow":"follow","max-snippet":"max-snippet:-1","max-image-preview":"max-image-preview:large","max-video-preview":"max-video-preview:-1"},"canonical":"https:\/\/www.africa-press.net\/cotedivoire\/politique\/remise-depaulettes-cote-divoire-gon-et-hambak-honores-par-lecole-des-forces-armees","og_locale":"fr_FR","og_type":"article","og_title":"Remise d\u2019\u00e9paulettes\/C\u00f4te-d\u2019Ivoire: Gon et Hambak honor\u00e9s par l\u2019\u00c9cole des Forces Arm\u00e9es","og_description":"Les d\u00e9funts Premiers ministres ivoiriens, Amadou Gon Coulibaly et Hamed Bakayoko \u00e9taient \u00e0 l\u2019honneur, jeudi 22 juillet 2 ...","og_url":"https:\/\/www.africa-press.net\/cotedivoire\/politique\/remise-depaulettes-cote-divoire-gon-et-hambak-honores-par-lecole-des-forces-armees","og_site_name":"C\u00f4te d&#039;Ivoire","article_published_time":"2021-07-23T13:00:19+00:00","article_modified_time":"2021-07-24T08:09:02+00:00","og_image":[{"width":1024,"height":671,"url":"https:\/\/static.africa-press.net\/cote\/sites\/43\/2021\/07\/img-60fabd13bb564.jpg","type":"image\/jpeg"}],"author":"cfeditorfr","twitter_card":"summary_large_image","twitter_misc":{"\u00c9crit par":"cfeditorfr","Dur\u00e9e de lecture estim\u00e9e":"2 minutes"},"schema":{"@context":"https:\/\/schema.org","@graph":[{"@type":"Article","@id":"https:\/\/www.africa-press.net\/cotedivoire\/politique\/remise-depaulettes-cote-divoire-gon-et-hambak-honores-par-lecole-des-forces-armees#article","isPartOf":{"@id":"https:\/\/www.africa-press.net\/cotedivoire\/politique\/remise-depaulettes-cote-divoire-gon-et-hambak-honores-par-lecole-des-forces-armees"},"author":{"name":"cfeditorfr","@id":"https:\/\/www.africa-press.net\/cotedivoire\/#\/schema\/person\/2b1cf3cd81a31e3cd26889ca66d677f1"},"headline":"Remise d\u2019\u00e9paulettes\/C\u00f4te-d\u2019Ivoire: Gon et Hambak honor\u00e9s par l\u2019\u00c9cole des Forces Arm\u00e9es","datePublished":"2021-07-23T13:00:19+00:00","dateModified":"2021-07-24T08:09:02+00:00","mainEntityOfPage":{"@id":"https:\/\/www.africa-press.net\/cotedivoire\/politique\/remise-depaulettes-cote-divoire-gon-et-hambak-honores-par-lecole-des-forces-armees"},"wordCount":435,"commentCount":0,"image":{"@id":"https:\/\/www.africa-press.net\/cotedivoire\/politique\/remise-depaulettes-cote-divoire-gon-et-hambak-honores-par-lecole-des-forces-armees#primaryimage"},"thumbnailUrl":"https:\/\/static.africa-press.net\/cote\/sites\/43\/2021\/07\/img-60fabd13bb564.jpg","keywords":["Africa Press","Africa Press-C\u00f4te d'Ivoire","C\u00d4TE D'IVOIRE"],"articleSection":["homepage-french","Politique","Toutes les actualit\u00e9s"],"inLanguage":"fr-FR","potentialAction":[{"@type":"CommentAction","name":"Comment","target":["https:\/\/www.africa-press.net\/cotedivoire\/politique\/remise-depaulettes-cote-divoire-gon-et-hambak-honores-par-lecole-des-forces-armees#respond"]}]},{"@type":"WebPage","@id":"https:\/\/www.africa-press.net\/cotedivoire\/politique\/remise-depaulettes-cote-divoire-gon-et-hambak-honores-par-lecole-des-forces-armees","url":"https:\/\/www.africa-press.net\/cotedivoire\/politique\/remise-depaulettes-cote-divoire-gon-et-hambak-honores-par-lecole-des-forces-armees","name":"Remise d\u2019\u00e9paulettes\/C\u00f4te-d\u2019Ivoire: Gon et Hambak honor\u00e9s par l\u2019\u00c9cole des Forces Arm\u00e9es - C\u00f4te d&#039;Ivoire","isPartOf":{"@id":"https:\/\/www.africa-press.net\/cotedivoire\/#website"},"primaryImageOfPage":{"@id":"https:\/\/www.africa-press.net\/cotedivoire\/politique\/remise-depaulettes-cote-divoire-gon-et-hambak-honores-par-lecole-des-forces-armees#primaryimage"},"image":{"@id":"https:\/\/www.africa-press.net\/cotedivoire\/politique\/remise-depaulettes-cote-divoire-gon-et-hambak-honores-par-lecole-des-forces-armees#primaryimage"},"thumbnailUrl":"https:\/\/static.africa-press.net\/cote\/sites\/43\/2021\/07\/img-60fabd13bb564.jpg","datePublished":"2021-07-23T13:00:19+00:00","dateModified":"2021-07-24T08:09:02+00:00","author":{"@id":"https:\/\/www.africa-press.net\/cotedivoire\/#\/schema\/person\/2b1cf3cd81a31e3cd26889ca66d677f1"},"description":"Les d\u00e9funts Premiers ministres ivoiriens, Amadou Gon Coulibaly et Hamed Bakayoko \u00e9taient \u00e0 l\u2019honneur, jeudi 22 juillet 2 ...","breadcrumb":{"@id":"https:\/\/www.africa-press.net\/cotedivoire\/politique\/remise-depaulettes-cote-divoire-gon-et-hambak-honores-par-lecole-des-forces-armees#breadcrumb"},"inLanguage":"fr-FR","potentialAction":[{"@type":"ReadAction","target":["https:\/\/www.africa-press.net\/cotedivoire\/politique\/remise-depaulettes-cote-divoire-gon-et-hambak-honores-par-lecole-des-forces-armees"]}]},{"@type":"ImageObject","inLanguage":"fr-FR","@id":"https:\/\/www.africa-press.net\/cotedivoire\/politique\/remise-depaulettes-cote-divoire-gon-et-hambak-honores-par-lecole-des-forces-armees#primaryimage","url":"https:\/\/static.africa-press.net\/cote\/sites\/43\/2021\/07\/img-60fabd13bb564.jpg","contentUrl":"https:\/\/static.africa-press.net\/cote\/sites\/43\/2021\/07\/img-60fabd13bb564.jpg","width":1024,"height":671,"caption":"Remise d\u2019\u00e9paulettes\/C\u00f4te-d\u2019Ivoire: Gon et Hambak honor\u00e9s par l\u2019\u00c9cole des Forces Arm\u00e9es"},{"@type":"BreadcrumbList","@id":"https:\/\/www.africa-press.net\/cotedivoire\/politique\/remise-depaulettes-cote-divoire-gon-et-hambak-honores-par-lecole-des-forces-armees#breadcrumb","itemListElement":[{"@type":"ListItem","position":1,"name":"Accueil","item":"https:\/\/www.africa-press.net\/cotedivoire\/"},{"@type":"ListItem","position":2,"name":"Remise d\u2019\u00e9paulettes\/C\u00f4te-d\u2019Ivoire: Gon et Hambak honor\u00e9s par l\u2019\u00c9cole des Forces Arm\u00e9es"}]},{"@type":"WebSite","@id":"https:\/\/www.africa-press.net\/cotedivoire\/#website","url":"https:\/\/www.africa-press.net\/cotedivoire\/","name":"C\u00f4te d&#039;Ivoire","description":"Just another Africa News Agency Sites site","potentialAction":[{"@type":"SearchAction","target":{"@type":"EntryPoint","urlTemplate":"https:\/\/www.africa-press.net\/cotedivoire\/?s={search_term_string}"},"query-input":{"@type":"PropertyValueSpecification","valueRequired":true,"valueName":"search_term_string"}}],"inLanguage":"fr-FR"},{"@type":"Person","@id":"https:\/\/www.africa-press.net\/cotedivoire\/#\/schema\/person\/2b1cf3cd81a31e3cd26889ca66d677f1","name":"cfeditorfr"}]}},"_links":{"self":[{"href":"https:\/\/www.africa-press.net\/cotedivoire\/wp-json\/wp\/v2\/posts\/10295","targetHints":{"allow":["GET"]}}],"collection":[{"href":"https:\/\/www.africa-press.net\/cotedivoire\/wp-json\/wp\/v2\/posts"}],"about":[{"href":"https:\/\/www.africa-press.net\/cotedivoire\/wp-json\/wp\/v2\/types\/post"}],"author":[{"embeddable":true,"href":"https:\/\/www.africa-press.net\/cotedivoire\/wp-json\/wp\/v2\/users\/82"}],"replies":[{"embeddable":true,"href":"https:\/\/www.africa-press.net\/cotedivoire\/wp-json\/wp\/v2\/comments?post=10295"}],"version-history":[{"count":0,"href":"https:\/\/www.africa-press.net\/cotedivoire\/wp-json\/wp\/v2\/posts\/10295\/revisions"}],"wp:featuredmedia":[{"embeddable":true,"href":"https:\/\/www.africa-press.net\/cotedivoire\/wp-json\/wp\/v2\/media\/10294"}],"wp:attachment":[{"href":"https:\/\/www.africa-press.net\/cotedivoire\/wp-json\/wp\/v2\/media?parent=10295"}],"wp:term":[{"taxonomy":"category","embeddable":true,"href":"https:\/\/www.africa-press.net\/cotedivoire\/wp-json\/wp\/v2\/categories?post=10295"},{"taxonomy":"post_tag","embeddable":true,"href":"https:\/\/www.africa-press.net\/cotedivoire\/wp-json\/wp\/v2\/tags?post=10295"}],"curies":[{"name":"wp","href":"https:\/\/api.w.org\/{rel}","templated":true}]}}