{"id":102984,"date":"2025-07-30T16:44:49","date_gmt":"2025-07-30T16:44:49","guid":{"rendered":"https:\/\/www.africa-press.net\/cotedivoire\/politique\/boundiali-un-projet-minier-et-des-attentes-locales"},"modified":"2025-07-30T17:14:27","modified_gmt":"2025-07-30T17:14:27","slug":"boundiali-un-projet-minier-et-des-attentes-locales","status":"publish","type":"post","link":"https:\/\/www.africa-press.net\/cotedivoire\/economie\/boundiali-un-projet-minier-et-des-attentes-locales","title":{"rendered":"Boundiali Un Projet Minier et Des Attentes Locales"},"content":{"rendered":"<p><span style=\"color: #ff6600\"><strong>Africa-Press &#8211; C\u00f4te d&rsquo;Ivoire. <\/strong><\/span>Dans le nord de la Co\u0302te d\u2019Ivoire, plus pre\u0301cise\u0301ment dans la re\u0301gion de Boundiali, un projet minier commence a\u0300 susciter de l\u2019inte\u0301re\u0302t. Porte\u0301 par Aurum Resources Limited, une entreprise australienne spe\u0301cialise\u0301e dans l\u2019exploration de l\u2019or, ce projet s\u2019inscrit dans la dynamique actuelle du pays, qui voit de plus en plus d\u2019investisseurs e\u0301trangers s\u2019implanter dans le secteur minier.<\/p>\n<p>La zone cible\u0301e par les recherches se situe dans une ceinture ge\u0301ologique de\u0301ja\u0300 connue pour abriter d\u2019importants gisements aurife\u0300res. L\u2019entreprise a intensifie\u0301 ses travaux de prospection depuis 2024, mobilisant des moyens humains et techniques importants, avec pour objectif d\u2019atteindre un niveau de ressources suffisant pour envisager a\u0300 terme la construction d\u2019une mine industrielle.<\/p>\n<p>Mais au-dela\u0300 des perspectives e\u0301conomiques et de production, c\u2019est surtout l\u2019impact social de ce projet qui retient l\u2019attention. La population locale, en majorite\u0301 agricole, observe avec prudence le de\u0301ploiement de cette activite\u0301 minie\u0300re. Les attentes sont nombreuses, notamment en matie\u0300re d\u2019emploi, de de\u0301veloppement des infrastructures, et de retombe\u0301es directes pour les communaute\u0301s riveraines.<\/p>\n<p>Pour accompagner ce processus, Aurum Resources s\u2019appuie sur une e\u0301quipe comprenant des cadres ivoiriens aguerris, qui ont de\u0301ja\u0300 \u0153uvre\u0301 dans le de\u0301veloppement de pre\u0301ce\u0301dentes mines dans le pays. Leur ro\u0302le ne se limite pas a\u0300 l\u2019exploration: ils sont e\u0301galement charge\u0301s de maintenir un dialogue constant avec les autorite\u0301s locales, les communaute\u0301s villageoises et les acteurs e\u0301conomiques de la re\u0301gion. Cette approche vise a\u0300 cre\u0301er un climat de confiance et a\u0300 favoriser une cohabitation harmonieuse entre le projet industriel et les re\u0301alite\u0301s sociales environnantes.<\/p>\n<p>Les prochaines anne\u0301es seront de\u0301terminantes. Si les e\u0301tudes de pre\u0301faisabilite\u0301 aboutissent, les travaux de construction de la mine pourraient de\u0301buter de\u0300s la fin de l\u2019anne\u0301e 2026, avec une mise en production envisage\u0301e pour fin 2027. Ce calendrier reste cependant tributaire des re\u0301sultats ge\u0301ologiques et du respect des engagements pris en matie\u0300re environnementale et sociale.<\/p>\n<p>Dans un contexte ou\u0300 la Co\u0302te d\u2019Ivoire souhaite renforcer l\u2019attractivite\u0301 de son secteur minier, tout en re\u0301visant son code en vigueur depuis 2014, ce type de projet incarne les enjeux d\u2019un de\u0301veloppement extractif qui se veut plus responsable. Pour les habitants de Boundiali et des environs, l\u2019essentiel demeure: que cette richesse du sous-sol se traduise, a\u0300 terme, par des be\u0301ne\u0301fices concrets a\u0300 la surface.<\/p>\n<p><strong>Pour plus d&rsquo;informations et d&rsquo;analyses sur la <span style=\"color: #ff6600\">C\u00f4te d&rsquo;Ivoire<\/span>, suivez <span style=\"color: #ff6600\">Africa-Press<\/span><\/strong><\/p>\n","protected":false},"excerpt":{"rendered":"<p>Africa-Press &#8211; C\u00f4te d&rsquo;Ivoire. Dans le nord de la Co\u0302te d\u2019Ivoire, plus pre\u0301cise\u0301ment dans la re\u0301gion de Boundiali, un projet minier commence a\u0300 susciter de l\u2019inte\u0301re\u0302t. Porte\u0301 par Aurum Resources Limited, une entreprise australienne spe\u0301cialise\u0301e dans l\u2019exploration de l\u2019or, ce projet s\u2019inscrit dans la dynamique actuelle du pays, qui voit de plus en plus d\u2019investisseurs [&hellip;]<\/p>\n","protected":false},"author":82,"featured_media":102983,"comment_status":"open","ping_status":"closed","sticky":false,"template":"","format":"standard","meta":{"footnotes":""},"categories":[3,10],"tags":[4229,29],"class_list":["post-102984","post","type-post","status-publish","format-standard","has-post-thumbnail","hentry","category-economie","category-toutes-les-actualites","tag-boundiali","tag-cote-divoire"],"yoast_head":"<!-- This site is optimized with the Yoast SEO Premium plugin v26.1 (Yoast SEO v27.0) - https:\/\/yoast.com\/product\/yoast-seo-premium-wordpress\/ -->\n<title>Boundiali Un Projet Minier et Des Attentes Locales - C\u00f4te d&#039;Ivoire<\/title>\n<meta name=\"description\" content=\"Dans le nord de la Co\u0302te d\u2019Ivoire, plus pre\u0301cise\u0301ment dans la re\u0301gion de Boundiali, un projet minier commence a\u0300 suscite ...\" \/>\n<meta name=\"robots\" content=\"index, follow, max-snippet:-1, max-image-preview:large, max-video-preview:-1\" \/>\n<link rel=\"canonical\" href=\"https:\/\/www.africa-press.net\/cotedivoire\/economie\/boundiali-un-projet-minier-et-des-attentes-locales\" \/>\n<meta property=\"og:locale\" content=\"fr_FR\" \/>\n<meta property=\"og:type\" content=\"article\" \/>\n<meta property=\"og:title\" content=\"Boundiali Un Projet Minier et Des Attentes Locales\" \/>\n<meta property=\"og:description\" content=\"Dans le nord de la Co\u0302te d\u2019Ivoire, plus pre\u0301cise\u0301ment dans la re\u0301gion de Boundiali, un projet minier commence a\u0300 suscite ...\" \/>\n<meta property=\"og:url\" content=\"https:\/\/www.africa-press.net\/cotedivoire\/economie\/boundiali-un-projet-minier-et-des-attentes-locales\" \/>\n<meta property=\"og:site_name\" content=\"C\u00f4te d&#039;Ivoire\" \/>\n<meta property=\"article:published_time\" content=\"2025-07-30T16:44:49+00:00\" \/>\n<meta property=\"article:modified_time\" content=\"2025-07-30T17:14:27+00:00\" \/>\n<meta property=\"og:image\" content=\"https:\/\/static.africa-press.net\/cote\/sites\/43\/2025\/07\/sm_1753883028.731432.jpg\" \/>\n\t<meta property=\"og:image:width\" content=\"720\" \/>\n\t<meta property=\"og:image:height\" content=\"481\" \/>\n\t<meta property=\"og:image:type\" content=\"image\/jpeg\" \/>\n<meta name=\"author\" content=\"cfeditorfr\" \/>\n<meta name=\"twitter:card\" content=\"summary_large_image\" \/>\n<meta name=\"twitter:label1\" content=\"\u00c9crit par\" \/>\n\t<meta name=\"twitter:data1\" content=\"cfeditorfr\" \/>\n\t<meta name=\"twitter:label2\" content=\"Dur\u00e9e de lecture estim\u00e9e\" \/>\n\t<meta name=\"twitter:data2\" content=\"3 minutes\" \/>\n<script type=\"application\/ld+json\" class=\"yoast-schema-graph\">{\"@context\":\"https:\/\/schema.org\",\"@graph\":[{\"@type\":\"Article\",\"@id\":\"https:\/\/www.africa-press.net\/cotedivoire\/economie\/boundiali-un-projet-minier-et-des-attentes-locales#article\",\"isPartOf\":{\"@id\":\"https:\/\/www.africa-press.net\/cotedivoire\/economie\/boundiali-un-projet-minier-et-des-attentes-locales\"},\"author\":{\"name\":\"cfeditorfr\",\"@id\":\"https:\/\/www.africa-press.net\/cotedivoire\/#\/schema\/person\/2b1cf3cd81a31e3cd26889ca66d677f1\"},\"headline\":\"Boundiali Un Projet Minier et Des Attentes Locales\",\"datePublished\":\"2025-07-30T16:44:49+00:00\",\"dateModified\":\"2025-07-30T17:14:27+00:00\",\"mainEntityOfPage\":{\"@id\":\"https:\/\/www.africa-press.net\/cotedivoire\/economie\/boundiali-un-projet-minier-et-des-attentes-locales\"},\"wordCount\":462,\"commentCount\":0,\"image\":{\"@id\":\"https:\/\/www.africa-press.net\/cotedivoire\/economie\/boundiali-un-projet-minier-et-des-attentes-locales#primaryimage\"},\"thumbnailUrl\":\"https:\/\/static.africa-press.net\/cote\/sites\/43\/2025\/07\/sm_1753883028.731432.jpg\",\"keywords\":[\"Boundiali\",\"C\u00d4TE D'IVOIRE\"],\"articleSection\":[\"\u00c9conomie\",\"Toutes les actualit\u00e9s\"],\"inLanguage\":\"fr-FR\",\"potentialAction\":[{\"@type\":\"CommentAction\",\"name\":\"Comment\",\"target\":[\"https:\/\/www.africa-press.net\/cotedivoire\/economie\/boundiali-un-projet-minier-et-des-attentes-locales#respond\"]}]},{\"@type\":\"WebPage\",\"@id\":\"https:\/\/www.africa-press.net\/cotedivoire\/economie\/boundiali-un-projet-minier-et-des-attentes-locales\",\"url\":\"https:\/\/www.africa-press.net\/cotedivoire\/economie\/boundiali-un-projet-minier-et-des-attentes-locales\",\"name\":\"Boundiali Un Projet Minier et Des Attentes Locales - C\u00f4te d&#039;Ivoire\",\"isPartOf\":{\"@id\":\"https:\/\/www.africa-press.net\/cotedivoire\/#website\"},\"primaryImageOfPage\":{\"@id\":\"https:\/\/www.africa-press.net\/cotedivoire\/economie\/boundiali-un-projet-minier-et-des-attentes-locales#primaryimage\"},\"image\":{\"@id\":\"https:\/\/www.africa-press.net\/cotedivoire\/economie\/boundiali-un-projet-minier-et-des-attentes-locales#primaryimage\"},\"thumbnailUrl\":\"https:\/\/static.africa-press.net\/cote\/sites\/43\/2025\/07\/sm_1753883028.731432.jpg\",\"datePublished\":\"2025-07-30T16:44:49+00:00\",\"dateModified\":\"2025-07-30T17:14:27+00:00\",\"author\":{\"@id\":\"https:\/\/www.africa-press.net\/cotedivoire\/#\/schema\/person\/2b1cf3cd81a31e3cd26889ca66d677f1\"},\"description\":\"Dans le nord de la Co\u0302te d\u2019Ivoire, plus pre\u0301cise\u0301ment dans la re\u0301gion de Boundiali, un projet minier commence a\u0300 suscite ...\",\"breadcrumb\":{\"@id\":\"https:\/\/www.africa-press.net\/cotedivoire\/economie\/boundiali-un-projet-minier-et-des-attentes-locales#breadcrumb\"},\"inLanguage\":\"fr-FR\",\"potentialAction\":[{\"@type\":\"ReadAction\",\"target\":[\"https:\/\/www.africa-press.net\/cotedivoire\/economie\/boundiali-un-projet-minier-et-des-attentes-locales\"]}]},{\"@type\":\"ImageObject\",\"inLanguage\":\"fr-FR\",\"@id\":\"https:\/\/www.africa-press.net\/cotedivoire\/economie\/boundiali-un-projet-minier-et-des-attentes-locales#primaryimage\",\"url\":\"https:\/\/static.africa-press.net\/cote\/sites\/43\/2025\/07\/sm_1753883028.731432.jpg\",\"contentUrl\":\"https:\/\/static.africa-press.net\/cote\/sites\/43\/2025\/07\/sm_1753883028.731432.jpg\",\"width\":720,\"height\":481,\"caption\":\"Boundiali Un Projet Minier et Des Attentes Locales\"},{\"@type\":\"BreadcrumbList\",\"@id\":\"https:\/\/www.africa-press.net\/cotedivoire\/economie\/boundiali-un-projet-minier-et-des-attentes-locales#breadcrumb\",\"itemListElement\":[{\"@type\":\"ListItem\",\"position\":1,\"name\":\"Accueil\",\"item\":\"https:\/\/www.africa-press.net\/cotedivoire\/\"},{\"@type\":\"ListItem\",\"position\":2,\"name\":\"Boundiali Un Projet Minier et Des Attentes Locales\"}]},{\"@type\":\"WebSite\",\"@id\":\"https:\/\/www.africa-press.net\/cotedivoire\/#website\",\"url\":\"https:\/\/www.africa-press.net\/cotedivoire\/\",\"name\":\"C\u00f4te d&#039;Ivoire\",\"description\":\"Just another Africa News Agency Sites site\",\"potentialAction\":[{\"@type\":\"SearchAction\",\"target\":{\"@type\":\"EntryPoint\",\"urlTemplate\":\"https:\/\/www.africa-press.net\/cotedivoire\/?s={search_term_string}\"},\"query-input\":{\"@type\":\"PropertyValueSpecification\",\"valueRequired\":true,\"valueName\":\"search_term_string\"}}],\"inLanguage\":\"fr-FR\"},{\"@type\":\"Person\",\"@id\":\"https:\/\/www.africa-press.net\/cotedivoire\/#\/schema\/person\/2b1cf3cd81a31e3cd26889ca66d677f1\",\"name\":\"cfeditorfr\"}]}<\/script>\n<!-- \/ Yoast SEO Premium plugin. -->","yoast_head_json":{"title":"Boundiali Un Projet Minier et Des Attentes Locales - C\u00f4te d&#039;Ivoire","description":"Dans le nord de la Co\u0302te d\u2019Ivoire, plus pre\u0301cise\u0301ment dans la re\u0301gion de Boundiali, un projet minier commence a\u0300 suscite ...","robots":{"index":"index","follow":"follow","max-snippet":"max-snippet:-1","max-image-preview":"max-image-preview:large","max-video-preview":"max-video-preview:-1"},"canonical":"https:\/\/www.africa-press.net\/cotedivoire\/economie\/boundiali-un-projet-minier-et-des-attentes-locales","og_locale":"fr_FR","og_type":"article","og_title":"Boundiali Un Projet Minier et Des Attentes Locales","og_description":"Dans le nord de la Co\u0302te d\u2019Ivoire, plus pre\u0301cise\u0301ment dans la re\u0301gion de Boundiali, un projet minier commence a\u0300 suscite ...","og_url":"https:\/\/www.africa-press.net\/cotedivoire\/economie\/boundiali-un-projet-minier-et-des-attentes-locales","og_site_name":"C\u00f4te d&#039;Ivoire","article_published_time":"2025-07-30T16:44:49+00:00","article_modified_time":"2025-07-30T17:14:27+00:00","og_image":[{"width":720,"height":481,"url":"https:\/\/static.africa-press.net\/cote\/sites\/43\/2025\/07\/sm_1753883028.731432.jpg","type":"image\/jpeg"}],"author":"cfeditorfr","twitter_card":"summary_large_image","twitter_misc":{"\u00c9crit par":"cfeditorfr","Dur\u00e9e de lecture estim\u00e9e":"3 minutes"},"schema":{"@context":"https:\/\/schema.org","@graph":[{"@type":"Article","@id":"https:\/\/www.africa-press.net\/cotedivoire\/economie\/boundiali-un-projet-minier-et-des-attentes-locales#article","isPartOf":{"@id":"https:\/\/www.africa-press.net\/cotedivoire\/economie\/boundiali-un-projet-minier-et-des-attentes-locales"},"author":{"name":"cfeditorfr","@id":"https:\/\/www.africa-press.net\/cotedivoire\/#\/schema\/person\/2b1cf3cd81a31e3cd26889ca66d677f1"},"headline":"Boundiali Un Projet Minier et Des Attentes Locales","datePublished":"2025-07-30T16:44:49+00:00","dateModified":"2025-07-30T17:14:27+00:00","mainEntityOfPage":{"@id":"https:\/\/www.africa-press.net\/cotedivoire\/economie\/boundiali-un-projet-minier-et-des-attentes-locales"},"wordCount":462,"commentCount":0,"image":{"@id":"https:\/\/www.africa-press.net\/cotedivoire\/economie\/boundiali-un-projet-minier-et-des-attentes-locales#primaryimage"},"thumbnailUrl":"https:\/\/static.africa-press.net\/cote\/sites\/43\/2025\/07\/sm_1753883028.731432.jpg","keywords":["Boundiali","C\u00d4TE D'IVOIRE"],"articleSection":["\u00c9conomie","Toutes les actualit\u00e9s"],"inLanguage":"fr-FR","potentialAction":[{"@type":"CommentAction","name":"Comment","target":["https:\/\/www.africa-press.net\/cotedivoire\/economie\/boundiali-un-projet-minier-et-des-attentes-locales#respond"]}]},{"@type":"WebPage","@id":"https:\/\/www.africa-press.net\/cotedivoire\/economie\/boundiali-un-projet-minier-et-des-attentes-locales","url":"https:\/\/www.africa-press.net\/cotedivoire\/economie\/boundiali-un-projet-minier-et-des-attentes-locales","name":"Boundiali Un Projet Minier et Des Attentes Locales - C\u00f4te d&#039;Ivoire","isPartOf":{"@id":"https:\/\/www.africa-press.net\/cotedivoire\/#website"},"primaryImageOfPage":{"@id":"https:\/\/www.africa-press.net\/cotedivoire\/economie\/boundiali-un-projet-minier-et-des-attentes-locales#primaryimage"},"image":{"@id":"https:\/\/www.africa-press.net\/cotedivoire\/economie\/boundiali-un-projet-minier-et-des-attentes-locales#primaryimage"},"thumbnailUrl":"https:\/\/static.africa-press.net\/cote\/sites\/43\/2025\/07\/sm_1753883028.731432.jpg","datePublished":"2025-07-30T16:44:49+00:00","dateModified":"2025-07-30T17:14:27+00:00","author":{"@id":"https:\/\/www.africa-press.net\/cotedivoire\/#\/schema\/person\/2b1cf3cd81a31e3cd26889ca66d677f1"},"description":"Dans le nord de la Co\u0302te d\u2019Ivoire, plus pre\u0301cise\u0301ment dans la re\u0301gion de Boundiali, un projet minier commence a\u0300 suscite ...","breadcrumb":{"@id":"https:\/\/www.africa-press.net\/cotedivoire\/economie\/boundiali-un-projet-minier-et-des-attentes-locales#breadcrumb"},"inLanguage":"fr-FR","potentialAction":[{"@type":"ReadAction","target":["https:\/\/www.africa-press.net\/cotedivoire\/economie\/boundiali-un-projet-minier-et-des-attentes-locales"]}]},{"@type":"ImageObject","inLanguage":"fr-FR","@id":"https:\/\/www.africa-press.net\/cotedivoire\/economie\/boundiali-un-projet-minier-et-des-attentes-locales#primaryimage","url":"https:\/\/static.africa-press.net\/cote\/sites\/43\/2025\/07\/sm_1753883028.731432.jpg","contentUrl":"https:\/\/static.africa-press.net\/cote\/sites\/43\/2025\/07\/sm_1753883028.731432.jpg","width":720,"height":481,"caption":"Boundiali Un Projet Minier et Des Attentes Locales"},{"@type":"BreadcrumbList","@id":"https:\/\/www.africa-press.net\/cotedivoire\/economie\/boundiali-un-projet-minier-et-des-attentes-locales#breadcrumb","itemListElement":[{"@type":"ListItem","position":1,"name":"Accueil","item":"https:\/\/www.africa-press.net\/cotedivoire\/"},{"@type":"ListItem","position":2,"name":"Boundiali Un Projet Minier et Des Attentes Locales"}]},{"@type":"WebSite","@id":"https:\/\/www.africa-press.net\/cotedivoire\/#website","url":"https:\/\/www.africa-press.net\/cotedivoire\/","name":"C\u00f4te d&#039;Ivoire","description":"Just another Africa News Agency Sites site","potentialAction":[{"@type":"SearchAction","target":{"@type":"EntryPoint","urlTemplate":"https:\/\/www.africa-press.net\/cotedivoire\/?s={search_term_string}"},"query-input":{"@type":"PropertyValueSpecification","valueRequired":true,"valueName":"search_term_string"}}],"inLanguage":"fr-FR"},{"@type":"Person","@id":"https:\/\/www.africa-press.net\/cotedivoire\/#\/schema\/person\/2b1cf3cd81a31e3cd26889ca66d677f1","name":"cfeditorfr"}]}},"_links":{"self":[{"href":"https:\/\/www.africa-press.net\/cotedivoire\/wp-json\/wp\/v2\/posts\/102984","targetHints":{"allow":["GET"]}}],"collection":[{"href":"https:\/\/www.africa-press.net\/cotedivoire\/wp-json\/wp\/v2\/posts"}],"about":[{"href":"https:\/\/www.africa-press.net\/cotedivoire\/wp-json\/wp\/v2\/types\/post"}],"author":[{"embeddable":true,"href":"https:\/\/www.africa-press.net\/cotedivoire\/wp-json\/wp\/v2\/users\/82"}],"replies":[{"embeddable":true,"href":"https:\/\/www.africa-press.net\/cotedivoire\/wp-json\/wp\/v2\/comments?post=102984"}],"version-history":[{"count":0,"href":"https:\/\/www.africa-press.net\/cotedivoire\/wp-json\/wp\/v2\/posts\/102984\/revisions"}],"wp:featuredmedia":[{"embeddable":true,"href":"https:\/\/www.africa-press.net\/cotedivoire\/wp-json\/wp\/v2\/media\/102983"}],"wp:attachment":[{"href":"https:\/\/www.africa-press.net\/cotedivoire\/wp-json\/wp\/v2\/media?parent=102984"}],"wp:term":[{"taxonomy":"category","embeddable":true,"href":"https:\/\/www.africa-press.net\/cotedivoire\/wp-json\/wp\/v2\/categories?post=102984"},{"taxonomy":"post_tag","embeddable":true,"href":"https:\/\/www.africa-press.net\/cotedivoire\/wp-json\/wp\/v2\/tags?post=102984"}],"curies":[{"name":"wp","href":"https:\/\/api.w.org\/{rel}","templated":true}]}}