{"id":10301,"date":"2021-07-23T13:15:43","date_gmt":"2021-07-23T13:15:43","guid":{"rendered":"https:\/\/www.africa-press.net\/cotedivoire\/?p=10301"},"modified":"2021-07-24T08:09:20","modified_gmt":"2021-07-24T08:09:20","slug":"abidjan-liom-lance-le-festival-international-du-film-sur-la-migration","status":"publish","type":"post","link":"https:\/\/www.africa-press.net\/cotedivoire\/culture-et-art\/abidjan-liom-lance-le-festival-international-du-film-sur-la-migration","title":{"rendered":"L\u2019IOM lance le Festival International du Film sur la migration"},"content":{"rendered":"<p><span style=\"color: #ff6600\"><strong><a href=\"https:\/\/www.africa-press.net\/\">Africa-Press<\/a> &#8211; <a href=\"https:\/\/www.africa-press.net\/cotedivoire\">C\u00f4te d&rsquo;Ivoire<\/a>. <\/strong><\/span>L\u2019Organisation Internationale pour les migrations organise, comme chaque ann\u00e9e, le Festival International du Film sur la migration.<\/p>\n<p>Jusqu\u2019au 22 ao\u00fbt, les inscriptions sont ouvertes pour que des amateurs et professionnels de l\u2019audiovisuel soumettent leurs projets de court ou long m\u00e9trage et tentent leur chance d\u2019\u00eatre diffus\u00e9 lors du festival qui aura lieu en novembre.<\/p>\n<p>Dans ce contexte, nous vous invitons \u00e0 largement diffuser les informations concernant le festival, pour encourager la participation d\u2019artistes, producteurs et r\u00e9alisateurs en C\u00f4te d\u2019Ivoire !<\/p>\n<p>&nbsp;<\/p>\n","protected":false},"excerpt":{"rendered":"<p>Africa-Press &#8211; C\u00f4te d&rsquo;Ivoire. L\u2019Organisation Internationale pour les migrations organise, comme chaque ann\u00e9e, le Festival International du Film sur la migration. Jusqu\u2019au 22 ao\u00fbt, les inscriptions sont ouvertes pour que des amateurs et professionnels de l\u2019audiovisuel soumettent leurs projets de court ou long m\u00e9trage et tentent leur chance d\u2019\u00eatre diffus\u00e9 lors du festival qui aura [&hellip;]<\/p>\n","protected":false},"author":82,"featured_media":10300,"comment_status":"open","ping_status":"closed","sticky":false,"template":"","format":"standard","meta":{"footnotes":""},"categories":[5,11,10],"tags":[56,63,29],"class_list":["post-10301","post","type-post","status-publish","format-standard","has-post-thumbnail","hentry","category-culture-et-art","category-homepage-french","category-toutes-les-actualites","tag-africa-press","tag-africa-press-cote-divoire","tag-cote-divoire"],"yoast_head":"<!-- This site is optimized with the Yoast SEO Premium plugin v26.1 (Yoast SEO v27.0) - https:\/\/yoast.com\/product\/yoast-seo-premium-wordpress\/ -->\n<title>L\u2019IOM lance le Festival International du Film sur la migration - C\u00f4te d&#039;Ivoire<\/title>\n<meta name=\"description\" content=\"L\u2019Organisation Internationale pour les migrations organise, comme chaque ann\u00e9e, le Festival International du Film sur la ...\" \/>\n<meta name=\"robots\" content=\"index, follow, max-snippet:-1, max-image-preview:large, max-video-preview:-1\" \/>\n<link rel=\"canonical\" href=\"https:\/\/www.africa-press.net\/cotedivoire\/culture-et-art\/abidjan-liom-lance-le-festival-international-du-film-sur-la-migration\" \/>\n<meta property=\"og:locale\" content=\"fr_FR\" \/>\n<meta property=\"og:type\" content=\"article\" \/>\n<meta property=\"og:title\" content=\"L\u2019IOM lance le Festival International du Film sur la migration\" \/>\n<meta property=\"og:description\" content=\"L\u2019Organisation Internationale pour les migrations organise, comme chaque ann\u00e9e, le Festival International du Film sur la ...\" \/>\n<meta property=\"og:url\" content=\"https:\/\/www.africa-press.net\/cotedivoire\/culture-et-art\/abidjan-liom-lance-le-festival-international-du-film-sur-la-migration\" \/>\n<meta property=\"og:site_name\" content=\"C\u00f4te d&#039;Ivoire\" \/>\n<meta property=\"article:published_time\" content=\"2021-07-23T13:15:43+00:00\" \/>\n<meta property=\"article:modified_time\" content=\"2021-07-24T08:09:20+00:00\" \/>\n<meta property=\"og:image\" content=\"https:\/\/static.africa-press.net\/cote\/sites\/43\/2021\/07\/img-60fabd6dec9c1.jpg\" \/>\n\t<meta property=\"og:image:width\" content=\"1200\" \/>\n\t<meta property=\"og:image:height\" content=\"515\" \/>\n\t<meta property=\"og:image:type\" content=\"image\/jpeg\" \/>\n<meta name=\"author\" content=\"cfeditorfr\" \/>\n<meta name=\"twitter:card\" content=\"summary_large_image\" \/>\n<meta name=\"twitter:label1\" content=\"\u00c9crit par\" \/>\n\t<meta name=\"twitter:data1\" content=\"cfeditorfr\" \/>\n\t<meta name=\"twitter:label2\" content=\"Dur\u00e9e de lecture estim\u00e9e\" \/>\n\t<meta name=\"twitter:data2\" content=\"1 minute\" \/>\n<script type=\"application\/ld+json\" class=\"yoast-schema-graph\">{\"@context\":\"https:\/\/schema.org\",\"@graph\":[{\"@type\":\"Article\",\"@id\":\"https:\/\/www.africa-press.net\/cotedivoire\/culture-et-art\/abidjan-liom-lance-le-festival-international-du-film-sur-la-migration#article\",\"isPartOf\":{\"@id\":\"https:\/\/www.africa-press.net\/cotedivoire\/culture-et-art\/abidjan-liom-lance-le-festival-international-du-film-sur-la-migration\"},\"author\":{\"name\":\"cfeditorfr\",\"@id\":\"https:\/\/www.africa-press.net\/cotedivoire\/#\/schema\/person\/2b1cf3cd81a31e3cd26889ca66d677f1\"},\"headline\":\"L\u2019IOM lance le Festival International du Film sur la migration\",\"datePublished\":\"2021-07-23T13:15:43+00:00\",\"dateModified\":\"2021-07-24T08:09:20+00:00\",\"mainEntityOfPage\":{\"@id\":\"https:\/\/www.africa-press.net\/cotedivoire\/culture-et-art\/abidjan-liom-lance-le-festival-international-du-film-sur-la-migration\"},\"wordCount\":106,\"commentCount\":0,\"image\":{\"@id\":\"https:\/\/www.africa-press.net\/cotedivoire\/culture-et-art\/abidjan-liom-lance-le-festival-international-du-film-sur-la-migration#primaryimage\"},\"thumbnailUrl\":\"https:\/\/static.africa-press.net\/cote\/sites\/43\/2021\/07\/img-60fabd6dec9c1.jpg\",\"keywords\":[\"Africa Press\",\"Africa Press-C\u00f4te d'Ivoire\",\"C\u00d4TE D'IVOIRE\"],\"articleSection\":[\"Culture et Art\",\"homepage-french\",\"Toutes les actualit\u00e9s\"],\"inLanguage\":\"fr-FR\",\"potentialAction\":[{\"@type\":\"CommentAction\",\"name\":\"Comment\",\"target\":[\"https:\/\/www.africa-press.net\/cotedivoire\/culture-et-art\/abidjan-liom-lance-le-festival-international-du-film-sur-la-migration#respond\"]}]},{\"@type\":\"WebPage\",\"@id\":\"https:\/\/www.africa-press.net\/cotedivoire\/culture-et-art\/abidjan-liom-lance-le-festival-international-du-film-sur-la-migration\",\"url\":\"https:\/\/www.africa-press.net\/cotedivoire\/culture-et-art\/abidjan-liom-lance-le-festival-international-du-film-sur-la-migration\",\"name\":\"L\u2019IOM lance le Festival International du Film sur la migration - C\u00f4te d&#039;Ivoire\",\"isPartOf\":{\"@id\":\"https:\/\/www.africa-press.net\/cotedivoire\/#website\"},\"primaryImageOfPage\":{\"@id\":\"https:\/\/www.africa-press.net\/cotedivoire\/culture-et-art\/abidjan-liom-lance-le-festival-international-du-film-sur-la-migration#primaryimage\"},\"image\":{\"@id\":\"https:\/\/www.africa-press.net\/cotedivoire\/culture-et-art\/abidjan-liom-lance-le-festival-international-du-film-sur-la-migration#primaryimage\"},\"thumbnailUrl\":\"https:\/\/static.africa-press.net\/cote\/sites\/43\/2021\/07\/img-60fabd6dec9c1.jpg\",\"datePublished\":\"2021-07-23T13:15:43+00:00\",\"dateModified\":\"2021-07-24T08:09:20+00:00\",\"author\":{\"@id\":\"https:\/\/www.africa-press.net\/cotedivoire\/#\/schema\/person\/2b1cf3cd81a31e3cd26889ca66d677f1\"},\"description\":\"L\u2019Organisation Internationale pour les migrations organise, comme chaque ann\u00e9e, le Festival International du Film sur la ...\",\"breadcrumb\":{\"@id\":\"https:\/\/www.africa-press.net\/cotedivoire\/culture-et-art\/abidjan-liom-lance-le-festival-international-du-film-sur-la-migration#breadcrumb\"},\"inLanguage\":\"fr-FR\",\"potentialAction\":[{\"@type\":\"ReadAction\",\"target\":[\"https:\/\/www.africa-press.net\/cotedivoire\/culture-et-art\/abidjan-liom-lance-le-festival-international-du-film-sur-la-migration\"]}]},{\"@type\":\"ImageObject\",\"inLanguage\":\"fr-FR\",\"@id\":\"https:\/\/www.africa-press.net\/cotedivoire\/culture-et-art\/abidjan-liom-lance-le-festival-international-du-film-sur-la-migration#primaryimage\",\"url\":\"https:\/\/static.africa-press.net\/cote\/sites\/43\/2021\/07\/img-60fabd6dec9c1.jpg\",\"contentUrl\":\"https:\/\/static.africa-press.net\/cote\/sites\/43\/2021\/07\/img-60fabd6dec9c1.jpg\",\"width\":1200,\"height\":515,\"caption\":\"Abidjan: L\u2019IOM lance le Festival International du Film sur la migration\"},{\"@type\":\"BreadcrumbList\",\"@id\":\"https:\/\/www.africa-press.net\/cotedivoire\/culture-et-art\/abidjan-liom-lance-le-festival-international-du-film-sur-la-migration#breadcrumb\",\"itemListElement\":[{\"@type\":\"ListItem\",\"position\":1,\"name\":\"Accueil\",\"item\":\"https:\/\/www.africa-press.net\/cotedivoire\/\"},{\"@type\":\"ListItem\",\"position\":2,\"name\":\"L\u2019IOM lance le Festival International du Film sur la migration\"}]},{\"@type\":\"WebSite\",\"@id\":\"https:\/\/www.africa-press.net\/cotedivoire\/#website\",\"url\":\"https:\/\/www.africa-press.net\/cotedivoire\/\",\"name\":\"C\u00f4te d&#039;Ivoire\",\"description\":\"Just another Africa News Agency Sites site\",\"potentialAction\":[{\"@type\":\"SearchAction\",\"target\":{\"@type\":\"EntryPoint\",\"urlTemplate\":\"https:\/\/www.africa-press.net\/cotedivoire\/?s={search_term_string}\"},\"query-input\":{\"@type\":\"PropertyValueSpecification\",\"valueRequired\":true,\"valueName\":\"search_term_string\"}}],\"inLanguage\":\"fr-FR\"},{\"@type\":\"Person\",\"@id\":\"https:\/\/www.africa-press.net\/cotedivoire\/#\/schema\/person\/2b1cf3cd81a31e3cd26889ca66d677f1\",\"name\":\"cfeditorfr\"}]}<\/script>\n<!-- \/ Yoast SEO Premium plugin. -->","yoast_head_json":{"title":"L\u2019IOM lance le Festival International du Film sur la migration - C\u00f4te d&#039;Ivoire","description":"L\u2019Organisation Internationale pour les migrations organise, comme chaque ann\u00e9e, le Festival International du Film sur la ...","robots":{"index":"index","follow":"follow","max-snippet":"max-snippet:-1","max-image-preview":"max-image-preview:large","max-video-preview":"max-video-preview:-1"},"canonical":"https:\/\/www.africa-press.net\/cotedivoire\/culture-et-art\/abidjan-liom-lance-le-festival-international-du-film-sur-la-migration","og_locale":"fr_FR","og_type":"article","og_title":"L\u2019IOM lance le Festival International du Film sur la migration","og_description":"L\u2019Organisation Internationale pour les migrations organise, comme chaque ann\u00e9e, le Festival International du Film sur la ...","og_url":"https:\/\/www.africa-press.net\/cotedivoire\/culture-et-art\/abidjan-liom-lance-le-festival-international-du-film-sur-la-migration","og_site_name":"C\u00f4te d&#039;Ivoire","article_published_time":"2021-07-23T13:15:43+00:00","article_modified_time":"2021-07-24T08:09:20+00:00","og_image":[{"width":1200,"height":515,"url":"https:\/\/static.africa-press.net\/cote\/sites\/43\/2021\/07\/img-60fabd6dec9c1.jpg","type":"image\/jpeg"}],"author":"cfeditorfr","twitter_card":"summary_large_image","twitter_misc":{"\u00c9crit par":"cfeditorfr","Dur\u00e9e de lecture estim\u00e9e":"1 minute"},"schema":{"@context":"https:\/\/schema.org","@graph":[{"@type":"Article","@id":"https:\/\/www.africa-press.net\/cotedivoire\/culture-et-art\/abidjan-liom-lance-le-festival-international-du-film-sur-la-migration#article","isPartOf":{"@id":"https:\/\/www.africa-press.net\/cotedivoire\/culture-et-art\/abidjan-liom-lance-le-festival-international-du-film-sur-la-migration"},"author":{"name":"cfeditorfr","@id":"https:\/\/www.africa-press.net\/cotedivoire\/#\/schema\/person\/2b1cf3cd81a31e3cd26889ca66d677f1"},"headline":"L\u2019IOM lance le Festival International du Film sur la migration","datePublished":"2021-07-23T13:15:43+00:00","dateModified":"2021-07-24T08:09:20+00:00","mainEntityOfPage":{"@id":"https:\/\/www.africa-press.net\/cotedivoire\/culture-et-art\/abidjan-liom-lance-le-festival-international-du-film-sur-la-migration"},"wordCount":106,"commentCount":0,"image":{"@id":"https:\/\/www.africa-press.net\/cotedivoire\/culture-et-art\/abidjan-liom-lance-le-festival-international-du-film-sur-la-migration#primaryimage"},"thumbnailUrl":"https:\/\/static.africa-press.net\/cote\/sites\/43\/2021\/07\/img-60fabd6dec9c1.jpg","keywords":["Africa Press","Africa Press-C\u00f4te d'Ivoire","C\u00d4TE D'IVOIRE"],"articleSection":["Culture et Art","homepage-french","Toutes les actualit\u00e9s"],"inLanguage":"fr-FR","potentialAction":[{"@type":"CommentAction","name":"Comment","target":["https:\/\/www.africa-press.net\/cotedivoire\/culture-et-art\/abidjan-liom-lance-le-festival-international-du-film-sur-la-migration#respond"]}]},{"@type":"WebPage","@id":"https:\/\/www.africa-press.net\/cotedivoire\/culture-et-art\/abidjan-liom-lance-le-festival-international-du-film-sur-la-migration","url":"https:\/\/www.africa-press.net\/cotedivoire\/culture-et-art\/abidjan-liom-lance-le-festival-international-du-film-sur-la-migration","name":"L\u2019IOM lance le Festival International du Film sur la migration - C\u00f4te d&#039;Ivoire","isPartOf":{"@id":"https:\/\/www.africa-press.net\/cotedivoire\/#website"},"primaryImageOfPage":{"@id":"https:\/\/www.africa-press.net\/cotedivoire\/culture-et-art\/abidjan-liom-lance-le-festival-international-du-film-sur-la-migration#primaryimage"},"image":{"@id":"https:\/\/www.africa-press.net\/cotedivoire\/culture-et-art\/abidjan-liom-lance-le-festival-international-du-film-sur-la-migration#primaryimage"},"thumbnailUrl":"https:\/\/static.africa-press.net\/cote\/sites\/43\/2021\/07\/img-60fabd6dec9c1.jpg","datePublished":"2021-07-23T13:15:43+00:00","dateModified":"2021-07-24T08:09:20+00:00","author":{"@id":"https:\/\/www.africa-press.net\/cotedivoire\/#\/schema\/person\/2b1cf3cd81a31e3cd26889ca66d677f1"},"description":"L\u2019Organisation Internationale pour les migrations organise, comme chaque ann\u00e9e, le Festival International du Film sur la ...","breadcrumb":{"@id":"https:\/\/www.africa-press.net\/cotedivoire\/culture-et-art\/abidjan-liom-lance-le-festival-international-du-film-sur-la-migration#breadcrumb"},"inLanguage":"fr-FR","potentialAction":[{"@type":"ReadAction","target":["https:\/\/www.africa-press.net\/cotedivoire\/culture-et-art\/abidjan-liom-lance-le-festival-international-du-film-sur-la-migration"]}]},{"@type":"ImageObject","inLanguage":"fr-FR","@id":"https:\/\/www.africa-press.net\/cotedivoire\/culture-et-art\/abidjan-liom-lance-le-festival-international-du-film-sur-la-migration#primaryimage","url":"https:\/\/static.africa-press.net\/cote\/sites\/43\/2021\/07\/img-60fabd6dec9c1.jpg","contentUrl":"https:\/\/static.africa-press.net\/cote\/sites\/43\/2021\/07\/img-60fabd6dec9c1.jpg","width":1200,"height":515,"caption":"Abidjan: L\u2019IOM lance le Festival International du Film sur la migration"},{"@type":"BreadcrumbList","@id":"https:\/\/www.africa-press.net\/cotedivoire\/culture-et-art\/abidjan-liom-lance-le-festival-international-du-film-sur-la-migration#breadcrumb","itemListElement":[{"@type":"ListItem","position":1,"name":"Accueil","item":"https:\/\/www.africa-press.net\/cotedivoire\/"},{"@type":"ListItem","position":2,"name":"L\u2019IOM lance le Festival International du Film sur la migration"}]},{"@type":"WebSite","@id":"https:\/\/www.africa-press.net\/cotedivoire\/#website","url":"https:\/\/www.africa-press.net\/cotedivoire\/","name":"C\u00f4te d&#039;Ivoire","description":"Just another Africa News Agency Sites site","potentialAction":[{"@type":"SearchAction","target":{"@type":"EntryPoint","urlTemplate":"https:\/\/www.africa-press.net\/cotedivoire\/?s={search_term_string}"},"query-input":{"@type":"PropertyValueSpecification","valueRequired":true,"valueName":"search_term_string"}}],"inLanguage":"fr-FR"},{"@type":"Person","@id":"https:\/\/www.africa-press.net\/cotedivoire\/#\/schema\/person\/2b1cf3cd81a31e3cd26889ca66d677f1","name":"cfeditorfr"}]}},"_links":{"self":[{"href":"https:\/\/www.africa-press.net\/cotedivoire\/wp-json\/wp\/v2\/posts\/10301","targetHints":{"allow":["GET"]}}],"collection":[{"href":"https:\/\/www.africa-press.net\/cotedivoire\/wp-json\/wp\/v2\/posts"}],"about":[{"href":"https:\/\/www.africa-press.net\/cotedivoire\/wp-json\/wp\/v2\/types\/post"}],"author":[{"embeddable":true,"href":"https:\/\/www.africa-press.net\/cotedivoire\/wp-json\/wp\/v2\/users\/82"}],"replies":[{"embeddable":true,"href":"https:\/\/www.africa-press.net\/cotedivoire\/wp-json\/wp\/v2\/comments?post=10301"}],"version-history":[{"count":0,"href":"https:\/\/www.africa-press.net\/cotedivoire\/wp-json\/wp\/v2\/posts\/10301\/revisions"}],"wp:featuredmedia":[{"embeddable":true,"href":"https:\/\/www.africa-press.net\/cotedivoire\/wp-json\/wp\/v2\/media\/10300"}],"wp:attachment":[{"href":"https:\/\/www.africa-press.net\/cotedivoire\/wp-json\/wp\/v2\/media?parent=10301"}],"wp:term":[{"taxonomy":"category","embeddable":true,"href":"https:\/\/www.africa-press.net\/cotedivoire\/wp-json\/wp\/v2\/categories?post=10301"},{"taxonomy":"post_tag","embeddable":true,"href":"https:\/\/www.africa-press.net\/cotedivoire\/wp-json\/wp\/v2\/tags?post=10301"}],"curies":[{"name":"wp","href":"https:\/\/api.w.org\/{rel}","templated":true}]}}