{"id":10304,"date":"2021-07-23T13:26:19","date_gmt":"2021-07-23T13:26:19","guid":{"rendered":"https:\/\/www.africa-press.net\/cotedivoire\/?p=10304"},"modified":"2021-07-24T08:09:26","modified_gmt":"2021-07-24T08:09:26","slug":"operation-mains-propres-en-cote-divoire-le-ministre-budget-et-du-portefeuille-de-letat-ne-protegera-personne","status":"publish","type":"post","link":"https:\/\/www.africa-press.net\/cotedivoire\/economie\/operation-mains-propres-en-cote-divoire-le-ministre-budget-et-du-portefeuille-de-letat-ne-protegera-personne","title":{"rendered":"Op\u00e9ration \u00ab\u00a0mains propres\u00a0\u00bb en C\u00f4te-d\u2019Ivoire: Le ministre budget et du portefeuille de l\u2019\u00c9tat ne prot\u00e8gera personne"},"content":{"rendered":"<p><span style=\"color: #ff6600\"><strong><a href=\"https:\/\/www.africa-press.net\/\">Africa-Press<\/a> &#8211; <a href=\"https:\/\/www.africa-press.net\/cotedivoire\">C\u00f4te d&rsquo;Ivoire<\/a>. <\/strong><\/span>Afin d\u2019\u00e9viter tout malentendu pouvant d\u00e9couler d\u2019une interpr\u00e9tation tendancieuse de notre publication d\u2019hier sur le DG de l\u2019ONAD, le ministre du Budget, qui assure la tutelle financi\u00e8re de cet organisme public a souhait\u00e9 que nous puissions pr\u00e9ciser qu\u2019il ne fera rien pour sauver la t\u00eate d\u2019aucun patron d\u2019entreprise.<\/p>\n<p><b>\u00ab Aucun lien de parent\u00e9, nulle affinit\u00e9 politique ou tout autre relation r\u00e9elle ou suppos\u00e9e ne pourront faire intervenir le ministre du Budget et du portefeuille de l\u2019\u00c9tat \u00bb,<\/b><\/p>\n<p>nous a fait transmettre le ministre Moussa SANOGO par ses services o\u00f9 nous avons \u00e9t\u00e9 re\u00e7u dans une grande cordialit\u00e9 ce Jeudi apr\u00e8s-midi.<\/p>\n<p>Plus t\u00f4t dans la matin\u00e9e, un membre du gouvernement avec qui j\u2019ai \u00e9chang\u00e9 insistait sur la probit\u00e9 morale du ministre SANOGO, qui lui interdit d\u2019intervenir pour tenter de sauver la t\u00eate de quelques cadres en ind\u00e9licatesse avec la loi.<\/p>\n<p>Donc acte.<\/p>\n<p>Notre publication de mercredi r\u00e9v\u00e9lait des d\u00e9marches entreprises, par les ressortissants de son village, pour tenter de prot\u00e9ger le DG de l\u2019Office Nationale de l\u2019Assainissement et du Drainage (ONAD), dont la gestion est actuellement contr\u00f4l\u00e9e. Le directeur, Amara SANOGO, est originaire de Ouaninou, dans le nord de la C\u00f4te d\u2019Ivoire, tout comme le ministre du budget. Mais comme l\u2019a pr\u00e9cis\u00e9 le ministre Moussa SANOGO, aucune faveur ne sera accord\u00e9e \u00e0 personne. Pour preuve, et selon nos sources tr\u00e8s cr\u00e9dibles au minist\u00e8re du Budget, un audit est actuellement en cours \u00e0 l\u2019ONAD. Le contr\u00f4le, conduit par le cabinet FCA, a d\u00e9pos\u00e9 un rapport provisoire le 16 Juillet 2021, toujours d\u2019apr\u00e8s mes sources. Ces informations ont \u00e9t\u00e9 confirm\u00e9es par le minist\u00e8re du Budget.<\/p>\n<p>Plusieurs DG ont d\u00e9j\u00e0 \u00e9t\u00e9 suspendus de leurs fonctions dans le cadre de la vaste op\u00e9ration mains propres lanc\u00e9e par le pr\u00e9sident Ouattara. Certains dirigeants d\u2019entreprises et structures publics ont \u00e9t\u00e9 entendus par la procureure anti-corruption, la juge Yanni Milie Blanche Essoh-Abanet.<\/p>\n<p>&nbsp;<\/p>\n","protected":false},"excerpt":{"rendered":"<p>Africa-Press &#8211; C\u00f4te d&rsquo;Ivoire. Afin d\u2019\u00e9viter tout malentendu pouvant d\u00e9couler d\u2019une interpr\u00e9tation tendancieuse de notre publication d\u2019hier sur le DG de l\u2019ONAD, le ministre du Budget, qui assure la tutelle financi\u00e8re de cet organisme public a souhait\u00e9 que nous puissions pr\u00e9ciser qu\u2019il ne fera rien pour sauver la t\u00eate d\u2019aucun patron d\u2019entreprise. \u00ab Aucun lien [&hellip;]<\/p>\n","protected":false},"author":82,"featured_media":10303,"comment_status":"open","ping_status":"closed","sticky":false,"template":"","format":"standard","meta":{"footnotes":""},"categories":[3,11,20,10],"tags":[56,63,29],"class_list":["post-10304","post","type-post","status-publish","format-standard","has-post-thumbnail","hentry","category-economie","category-homepage-french","category-top-nouvelles","category-toutes-les-actualites","tag-africa-press","tag-africa-press-cote-divoire","tag-cote-divoire"],"yoast_head":"<!-- This site is optimized with the Yoast SEO Premium plugin v26.1 (Yoast SEO v27.0) - https:\/\/yoast.com\/product\/yoast-seo-premium-wordpress\/ -->\n<title>Op\u00e9ration \u00ab\u00a0mains propres\u00a0\u00bb en C\u00f4te-d\u2019Ivoire: Le ministre budget et du portefeuille de l\u2019\u00c9tat ne prot\u00e8gera personne - C\u00f4te d&#039;Ivoire<\/title>\n<meta name=\"description\" content=\"Afin d\u2019\u00e9viter tout malentendu pouvant d\u00e9couler d\u2019une interpr\u00e9tation tendancieuse de notre publication d\u2019hier sur le DG d ...\" \/>\n<meta name=\"robots\" content=\"index, follow, max-snippet:-1, max-image-preview:large, max-video-preview:-1\" \/>\n<link rel=\"canonical\" href=\"https:\/\/www.africa-press.net\/cotedivoire\/economie\/operation-mains-propres-en-cote-divoire-le-ministre-budget-et-du-portefeuille-de-letat-ne-protegera-personne\" \/>\n<meta property=\"og:locale\" content=\"fr_FR\" \/>\n<meta property=\"og:type\" content=\"article\" \/>\n<meta property=\"og:title\" content=\"Op\u00e9ration \u00ab\u00a0mains propres\u00a0\u00bb en C\u00f4te-d\u2019Ivoire: Le ministre budget et du portefeuille de l\u2019\u00c9tat ne prot\u00e8gera personne\" \/>\n<meta property=\"og:description\" content=\"Afin d\u2019\u00e9viter tout malentendu pouvant d\u00e9couler d\u2019une interpr\u00e9tation tendancieuse de notre publication d\u2019hier sur le DG d ...\" \/>\n<meta property=\"og:url\" content=\"https:\/\/www.africa-press.net\/cotedivoire\/economie\/operation-mains-propres-en-cote-divoire-le-ministre-budget-et-du-portefeuille-de-letat-ne-protegera-personne\" \/>\n<meta property=\"og:site_name\" content=\"C\u00f4te d&#039;Ivoire\" \/>\n<meta property=\"article:published_time\" content=\"2021-07-23T13:26:19+00:00\" \/>\n<meta property=\"article:modified_time\" content=\"2021-07-24T08:09:26+00:00\" \/>\n<meta property=\"og:image\" content=\"https:\/\/static.africa-press.net\/cote\/sites\/43\/2021\/07\/img-60fabd93d650e.jpg\" \/>\n\t<meta property=\"og:image:width\" content=\"720\" \/>\n\t<meta property=\"og:image:height\" content=\"604\" \/>\n\t<meta property=\"og:image:type\" content=\"image\/jpeg\" \/>\n<meta name=\"author\" content=\"cfeditorfr\" \/>\n<meta name=\"twitter:card\" content=\"summary_large_image\" \/>\n<meta name=\"twitter:label1\" content=\"\u00c9crit par\" \/>\n\t<meta name=\"twitter:data1\" content=\"cfeditorfr\" \/>\n\t<meta name=\"twitter:label2\" content=\"Dur\u00e9e de lecture estim\u00e9e\" \/>\n\t<meta name=\"twitter:data2\" content=\"2 minutes\" \/>\n<script type=\"application\/ld+json\" class=\"yoast-schema-graph\">{\"@context\":\"https:\/\/schema.org\",\"@graph\":[{\"@type\":\"Article\",\"@id\":\"https:\/\/www.africa-press.net\/cotedivoire\/economie\/operation-mains-propres-en-cote-divoire-le-ministre-budget-et-du-portefeuille-de-letat-ne-protegera-personne#article\",\"isPartOf\":{\"@id\":\"https:\/\/www.africa-press.net\/cotedivoire\/economie\/operation-mains-propres-en-cote-divoire-le-ministre-budget-et-du-portefeuille-de-letat-ne-protegera-personne\"},\"author\":{\"name\":\"cfeditorfr\",\"@id\":\"https:\/\/www.africa-press.net\/cotedivoire\/#\/schema\/person\/2b1cf3cd81a31e3cd26889ca66d677f1\"},\"headline\":\"Op\u00e9ration \u00ab\u00a0mains propres\u00a0\u00bb en C\u00f4te-d\u2019Ivoire: Le ministre budget et du portefeuille de l\u2019\u00c9tat ne prot\u00e8gera personne\",\"datePublished\":\"2021-07-23T13:26:19+00:00\",\"dateModified\":\"2021-07-24T08:09:26+00:00\",\"mainEntityOfPage\":{\"@id\":\"https:\/\/www.africa-press.net\/cotedivoire\/economie\/operation-mains-propres-en-cote-divoire-le-ministre-budget-et-du-portefeuille-de-letat-ne-protegera-personne\"},\"wordCount\":377,\"commentCount\":0,\"image\":{\"@id\":\"https:\/\/www.africa-press.net\/cotedivoire\/economie\/operation-mains-propres-en-cote-divoire-le-ministre-budget-et-du-portefeuille-de-letat-ne-protegera-personne#primaryimage\"},\"thumbnailUrl\":\"https:\/\/static.africa-press.net\/cote\/sites\/43\/2021\/07\/img-60fabd93d650e.jpg\",\"keywords\":[\"Africa Press\",\"Africa Press-C\u00f4te d'Ivoire\",\"C\u00d4TE D'IVOIRE\"],\"articleSection\":[\"\u00c9conomie\",\"homepage-french\",\"Top Nouvelles\",\"Toutes les actualit\u00e9s\"],\"inLanguage\":\"fr-FR\",\"potentialAction\":[{\"@type\":\"CommentAction\",\"name\":\"Comment\",\"target\":[\"https:\/\/www.africa-press.net\/cotedivoire\/economie\/operation-mains-propres-en-cote-divoire-le-ministre-budget-et-du-portefeuille-de-letat-ne-protegera-personne#respond\"]}]},{\"@type\":\"WebPage\",\"@id\":\"https:\/\/www.africa-press.net\/cotedivoire\/economie\/operation-mains-propres-en-cote-divoire-le-ministre-budget-et-du-portefeuille-de-letat-ne-protegera-personne\",\"url\":\"https:\/\/www.africa-press.net\/cotedivoire\/economie\/operation-mains-propres-en-cote-divoire-le-ministre-budget-et-du-portefeuille-de-letat-ne-protegera-personne\",\"name\":\"Op\u00e9ration \u00ab\u00a0mains propres\u00a0\u00bb en C\u00f4te-d\u2019Ivoire: Le ministre budget et du portefeuille de l\u2019\u00c9tat ne prot\u00e8gera personne - C\u00f4te d&#039;Ivoire\",\"isPartOf\":{\"@id\":\"https:\/\/www.africa-press.net\/cotedivoire\/#website\"},\"primaryImageOfPage\":{\"@id\":\"https:\/\/www.africa-press.net\/cotedivoire\/economie\/operation-mains-propres-en-cote-divoire-le-ministre-budget-et-du-portefeuille-de-letat-ne-protegera-personne#primaryimage\"},\"image\":{\"@id\":\"https:\/\/www.africa-press.net\/cotedivoire\/economie\/operation-mains-propres-en-cote-divoire-le-ministre-budget-et-du-portefeuille-de-letat-ne-protegera-personne#primaryimage\"},\"thumbnailUrl\":\"https:\/\/static.africa-press.net\/cote\/sites\/43\/2021\/07\/img-60fabd93d650e.jpg\",\"datePublished\":\"2021-07-23T13:26:19+00:00\",\"dateModified\":\"2021-07-24T08:09:26+00:00\",\"author\":{\"@id\":\"https:\/\/www.africa-press.net\/cotedivoire\/#\/schema\/person\/2b1cf3cd81a31e3cd26889ca66d677f1\"},\"description\":\"Afin d\u2019\u00e9viter tout malentendu pouvant d\u00e9couler d\u2019une interpr\u00e9tation tendancieuse de notre publication d\u2019hier sur le DG d ...\",\"breadcrumb\":{\"@id\":\"https:\/\/www.africa-press.net\/cotedivoire\/economie\/operation-mains-propres-en-cote-divoire-le-ministre-budget-et-du-portefeuille-de-letat-ne-protegera-personne#breadcrumb\"},\"inLanguage\":\"fr-FR\",\"potentialAction\":[{\"@type\":\"ReadAction\",\"target\":[\"https:\/\/www.africa-press.net\/cotedivoire\/economie\/operation-mains-propres-en-cote-divoire-le-ministre-budget-et-du-portefeuille-de-letat-ne-protegera-personne\"]}]},{\"@type\":\"ImageObject\",\"inLanguage\":\"fr-FR\",\"@id\":\"https:\/\/www.africa-press.net\/cotedivoire\/economie\/operation-mains-propres-en-cote-divoire-le-ministre-budget-et-du-portefeuille-de-letat-ne-protegera-personne#primaryimage\",\"url\":\"https:\/\/static.africa-press.net\/cote\/sites\/43\/2021\/07\/img-60fabd93d650e.jpg\",\"contentUrl\":\"https:\/\/static.africa-press.net\/cote\/sites\/43\/2021\/07\/img-60fabd93d650e.jpg\",\"width\":720,\"height\":604,\"caption\":\"Op\u00e9ration \u00ab\u00a0mains propres\u00a0\u00bb en C\u00f4te-d\u2019Ivoire: Le ministre budget et du portefeuille de l\u2019\u00c9tat ne prot\u00e8gera personne\"},{\"@type\":\"BreadcrumbList\",\"@id\":\"https:\/\/www.africa-press.net\/cotedivoire\/economie\/operation-mains-propres-en-cote-divoire-le-ministre-budget-et-du-portefeuille-de-letat-ne-protegera-personne#breadcrumb\",\"itemListElement\":[{\"@type\":\"ListItem\",\"position\":1,\"name\":\"Accueil\",\"item\":\"https:\/\/www.africa-press.net\/cotedivoire\/\"},{\"@type\":\"ListItem\",\"position\":2,\"name\":\"Op\u00e9ration \u00ab\u00a0mains propres\u00a0\u00bb en C\u00f4te-d\u2019Ivoire: Le ministre budget et du portefeuille de l\u2019\u00c9tat ne prot\u00e8gera personne\"}]},{\"@type\":\"WebSite\",\"@id\":\"https:\/\/www.africa-press.net\/cotedivoire\/#website\",\"url\":\"https:\/\/www.africa-press.net\/cotedivoire\/\",\"name\":\"C\u00f4te d&#039;Ivoire\",\"description\":\"Just another Africa News Agency Sites site\",\"potentialAction\":[{\"@type\":\"SearchAction\",\"target\":{\"@type\":\"EntryPoint\",\"urlTemplate\":\"https:\/\/www.africa-press.net\/cotedivoire\/?s={search_term_string}\"},\"query-input\":{\"@type\":\"PropertyValueSpecification\",\"valueRequired\":true,\"valueName\":\"search_term_string\"}}],\"inLanguage\":\"fr-FR\"},{\"@type\":\"Person\",\"@id\":\"https:\/\/www.africa-press.net\/cotedivoire\/#\/schema\/person\/2b1cf3cd81a31e3cd26889ca66d677f1\",\"name\":\"cfeditorfr\"}]}<\/script>\n<!-- \/ Yoast SEO Premium plugin. -->","yoast_head_json":{"title":"Op\u00e9ration \u00ab\u00a0mains propres\u00a0\u00bb en C\u00f4te-d\u2019Ivoire: Le ministre budget et du portefeuille de l\u2019\u00c9tat ne prot\u00e8gera personne - C\u00f4te d&#039;Ivoire","description":"Afin d\u2019\u00e9viter tout malentendu pouvant d\u00e9couler d\u2019une interpr\u00e9tation tendancieuse de notre publication d\u2019hier sur le DG d ...","robots":{"index":"index","follow":"follow","max-snippet":"max-snippet:-1","max-image-preview":"max-image-preview:large","max-video-preview":"max-video-preview:-1"},"canonical":"https:\/\/www.africa-press.net\/cotedivoire\/economie\/operation-mains-propres-en-cote-divoire-le-ministre-budget-et-du-portefeuille-de-letat-ne-protegera-personne","og_locale":"fr_FR","og_type":"article","og_title":"Op\u00e9ration \u00ab\u00a0mains propres\u00a0\u00bb en C\u00f4te-d\u2019Ivoire: Le ministre budget et du portefeuille de l\u2019\u00c9tat ne prot\u00e8gera personne","og_description":"Afin d\u2019\u00e9viter tout malentendu pouvant d\u00e9couler d\u2019une interpr\u00e9tation tendancieuse de notre publication d\u2019hier sur le DG d ...","og_url":"https:\/\/www.africa-press.net\/cotedivoire\/economie\/operation-mains-propres-en-cote-divoire-le-ministre-budget-et-du-portefeuille-de-letat-ne-protegera-personne","og_site_name":"C\u00f4te d&#039;Ivoire","article_published_time":"2021-07-23T13:26:19+00:00","article_modified_time":"2021-07-24T08:09:26+00:00","og_image":[{"width":720,"height":604,"url":"https:\/\/static.africa-press.net\/cote\/sites\/43\/2021\/07\/img-60fabd93d650e.jpg","type":"image\/jpeg"}],"author":"cfeditorfr","twitter_card":"summary_large_image","twitter_misc":{"\u00c9crit par":"cfeditorfr","Dur\u00e9e de lecture estim\u00e9e":"2 minutes"},"schema":{"@context":"https:\/\/schema.org","@graph":[{"@type":"Article","@id":"https:\/\/www.africa-press.net\/cotedivoire\/economie\/operation-mains-propres-en-cote-divoire-le-ministre-budget-et-du-portefeuille-de-letat-ne-protegera-personne#article","isPartOf":{"@id":"https:\/\/www.africa-press.net\/cotedivoire\/economie\/operation-mains-propres-en-cote-divoire-le-ministre-budget-et-du-portefeuille-de-letat-ne-protegera-personne"},"author":{"name":"cfeditorfr","@id":"https:\/\/www.africa-press.net\/cotedivoire\/#\/schema\/person\/2b1cf3cd81a31e3cd26889ca66d677f1"},"headline":"Op\u00e9ration \u00ab\u00a0mains propres\u00a0\u00bb en C\u00f4te-d\u2019Ivoire: Le ministre budget et du portefeuille de l\u2019\u00c9tat ne prot\u00e8gera personne","datePublished":"2021-07-23T13:26:19+00:00","dateModified":"2021-07-24T08:09:26+00:00","mainEntityOfPage":{"@id":"https:\/\/www.africa-press.net\/cotedivoire\/economie\/operation-mains-propres-en-cote-divoire-le-ministre-budget-et-du-portefeuille-de-letat-ne-protegera-personne"},"wordCount":377,"commentCount":0,"image":{"@id":"https:\/\/www.africa-press.net\/cotedivoire\/economie\/operation-mains-propres-en-cote-divoire-le-ministre-budget-et-du-portefeuille-de-letat-ne-protegera-personne#primaryimage"},"thumbnailUrl":"https:\/\/static.africa-press.net\/cote\/sites\/43\/2021\/07\/img-60fabd93d650e.jpg","keywords":["Africa Press","Africa Press-C\u00f4te d'Ivoire","C\u00d4TE D'IVOIRE"],"articleSection":["\u00c9conomie","homepage-french","Top Nouvelles","Toutes les actualit\u00e9s"],"inLanguage":"fr-FR","potentialAction":[{"@type":"CommentAction","name":"Comment","target":["https:\/\/www.africa-press.net\/cotedivoire\/economie\/operation-mains-propres-en-cote-divoire-le-ministre-budget-et-du-portefeuille-de-letat-ne-protegera-personne#respond"]}]},{"@type":"WebPage","@id":"https:\/\/www.africa-press.net\/cotedivoire\/economie\/operation-mains-propres-en-cote-divoire-le-ministre-budget-et-du-portefeuille-de-letat-ne-protegera-personne","url":"https:\/\/www.africa-press.net\/cotedivoire\/economie\/operation-mains-propres-en-cote-divoire-le-ministre-budget-et-du-portefeuille-de-letat-ne-protegera-personne","name":"Op\u00e9ration \u00ab\u00a0mains propres\u00a0\u00bb en C\u00f4te-d\u2019Ivoire: Le ministre budget et du portefeuille de l\u2019\u00c9tat ne prot\u00e8gera personne - C\u00f4te d&#039;Ivoire","isPartOf":{"@id":"https:\/\/www.africa-press.net\/cotedivoire\/#website"},"primaryImageOfPage":{"@id":"https:\/\/www.africa-press.net\/cotedivoire\/economie\/operation-mains-propres-en-cote-divoire-le-ministre-budget-et-du-portefeuille-de-letat-ne-protegera-personne#primaryimage"},"image":{"@id":"https:\/\/www.africa-press.net\/cotedivoire\/economie\/operation-mains-propres-en-cote-divoire-le-ministre-budget-et-du-portefeuille-de-letat-ne-protegera-personne#primaryimage"},"thumbnailUrl":"https:\/\/static.africa-press.net\/cote\/sites\/43\/2021\/07\/img-60fabd93d650e.jpg","datePublished":"2021-07-23T13:26:19+00:00","dateModified":"2021-07-24T08:09:26+00:00","author":{"@id":"https:\/\/www.africa-press.net\/cotedivoire\/#\/schema\/person\/2b1cf3cd81a31e3cd26889ca66d677f1"},"description":"Afin d\u2019\u00e9viter tout malentendu pouvant d\u00e9couler d\u2019une interpr\u00e9tation tendancieuse de notre publication d\u2019hier sur le DG d ...","breadcrumb":{"@id":"https:\/\/www.africa-press.net\/cotedivoire\/economie\/operation-mains-propres-en-cote-divoire-le-ministre-budget-et-du-portefeuille-de-letat-ne-protegera-personne#breadcrumb"},"inLanguage":"fr-FR","potentialAction":[{"@type":"ReadAction","target":["https:\/\/www.africa-press.net\/cotedivoire\/economie\/operation-mains-propres-en-cote-divoire-le-ministre-budget-et-du-portefeuille-de-letat-ne-protegera-personne"]}]},{"@type":"ImageObject","inLanguage":"fr-FR","@id":"https:\/\/www.africa-press.net\/cotedivoire\/economie\/operation-mains-propres-en-cote-divoire-le-ministre-budget-et-du-portefeuille-de-letat-ne-protegera-personne#primaryimage","url":"https:\/\/static.africa-press.net\/cote\/sites\/43\/2021\/07\/img-60fabd93d650e.jpg","contentUrl":"https:\/\/static.africa-press.net\/cote\/sites\/43\/2021\/07\/img-60fabd93d650e.jpg","width":720,"height":604,"caption":"Op\u00e9ration \u00ab\u00a0mains propres\u00a0\u00bb en C\u00f4te-d\u2019Ivoire: Le ministre budget et du portefeuille de l\u2019\u00c9tat ne prot\u00e8gera personne"},{"@type":"BreadcrumbList","@id":"https:\/\/www.africa-press.net\/cotedivoire\/economie\/operation-mains-propres-en-cote-divoire-le-ministre-budget-et-du-portefeuille-de-letat-ne-protegera-personne#breadcrumb","itemListElement":[{"@type":"ListItem","position":1,"name":"Accueil","item":"https:\/\/www.africa-press.net\/cotedivoire\/"},{"@type":"ListItem","position":2,"name":"Op\u00e9ration \u00ab\u00a0mains propres\u00a0\u00bb en C\u00f4te-d\u2019Ivoire: Le ministre budget et du portefeuille de l\u2019\u00c9tat ne prot\u00e8gera personne"}]},{"@type":"WebSite","@id":"https:\/\/www.africa-press.net\/cotedivoire\/#website","url":"https:\/\/www.africa-press.net\/cotedivoire\/","name":"C\u00f4te d&#039;Ivoire","description":"Just another Africa News Agency Sites site","potentialAction":[{"@type":"SearchAction","target":{"@type":"EntryPoint","urlTemplate":"https:\/\/www.africa-press.net\/cotedivoire\/?s={search_term_string}"},"query-input":{"@type":"PropertyValueSpecification","valueRequired":true,"valueName":"search_term_string"}}],"inLanguage":"fr-FR"},{"@type":"Person","@id":"https:\/\/www.africa-press.net\/cotedivoire\/#\/schema\/person\/2b1cf3cd81a31e3cd26889ca66d677f1","name":"cfeditorfr"}]}},"_links":{"self":[{"href":"https:\/\/www.africa-press.net\/cotedivoire\/wp-json\/wp\/v2\/posts\/10304","targetHints":{"allow":["GET"]}}],"collection":[{"href":"https:\/\/www.africa-press.net\/cotedivoire\/wp-json\/wp\/v2\/posts"}],"about":[{"href":"https:\/\/www.africa-press.net\/cotedivoire\/wp-json\/wp\/v2\/types\/post"}],"author":[{"embeddable":true,"href":"https:\/\/www.africa-press.net\/cotedivoire\/wp-json\/wp\/v2\/users\/82"}],"replies":[{"embeddable":true,"href":"https:\/\/www.africa-press.net\/cotedivoire\/wp-json\/wp\/v2\/comments?post=10304"}],"version-history":[{"count":0,"href":"https:\/\/www.africa-press.net\/cotedivoire\/wp-json\/wp\/v2\/posts\/10304\/revisions"}],"wp:featuredmedia":[{"embeddable":true,"href":"https:\/\/www.africa-press.net\/cotedivoire\/wp-json\/wp\/v2\/media\/10303"}],"wp:attachment":[{"href":"https:\/\/www.africa-press.net\/cotedivoire\/wp-json\/wp\/v2\/media?parent=10304"}],"wp:term":[{"taxonomy":"category","embeddable":true,"href":"https:\/\/www.africa-press.net\/cotedivoire\/wp-json\/wp\/v2\/categories?post=10304"},{"taxonomy":"post_tag","embeddable":true,"href":"https:\/\/www.africa-press.net\/cotedivoire\/wp-json\/wp\/v2\/tags?post=10304"}],"curies":[{"name":"wp","href":"https:\/\/api.w.org\/{rel}","templated":true}]}}