{"id":103052,"date":"2025-07-31T20:32:21","date_gmt":"2025-07-31T20:32:21","guid":{"rendered":"https:\/\/www.africa-press.net\/cotedivoire\/politique\/marche-de-lopposition-interdite-pour-securite-nationale"},"modified":"2025-07-31T20:44:39","modified_gmt":"2025-07-31T20:44:39","slug":"marche-de-lopposition-interdite-pour-securite-nationale","status":"publish","type":"post","link":"https:\/\/www.africa-press.net\/cotedivoire\/politique\/marche-de-lopposition-interdite-pour-securite-nationale","title":{"rendered":"Marche de l&rsquo;opposition Interdite pour S\u00e9curit\u00e9 Nationale"},"content":{"rendered":"<p><span style=\"color: #ff6600\"><strong>Africa-Press &#8211; C\u00f4te d&rsquo;Ivoire. <\/strong><\/span>Lors de la traditionnelle confe\u0301rence de presse conse\u0301cutive au Conseil des ministres, le ministre de la Communication, Amadou Coulibaly, e\u0301galement porte-parole du gouvernement, a apporte\u0301 des e\u0301claircissements sur l\u2019annulation par le pre\u0301fet d\u2019Abidjan de la marche pre\u0301vue le 2 aou\u0302t prochain par le Front commun de l\u2019opposition, constitue\u0301 du PDCI-RDA, du PPA-CI et d&rsquo;autres formations.<\/p>\n<p>Face aux critiques d\u2019atteinte a\u0300 la liberte\u0301 d\u2019expression et de recul de\u0301mocratique, le ministre a justifie\u0301 cette de\u0301cision par des impe\u0301ratifs logistiques et se\u0301curitaires, en lien notamment avec la ce\u0301le\u0301bration imminente de la fe\u0302te de l\u2019inde\u0301pendance.<\/p>\n<p>Selon Amadou Coulibaly, le gouvernement reste attache\u0301 aux principes de dialogue et d\u2019ouverture, mais le contexte actuel ne permet pas l\u2019organisation sereine d\u2019une manifestation de cette envergure.<\/p>\n<p>\u00ab Il y a eu une re\u0301union entre le pre\u0301fet et les organisateurs. Il leur a e\u0301te\u0301 explique\u0301 que la fe\u0302te nationale du 7 aou\u0302t mobilise toutes les forces de se\u0301curite\u0301. Il ne s\u2019agit pas seulement du de\u0301file\u0301 militaire, mais aussi de la gestion de l\u2019affluence dans la capitale. \u00bb<\/p>\n<p>Outre les ce\u0301le\u0301brations nationales, d\u2019autres e\u0301ve\u0301nements majeurs comme l\u2019Afrobasket fe\u0301minin se de\u0301roulent actuellement a\u0300 Abidjan, ce qui complique davantage l&rsquo;encadrement se\u0301curitaire de la marche:<\/p>\n<p>\u00ab Le lieu de la compe\u0301tition se trouve sur le parcours pre\u0301vu par les organisateurs. Il est donc difficile de garantir le maintien de l\u2019ordre sans perturber ces e\u0301ve\u0301nements. \u00bb<\/p>\n<p>Pour couper court aux accusations d\u2019atteinte aux liberte\u0301s fondamentales, le porte-parole du gouvernement a indique\u0301 que les autorite\u0301s avaient propose\u0301 une solution alternative aux organisateurs de la marche:<\/p>\n<p>\u00ab Le pre\u0301fet a me\u0302me sugge\u0301re\u0301 une re\u0301union en lieu clos. Ce geste montre clairement qu\u2019il ne s\u2019agit pas d\u2019interdire l\u2019expression d\u2019une opinion politique, mais de l\u2019adapter au contexte se\u0301curitaire actuel. \u00bb<\/p>\n<p>Amadou Coulibaly a e\u0301galement e\u0301voque\u0301 le contenu de certains discours tenus en amont de la marche, qui, selon lui, pourraient pre\u0301senter des risques de trouble a\u0300 l\u2019ordre public:<\/p>\n<p>\u00ab Il suffit d\u2019e\u0301couter les messages de certains initiateurs pour comprendre le risque se\u0301curitaire re\u0301el. \u00bb<\/p>\n<p>Le ministre a confirme\u0301 que la de\u0301cision d\u2019interdiction est acte\u0301e et que l\u2019E\u0301tat mettra tout en \u0153uvre pour faire respecter cette mesure:<\/p>\n<p>\u00ab Ce n\u2019est ni une menace ni un avertissement. L\u2019E\u0301tat a le devoir de pre\u0301server la quie\u0301tude des citoyens, et il assumera pleinement ce ro\u0302le. \u00bb<\/p>\n<p>L\u2019annulation de la marche de l\u2019opposition ne rele\u0300ve pas, selon le gouvernement, d\u2019une volonte\u0301 de museler les voix dissidentes, mais bien d\u2019un impe\u0301ratif de se\u0301curite\u0301 publique dans un contexte particulier.<\/p>\n<p>Reste a\u0300 voir si l\u2019opposition acceptera cette justification ou maintiendra son appel a\u0300 la mobilisation.<\/p>\n<p><strong>Pour plus d&rsquo;informations et d&rsquo;analyses sur la <span style=\"color: #ff6600\">C\u00f4te d&rsquo;Ivoire<\/span>, suivez <span style=\"color: #ff6600\">Africa-Press<\/span><\/strong><\/p>\n","protected":false},"excerpt":{"rendered":"<p>Africa-Press &#8211; C\u00f4te d&rsquo;Ivoire. Lors de la traditionnelle confe\u0301rence de presse conse\u0301cutive au Conseil des ministres, le ministre de la Communication, Amadou Coulibaly, e\u0301galement porte-parole du gouvernement, a apporte\u0301 des e\u0301claircissements sur l\u2019annulation par le pre\u0301fet d\u2019Abidjan de la marche pre\u0301vue le 2 aou\u0302t prochain par le Front commun de l\u2019opposition, constitue\u0301 du PDCI-RDA, du [&hellip;]<\/p>\n","protected":false},"author":82,"featured_media":103051,"comment_status":"open","ping_status":"closed","sticky":false,"template":"","format":"standard","meta":{"footnotes":""},"categories":[2,20,10],"tags":[388,18032,29,2927,18140,762,4539],"class_list":["post-103052","post","type-post","status-publish","format-standard","has-post-thumbnail","hentry","category-politique","category-top-nouvelles","category-toutes-les-actualites","tag-administrative","tag-alternative","tag-cote-divoire","tag-decision","tag-expression","tag-gouvernement","tag-liberte"],"yoast_head":"<!-- This site is optimized with the Yoast SEO Premium plugin v26.1 (Yoast SEO v27.0) - https:\/\/yoast.com\/product\/yoast-seo-premium-wordpress\/ -->\n<title>Marche de l&#039;opposition Interdite pour S\u00e9curit\u00e9 Nationale - C\u00f4te d&#039;Ivoire<\/title>\n<meta name=\"description\" content=\"Lors de la traditionnelle confe\u0301rence de presse conse\u0301cutive au Conseil des ministres, le ministre de la Communication, ...\" \/>\n<meta name=\"robots\" content=\"index, follow, max-snippet:-1, max-image-preview:large, max-video-preview:-1\" \/>\n<link rel=\"canonical\" href=\"https:\/\/www.africa-press.net\/cotedivoire\/politique\/marche-de-lopposition-interdite-pour-securite-nationale\" \/>\n<meta property=\"og:locale\" content=\"fr_FR\" \/>\n<meta property=\"og:type\" content=\"article\" \/>\n<meta property=\"og:title\" content=\"Marche de l&#039;opposition Interdite pour S\u00e9curit\u00e9 Nationale\" \/>\n<meta property=\"og:description\" content=\"Lors de la traditionnelle confe\u0301rence de presse conse\u0301cutive au Conseil des ministres, le ministre de la Communication, ...\" \/>\n<meta property=\"og:url\" content=\"https:\/\/www.africa-press.net\/cotedivoire\/politique\/marche-de-lopposition-interdite-pour-securite-nationale\" \/>\n<meta property=\"og:site_name\" content=\"C\u00f4te d&#039;Ivoire\" \/>\n<meta property=\"article:published_time\" content=\"2025-07-31T20:32:21+00:00\" \/>\n<meta property=\"article:modified_time\" content=\"2025-07-31T20:44:39+00:00\" \/>\n<meta property=\"og:image\" content=\"https:\/\/static.africa-press.net\/cote\/sites\/43\/2025\/07\/sm_1753982061.436349.jpg\" \/>\n\t<meta property=\"og:image:width\" content=\"720\" \/>\n\t<meta property=\"og:image:height\" content=\"514\" \/>\n\t<meta property=\"og:image:type\" content=\"image\/jpeg\" \/>\n<meta name=\"author\" content=\"cfeditorfr\" \/>\n<meta name=\"twitter:card\" content=\"summary_large_image\" \/>\n<meta name=\"twitter:label1\" content=\"\u00c9crit par\" \/>\n\t<meta name=\"twitter:data1\" content=\"cfeditorfr\" \/>\n\t<meta name=\"twitter:label2\" content=\"Dur\u00e9e de lecture estim\u00e9e\" \/>\n\t<meta name=\"twitter:data2\" content=\"3 minutes\" \/>\n<script type=\"application\/ld+json\" class=\"yoast-schema-graph\">{\"@context\":\"https:\/\/schema.org\",\"@graph\":[{\"@type\":\"Article\",\"@id\":\"https:\/\/www.africa-press.net\/cotedivoire\/politique\/marche-de-lopposition-interdite-pour-securite-nationale#article\",\"isPartOf\":{\"@id\":\"https:\/\/www.africa-press.net\/cotedivoire\/politique\/marche-de-lopposition-interdite-pour-securite-nationale\"},\"author\":{\"name\":\"cfeditorfr\",\"@id\":\"https:\/\/www.africa-press.net\/cotedivoire\/#\/schema\/person\/2b1cf3cd81a31e3cd26889ca66d677f1\"},\"headline\":\"Marche de l&rsquo;opposition Interdite pour S\u00e9curit\u00e9 Nationale\",\"datePublished\":\"2025-07-31T20:32:21+00:00\",\"dateModified\":\"2025-07-31T20:44:39+00:00\",\"mainEntityOfPage\":{\"@id\":\"https:\/\/www.africa-press.net\/cotedivoire\/politique\/marche-de-lopposition-interdite-pour-securite-nationale\"},\"wordCount\":527,\"commentCount\":0,\"image\":{\"@id\":\"https:\/\/www.africa-press.net\/cotedivoire\/politique\/marche-de-lopposition-interdite-pour-securite-nationale#primaryimage\"},\"thumbnailUrl\":\"https:\/\/static.africa-press.net\/cote\/sites\/43\/2025\/07\/sm_1753982061.436349.jpg\",\"keywords\":[\"administrative\",\"alternative\",\"C\u00d4TE D'IVOIRE\",\"d\u00e9cision\",\"expression\",\"Gouvernement\",\"libert\u00e9\"],\"articleSection\":[\"Politique\",\"Top Nouvelles\",\"Toutes les actualit\u00e9s\"],\"inLanguage\":\"fr-FR\",\"potentialAction\":[{\"@type\":\"CommentAction\",\"name\":\"Comment\",\"target\":[\"https:\/\/www.africa-press.net\/cotedivoire\/politique\/marche-de-lopposition-interdite-pour-securite-nationale#respond\"]}]},{\"@type\":\"WebPage\",\"@id\":\"https:\/\/www.africa-press.net\/cotedivoire\/politique\/marche-de-lopposition-interdite-pour-securite-nationale\",\"url\":\"https:\/\/www.africa-press.net\/cotedivoire\/politique\/marche-de-lopposition-interdite-pour-securite-nationale\",\"name\":\"Marche de l'opposition Interdite pour S\u00e9curit\u00e9 Nationale - C\u00f4te d&#039;Ivoire\",\"isPartOf\":{\"@id\":\"https:\/\/www.africa-press.net\/cotedivoire\/#website\"},\"primaryImageOfPage\":{\"@id\":\"https:\/\/www.africa-press.net\/cotedivoire\/politique\/marche-de-lopposition-interdite-pour-securite-nationale#primaryimage\"},\"image\":{\"@id\":\"https:\/\/www.africa-press.net\/cotedivoire\/politique\/marche-de-lopposition-interdite-pour-securite-nationale#primaryimage\"},\"thumbnailUrl\":\"https:\/\/static.africa-press.net\/cote\/sites\/43\/2025\/07\/sm_1753982061.436349.jpg\",\"datePublished\":\"2025-07-31T20:32:21+00:00\",\"dateModified\":\"2025-07-31T20:44:39+00:00\",\"author\":{\"@id\":\"https:\/\/www.africa-press.net\/cotedivoire\/#\/schema\/person\/2b1cf3cd81a31e3cd26889ca66d677f1\"},\"description\":\"Lors de la traditionnelle confe\u0301rence de presse conse\u0301cutive au Conseil des ministres, le ministre de la Communication, ...\",\"breadcrumb\":{\"@id\":\"https:\/\/www.africa-press.net\/cotedivoire\/politique\/marche-de-lopposition-interdite-pour-securite-nationale#breadcrumb\"},\"inLanguage\":\"fr-FR\",\"potentialAction\":[{\"@type\":\"ReadAction\",\"target\":[\"https:\/\/www.africa-press.net\/cotedivoire\/politique\/marche-de-lopposition-interdite-pour-securite-nationale\"]}]},{\"@type\":\"ImageObject\",\"inLanguage\":\"fr-FR\",\"@id\":\"https:\/\/www.africa-press.net\/cotedivoire\/politique\/marche-de-lopposition-interdite-pour-securite-nationale#primaryimage\",\"url\":\"https:\/\/static.africa-press.net\/cote\/sites\/43\/2025\/07\/sm_1753982061.436349.jpg\",\"contentUrl\":\"https:\/\/static.africa-press.net\/cote\/sites\/43\/2025\/07\/sm_1753982061.436349.jpg\",\"width\":720,\"height\":514,\"caption\":\"Marche de l'opposition Interdite pour S\u00e9curit\u00e9 Nationale\"},{\"@type\":\"BreadcrumbList\",\"@id\":\"https:\/\/www.africa-press.net\/cotedivoire\/politique\/marche-de-lopposition-interdite-pour-securite-nationale#breadcrumb\",\"itemListElement\":[{\"@type\":\"ListItem\",\"position\":1,\"name\":\"Accueil\",\"item\":\"https:\/\/www.africa-press.net\/cotedivoire\/\"},{\"@type\":\"ListItem\",\"position\":2,\"name\":\"Marche de l&#8217;opposition Interdite pour S\u00e9curit\u00e9 Nationale\"}]},{\"@type\":\"WebSite\",\"@id\":\"https:\/\/www.africa-press.net\/cotedivoire\/#website\",\"url\":\"https:\/\/www.africa-press.net\/cotedivoire\/\",\"name\":\"C\u00f4te d&#039;Ivoire\",\"description\":\"Just another Africa News Agency Sites site\",\"potentialAction\":[{\"@type\":\"SearchAction\",\"target\":{\"@type\":\"EntryPoint\",\"urlTemplate\":\"https:\/\/www.africa-press.net\/cotedivoire\/?s={search_term_string}\"},\"query-input\":{\"@type\":\"PropertyValueSpecification\",\"valueRequired\":true,\"valueName\":\"search_term_string\"}}],\"inLanguage\":\"fr-FR\"},{\"@type\":\"Person\",\"@id\":\"https:\/\/www.africa-press.net\/cotedivoire\/#\/schema\/person\/2b1cf3cd81a31e3cd26889ca66d677f1\",\"name\":\"cfeditorfr\"}]}<\/script>\n<!-- \/ Yoast SEO Premium plugin. -->","yoast_head_json":{"title":"Marche de l'opposition Interdite pour S\u00e9curit\u00e9 Nationale - C\u00f4te d&#039;Ivoire","description":"Lors de la traditionnelle confe\u0301rence de presse conse\u0301cutive au Conseil des ministres, le ministre de la Communication, ...","robots":{"index":"index","follow":"follow","max-snippet":"max-snippet:-1","max-image-preview":"max-image-preview:large","max-video-preview":"max-video-preview:-1"},"canonical":"https:\/\/www.africa-press.net\/cotedivoire\/politique\/marche-de-lopposition-interdite-pour-securite-nationale","og_locale":"fr_FR","og_type":"article","og_title":"Marche de l'opposition Interdite pour S\u00e9curit\u00e9 Nationale","og_description":"Lors de la traditionnelle confe\u0301rence de presse conse\u0301cutive au Conseil des ministres, le ministre de la Communication, ...","og_url":"https:\/\/www.africa-press.net\/cotedivoire\/politique\/marche-de-lopposition-interdite-pour-securite-nationale","og_site_name":"C\u00f4te d&#039;Ivoire","article_published_time":"2025-07-31T20:32:21+00:00","article_modified_time":"2025-07-31T20:44:39+00:00","og_image":[{"width":720,"height":514,"url":"https:\/\/static.africa-press.net\/cote\/sites\/43\/2025\/07\/sm_1753982061.436349.jpg","type":"image\/jpeg"}],"author":"cfeditorfr","twitter_card":"summary_large_image","twitter_misc":{"\u00c9crit par":"cfeditorfr","Dur\u00e9e de lecture estim\u00e9e":"3 minutes"},"schema":{"@context":"https:\/\/schema.org","@graph":[{"@type":"Article","@id":"https:\/\/www.africa-press.net\/cotedivoire\/politique\/marche-de-lopposition-interdite-pour-securite-nationale#article","isPartOf":{"@id":"https:\/\/www.africa-press.net\/cotedivoire\/politique\/marche-de-lopposition-interdite-pour-securite-nationale"},"author":{"name":"cfeditorfr","@id":"https:\/\/www.africa-press.net\/cotedivoire\/#\/schema\/person\/2b1cf3cd81a31e3cd26889ca66d677f1"},"headline":"Marche de l&rsquo;opposition Interdite pour S\u00e9curit\u00e9 Nationale","datePublished":"2025-07-31T20:32:21+00:00","dateModified":"2025-07-31T20:44:39+00:00","mainEntityOfPage":{"@id":"https:\/\/www.africa-press.net\/cotedivoire\/politique\/marche-de-lopposition-interdite-pour-securite-nationale"},"wordCount":527,"commentCount":0,"image":{"@id":"https:\/\/www.africa-press.net\/cotedivoire\/politique\/marche-de-lopposition-interdite-pour-securite-nationale#primaryimage"},"thumbnailUrl":"https:\/\/static.africa-press.net\/cote\/sites\/43\/2025\/07\/sm_1753982061.436349.jpg","keywords":["administrative","alternative","C\u00d4TE D'IVOIRE","d\u00e9cision","expression","Gouvernement","libert\u00e9"],"articleSection":["Politique","Top Nouvelles","Toutes les actualit\u00e9s"],"inLanguage":"fr-FR","potentialAction":[{"@type":"CommentAction","name":"Comment","target":["https:\/\/www.africa-press.net\/cotedivoire\/politique\/marche-de-lopposition-interdite-pour-securite-nationale#respond"]}]},{"@type":"WebPage","@id":"https:\/\/www.africa-press.net\/cotedivoire\/politique\/marche-de-lopposition-interdite-pour-securite-nationale","url":"https:\/\/www.africa-press.net\/cotedivoire\/politique\/marche-de-lopposition-interdite-pour-securite-nationale","name":"Marche de l'opposition Interdite pour S\u00e9curit\u00e9 Nationale - C\u00f4te d&#039;Ivoire","isPartOf":{"@id":"https:\/\/www.africa-press.net\/cotedivoire\/#website"},"primaryImageOfPage":{"@id":"https:\/\/www.africa-press.net\/cotedivoire\/politique\/marche-de-lopposition-interdite-pour-securite-nationale#primaryimage"},"image":{"@id":"https:\/\/www.africa-press.net\/cotedivoire\/politique\/marche-de-lopposition-interdite-pour-securite-nationale#primaryimage"},"thumbnailUrl":"https:\/\/static.africa-press.net\/cote\/sites\/43\/2025\/07\/sm_1753982061.436349.jpg","datePublished":"2025-07-31T20:32:21+00:00","dateModified":"2025-07-31T20:44:39+00:00","author":{"@id":"https:\/\/www.africa-press.net\/cotedivoire\/#\/schema\/person\/2b1cf3cd81a31e3cd26889ca66d677f1"},"description":"Lors de la traditionnelle confe\u0301rence de presse conse\u0301cutive au Conseil des ministres, le ministre de la Communication, ...","breadcrumb":{"@id":"https:\/\/www.africa-press.net\/cotedivoire\/politique\/marche-de-lopposition-interdite-pour-securite-nationale#breadcrumb"},"inLanguage":"fr-FR","potentialAction":[{"@type":"ReadAction","target":["https:\/\/www.africa-press.net\/cotedivoire\/politique\/marche-de-lopposition-interdite-pour-securite-nationale"]}]},{"@type":"ImageObject","inLanguage":"fr-FR","@id":"https:\/\/www.africa-press.net\/cotedivoire\/politique\/marche-de-lopposition-interdite-pour-securite-nationale#primaryimage","url":"https:\/\/static.africa-press.net\/cote\/sites\/43\/2025\/07\/sm_1753982061.436349.jpg","contentUrl":"https:\/\/static.africa-press.net\/cote\/sites\/43\/2025\/07\/sm_1753982061.436349.jpg","width":720,"height":514,"caption":"Marche de l'opposition Interdite pour S\u00e9curit\u00e9 Nationale"},{"@type":"BreadcrumbList","@id":"https:\/\/www.africa-press.net\/cotedivoire\/politique\/marche-de-lopposition-interdite-pour-securite-nationale#breadcrumb","itemListElement":[{"@type":"ListItem","position":1,"name":"Accueil","item":"https:\/\/www.africa-press.net\/cotedivoire\/"},{"@type":"ListItem","position":2,"name":"Marche de l&#8217;opposition Interdite pour S\u00e9curit\u00e9 Nationale"}]},{"@type":"WebSite","@id":"https:\/\/www.africa-press.net\/cotedivoire\/#website","url":"https:\/\/www.africa-press.net\/cotedivoire\/","name":"C\u00f4te d&#039;Ivoire","description":"Just another Africa News Agency Sites site","potentialAction":[{"@type":"SearchAction","target":{"@type":"EntryPoint","urlTemplate":"https:\/\/www.africa-press.net\/cotedivoire\/?s={search_term_string}"},"query-input":{"@type":"PropertyValueSpecification","valueRequired":true,"valueName":"search_term_string"}}],"inLanguage":"fr-FR"},{"@type":"Person","@id":"https:\/\/www.africa-press.net\/cotedivoire\/#\/schema\/person\/2b1cf3cd81a31e3cd26889ca66d677f1","name":"cfeditorfr"}]}},"_links":{"self":[{"href":"https:\/\/www.africa-press.net\/cotedivoire\/wp-json\/wp\/v2\/posts\/103052","targetHints":{"allow":["GET"]}}],"collection":[{"href":"https:\/\/www.africa-press.net\/cotedivoire\/wp-json\/wp\/v2\/posts"}],"about":[{"href":"https:\/\/www.africa-press.net\/cotedivoire\/wp-json\/wp\/v2\/types\/post"}],"author":[{"embeddable":true,"href":"https:\/\/www.africa-press.net\/cotedivoire\/wp-json\/wp\/v2\/users\/82"}],"replies":[{"embeddable":true,"href":"https:\/\/www.africa-press.net\/cotedivoire\/wp-json\/wp\/v2\/comments?post=103052"}],"version-history":[{"count":0,"href":"https:\/\/www.africa-press.net\/cotedivoire\/wp-json\/wp\/v2\/posts\/103052\/revisions"}],"wp:featuredmedia":[{"embeddable":true,"href":"https:\/\/www.africa-press.net\/cotedivoire\/wp-json\/wp\/v2\/media\/103051"}],"wp:attachment":[{"href":"https:\/\/www.africa-press.net\/cotedivoire\/wp-json\/wp\/v2\/media?parent=103052"}],"wp:term":[{"taxonomy":"category","embeddable":true,"href":"https:\/\/www.africa-press.net\/cotedivoire\/wp-json\/wp\/v2\/categories?post=103052"},{"taxonomy":"post_tag","embeddable":true,"href":"https:\/\/www.africa-press.net\/cotedivoire\/wp-json\/wp\/v2\/tags?post=103052"}],"curies":[{"name":"wp","href":"https:\/\/api.w.org\/{rel}","templated":true}]}}