{"id":103064,"date":"2025-07-31T20:35:55","date_gmt":"2025-07-31T20:35:55","guid":{"rendered":"https:\/\/www.africa-press.net\/cotedivoire\/politique\/epr-soutient-totalement-alassane-ouattara-2025"},"modified":"2025-07-31T20:45:29","modified_gmt":"2025-07-31T20:45:29","slug":"epr-soutient-totalement-alassane-ouattara-2025","status":"publish","type":"post","link":"https:\/\/www.africa-press.net\/cotedivoire\/politique\/epr-soutient-totalement-alassane-ouattara-2025","title":{"rendered":"EPR Soutient Totalement Alassane Ouattara 2025"},"content":{"rendered":"<p><span style=\"color: #ff6600\"><strong>Africa-Press &#8211; C\u00f4te d&rsquo;Ivoire. <\/strong><\/span>Au lendemain de l\u2019annonce officielle de la candidature du Pre\u0301sident Alassane Ouattara a\u0300 l\u2019e\u0301lection pre\u0301sidentielle du 25 octobre 2025, le Think Tank Engage\u0301s Pour la Re\u0301publique (EPR) a tenu a\u0300 exprimer son soutien total, inde\u0301fectible et sans re\u0301serve a\u0300 cette de\u0301cision politique majeure.<\/p>\n<p>Dans une de\u0301claration rendue publique ce mardi, EPR salue une candidature \u00ab historique et salvatrice \u00bb, intervenue dans un contexte re\u0301gional et international complexe, marque\u0301 par des de\u0301fis se\u0301curitaires, e\u0301conomiques et ge\u0301opolitiques grandissants.<\/p>\n<p>Pour EPR, le Chef de l\u2019E\u0301tat, en re\u0301pondant favorablement aux appels pressants des militants du RHDP et de la majorite\u0301 des Ivoiriens, confirme une nouvelle fois son attachement profond a\u0300 la Nation et son sens e\u0301leve\u0301 du devoir d\u2019E\u0301tat.<\/p>\n<p>Le Think Tank met en avant les acquis majeurs re\u0301alise\u0301s depuis 2011 sous le leadership du Pre\u0301sident Ouattara: de\u0301veloppement des infrastructures, ame\u0301lioration des services de sante\u0301 et d\u2019e\u0301ducation, performance e\u0301conomique, renforcement de la diplomatie et de la cohe\u0301sion sociale. Autant de re\u0301sultats qui, selon EPR, justifient pleinement le renouvellement de la confiance populaire.<\/p>\n<p>De\u0301termine\u0301 a\u0300 traduire ce soutien en actes, EPR appelle ses membres \u2014 en particulier les jeunes et les femmes \u2014 a\u0300 se mobiliser activement sur le terrain pour garantir une victoire e\u0301clatante de\u0300s le premier tour. Le mouvement entend s\u2019impliquer pleinement dans la campagne a\u0300 venir, en phase avec les valeurs re\u0301publicaines et de\u0301mocratiques.<\/p>\n<p>Le Think Tank rend e\u0301galement hommage a\u0300 la \u00ab sagesse, la vision et le courage \u00bb du Pre\u0301sident, saluant un homme d\u2019E\u0301tat qui, selon eux, place une fois de plus l\u2019inte\u0301re\u0302t supe\u0301rieur de la Nation au-dessus de toute autre conside\u0301ration.<\/p>\n<p>Dans sa de\u0301claration, EPR re\u0301ite\u0300re son soutien aux engagements du Pre\u0301sident de la Re\u0301publique en faveur d\u2019une e\u0301lection apaise\u0301e, de\u0301mocratique et respectueuse des institutions. L\u2019organisation insiste sur la ne\u0301cessite\u0301 d\u2019un scrutin libre, transparent et souverain, garant de la stabilite\u0301 politique du pays.<\/p>\n<p>En conclusion, le Think Tank re\u0301affirme son attachement a\u0300 une Co\u0302te d\u2019Ivoire unie, indivisible et en paix, et exprime sa gratitude au Pre\u0301sident Alassane Ouattara pour ce qu\u2019il qualifie d\u2019\u00ab ultime sacrifice \u00bb, consenti avec humilite\u0301 et patriotisme.<\/p>\n<p>\u00ab Vive le Pre\u0301sident Alassane Ouattara ! Vive le RHDP ! Vive la Re\u0301publique de Co\u0302te d\u2019Ivoire ! \u00bb conclut la de\u0301claration.<\/p>\n<p>Cette prise de position du Think Tank EPR constitue l\u2019un des premiers soutiens officiels a\u0300 la candidature du Pre\u0301sident sortant, a\u0300 moins de trois mois du scrutin.<\/p>\n<p><strong>Pour plus d&rsquo;informations et d&rsquo;analyses sur la <span style=\"color: #ff6600\">C\u00f4te d&rsquo;Ivoire<\/span>, suivez <span style=\"color: #ff6600\">Africa-Press<\/span><\/strong><\/p>\n","protected":false},"excerpt":{"rendered":"<p>Africa-Press &#8211; C\u00f4te d&rsquo;Ivoire. Au lendemain de l\u2019annonce officielle de la candidature du Pre\u0301sident Alassane Ouattara a\u0300 l\u2019e\u0301lection pre\u0301sidentielle du 25 octobre 2025, le Think Tank Engage\u0301s Pour la Re\u0301publique (EPR) a tenu a\u0300 exprimer son soutien total, inde\u0301fectible et sans re\u0301serve a\u0300 cette de\u0301cision politique majeure. Dans une de\u0301claration rendue publique ce mardi, EPR [&hellip;]<\/p>\n","protected":false},"author":82,"featured_media":103062,"comment_status":"open","ping_status":"closed","sticky":false,"template":"","format":"standard","meta":{"footnotes":""},"categories":[2,20,10],"tags":[10365,18387,29,18386,600,3356],"class_list":["post-103064","post","type-post","status-publish","format-standard","has-post-thumbnail","hentry","category-politique","category-top-nouvelles","category-toutes-les-actualites","tag-choix","tag-clairvoyance-democratique","tag-cote-divoire","tag-exigence","tag-paix","tag-responsabilite"],"yoast_head":"<!-- This site is optimized with the Yoast SEO Premium plugin v26.1 (Yoast SEO v27.0) - https:\/\/yoast.com\/product\/yoast-seo-premium-wordpress\/ -->\n<title>EPR Soutient Totalement Alassane Ouattara 2025 - C\u00f4te d&#039;Ivoire<\/title>\n<meta name=\"description\" content=\"Au lendemain de l\u2019annonce officielle de la candidature du Pre\u0301sident Alassane Ouattara a\u0300 l\u2019e\u0301lection pre\u0301sidentielle du ...\" \/>\n<meta name=\"robots\" content=\"index, follow, max-snippet:-1, max-image-preview:large, max-video-preview:-1\" \/>\n<link rel=\"canonical\" href=\"https:\/\/www.africa-press.net\/cotedivoire\/politique\/epr-soutient-totalement-alassane-ouattara-2025\" \/>\n<meta property=\"og:locale\" content=\"fr_FR\" \/>\n<meta property=\"og:type\" content=\"article\" \/>\n<meta property=\"og:title\" content=\"EPR Soutient Totalement Alassane Ouattara 2025\" \/>\n<meta property=\"og:description\" content=\"Au lendemain de l\u2019annonce officielle de la candidature du Pre\u0301sident Alassane Ouattara a\u0300 l\u2019e\u0301lection pre\u0301sidentielle du ...\" \/>\n<meta property=\"og:url\" content=\"https:\/\/www.africa-press.net\/cotedivoire\/politique\/epr-soutient-totalement-alassane-ouattara-2025\" \/>\n<meta property=\"og:site_name\" content=\"C\u00f4te d&#039;Ivoire\" \/>\n<meta property=\"article:published_time\" content=\"2025-07-31T20:35:55+00:00\" \/>\n<meta property=\"article:modified_time\" content=\"2025-07-31T20:45:29+00:00\" \/>\n<meta property=\"og:image\" content=\"https:\/\/static.africa-press.net\/cote\/sites\/43\/2025\/07\/sm_1753982114.508922.jpg\" \/>\n\t<meta property=\"og:image:width\" content=\"720\" \/>\n\t<meta property=\"og:image:height\" content=\"727\" \/>\n\t<meta property=\"og:image:type\" content=\"image\/jpeg\" \/>\n<meta name=\"author\" content=\"cfeditorfr\" \/>\n<meta name=\"twitter:card\" content=\"summary_large_image\" \/>\n<meta name=\"twitter:label1\" content=\"\u00c9crit par\" \/>\n\t<meta name=\"twitter:data1\" content=\"cfeditorfr\" \/>\n\t<meta name=\"twitter:label2\" content=\"Dur\u00e9e de lecture estim\u00e9e\" \/>\n\t<meta name=\"twitter:data2\" content=\"2 minutes\" \/>\n<script type=\"application\/ld+json\" class=\"yoast-schema-graph\">{\"@context\":\"https:\/\/schema.org\",\"@graph\":[{\"@type\":\"Article\",\"@id\":\"https:\/\/www.africa-press.net\/cotedivoire\/politique\/epr-soutient-totalement-alassane-ouattara-2025#article\",\"isPartOf\":{\"@id\":\"https:\/\/www.africa-press.net\/cotedivoire\/politique\/epr-soutient-totalement-alassane-ouattara-2025\"},\"author\":{\"name\":\"cfeditorfr\",\"@id\":\"https:\/\/www.africa-press.net\/cotedivoire\/#\/schema\/person\/2b1cf3cd81a31e3cd26889ca66d677f1\"},\"headline\":\"EPR Soutient Totalement Alassane Ouattara 2025\",\"datePublished\":\"2025-07-31T20:35:55+00:00\",\"dateModified\":\"2025-07-31T20:45:29+00:00\",\"mainEntityOfPage\":{\"@id\":\"https:\/\/www.africa-press.net\/cotedivoire\/politique\/epr-soutient-totalement-alassane-ouattara-2025\"},\"wordCount\":473,\"commentCount\":0,\"image\":{\"@id\":\"https:\/\/www.africa-press.net\/cotedivoire\/politique\/epr-soutient-totalement-alassane-ouattara-2025#primaryimage\"},\"thumbnailUrl\":\"https:\/\/static.africa-press.net\/cote\/sites\/43\/2025\/07\/sm_1753982114.508922.jpg\",\"keywords\":[\"choix\",\"clairvoyance d\u00e9mocratique\",\"C\u00d4TE D'IVOIRE\",\"exigence\",\"paix\",\"responsabilit\u00e9\"],\"articleSection\":[\"Politique\",\"Top Nouvelles\",\"Toutes les actualit\u00e9s\"],\"inLanguage\":\"fr-FR\",\"potentialAction\":[{\"@type\":\"CommentAction\",\"name\":\"Comment\",\"target\":[\"https:\/\/www.africa-press.net\/cotedivoire\/politique\/epr-soutient-totalement-alassane-ouattara-2025#respond\"]}]},{\"@type\":\"WebPage\",\"@id\":\"https:\/\/www.africa-press.net\/cotedivoire\/politique\/epr-soutient-totalement-alassane-ouattara-2025\",\"url\":\"https:\/\/www.africa-press.net\/cotedivoire\/politique\/epr-soutient-totalement-alassane-ouattara-2025\",\"name\":\"EPR Soutient Totalement Alassane Ouattara 2025 - C\u00f4te d&#039;Ivoire\",\"isPartOf\":{\"@id\":\"https:\/\/www.africa-press.net\/cotedivoire\/#website\"},\"primaryImageOfPage\":{\"@id\":\"https:\/\/www.africa-press.net\/cotedivoire\/politique\/epr-soutient-totalement-alassane-ouattara-2025#primaryimage\"},\"image\":{\"@id\":\"https:\/\/www.africa-press.net\/cotedivoire\/politique\/epr-soutient-totalement-alassane-ouattara-2025#primaryimage\"},\"thumbnailUrl\":\"https:\/\/static.africa-press.net\/cote\/sites\/43\/2025\/07\/sm_1753982114.508922.jpg\",\"datePublished\":\"2025-07-31T20:35:55+00:00\",\"dateModified\":\"2025-07-31T20:45:29+00:00\",\"author\":{\"@id\":\"https:\/\/www.africa-press.net\/cotedivoire\/#\/schema\/person\/2b1cf3cd81a31e3cd26889ca66d677f1\"},\"description\":\"Au lendemain de l\u2019annonce officielle de la candidature du Pre\u0301sident Alassane Ouattara a\u0300 l\u2019e\u0301lection pre\u0301sidentielle du ...\",\"breadcrumb\":{\"@id\":\"https:\/\/www.africa-press.net\/cotedivoire\/politique\/epr-soutient-totalement-alassane-ouattara-2025#breadcrumb\"},\"inLanguage\":\"fr-FR\",\"potentialAction\":[{\"@type\":\"ReadAction\",\"target\":[\"https:\/\/www.africa-press.net\/cotedivoire\/politique\/epr-soutient-totalement-alassane-ouattara-2025\"]}]},{\"@type\":\"ImageObject\",\"inLanguage\":\"fr-FR\",\"@id\":\"https:\/\/www.africa-press.net\/cotedivoire\/politique\/epr-soutient-totalement-alassane-ouattara-2025#primaryimage\",\"url\":\"https:\/\/static.africa-press.net\/cote\/sites\/43\/2025\/07\/sm_1753982114.508922.jpg\",\"contentUrl\":\"https:\/\/static.africa-press.net\/cote\/sites\/43\/2025\/07\/sm_1753982114.508922.jpg\",\"width\":720,\"height\":727,\"caption\":\"EPR Soutient Totalement Alassane Ouattara 2025\"},{\"@type\":\"BreadcrumbList\",\"@id\":\"https:\/\/www.africa-press.net\/cotedivoire\/politique\/epr-soutient-totalement-alassane-ouattara-2025#breadcrumb\",\"itemListElement\":[{\"@type\":\"ListItem\",\"position\":1,\"name\":\"Accueil\",\"item\":\"https:\/\/www.africa-press.net\/cotedivoire\/\"},{\"@type\":\"ListItem\",\"position\":2,\"name\":\"EPR Soutient Totalement Alassane Ouattara 2025\"}]},{\"@type\":\"WebSite\",\"@id\":\"https:\/\/www.africa-press.net\/cotedivoire\/#website\",\"url\":\"https:\/\/www.africa-press.net\/cotedivoire\/\",\"name\":\"C\u00f4te d&#039;Ivoire\",\"description\":\"Just another Africa News Agency Sites site\",\"potentialAction\":[{\"@type\":\"SearchAction\",\"target\":{\"@type\":\"EntryPoint\",\"urlTemplate\":\"https:\/\/www.africa-press.net\/cotedivoire\/?s={search_term_string}\"},\"query-input\":{\"@type\":\"PropertyValueSpecification\",\"valueRequired\":true,\"valueName\":\"search_term_string\"}}],\"inLanguage\":\"fr-FR\"},{\"@type\":\"Person\",\"@id\":\"https:\/\/www.africa-press.net\/cotedivoire\/#\/schema\/person\/2b1cf3cd81a31e3cd26889ca66d677f1\",\"name\":\"cfeditorfr\"}]}<\/script>\n<!-- \/ Yoast SEO Premium plugin. -->","yoast_head_json":{"title":"EPR Soutient Totalement Alassane Ouattara 2025 - C\u00f4te d&#039;Ivoire","description":"Au lendemain de l\u2019annonce officielle de la candidature du Pre\u0301sident Alassane Ouattara a\u0300 l\u2019e\u0301lection pre\u0301sidentielle du ...","robots":{"index":"index","follow":"follow","max-snippet":"max-snippet:-1","max-image-preview":"max-image-preview:large","max-video-preview":"max-video-preview:-1"},"canonical":"https:\/\/www.africa-press.net\/cotedivoire\/politique\/epr-soutient-totalement-alassane-ouattara-2025","og_locale":"fr_FR","og_type":"article","og_title":"EPR Soutient Totalement Alassane Ouattara 2025","og_description":"Au lendemain de l\u2019annonce officielle de la candidature du Pre\u0301sident Alassane Ouattara a\u0300 l\u2019e\u0301lection pre\u0301sidentielle du ...","og_url":"https:\/\/www.africa-press.net\/cotedivoire\/politique\/epr-soutient-totalement-alassane-ouattara-2025","og_site_name":"C\u00f4te d&#039;Ivoire","article_published_time":"2025-07-31T20:35:55+00:00","article_modified_time":"2025-07-31T20:45:29+00:00","og_image":[{"width":720,"height":727,"url":"https:\/\/static.africa-press.net\/cote\/sites\/43\/2025\/07\/sm_1753982114.508922.jpg","type":"image\/jpeg"}],"author":"cfeditorfr","twitter_card":"summary_large_image","twitter_misc":{"\u00c9crit par":"cfeditorfr","Dur\u00e9e de lecture estim\u00e9e":"2 minutes"},"schema":{"@context":"https:\/\/schema.org","@graph":[{"@type":"Article","@id":"https:\/\/www.africa-press.net\/cotedivoire\/politique\/epr-soutient-totalement-alassane-ouattara-2025#article","isPartOf":{"@id":"https:\/\/www.africa-press.net\/cotedivoire\/politique\/epr-soutient-totalement-alassane-ouattara-2025"},"author":{"name":"cfeditorfr","@id":"https:\/\/www.africa-press.net\/cotedivoire\/#\/schema\/person\/2b1cf3cd81a31e3cd26889ca66d677f1"},"headline":"EPR Soutient Totalement Alassane Ouattara 2025","datePublished":"2025-07-31T20:35:55+00:00","dateModified":"2025-07-31T20:45:29+00:00","mainEntityOfPage":{"@id":"https:\/\/www.africa-press.net\/cotedivoire\/politique\/epr-soutient-totalement-alassane-ouattara-2025"},"wordCount":473,"commentCount":0,"image":{"@id":"https:\/\/www.africa-press.net\/cotedivoire\/politique\/epr-soutient-totalement-alassane-ouattara-2025#primaryimage"},"thumbnailUrl":"https:\/\/static.africa-press.net\/cote\/sites\/43\/2025\/07\/sm_1753982114.508922.jpg","keywords":["choix","clairvoyance d\u00e9mocratique","C\u00d4TE D'IVOIRE","exigence","paix","responsabilit\u00e9"],"articleSection":["Politique","Top Nouvelles","Toutes les actualit\u00e9s"],"inLanguage":"fr-FR","potentialAction":[{"@type":"CommentAction","name":"Comment","target":["https:\/\/www.africa-press.net\/cotedivoire\/politique\/epr-soutient-totalement-alassane-ouattara-2025#respond"]}]},{"@type":"WebPage","@id":"https:\/\/www.africa-press.net\/cotedivoire\/politique\/epr-soutient-totalement-alassane-ouattara-2025","url":"https:\/\/www.africa-press.net\/cotedivoire\/politique\/epr-soutient-totalement-alassane-ouattara-2025","name":"EPR Soutient Totalement Alassane Ouattara 2025 - C\u00f4te d&#039;Ivoire","isPartOf":{"@id":"https:\/\/www.africa-press.net\/cotedivoire\/#website"},"primaryImageOfPage":{"@id":"https:\/\/www.africa-press.net\/cotedivoire\/politique\/epr-soutient-totalement-alassane-ouattara-2025#primaryimage"},"image":{"@id":"https:\/\/www.africa-press.net\/cotedivoire\/politique\/epr-soutient-totalement-alassane-ouattara-2025#primaryimage"},"thumbnailUrl":"https:\/\/static.africa-press.net\/cote\/sites\/43\/2025\/07\/sm_1753982114.508922.jpg","datePublished":"2025-07-31T20:35:55+00:00","dateModified":"2025-07-31T20:45:29+00:00","author":{"@id":"https:\/\/www.africa-press.net\/cotedivoire\/#\/schema\/person\/2b1cf3cd81a31e3cd26889ca66d677f1"},"description":"Au lendemain de l\u2019annonce officielle de la candidature du Pre\u0301sident Alassane Ouattara a\u0300 l\u2019e\u0301lection pre\u0301sidentielle du ...","breadcrumb":{"@id":"https:\/\/www.africa-press.net\/cotedivoire\/politique\/epr-soutient-totalement-alassane-ouattara-2025#breadcrumb"},"inLanguage":"fr-FR","potentialAction":[{"@type":"ReadAction","target":["https:\/\/www.africa-press.net\/cotedivoire\/politique\/epr-soutient-totalement-alassane-ouattara-2025"]}]},{"@type":"ImageObject","inLanguage":"fr-FR","@id":"https:\/\/www.africa-press.net\/cotedivoire\/politique\/epr-soutient-totalement-alassane-ouattara-2025#primaryimage","url":"https:\/\/static.africa-press.net\/cote\/sites\/43\/2025\/07\/sm_1753982114.508922.jpg","contentUrl":"https:\/\/static.africa-press.net\/cote\/sites\/43\/2025\/07\/sm_1753982114.508922.jpg","width":720,"height":727,"caption":"EPR Soutient Totalement Alassane Ouattara 2025"},{"@type":"BreadcrumbList","@id":"https:\/\/www.africa-press.net\/cotedivoire\/politique\/epr-soutient-totalement-alassane-ouattara-2025#breadcrumb","itemListElement":[{"@type":"ListItem","position":1,"name":"Accueil","item":"https:\/\/www.africa-press.net\/cotedivoire\/"},{"@type":"ListItem","position":2,"name":"EPR Soutient Totalement Alassane Ouattara 2025"}]},{"@type":"WebSite","@id":"https:\/\/www.africa-press.net\/cotedivoire\/#website","url":"https:\/\/www.africa-press.net\/cotedivoire\/","name":"C\u00f4te d&#039;Ivoire","description":"Just another Africa News Agency Sites site","potentialAction":[{"@type":"SearchAction","target":{"@type":"EntryPoint","urlTemplate":"https:\/\/www.africa-press.net\/cotedivoire\/?s={search_term_string}"},"query-input":{"@type":"PropertyValueSpecification","valueRequired":true,"valueName":"search_term_string"}}],"inLanguage":"fr-FR"},{"@type":"Person","@id":"https:\/\/www.africa-press.net\/cotedivoire\/#\/schema\/person\/2b1cf3cd81a31e3cd26889ca66d677f1","name":"cfeditorfr"}]}},"_links":{"self":[{"href":"https:\/\/www.africa-press.net\/cotedivoire\/wp-json\/wp\/v2\/posts\/103064","targetHints":{"allow":["GET"]}}],"collection":[{"href":"https:\/\/www.africa-press.net\/cotedivoire\/wp-json\/wp\/v2\/posts"}],"about":[{"href":"https:\/\/www.africa-press.net\/cotedivoire\/wp-json\/wp\/v2\/types\/post"}],"author":[{"embeddable":true,"href":"https:\/\/www.africa-press.net\/cotedivoire\/wp-json\/wp\/v2\/users\/82"}],"replies":[{"embeddable":true,"href":"https:\/\/www.africa-press.net\/cotedivoire\/wp-json\/wp\/v2\/comments?post=103064"}],"version-history":[{"count":0,"href":"https:\/\/www.africa-press.net\/cotedivoire\/wp-json\/wp\/v2\/posts\/103064\/revisions"}],"wp:featuredmedia":[{"embeddable":true,"href":"https:\/\/www.africa-press.net\/cotedivoire\/wp-json\/wp\/v2\/media\/103062"}],"wp:attachment":[{"href":"https:\/\/www.africa-press.net\/cotedivoire\/wp-json\/wp\/v2\/media?parent=103064"}],"wp:term":[{"taxonomy":"category","embeddable":true,"href":"https:\/\/www.africa-press.net\/cotedivoire\/wp-json\/wp\/v2\/categories?post=103064"},{"taxonomy":"post_tag","embeddable":true,"href":"https:\/\/www.africa-press.net\/cotedivoire\/wp-json\/wp\/v2\/tags?post=103064"}],"curies":[{"name":"wp","href":"https:\/\/api.w.org\/{rel}","templated":true}]}}