{"id":10307,"date":"2021-07-23T13:34:57","date_gmt":"2021-07-23T13:34:57","guid":{"rendered":"https:\/\/www.africa-press.net\/cotedivoire\/?p=10307"},"modified":"2021-07-24T08:09:37","modified_gmt":"2021-07-24T08:09:37","slug":"crise-de-la-vie-chere-en-cote-divoire-le-roi-ouattara-est-nu","status":"publish","type":"post","link":"https:\/\/www.africa-press.net\/cotedivoire\/economie\/crise-de-la-vie-chere-en-cote-divoire-le-roi-ouattara-est-nu","title":{"rendered":"Crise de la vie ch\u00e8re en C\u00f4te-d\u2019Ivoire : \u00ab\u00a0Le roi Ouattara est nu\u00a0\u00bb"},"content":{"rendered":"<p><span style=\"color: #ff6600\"><strong><a href=\"https:\/\/www.africa-press.net\/\">Africa-Press<\/a> &#8211; <a href=\"https:\/\/www.africa-press.net\/cotedivoire\">C\u00f4te d&rsquo;Ivoire<\/a>. <\/strong><\/span>Et pourtant, ils annon\u00e7aient un \u00ab miracle \u00bb agricole !<\/p>\n<p>Th\u00e9ophile Kouamouo<\/p>\n<p>Cet \u00e9dito hebdomadaire est destin\u00e9 aux abonn\u00e9s payants de cette newsletter. Mais \u00e0 titre exceptionnel, ce texte est rendu public. Pour nous donner la force de continuer, abonnez-vous, soutenez-nous.<\/p>\n<p>Soutenez-nous, abonnez-vous !<\/p>\n<p>Domin\u00e9 comme d\u2019habitude par la chronique des amours et des d\u00e9samours des trois mastodontes de la politique nationale, l\u2019agenda de l\u2019actualit\u00e9 ivoirienne voit un sujet s\u2019imposer \u00e0 lui et \u00e0 tous : l\u2019augmentation des prix de premi\u00e8re n\u00e9cessit\u00e9 sur les march\u00e9s.<\/p>\n<p>F\u00e9brile, le pouvoir ne sait pas vraiment quel axe de communication privil\u00e9gier. Faut-il politiser l\u2019affaire, et pointer du doigt comme le veut la \u201ctradition\u201d, des opposants \u201ctapis dans l\u2019ombre\u201d, nourrissant d\u2019obscurs desseins ? Certains, parmi les porte-voix du r\u00e9gime Ouattara, s\u2019y essaient sans trop de succ\u00e8s. Faut-il culpabiliser le peuple et ses choix \u00e9conomiques peu rationnels, en pointant du doigt les go\u00fbts de luxe et l\u2019alcoolisme latent qui ne touche de toute fa\u00e7on qu\u2019une partie de la classe moyenne urbaine ? Faut-il invoquer un contexte international impossible \u00e0 contourner ?<\/p>\n<p>Tr\u00e8s clairement, il est vrai que la flamb\u00e9e actuelle des prix t\u00e9moigne une fois de plus des rapports \u00e9conomiques internationaux d\u00e9favorables \u00e0 l\u2019Afrique. La \u201cvalse des \u00e9tiquettes\u201d s\u2019explique en partie par une inflation mondiale, elle-m\u00eame li\u00e9e aux politiques de relance men\u00e9es en Chine et en Occident, lesquelles passent par une impressionnante cr\u00e9ation mon\u00e9taire \u2013 l\u00e0 o\u00f9 l\u2019Afrique subit de son c\u00f4t\u00e9 aujourd\u2019hui comme hier une \u201cr\u00e9pression mon\u00e9taire\u201d, selon l\u2019expression de l\u2019\u00e9conomiste camerounais Joseph Tchundjang Pouemi. R\u00e9sultat des courses : le continent qui a le moins subi les cons\u00e9quences sanitaires du COVID 19 est peut-\u00eatre celui qui, au final, paiera la plus grosse ardoise \u00e9conomique.<\/p>\n<p>Facture de la \u201ccrise des d\u00e9lestages\u201d<\/p>\n<p>Une fois que l\u2019on a admis cela, on est bien oblig\u00e9s de reconna\u00eetre que ce ne sont pas seulement des facteurs globaux qui expliquent l\u2019actuel vertige des prix sur les march\u00e9s ivoiriens. Des \u201ccauses internes\u201d existent, et elles nous ram\u00e8nent toutes \u00e0 la strat\u00e9gie de la mystification \u00e9conomique qui a \u00e9t\u00e9 le choix d\u2019Alassane Ouattara et son clan, quand ils ont pris le pouvoir en 2011.<\/p>\n<p>La flamb\u00e9e des prix actuelle est en partie la \u201cfacture\u201d de la r\u00e9cente crise des d\u00e9lestages \u2013 rappelons-nous qu\u2019il ne fallait surtout pas prononcer ce mot ! Pendant des mois, les entreprises industrielles ivoiriennes ont engrang\u00e9 de lourdes pertes parce que leur outil de production a tourn\u00e9 au ralenti. Tout naturellement, elles reportent ces \u201cfrais\u201d non pr\u00e9vus sur les prix publics de leurs marchandises, quand bien m\u00eame ces marchandises sont produites localement. Jean-Marie Ackah, le pr\u00e9sident de la Conf\u00e9d\u00e9ration g\u00e9n\u00e9rale des entreprises de C\u00f4te d\u2019Ivoire (CGECI), tirait la sonnette d\u2019alarme d\u00e9but mai en d\u00e9plorant \u201cune situation d\u2019une extr\u00eame gravit\u00e9 qui entra\u00eenera des cons\u00e9quences pour l\u2019\u00e9conomie nationale\u201d. \u200b\u200bComment cette crise \u00e9nerg\u00e9tique a-t-elle pu arriver, alors qu\u2019apr\u00e8s la conclusion des accords PPTE, l\u2019\u00c9tat ivoirien a eu le loisir de se r\u00e9endetter de mani\u00e8re plut\u00f4t avantageuse \u2013 les dirigeants \u00e9voquant \u00e0 plusieurs reprises de grands projets d\u2019investissements dans les \u00e9nergies renouvelables ? Des projets qui ont tous pris beaucoup de retard, comme si pour ce gouvernement la communication pouvait supplanter l\u2019action\u2026<\/p>\n<p>Au final, la C\u00f4te d\u2019Ivoire se retrouve quasiment dans la m\u00eame configuration que lors des d\u00e9lestages de 2010, en t\u00eate-\u00e0-t\u00eate avec des \u201cproducteurs ind\u00e9pendants d\u2019\u00e9lectricit\u00e9\u201d, des multinationales en r\u00e9alit\u00e9, v\u00e9ritables alli\u00e9s \u00e9trangleurs qui font payer \u00e0 des tarifs d\u00e9lirants le produit de leurs centrales thermiques qui ne peuvent satisfaire que des projections de court terme. Qu\u2019a fait le r\u00e9gime Ouattara de tous les milliards qu\u2019il a re\u00e7us en plus de dix ans ? Myst\u00e8re.<\/p>\n<p>L\u2019explosion des prix des denr\u00e9es alimentaires remet \u00e9galement sur le tapis la question de la d\u00e9pendance aux exportations d\u2019un pays qui est le premier producteur mondial de cacao, et un des poids lourds du caf\u00e9 et de l\u2019anacarde. Une fois de plus, la question n\u2019est pas nouvelle. \u201cL\u2019Afrique produit ce qu\u2019elle ne consomme pas et consomme ce qu\u2019elle ne produit pas\u201d, nous ont dit des g\u00e9n\u00e9rations de professeurs d\u2019histoire-g\u00e9o.<\/p>\n<p>Mais l\u2019on aurait pu s\u2019attendre \u00e0 ce qu\u2019Alassane Ouattara, qui se pose en super-\u00e9conomiste reconnu mondialement, se serve du soutien international, de l\u2019accalmie interne et de l\u2019afflux in\u00e9dits de fonds dont il a b\u00e9n\u00e9fici\u00e9, pour engager un vrai processus de transformation \u00e9conomique. Pour cr\u00e9er les conditions rendant impossible une \u201csaison 2\u201d des \u00e9meutes de la faim qui avaient secou\u00e9 le pays en 2008.<\/p>\n<p>Production agricole : des chiffres manifestement falsifi\u00e9s<\/p>\n<p>Au lieu de cela, le r\u00e9gime a sorti de sa gibeci\u00e8re des chiffres manifestement falsifi\u00e9s glorifiant une sorte d\u2019\u00e9pop\u00e9e du vivrier qui \u2013 on s\u2019en rend compte aujourd\u2019hui \u2013 n\u2019a jamais exist\u00e9. Entre 2011 et 2014, nous juraient les sommit\u00e9s qui gouvernent la C\u00f4te d\u2019Ivoire, la production de riz avait connu une croissance de 144%. En 2015, un rapport du FMI exprimait ses doutes sur les proclamations gouvernementales au sujet de la production de manioc en 2014 \u2013 en hausse de 74% sur une seule ann\u00e9e, nous affirmait-on. Un miracle qui repr\u00e9sentait alors, sur le papier et \u00e0 lui seul, 1,3% du taux de croissance national. Le FMI allait jusqu\u2019\u00e0 exprimer ses doutes en pointant des \u201cfaiblesses importantes dans le syst\u00e8me statistique qui brouillent la mesure pr\u00e9cise des performances de croissance\u201d. Mais dans un style tellement prudent que ses r\u00e9serves ne parvenaient pas \u00e0 troubler le concerto de louangeurs d\u2019Alassane Ouattara, y compris \u00e0 l\u2019international. Michel Camdessus n\u2019h\u00e9sitait pas \u00e0 tutoyer le ridicule en affirmant, pince-sans-rire, que l\u2019objectif de l\u2019\u00e9mergence \u00e9tait r\u00e9alisable pour le pays des \u00c9l\u00e9phants m\u00eame avant 2020.<\/p>\n<p>Tout ceci \u00e9tait mensonge. La d\u00e9pendance de la C\u00f4te d\u2019Ivoire aux importations agricoles s\u2019est \u201cbizarrement\u201d accrue. D\u00e9sormais, Abidjan ne prend m\u00eame plus la peine de publier les donn\u00e9es sur la production de riz. Les mythes et mensonges fondent comme neige au soleil. Et l\u2019imposture d\u2019Alassane Ouattara \u00e9clabousse de mani\u00e8re indiff\u00e9renci\u00e9e sympathisants du RHDP, du FPI et du PDCI.<\/p>\n","protected":false},"excerpt":{"rendered":"<p>Africa-Press &#8211; C\u00f4te d&rsquo;Ivoire. Et pourtant, ils annon\u00e7aient un \u00ab miracle \u00bb agricole ! Th\u00e9ophile Kouamouo Cet \u00e9dito hebdomadaire est destin\u00e9 aux abonn\u00e9s payants de cette newsletter. Mais \u00e0 titre exceptionnel, ce texte est rendu public. Pour nous donner la force de continuer, abonnez-vous, soutenez-nous. Soutenez-nous, abonnez-vous ! Domin\u00e9 comme d\u2019habitude par la chronique des [&hellip;]<\/p>\n","protected":false},"author":82,"featured_media":10306,"comment_status":"open","ping_status":"closed","sticky":false,"template":"","format":"standard","meta":{"footnotes":""},"categories":[3,11,10],"tags":[56,63,29],"class_list":["post-10307","post","type-post","status-publish","format-standard","has-post-thumbnail","hentry","category-economie","category-homepage-french","category-toutes-les-actualites","tag-africa-press","tag-africa-press-cote-divoire","tag-cote-divoire"],"yoast_head":"<!-- This site is optimized with the Yoast SEO Premium plugin v26.1 (Yoast SEO v27.0) - https:\/\/yoast.com\/product\/yoast-seo-premium-wordpress\/ -->\n<title>Crise de la vie ch\u00e8re en C\u00f4te-d\u2019Ivoire : \u00ab\u00a0Le roi Ouattara est nu\u00a0\u00bb - C\u00f4te d&#039;Ivoire<\/title>\n<meta name=\"description\" content=\"Et pourtant, ils annon\u00e7aient un \u00ab miracle \u00bb agricole ! Th\u00e9ophile Kouamouo Cet \u00e9dito hebdomadaire est destin\u00e9 aux abonn ...\" \/>\n<meta name=\"robots\" content=\"index, follow, max-snippet:-1, max-image-preview:large, max-video-preview:-1\" \/>\n<link rel=\"canonical\" href=\"https:\/\/www.africa-press.net\/cotedivoire\/economie\/crise-de-la-vie-chere-en-cote-divoire-le-roi-ouattara-est-nu\" \/>\n<meta property=\"og:locale\" content=\"fr_FR\" \/>\n<meta property=\"og:type\" content=\"article\" \/>\n<meta property=\"og:title\" content=\"Crise de la vie ch\u00e8re en C\u00f4te-d\u2019Ivoire : \u00ab\u00a0Le roi Ouattara est nu\u00a0\u00bb\" \/>\n<meta property=\"og:description\" content=\"Et pourtant, ils annon\u00e7aient un \u00ab miracle \u00bb agricole ! Th\u00e9ophile Kouamouo Cet \u00e9dito hebdomadaire est destin\u00e9 aux abonn ...\" \/>\n<meta property=\"og:url\" content=\"https:\/\/www.africa-press.net\/cotedivoire\/economie\/crise-de-la-vie-chere-en-cote-divoire-le-roi-ouattara-est-nu\" \/>\n<meta property=\"og:site_name\" content=\"C\u00f4te d&#039;Ivoire\" \/>\n<meta property=\"article:published_time\" content=\"2021-07-23T13:34:57+00:00\" \/>\n<meta property=\"article:modified_time\" content=\"2021-07-24T08:09:37+00:00\" \/>\n<meta property=\"og:image\" content=\"https:\/\/static.africa-press.net\/cote\/sites\/43\/2021\/07\/img-60fabdb989c33.jpg\" \/>\n\t<meta property=\"og:image:width\" content=\"720\" \/>\n\t<meta property=\"og:image:height\" content=\"480\" \/>\n\t<meta property=\"og:image:type\" content=\"image\/jpeg\" \/>\n<meta name=\"author\" content=\"cfeditorfr\" \/>\n<meta name=\"twitter:card\" content=\"summary_large_image\" \/>\n<meta name=\"twitter:label1\" content=\"\u00c9crit par\" \/>\n\t<meta name=\"twitter:data1\" content=\"cfeditorfr\" \/>\n\t<meta name=\"twitter:label2\" content=\"Dur\u00e9e de lecture estim\u00e9e\" \/>\n\t<meta name=\"twitter:data2\" content=\"5 minutes\" \/>\n<script type=\"application\/ld+json\" class=\"yoast-schema-graph\">{\"@context\":\"https:\/\/schema.org\",\"@graph\":[{\"@type\":\"Article\",\"@id\":\"https:\/\/www.africa-press.net\/cotedivoire\/economie\/crise-de-la-vie-chere-en-cote-divoire-le-roi-ouattara-est-nu#article\",\"isPartOf\":{\"@id\":\"https:\/\/www.africa-press.net\/cotedivoire\/economie\/crise-de-la-vie-chere-en-cote-divoire-le-roi-ouattara-est-nu\"},\"author\":{\"name\":\"cfeditorfr\",\"@id\":\"https:\/\/www.africa-press.net\/cotedivoire\/#\/schema\/person\/2b1cf3cd81a31e3cd26889ca66d677f1\"},\"headline\":\"Crise de la vie ch\u00e8re en C\u00f4te-d\u2019Ivoire : \u00ab\u00a0Le roi Ouattara est nu\u00a0\u00bb\",\"datePublished\":\"2021-07-23T13:34:57+00:00\",\"dateModified\":\"2021-07-24T08:09:37+00:00\",\"mainEntityOfPage\":{\"@id\":\"https:\/\/www.africa-press.net\/cotedivoire\/economie\/crise-de-la-vie-chere-en-cote-divoire-le-roi-ouattara-est-nu\"},\"wordCount\":1109,\"commentCount\":0,\"image\":{\"@id\":\"https:\/\/www.africa-press.net\/cotedivoire\/economie\/crise-de-la-vie-chere-en-cote-divoire-le-roi-ouattara-est-nu#primaryimage\"},\"thumbnailUrl\":\"https:\/\/static.africa-press.net\/cote\/sites\/43\/2021\/07\/img-60fabdb989c33.jpg\",\"keywords\":[\"Africa Press\",\"Africa Press-C\u00f4te d'Ivoire\",\"C\u00d4TE D'IVOIRE\"],\"articleSection\":[\"\u00c9conomie\",\"homepage-french\",\"Toutes les actualit\u00e9s\"],\"inLanguage\":\"fr-FR\",\"potentialAction\":[{\"@type\":\"CommentAction\",\"name\":\"Comment\",\"target\":[\"https:\/\/www.africa-press.net\/cotedivoire\/economie\/crise-de-la-vie-chere-en-cote-divoire-le-roi-ouattara-est-nu#respond\"]}]},{\"@type\":\"WebPage\",\"@id\":\"https:\/\/www.africa-press.net\/cotedivoire\/economie\/crise-de-la-vie-chere-en-cote-divoire-le-roi-ouattara-est-nu\",\"url\":\"https:\/\/www.africa-press.net\/cotedivoire\/economie\/crise-de-la-vie-chere-en-cote-divoire-le-roi-ouattara-est-nu\",\"name\":\"Crise de la vie ch\u00e8re en C\u00f4te-d\u2019Ivoire : \u00ab\u00a0Le roi Ouattara est nu\u00a0\u00bb - C\u00f4te d&#039;Ivoire\",\"isPartOf\":{\"@id\":\"https:\/\/www.africa-press.net\/cotedivoire\/#website\"},\"primaryImageOfPage\":{\"@id\":\"https:\/\/www.africa-press.net\/cotedivoire\/economie\/crise-de-la-vie-chere-en-cote-divoire-le-roi-ouattara-est-nu#primaryimage\"},\"image\":{\"@id\":\"https:\/\/www.africa-press.net\/cotedivoire\/economie\/crise-de-la-vie-chere-en-cote-divoire-le-roi-ouattara-est-nu#primaryimage\"},\"thumbnailUrl\":\"https:\/\/static.africa-press.net\/cote\/sites\/43\/2021\/07\/img-60fabdb989c33.jpg\",\"datePublished\":\"2021-07-23T13:34:57+00:00\",\"dateModified\":\"2021-07-24T08:09:37+00:00\",\"author\":{\"@id\":\"https:\/\/www.africa-press.net\/cotedivoire\/#\/schema\/person\/2b1cf3cd81a31e3cd26889ca66d677f1\"},\"description\":\"Et pourtant, ils annon\u00e7aient un \u00ab miracle \u00bb agricole ! Th\u00e9ophile Kouamouo Cet \u00e9dito hebdomadaire est destin\u00e9 aux abonn ...\",\"breadcrumb\":{\"@id\":\"https:\/\/www.africa-press.net\/cotedivoire\/economie\/crise-de-la-vie-chere-en-cote-divoire-le-roi-ouattara-est-nu#breadcrumb\"},\"inLanguage\":\"fr-FR\",\"potentialAction\":[{\"@type\":\"ReadAction\",\"target\":[\"https:\/\/www.africa-press.net\/cotedivoire\/economie\/crise-de-la-vie-chere-en-cote-divoire-le-roi-ouattara-est-nu\"]}]},{\"@type\":\"ImageObject\",\"inLanguage\":\"fr-FR\",\"@id\":\"https:\/\/www.africa-press.net\/cotedivoire\/economie\/crise-de-la-vie-chere-en-cote-divoire-le-roi-ouattara-est-nu#primaryimage\",\"url\":\"https:\/\/static.africa-press.net\/cote\/sites\/43\/2021\/07\/img-60fabdb989c33.jpg\",\"contentUrl\":\"https:\/\/static.africa-press.net\/cote\/sites\/43\/2021\/07\/img-60fabdb989c33.jpg\",\"width\":720,\"height\":480,\"caption\":\"Crise de la vie ch\u00e8re en C\u00f4te-d\u2019Ivoire : \u00ab\u00a0Le roi Ouattara est nu\u00a0\u00bb\"},{\"@type\":\"BreadcrumbList\",\"@id\":\"https:\/\/www.africa-press.net\/cotedivoire\/economie\/crise-de-la-vie-chere-en-cote-divoire-le-roi-ouattara-est-nu#breadcrumb\",\"itemListElement\":[{\"@type\":\"ListItem\",\"position\":1,\"name\":\"Accueil\",\"item\":\"https:\/\/www.africa-press.net\/cotedivoire\/\"},{\"@type\":\"ListItem\",\"position\":2,\"name\":\"Crise de la vie ch\u00e8re en C\u00f4te-d\u2019Ivoire : \u00ab\u00a0Le roi Ouattara est nu\u00a0\u00bb\"}]},{\"@type\":\"WebSite\",\"@id\":\"https:\/\/www.africa-press.net\/cotedivoire\/#website\",\"url\":\"https:\/\/www.africa-press.net\/cotedivoire\/\",\"name\":\"C\u00f4te d&#039;Ivoire\",\"description\":\"Just another Africa News Agency Sites site\",\"potentialAction\":[{\"@type\":\"SearchAction\",\"target\":{\"@type\":\"EntryPoint\",\"urlTemplate\":\"https:\/\/www.africa-press.net\/cotedivoire\/?s={search_term_string}\"},\"query-input\":{\"@type\":\"PropertyValueSpecification\",\"valueRequired\":true,\"valueName\":\"search_term_string\"}}],\"inLanguage\":\"fr-FR\"},{\"@type\":\"Person\",\"@id\":\"https:\/\/www.africa-press.net\/cotedivoire\/#\/schema\/person\/2b1cf3cd81a31e3cd26889ca66d677f1\",\"name\":\"cfeditorfr\"}]}<\/script>\n<!-- \/ Yoast SEO Premium plugin. -->","yoast_head_json":{"title":"Crise de la vie ch\u00e8re en C\u00f4te-d\u2019Ivoire : \u00ab\u00a0Le roi Ouattara est nu\u00a0\u00bb - C\u00f4te d&#039;Ivoire","description":"Et pourtant, ils annon\u00e7aient un \u00ab miracle \u00bb agricole ! Th\u00e9ophile Kouamouo Cet \u00e9dito hebdomadaire est destin\u00e9 aux abonn ...","robots":{"index":"index","follow":"follow","max-snippet":"max-snippet:-1","max-image-preview":"max-image-preview:large","max-video-preview":"max-video-preview:-1"},"canonical":"https:\/\/www.africa-press.net\/cotedivoire\/economie\/crise-de-la-vie-chere-en-cote-divoire-le-roi-ouattara-est-nu","og_locale":"fr_FR","og_type":"article","og_title":"Crise de la vie ch\u00e8re en C\u00f4te-d\u2019Ivoire : \u00ab\u00a0Le roi Ouattara est nu\u00a0\u00bb","og_description":"Et pourtant, ils annon\u00e7aient un \u00ab miracle \u00bb agricole ! Th\u00e9ophile Kouamouo Cet \u00e9dito hebdomadaire est destin\u00e9 aux abonn ...","og_url":"https:\/\/www.africa-press.net\/cotedivoire\/economie\/crise-de-la-vie-chere-en-cote-divoire-le-roi-ouattara-est-nu","og_site_name":"C\u00f4te d&#039;Ivoire","article_published_time":"2021-07-23T13:34:57+00:00","article_modified_time":"2021-07-24T08:09:37+00:00","og_image":[{"width":720,"height":480,"url":"https:\/\/static.africa-press.net\/cote\/sites\/43\/2021\/07\/img-60fabdb989c33.jpg","type":"image\/jpeg"}],"author":"cfeditorfr","twitter_card":"summary_large_image","twitter_misc":{"\u00c9crit par":"cfeditorfr","Dur\u00e9e de lecture estim\u00e9e":"5 minutes"},"schema":{"@context":"https:\/\/schema.org","@graph":[{"@type":"Article","@id":"https:\/\/www.africa-press.net\/cotedivoire\/economie\/crise-de-la-vie-chere-en-cote-divoire-le-roi-ouattara-est-nu#article","isPartOf":{"@id":"https:\/\/www.africa-press.net\/cotedivoire\/economie\/crise-de-la-vie-chere-en-cote-divoire-le-roi-ouattara-est-nu"},"author":{"name":"cfeditorfr","@id":"https:\/\/www.africa-press.net\/cotedivoire\/#\/schema\/person\/2b1cf3cd81a31e3cd26889ca66d677f1"},"headline":"Crise de la vie ch\u00e8re en C\u00f4te-d\u2019Ivoire : \u00ab\u00a0Le roi Ouattara est nu\u00a0\u00bb","datePublished":"2021-07-23T13:34:57+00:00","dateModified":"2021-07-24T08:09:37+00:00","mainEntityOfPage":{"@id":"https:\/\/www.africa-press.net\/cotedivoire\/economie\/crise-de-la-vie-chere-en-cote-divoire-le-roi-ouattara-est-nu"},"wordCount":1109,"commentCount":0,"image":{"@id":"https:\/\/www.africa-press.net\/cotedivoire\/economie\/crise-de-la-vie-chere-en-cote-divoire-le-roi-ouattara-est-nu#primaryimage"},"thumbnailUrl":"https:\/\/static.africa-press.net\/cote\/sites\/43\/2021\/07\/img-60fabdb989c33.jpg","keywords":["Africa Press","Africa Press-C\u00f4te d'Ivoire","C\u00d4TE D'IVOIRE"],"articleSection":["\u00c9conomie","homepage-french","Toutes les actualit\u00e9s"],"inLanguage":"fr-FR","potentialAction":[{"@type":"CommentAction","name":"Comment","target":["https:\/\/www.africa-press.net\/cotedivoire\/economie\/crise-de-la-vie-chere-en-cote-divoire-le-roi-ouattara-est-nu#respond"]}]},{"@type":"WebPage","@id":"https:\/\/www.africa-press.net\/cotedivoire\/economie\/crise-de-la-vie-chere-en-cote-divoire-le-roi-ouattara-est-nu","url":"https:\/\/www.africa-press.net\/cotedivoire\/economie\/crise-de-la-vie-chere-en-cote-divoire-le-roi-ouattara-est-nu","name":"Crise de la vie ch\u00e8re en C\u00f4te-d\u2019Ivoire : \u00ab\u00a0Le roi Ouattara est nu\u00a0\u00bb - C\u00f4te d&#039;Ivoire","isPartOf":{"@id":"https:\/\/www.africa-press.net\/cotedivoire\/#website"},"primaryImageOfPage":{"@id":"https:\/\/www.africa-press.net\/cotedivoire\/economie\/crise-de-la-vie-chere-en-cote-divoire-le-roi-ouattara-est-nu#primaryimage"},"image":{"@id":"https:\/\/www.africa-press.net\/cotedivoire\/economie\/crise-de-la-vie-chere-en-cote-divoire-le-roi-ouattara-est-nu#primaryimage"},"thumbnailUrl":"https:\/\/static.africa-press.net\/cote\/sites\/43\/2021\/07\/img-60fabdb989c33.jpg","datePublished":"2021-07-23T13:34:57+00:00","dateModified":"2021-07-24T08:09:37+00:00","author":{"@id":"https:\/\/www.africa-press.net\/cotedivoire\/#\/schema\/person\/2b1cf3cd81a31e3cd26889ca66d677f1"},"description":"Et pourtant, ils annon\u00e7aient un \u00ab miracle \u00bb agricole ! Th\u00e9ophile Kouamouo Cet \u00e9dito hebdomadaire est destin\u00e9 aux abonn ...","breadcrumb":{"@id":"https:\/\/www.africa-press.net\/cotedivoire\/economie\/crise-de-la-vie-chere-en-cote-divoire-le-roi-ouattara-est-nu#breadcrumb"},"inLanguage":"fr-FR","potentialAction":[{"@type":"ReadAction","target":["https:\/\/www.africa-press.net\/cotedivoire\/economie\/crise-de-la-vie-chere-en-cote-divoire-le-roi-ouattara-est-nu"]}]},{"@type":"ImageObject","inLanguage":"fr-FR","@id":"https:\/\/www.africa-press.net\/cotedivoire\/economie\/crise-de-la-vie-chere-en-cote-divoire-le-roi-ouattara-est-nu#primaryimage","url":"https:\/\/static.africa-press.net\/cote\/sites\/43\/2021\/07\/img-60fabdb989c33.jpg","contentUrl":"https:\/\/static.africa-press.net\/cote\/sites\/43\/2021\/07\/img-60fabdb989c33.jpg","width":720,"height":480,"caption":"Crise de la vie ch\u00e8re en C\u00f4te-d\u2019Ivoire : \u00ab\u00a0Le roi Ouattara est nu\u00a0\u00bb"},{"@type":"BreadcrumbList","@id":"https:\/\/www.africa-press.net\/cotedivoire\/economie\/crise-de-la-vie-chere-en-cote-divoire-le-roi-ouattara-est-nu#breadcrumb","itemListElement":[{"@type":"ListItem","position":1,"name":"Accueil","item":"https:\/\/www.africa-press.net\/cotedivoire\/"},{"@type":"ListItem","position":2,"name":"Crise de la vie ch\u00e8re en C\u00f4te-d\u2019Ivoire : \u00ab\u00a0Le roi Ouattara est nu\u00a0\u00bb"}]},{"@type":"WebSite","@id":"https:\/\/www.africa-press.net\/cotedivoire\/#website","url":"https:\/\/www.africa-press.net\/cotedivoire\/","name":"C\u00f4te d&#039;Ivoire","description":"Just another Africa News Agency Sites site","potentialAction":[{"@type":"SearchAction","target":{"@type":"EntryPoint","urlTemplate":"https:\/\/www.africa-press.net\/cotedivoire\/?s={search_term_string}"},"query-input":{"@type":"PropertyValueSpecification","valueRequired":true,"valueName":"search_term_string"}}],"inLanguage":"fr-FR"},{"@type":"Person","@id":"https:\/\/www.africa-press.net\/cotedivoire\/#\/schema\/person\/2b1cf3cd81a31e3cd26889ca66d677f1","name":"cfeditorfr"}]}},"_links":{"self":[{"href":"https:\/\/www.africa-press.net\/cotedivoire\/wp-json\/wp\/v2\/posts\/10307","targetHints":{"allow":["GET"]}}],"collection":[{"href":"https:\/\/www.africa-press.net\/cotedivoire\/wp-json\/wp\/v2\/posts"}],"about":[{"href":"https:\/\/www.africa-press.net\/cotedivoire\/wp-json\/wp\/v2\/types\/post"}],"author":[{"embeddable":true,"href":"https:\/\/www.africa-press.net\/cotedivoire\/wp-json\/wp\/v2\/users\/82"}],"replies":[{"embeddable":true,"href":"https:\/\/www.africa-press.net\/cotedivoire\/wp-json\/wp\/v2\/comments?post=10307"}],"version-history":[{"count":0,"href":"https:\/\/www.africa-press.net\/cotedivoire\/wp-json\/wp\/v2\/posts\/10307\/revisions"}],"wp:featuredmedia":[{"embeddable":true,"href":"https:\/\/www.africa-press.net\/cotedivoire\/wp-json\/wp\/v2\/media\/10306"}],"wp:attachment":[{"href":"https:\/\/www.africa-press.net\/cotedivoire\/wp-json\/wp\/v2\/media?parent=10307"}],"wp:term":[{"taxonomy":"category","embeddable":true,"href":"https:\/\/www.africa-press.net\/cotedivoire\/wp-json\/wp\/v2\/categories?post=10307"},{"taxonomy":"post_tag","embeddable":true,"href":"https:\/\/www.africa-press.net\/cotedivoire\/wp-json\/wp\/v2\/tags?post=10307"}],"curies":[{"name":"wp","href":"https:\/\/api.w.org\/{rel}","templated":true}]}}