{"id":10310,"date":"2021-07-23T13:42:36","date_gmt":"2021-07-23T13:42:36","guid":{"rendered":"https:\/\/www.africa-press.net\/cotedivoire\/?p=10310"},"modified":"2021-07-24T08:09:44","modified_gmt":"2021-07-24T08:09:44","slug":"rencontre-gbagbo-ado-en-cote-divoire-un-geste-qui-contredit-les-propos-extremistes-de-toure-mamadou-et-de-bictogo","status":"publish","type":"post","link":"https:\/\/www.africa-press.net\/cotedivoire\/dossiers\/rencontre-gbagbo-ado-en-cote-divoire-un-geste-qui-contredit-les-propos-extremistes-de-toure-mamadou-et-de-bictogo","title":{"rendered":"Rencontre Gbagbo\/ADO en C\u00f4te-d\u2019Ivoire: Un geste qui contredit les propos extr\u00e9mistes de Tour\u00e9 Mamadou et de Bictogo"},"content":{"rendered":"<p><span style=\"color: #ff6600\"><strong><a href=\"https:\/\/www.africa-press.net\/\">Africa-Press<\/a> &#8211; <a href=\"https:\/\/www.africa-press.net\/cotedivoire\">C\u00f4te d&rsquo;Ivoire<\/a>. <\/strong><\/span>Par Sylvie Kouam\u00e9<\/p>\n<p><b>\u00ab Alassane Ouattara m\u00eame s\u2019il doit faire 10 mandats, il va faire 10 mandats, on a aucun probl\u00e8me avec \u00e7a\u2026\u00bb<\/b><\/p>\n<p>, Tour\u00e9 Mamadou lors d\u2019une tourn\u00e9e \u00e0 Bouak\u00e9\u00abNous n\u2019avons pas besoin de dialogue national\u2026le pays n\u2019est pas en crise\u00bb, Bictogo 12 juillet 2021<\/p>\n<p>L\u2019un est le porte-parole adjoint de la coalition au pouvoir, (petit) ministre depuis quelques ann\u00e9es, l\u2019autre est le directeur ex\u00e9cutif de la m\u00eame coalition. Les deux hommes ont en commun la particularit\u00e9 de tenir des discours les uns aussi virulents que les autres, contraires \u00e0 la dynamique d\u2019apaisement (r\u00e9conciliation) qui anime la tr\u00e8s large majorit\u00e9 des Ivoiriens. Et c\u2019est bien \u00e0 se demander si la situation de crise continue n\u2019arrangerait pas certains cadres de l\u2019ancien RDR.<\/p>\n<p><b>Tabaski<\/b><\/p>\n<p>Le chef de l\u2019\u00c9tat l\u2019avait rappel\u00e9 lors de la r\u00e9cente pri\u00e8re pour la f\u00eate de la , tout mettre en \u0153uvre pour que les dynamiques en faveur de la paix, de la coh\u00e9sion sociale et de l\u2019apaisement des c\u0153urs, soient renforc\u00e9es dans tout le pays. Une souhait qu\u2019il n\u2019a pas tard\u00e9 \u00e0 mettre en pratique en faisant annoncer d\u00e8s le lendemain de la pri\u00e8re de , sa rencontre prochaine avec son pr\u00e9d\u00e9cesseur Laurent Gbagbo, rentr\u00e9 en C\u00f4te-d\u2019Ivoire le 17 juin dernier. Une rencontre qui sera d\u2019ailleurs accompagn\u00e9e par les chefs religieux et coutumiers.<\/p>\n<p>Alors finalement que retenir des propos de Bictogo et Tour\u00e9 Mamadou ? Qu\u2019ils ne sont pas les seuls \u00e0 tenir ce genre de langage \u00abguerrier\u00bb, car chez pro-Soro et pro-Gbagbo, et depuis peu chez certains pro-B\u00e9di\u00e9, le m\u00eame vocabulaire \u00abordurier\u00bb est aussi de mise, au gr\u00e9 des int\u00e9r\u00eats \u00ab menac\u00e9s \u00bb du clan.<\/p>\n<p>Un peu comme si la terre arr\u00eaterait subitement de tourner en C\u00f4te-d\u2019Ivoire le jour o\u00f9 ces octog\u00e9naires (87, 80 et 77 ans) ne seront plus de ce monde des vivants.<\/p>\n<p>Avec GDA<\/p>\n","protected":false},"excerpt":{"rendered":"<p>Africa-Press &#8211; C\u00f4te d&rsquo;Ivoire. Par Sylvie Kouam\u00e9 \u00ab Alassane Ouattara m\u00eame s\u2019il doit faire 10 mandats, il va faire 10 mandats, on a aucun probl\u00e8me avec \u00e7a\u2026\u00bb , Tour\u00e9 Mamadou lors d\u2019une tourn\u00e9e \u00e0 Bouak\u00e9\u00abNous n\u2019avons pas besoin de dialogue national\u2026le pays n\u2019est pas en crise\u00bb, Bictogo 12 juillet 2021 L\u2019un est le porte-parole adjoint [&hellip;]<\/p>\n","protected":false},"author":82,"featured_media":10309,"comment_status":"open","ping_status":"closed","sticky":false,"template":"","format":"standard","meta":{"footnotes":""},"categories":[7,11,20,10],"tags":[56,63,29],"class_list":["post-10310","post","type-post","status-publish","format-standard","has-post-thumbnail","hentry","category-dossiers","category-homepage-french","category-top-nouvelles","category-toutes-les-actualites","tag-africa-press","tag-africa-press-cote-divoire","tag-cote-divoire"],"yoast_head":"<!-- This site is optimized with the Yoast SEO Premium plugin v26.1 (Yoast SEO v27.0) - https:\/\/yoast.com\/product\/yoast-seo-premium-wordpress\/ -->\n<title>Rencontre Gbagbo\/ADO en C\u00f4te-d\u2019Ivoire: Un geste qui contredit les propos extr\u00e9mistes de Tour\u00e9 Mamadou et de Bictogo - C\u00f4te d&#039;Ivoire<\/title>\n<meta name=\"description\" content=\"Par Sylvie Kouam\u00e9 \u00ab Alassane Ouattara m\u00eame s\u2019il doit faire 10 mandats, il va faire 10 mandats, on a aucun probl\u00e8me a ...\" \/>\n<meta name=\"robots\" content=\"index, follow, max-snippet:-1, max-image-preview:large, max-video-preview:-1\" \/>\n<link rel=\"canonical\" href=\"https:\/\/www.africa-press.net\/cotedivoire\/dossiers\/rencontre-gbagbo-ado-en-cote-divoire-un-geste-qui-contredit-les-propos-extremistes-de-toure-mamadou-et-de-bictogo\" \/>\n<meta property=\"og:locale\" content=\"fr_FR\" \/>\n<meta property=\"og:type\" content=\"article\" \/>\n<meta property=\"og:title\" content=\"Rencontre Gbagbo\/ADO en C\u00f4te-d\u2019Ivoire: Un geste qui contredit les propos extr\u00e9mistes de Tour\u00e9 Mamadou et de Bictogo\" \/>\n<meta property=\"og:description\" content=\"Par Sylvie Kouam\u00e9 \u00ab Alassane Ouattara m\u00eame s\u2019il doit faire 10 mandats, il va faire 10 mandats, on a aucun probl\u00e8me a ...\" \/>\n<meta property=\"og:url\" content=\"https:\/\/www.africa-press.net\/cotedivoire\/dossiers\/rencontre-gbagbo-ado-en-cote-divoire-un-geste-qui-contredit-les-propos-extremistes-de-toure-mamadou-et-de-bictogo\" \/>\n<meta property=\"og:site_name\" content=\"C\u00f4te d&#039;Ivoire\" \/>\n<meta property=\"article:published_time\" content=\"2021-07-23T13:42:36+00:00\" \/>\n<meta property=\"article:modified_time\" content=\"2021-07-24T08:09:44+00:00\" \/>\n<meta property=\"og:image\" content=\"https:\/\/static.africa-press.net\/cote\/sites\/43\/2021\/07\/img-60fabde04b3c5.jpg\" \/>\n\t<meta property=\"og:image:width\" content=\"720\" \/>\n\t<meta property=\"og:image:height\" content=\"386\" \/>\n\t<meta property=\"og:image:type\" content=\"image\/jpeg\" \/>\n<meta name=\"author\" content=\"cfeditorfr\" \/>\n<meta name=\"twitter:card\" content=\"summary_large_image\" \/>\n<meta name=\"twitter:label1\" content=\"\u00c9crit par\" \/>\n\t<meta name=\"twitter:data1\" content=\"cfeditorfr\" \/>\n\t<meta name=\"twitter:label2\" content=\"Dur\u00e9e de lecture estim\u00e9e\" \/>\n\t<meta name=\"twitter:data2\" content=\"2 minutes\" \/>\n<script type=\"application\/ld+json\" class=\"yoast-schema-graph\">{\"@context\":\"https:\/\/schema.org\",\"@graph\":[{\"@type\":\"Article\",\"@id\":\"https:\/\/www.africa-press.net\/cotedivoire\/dossiers\/rencontre-gbagbo-ado-en-cote-divoire-un-geste-qui-contredit-les-propos-extremistes-de-toure-mamadou-et-de-bictogo#article\",\"isPartOf\":{\"@id\":\"https:\/\/www.africa-press.net\/cotedivoire\/dossiers\/rencontre-gbagbo-ado-en-cote-divoire-un-geste-qui-contredit-les-propos-extremistes-de-toure-mamadou-et-de-bictogo\"},\"author\":{\"name\":\"cfeditorfr\",\"@id\":\"https:\/\/www.africa-press.net\/cotedivoire\/#\/schema\/person\/2b1cf3cd81a31e3cd26889ca66d677f1\"},\"headline\":\"Rencontre Gbagbo\/ADO en C\u00f4te-d\u2019Ivoire: Un geste qui contredit les propos extr\u00e9mistes de Tour\u00e9 Mamadou et de Bictogo\",\"datePublished\":\"2021-07-23T13:42:36+00:00\",\"dateModified\":\"2021-07-24T08:09:44+00:00\",\"mainEntityOfPage\":{\"@id\":\"https:\/\/www.africa-press.net\/cotedivoire\/dossiers\/rencontre-gbagbo-ado-en-cote-divoire-un-geste-qui-contredit-les-propos-extremistes-de-toure-mamadou-et-de-bictogo\"},\"wordCount\":357,\"commentCount\":0,\"image\":{\"@id\":\"https:\/\/www.africa-press.net\/cotedivoire\/dossiers\/rencontre-gbagbo-ado-en-cote-divoire-un-geste-qui-contredit-les-propos-extremistes-de-toure-mamadou-et-de-bictogo#primaryimage\"},\"thumbnailUrl\":\"https:\/\/static.africa-press.net\/cote\/sites\/43\/2021\/07\/img-60fabde04b3c5.jpg\",\"keywords\":[\"Africa Press\",\"Africa Press-C\u00f4te d'Ivoire\",\"C\u00d4TE D'IVOIRE\"],\"articleSection\":[\"Dossiers\",\"homepage-french\",\"Top Nouvelles\",\"Toutes les actualit\u00e9s\"],\"inLanguage\":\"fr-FR\",\"potentialAction\":[{\"@type\":\"CommentAction\",\"name\":\"Comment\",\"target\":[\"https:\/\/www.africa-press.net\/cotedivoire\/dossiers\/rencontre-gbagbo-ado-en-cote-divoire-un-geste-qui-contredit-les-propos-extremistes-de-toure-mamadou-et-de-bictogo#respond\"]}]},{\"@type\":\"WebPage\",\"@id\":\"https:\/\/www.africa-press.net\/cotedivoire\/dossiers\/rencontre-gbagbo-ado-en-cote-divoire-un-geste-qui-contredit-les-propos-extremistes-de-toure-mamadou-et-de-bictogo\",\"url\":\"https:\/\/www.africa-press.net\/cotedivoire\/dossiers\/rencontre-gbagbo-ado-en-cote-divoire-un-geste-qui-contredit-les-propos-extremistes-de-toure-mamadou-et-de-bictogo\",\"name\":\"Rencontre Gbagbo\/ADO en C\u00f4te-d\u2019Ivoire: Un geste qui contredit les propos extr\u00e9mistes de Tour\u00e9 Mamadou et de Bictogo - C\u00f4te d&#039;Ivoire\",\"isPartOf\":{\"@id\":\"https:\/\/www.africa-press.net\/cotedivoire\/#website\"},\"primaryImageOfPage\":{\"@id\":\"https:\/\/www.africa-press.net\/cotedivoire\/dossiers\/rencontre-gbagbo-ado-en-cote-divoire-un-geste-qui-contredit-les-propos-extremistes-de-toure-mamadou-et-de-bictogo#primaryimage\"},\"image\":{\"@id\":\"https:\/\/www.africa-press.net\/cotedivoire\/dossiers\/rencontre-gbagbo-ado-en-cote-divoire-un-geste-qui-contredit-les-propos-extremistes-de-toure-mamadou-et-de-bictogo#primaryimage\"},\"thumbnailUrl\":\"https:\/\/static.africa-press.net\/cote\/sites\/43\/2021\/07\/img-60fabde04b3c5.jpg\",\"datePublished\":\"2021-07-23T13:42:36+00:00\",\"dateModified\":\"2021-07-24T08:09:44+00:00\",\"author\":{\"@id\":\"https:\/\/www.africa-press.net\/cotedivoire\/#\/schema\/person\/2b1cf3cd81a31e3cd26889ca66d677f1\"},\"description\":\"Par Sylvie Kouam\u00e9 \u00ab Alassane Ouattara m\u00eame s\u2019il doit faire 10 mandats, il va faire 10 mandats, on a aucun probl\u00e8me a ...\",\"breadcrumb\":{\"@id\":\"https:\/\/www.africa-press.net\/cotedivoire\/dossiers\/rencontre-gbagbo-ado-en-cote-divoire-un-geste-qui-contredit-les-propos-extremistes-de-toure-mamadou-et-de-bictogo#breadcrumb\"},\"inLanguage\":\"fr-FR\",\"potentialAction\":[{\"@type\":\"ReadAction\",\"target\":[\"https:\/\/www.africa-press.net\/cotedivoire\/dossiers\/rencontre-gbagbo-ado-en-cote-divoire-un-geste-qui-contredit-les-propos-extremistes-de-toure-mamadou-et-de-bictogo\"]}]},{\"@type\":\"ImageObject\",\"inLanguage\":\"fr-FR\",\"@id\":\"https:\/\/www.africa-press.net\/cotedivoire\/dossiers\/rencontre-gbagbo-ado-en-cote-divoire-un-geste-qui-contredit-les-propos-extremistes-de-toure-mamadou-et-de-bictogo#primaryimage\",\"url\":\"https:\/\/static.africa-press.net\/cote\/sites\/43\/2021\/07\/img-60fabde04b3c5.jpg\",\"contentUrl\":\"https:\/\/static.africa-press.net\/cote\/sites\/43\/2021\/07\/img-60fabde04b3c5.jpg\",\"width\":720,\"height\":386,\"caption\":\"Rencontre Gbagbo\/ADO en C\u00f4te-d\u2019Ivoire: Un geste qui contredit les propos extr\u00e9mistes de Tour\u00e9 Mamadou et de Bictogo\"},{\"@type\":\"BreadcrumbList\",\"@id\":\"https:\/\/www.africa-press.net\/cotedivoire\/dossiers\/rencontre-gbagbo-ado-en-cote-divoire-un-geste-qui-contredit-les-propos-extremistes-de-toure-mamadou-et-de-bictogo#breadcrumb\",\"itemListElement\":[{\"@type\":\"ListItem\",\"position\":1,\"name\":\"Accueil\",\"item\":\"https:\/\/www.africa-press.net\/cotedivoire\/\"},{\"@type\":\"ListItem\",\"position\":2,\"name\":\"Rencontre Gbagbo\/ADO en C\u00f4te-d\u2019Ivoire: Un geste qui contredit les propos extr\u00e9mistes de Tour\u00e9 Mamadou et de Bictogo\"}]},{\"@type\":\"WebSite\",\"@id\":\"https:\/\/www.africa-press.net\/cotedivoire\/#website\",\"url\":\"https:\/\/www.africa-press.net\/cotedivoire\/\",\"name\":\"C\u00f4te d&#039;Ivoire\",\"description\":\"Just another Africa News Agency Sites site\",\"potentialAction\":[{\"@type\":\"SearchAction\",\"target\":{\"@type\":\"EntryPoint\",\"urlTemplate\":\"https:\/\/www.africa-press.net\/cotedivoire\/?s={search_term_string}\"},\"query-input\":{\"@type\":\"PropertyValueSpecification\",\"valueRequired\":true,\"valueName\":\"search_term_string\"}}],\"inLanguage\":\"fr-FR\"},{\"@type\":\"Person\",\"@id\":\"https:\/\/www.africa-press.net\/cotedivoire\/#\/schema\/person\/2b1cf3cd81a31e3cd26889ca66d677f1\",\"name\":\"cfeditorfr\"}]}<\/script>\n<!-- \/ Yoast SEO Premium plugin. -->","yoast_head_json":{"title":"Rencontre Gbagbo\/ADO en C\u00f4te-d\u2019Ivoire: Un geste qui contredit les propos extr\u00e9mistes de Tour\u00e9 Mamadou et de Bictogo - C\u00f4te d&#039;Ivoire","description":"Par Sylvie Kouam\u00e9 \u00ab Alassane Ouattara m\u00eame s\u2019il doit faire 10 mandats, il va faire 10 mandats, on a aucun probl\u00e8me a ...","robots":{"index":"index","follow":"follow","max-snippet":"max-snippet:-1","max-image-preview":"max-image-preview:large","max-video-preview":"max-video-preview:-1"},"canonical":"https:\/\/www.africa-press.net\/cotedivoire\/dossiers\/rencontre-gbagbo-ado-en-cote-divoire-un-geste-qui-contredit-les-propos-extremistes-de-toure-mamadou-et-de-bictogo","og_locale":"fr_FR","og_type":"article","og_title":"Rencontre Gbagbo\/ADO en C\u00f4te-d\u2019Ivoire: Un geste qui contredit les propos extr\u00e9mistes de Tour\u00e9 Mamadou et de Bictogo","og_description":"Par Sylvie Kouam\u00e9 \u00ab Alassane Ouattara m\u00eame s\u2019il doit faire 10 mandats, il va faire 10 mandats, on a aucun probl\u00e8me a ...","og_url":"https:\/\/www.africa-press.net\/cotedivoire\/dossiers\/rencontre-gbagbo-ado-en-cote-divoire-un-geste-qui-contredit-les-propos-extremistes-de-toure-mamadou-et-de-bictogo","og_site_name":"C\u00f4te d&#039;Ivoire","article_published_time":"2021-07-23T13:42:36+00:00","article_modified_time":"2021-07-24T08:09:44+00:00","og_image":[{"width":720,"height":386,"url":"https:\/\/static.africa-press.net\/cote\/sites\/43\/2021\/07\/img-60fabde04b3c5.jpg","type":"image\/jpeg"}],"author":"cfeditorfr","twitter_card":"summary_large_image","twitter_misc":{"\u00c9crit par":"cfeditorfr","Dur\u00e9e de lecture estim\u00e9e":"2 minutes"},"schema":{"@context":"https:\/\/schema.org","@graph":[{"@type":"Article","@id":"https:\/\/www.africa-press.net\/cotedivoire\/dossiers\/rencontre-gbagbo-ado-en-cote-divoire-un-geste-qui-contredit-les-propos-extremistes-de-toure-mamadou-et-de-bictogo#article","isPartOf":{"@id":"https:\/\/www.africa-press.net\/cotedivoire\/dossiers\/rencontre-gbagbo-ado-en-cote-divoire-un-geste-qui-contredit-les-propos-extremistes-de-toure-mamadou-et-de-bictogo"},"author":{"name":"cfeditorfr","@id":"https:\/\/www.africa-press.net\/cotedivoire\/#\/schema\/person\/2b1cf3cd81a31e3cd26889ca66d677f1"},"headline":"Rencontre Gbagbo\/ADO en C\u00f4te-d\u2019Ivoire: Un geste qui contredit les propos extr\u00e9mistes de Tour\u00e9 Mamadou et de Bictogo","datePublished":"2021-07-23T13:42:36+00:00","dateModified":"2021-07-24T08:09:44+00:00","mainEntityOfPage":{"@id":"https:\/\/www.africa-press.net\/cotedivoire\/dossiers\/rencontre-gbagbo-ado-en-cote-divoire-un-geste-qui-contredit-les-propos-extremistes-de-toure-mamadou-et-de-bictogo"},"wordCount":357,"commentCount":0,"image":{"@id":"https:\/\/www.africa-press.net\/cotedivoire\/dossiers\/rencontre-gbagbo-ado-en-cote-divoire-un-geste-qui-contredit-les-propos-extremistes-de-toure-mamadou-et-de-bictogo#primaryimage"},"thumbnailUrl":"https:\/\/static.africa-press.net\/cote\/sites\/43\/2021\/07\/img-60fabde04b3c5.jpg","keywords":["Africa Press","Africa Press-C\u00f4te d'Ivoire","C\u00d4TE D'IVOIRE"],"articleSection":["Dossiers","homepage-french","Top Nouvelles","Toutes les actualit\u00e9s"],"inLanguage":"fr-FR","potentialAction":[{"@type":"CommentAction","name":"Comment","target":["https:\/\/www.africa-press.net\/cotedivoire\/dossiers\/rencontre-gbagbo-ado-en-cote-divoire-un-geste-qui-contredit-les-propos-extremistes-de-toure-mamadou-et-de-bictogo#respond"]}]},{"@type":"WebPage","@id":"https:\/\/www.africa-press.net\/cotedivoire\/dossiers\/rencontre-gbagbo-ado-en-cote-divoire-un-geste-qui-contredit-les-propos-extremistes-de-toure-mamadou-et-de-bictogo","url":"https:\/\/www.africa-press.net\/cotedivoire\/dossiers\/rencontre-gbagbo-ado-en-cote-divoire-un-geste-qui-contredit-les-propos-extremistes-de-toure-mamadou-et-de-bictogo","name":"Rencontre Gbagbo\/ADO en C\u00f4te-d\u2019Ivoire: Un geste qui contredit les propos extr\u00e9mistes de Tour\u00e9 Mamadou et de Bictogo - C\u00f4te d&#039;Ivoire","isPartOf":{"@id":"https:\/\/www.africa-press.net\/cotedivoire\/#website"},"primaryImageOfPage":{"@id":"https:\/\/www.africa-press.net\/cotedivoire\/dossiers\/rencontre-gbagbo-ado-en-cote-divoire-un-geste-qui-contredit-les-propos-extremistes-de-toure-mamadou-et-de-bictogo#primaryimage"},"image":{"@id":"https:\/\/www.africa-press.net\/cotedivoire\/dossiers\/rencontre-gbagbo-ado-en-cote-divoire-un-geste-qui-contredit-les-propos-extremistes-de-toure-mamadou-et-de-bictogo#primaryimage"},"thumbnailUrl":"https:\/\/static.africa-press.net\/cote\/sites\/43\/2021\/07\/img-60fabde04b3c5.jpg","datePublished":"2021-07-23T13:42:36+00:00","dateModified":"2021-07-24T08:09:44+00:00","author":{"@id":"https:\/\/www.africa-press.net\/cotedivoire\/#\/schema\/person\/2b1cf3cd81a31e3cd26889ca66d677f1"},"description":"Par Sylvie Kouam\u00e9 \u00ab Alassane Ouattara m\u00eame s\u2019il doit faire 10 mandats, il va faire 10 mandats, on a aucun probl\u00e8me a ...","breadcrumb":{"@id":"https:\/\/www.africa-press.net\/cotedivoire\/dossiers\/rencontre-gbagbo-ado-en-cote-divoire-un-geste-qui-contredit-les-propos-extremistes-de-toure-mamadou-et-de-bictogo#breadcrumb"},"inLanguage":"fr-FR","potentialAction":[{"@type":"ReadAction","target":["https:\/\/www.africa-press.net\/cotedivoire\/dossiers\/rencontre-gbagbo-ado-en-cote-divoire-un-geste-qui-contredit-les-propos-extremistes-de-toure-mamadou-et-de-bictogo"]}]},{"@type":"ImageObject","inLanguage":"fr-FR","@id":"https:\/\/www.africa-press.net\/cotedivoire\/dossiers\/rencontre-gbagbo-ado-en-cote-divoire-un-geste-qui-contredit-les-propos-extremistes-de-toure-mamadou-et-de-bictogo#primaryimage","url":"https:\/\/static.africa-press.net\/cote\/sites\/43\/2021\/07\/img-60fabde04b3c5.jpg","contentUrl":"https:\/\/static.africa-press.net\/cote\/sites\/43\/2021\/07\/img-60fabde04b3c5.jpg","width":720,"height":386,"caption":"Rencontre Gbagbo\/ADO en C\u00f4te-d\u2019Ivoire: Un geste qui contredit les propos extr\u00e9mistes de Tour\u00e9 Mamadou et de Bictogo"},{"@type":"BreadcrumbList","@id":"https:\/\/www.africa-press.net\/cotedivoire\/dossiers\/rencontre-gbagbo-ado-en-cote-divoire-un-geste-qui-contredit-les-propos-extremistes-de-toure-mamadou-et-de-bictogo#breadcrumb","itemListElement":[{"@type":"ListItem","position":1,"name":"Accueil","item":"https:\/\/www.africa-press.net\/cotedivoire\/"},{"@type":"ListItem","position":2,"name":"Rencontre Gbagbo\/ADO en C\u00f4te-d\u2019Ivoire: Un geste qui contredit les propos extr\u00e9mistes de Tour\u00e9 Mamadou et de Bictogo"}]},{"@type":"WebSite","@id":"https:\/\/www.africa-press.net\/cotedivoire\/#website","url":"https:\/\/www.africa-press.net\/cotedivoire\/","name":"C\u00f4te d&#039;Ivoire","description":"Just another Africa News Agency Sites site","potentialAction":[{"@type":"SearchAction","target":{"@type":"EntryPoint","urlTemplate":"https:\/\/www.africa-press.net\/cotedivoire\/?s={search_term_string}"},"query-input":{"@type":"PropertyValueSpecification","valueRequired":true,"valueName":"search_term_string"}}],"inLanguage":"fr-FR"},{"@type":"Person","@id":"https:\/\/www.africa-press.net\/cotedivoire\/#\/schema\/person\/2b1cf3cd81a31e3cd26889ca66d677f1","name":"cfeditorfr"}]}},"_links":{"self":[{"href":"https:\/\/www.africa-press.net\/cotedivoire\/wp-json\/wp\/v2\/posts\/10310","targetHints":{"allow":["GET"]}}],"collection":[{"href":"https:\/\/www.africa-press.net\/cotedivoire\/wp-json\/wp\/v2\/posts"}],"about":[{"href":"https:\/\/www.africa-press.net\/cotedivoire\/wp-json\/wp\/v2\/types\/post"}],"author":[{"embeddable":true,"href":"https:\/\/www.africa-press.net\/cotedivoire\/wp-json\/wp\/v2\/users\/82"}],"replies":[{"embeddable":true,"href":"https:\/\/www.africa-press.net\/cotedivoire\/wp-json\/wp\/v2\/comments?post=10310"}],"version-history":[{"count":0,"href":"https:\/\/www.africa-press.net\/cotedivoire\/wp-json\/wp\/v2\/posts\/10310\/revisions"}],"wp:featuredmedia":[{"embeddable":true,"href":"https:\/\/www.africa-press.net\/cotedivoire\/wp-json\/wp\/v2\/media\/10309"}],"wp:attachment":[{"href":"https:\/\/www.africa-press.net\/cotedivoire\/wp-json\/wp\/v2\/media?parent=10310"}],"wp:term":[{"taxonomy":"category","embeddable":true,"href":"https:\/\/www.africa-press.net\/cotedivoire\/wp-json\/wp\/v2\/categories?post=10310"},{"taxonomy":"post_tag","embeddable":true,"href":"https:\/\/www.africa-press.net\/cotedivoire\/wp-json\/wp\/v2\/tags?post=10310"}],"curies":[{"name":"wp","href":"https:\/\/api.w.org\/{rel}","templated":true}]}}