{"id":103121,"date":"2025-08-01T17:33:40","date_gmt":"2025-08-01T17:33:40","guid":{"rendered":"https:\/\/www.africa-press.net\/cotedivoire\/politique\/jean-louis-billon-presente-son-plan-b-pour-2025"},"modified":"2025-08-01T18:20:19","modified_gmt":"2025-08-01T18:20:19","slug":"jean-louis-billon-presente-son-plan-b-pour-2025","status":"publish","type":"post","link":"https:\/\/www.africa-press.net\/cotedivoire\/politique\/jean-louis-billon-presente-son-plan-b-pour-2025","title":{"rendered":"Jean Louis Billon Pr\u00e9sente Son Plan B Pour 2025"},"content":{"rendered":"<p><span style=\"color: #ff6600\"><strong>Africa-Press &#8211; C\u00f4te d&rsquo;Ivoire. <\/strong><\/span>En pleine campagne pre\u0301e\u0301lectorale, le candidat a\u0300 la pre\u0301sidentielle Jean Louis Billon poursuit sa tourne\u0301e nationale. Le mercredi, il e\u0301tait dans l\u2019Ouest du pays, pre\u0301cise\u0301ment a\u0300 Bangolo et Due\u0301koue\u0301, ou\u0300 il a pre\u0301sente\u0301 aux populations son ambitieux \u00ab Plan B \u00bb pour la Co\u0302te d\u2019Ivoire. A\u0300 travers ce programme alternatif, il propose une politique axe\u0301e sur l\u2019emploi, la justice sociale, la cohe\u0301sion nationale et le patriotisme e\u0301conomique.<\/p>\n<p>Devant une foule enthousiaste, Jean Louis Billon a lance\u0301 un appel fort en faveur du renouvellement ge\u0301ne\u0301rationnel:<\/p>\n<p>\u00ab Le pre\u0301sident Houphoue\u0308t-Boigny avait 55 ans quand il a acce\u0301de\u0301 au pouvoir et il s\u2019est entoure\u0301 de jeunes comme Be\u0301die\u0301, Seydou Diarra ou Charles Donwahi. Pourquoi aujourd\u2019hui la vieille ge\u0301ne\u0301ration refuse-t-elle de passer la main? \u00bb, a-t-il interroge\u0301.<\/p>\n<p>Il a ainsi re\u0301affirme\u0301 sa volonte\u0301, s\u2019il est e\u0301lu, de s\u2019entourer de jeunes dynamiques pour porter la Co\u0302te d\u2019Ivoire vers une nouvelle e\u0300re de de\u0301veloppement. Pour lui, la jeunesse ne doit plus e\u0302tre rele\u0301gue\u0301e au second plan mais au c\u0153ur des de\u0301cisions nationales.<\/p>\n<p>Le candidat du renouveau a ensuite de\u0301taille\u0301 les piliers de son projet. Il s&rsquo;agit de la lutte contre le cho\u0302mage, notamment des jeunes diplo\u0302me\u0301s, de la cre\u0301ation d\u2019entreprises et de\u0301veloppement e\u0301conomique local, de l&rsquo;autonomisation des femmes, avec acce\u0300s aux financements, a\u0300 la terre, a\u0300 l\u2019e\u0301ducation et aux postes de de\u0301cision, de l&rsquo;ame\u0301lioration des infrastructures, notamment les routes, les e\u0301coles et les centres de sante\u0301, de la valorisation de l\u2019agriculture, avec une meilleure re\u0301mune\u0301ration des produits et l\u2019industrialisation des filie\u0300res et de la justice e\u0301quitable et renforcement de la cohe\u0301sion sociale.<\/p>\n<p>Lors de ces e\u0301tapes, les leaders communautaires ont e\u0301galement pris la parole. Oula Mickael, pre\u0301sident adjoint du comite\u0301 d\u2019organisation a\u0300 Bangolo, a salue\u0301 la de\u0301marche d\u2019e\u0301coute et de proximite\u0301 du candidat:<\/p>\n<p>\u00ab Le ministre Billon est un homme d\u2019ouverture, d\u2019e\u0301coute et d\u2019action. Il ne divise pas, il rassemble \u00bb.<\/p>\n<p>Il a toutefois alerte\u0301 sur la situation difficile des jeunes, confronte\u0301s au cho\u0302mage, au manque d\u2019infrastructures (routes, e\u0301coles, commissariats), et a\u0300 l\u2019abandon du monde agricole. Il a plaide\u0301 pour la construction de colle\u0300ges de proximite\u0301, l\u2019installation d\u2019usines et un meilleur acce\u0300s aux intrants agricoles.<\/p>\n<p>A\u0300 Due\u0301koue\u0301, Yomi Kapeu, pre\u0301sident du comite\u0301 d&rsquo;organisation, a quant a\u0300 lui rappele\u0301 l\u2019histoire douloureuse de la re\u0301gion, marque\u0301e par la crise post-e\u0301lectorale.<\/p>\n<p>Il a insiste\u0301 sur l\u2019urgence d\u2019investir dans, la re\u0301habilitation des routes, la transformation locale du cacao, l\u2019emploi des jeunes et la paix durable et l\u2019autonomisation des femmes.<\/p>\n<p>Il a conclu en exprimant son soutien total a\u0300 Jean Louis Billon, souhaitant le voir e\u0301lu pre\u0301sident le 25 octobre prochain.<\/p>\n<p>Tout au long de cette journe\u0301e, Jean Louis Billon a pro\u0302ne\u0301 un changement responsable, inclusif et re\u0301aliste, en appelant a\u0300 rejeter les \u00ab promesses inutiles \u00bb souvent brandies en pe\u0301riode e\u0301lectorale.<\/p>\n<p>\u00ab Ce pays a besoin d\u2019un nouveau souffle, d\u2019une vision claire et d\u2019un leadership capable d\u2019unir et d\u2019agir. Ensemble, ba\u0302tissons une Co\u0302te d\u2019Ivoire plus juste, plus forte et plus humaine \u00bb, a-t-il de\u0301clare\u0301.<\/p>\n<p><strong>Pour plus d&rsquo;informations et d&rsquo;analyses sur la <span style=\"color: #ff6600\">C\u00f4te d&rsquo;Ivoire<\/span>, suivez <span style=\"color: #ff6600\">Africa-Press<\/span><\/strong><\/p>\n","protected":false},"excerpt":{"rendered":"<p>Africa-Press &#8211; C\u00f4te d&rsquo;Ivoire. En pleine campagne pre\u0301e\u0301lectorale, le candidat a\u0300 la pre\u0301sidentielle Jean Louis Billon poursuit sa tourne\u0301e nationale. Le mercredi, il e\u0301tait dans l\u2019Ouest du pays, pre\u0301cise\u0301ment a\u0300 Bangolo et Due\u0301koue\u0301, ou\u0300 il a pre\u0301sente\u0301 aux populations son ambitieux \u00ab Plan B \u00bb pour la Co\u0302te d\u2019Ivoire. A\u0300 travers ce programme alternatif, il [&hellip;]<\/p>\n","protected":false},"author":82,"featured_media":103120,"comment_status":"open","ping_status":"closed","sticky":false,"template":"","format":"standard","meta":{"footnotes":""},"categories":[2,10],"tags":[29,1491,480,297,107,18030,9327],"class_list":["post-103121","post","type-post","status-publish","format-standard","has-post-thumbnail","hentry","category-politique","category-toutes-les-actualites","tag-cote-divoire","tag-generation","tag-jean-louis-billon","tag-nouvelle","tag-ouest","tag-temps","tag-tournee"],"yoast_head":"<!-- This site is optimized with the Yoast SEO Premium plugin v26.1 (Yoast SEO v27.0) - https:\/\/yoast.com\/product\/yoast-seo-premium-wordpress\/ -->\n<title>Jean Louis Billon Pr\u00e9sente Son Plan B Pour 2025 - C\u00f4te d&#039;Ivoire<\/title>\n<meta name=\"description\" content=\"En pleine campagne pre\u0301e\u0301lectorale, le candidat a\u0300 la pre\u0301sidentielle Jean Louis Billon poursuit sa tourne\u0301e nationale. ...\" \/>\n<meta name=\"robots\" content=\"index, follow, max-snippet:-1, max-image-preview:large, max-video-preview:-1\" \/>\n<link rel=\"canonical\" href=\"https:\/\/www.africa-press.net\/cotedivoire\/politique\/jean-louis-billon-presente-son-plan-b-pour-2025\" \/>\n<meta property=\"og:locale\" content=\"fr_FR\" \/>\n<meta property=\"og:type\" content=\"article\" \/>\n<meta property=\"og:title\" content=\"Jean Louis Billon Pr\u00e9sente Son Plan B Pour 2025\" \/>\n<meta property=\"og:description\" content=\"En pleine campagne pre\u0301e\u0301lectorale, le candidat a\u0300 la pre\u0301sidentielle Jean Louis Billon poursuit sa tourne\u0301e nationale. ...\" \/>\n<meta property=\"og:url\" content=\"https:\/\/www.africa-press.net\/cotedivoire\/politique\/jean-louis-billon-presente-son-plan-b-pour-2025\" \/>\n<meta property=\"og:site_name\" content=\"C\u00f4te d&#039;Ivoire\" \/>\n<meta property=\"article:published_time\" content=\"2025-08-01T17:33:40+00:00\" \/>\n<meta property=\"article:modified_time\" content=\"2025-08-01T18:20:19+00:00\" \/>\n<meta property=\"og:image\" content=\"https:\/\/static.africa-press.net\/cote\/sites\/43\/2025\/08\/sm_1754059717.565962.jpg\" \/>\n\t<meta property=\"og:image:width\" content=\"720\" \/>\n\t<meta property=\"og:image:height\" content=\"481\" \/>\n\t<meta property=\"og:image:type\" content=\"image\/jpeg\" \/>\n<meta name=\"author\" content=\"cfeditorfr\" \/>\n<meta name=\"twitter:card\" content=\"summary_large_image\" \/>\n<meta name=\"twitter:label1\" content=\"\u00c9crit par\" \/>\n\t<meta name=\"twitter:data1\" content=\"cfeditorfr\" \/>\n\t<meta name=\"twitter:label2\" content=\"Dur\u00e9e de lecture estim\u00e9e\" \/>\n\t<meta name=\"twitter:data2\" content=\"3 minutes\" \/>\n<script type=\"application\/ld+json\" class=\"yoast-schema-graph\">{\"@context\":\"https:\/\/schema.org\",\"@graph\":[{\"@type\":\"Article\",\"@id\":\"https:\/\/www.africa-press.net\/cotedivoire\/politique\/jean-louis-billon-presente-son-plan-b-pour-2025#article\",\"isPartOf\":{\"@id\":\"https:\/\/www.africa-press.net\/cotedivoire\/politique\/jean-louis-billon-presente-son-plan-b-pour-2025\"},\"author\":{\"name\":\"cfeditorfr\",\"@id\":\"https:\/\/www.africa-press.net\/cotedivoire\/#\/schema\/person\/2b1cf3cd81a31e3cd26889ca66d677f1\"},\"headline\":\"Jean Louis Billon Pr\u00e9sente Son Plan B Pour 2025\",\"datePublished\":\"2025-08-01T17:33:40+00:00\",\"dateModified\":\"2025-08-01T18:20:19+00:00\",\"mainEntityOfPage\":{\"@id\":\"https:\/\/www.africa-press.net\/cotedivoire\/politique\/jean-louis-billon-presente-son-plan-b-pour-2025\"},\"wordCount\":613,\"commentCount\":0,\"image\":{\"@id\":\"https:\/\/www.africa-press.net\/cotedivoire\/politique\/jean-louis-billon-presente-son-plan-b-pour-2025#primaryimage\"},\"thumbnailUrl\":\"https:\/\/static.africa-press.net\/cote\/sites\/43\/2025\/08\/sm_1754059717.565962.jpg\",\"keywords\":[\"C\u00d4TE D'IVOIRE\",\"g\u00e9n\u00e9ration\",\"Jean Louis Billon\",\"nouvelle\",\"OUEST\",\"temps\",\"Tourn\u00e9e\"],\"articleSection\":[\"Politique\",\"Toutes les actualit\u00e9s\"],\"inLanguage\":\"fr-FR\",\"potentialAction\":[{\"@type\":\"CommentAction\",\"name\":\"Comment\",\"target\":[\"https:\/\/www.africa-press.net\/cotedivoire\/politique\/jean-louis-billon-presente-son-plan-b-pour-2025#respond\"]}]},{\"@type\":\"WebPage\",\"@id\":\"https:\/\/www.africa-press.net\/cotedivoire\/politique\/jean-louis-billon-presente-son-plan-b-pour-2025\",\"url\":\"https:\/\/www.africa-press.net\/cotedivoire\/politique\/jean-louis-billon-presente-son-plan-b-pour-2025\",\"name\":\"Jean Louis Billon Pr\u00e9sente Son Plan B Pour 2025 - C\u00f4te d&#039;Ivoire\",\"isPartOf\":{\"@id\":\"https:\/\/www.africa-press.net\/cotedivoire\/#website\"},\"primaryImageOfPage\":{\"@id\":\"https:\/\/www.africa-press.net\/cotedivoire\/politique\/jean-louis-billon-presente-son-plan-b-pour-2025#primaryimage\"},\"image\":{\"@id\":\"https:\/\/www.africa-press.net\/cotedivoire\/politique\/jean-louis-billon-presente-son-plan-b-pour-2025#primaryimage\"},\"thumbnailUrl\":\"https:\/\/static.africa-press.net\/cote\/sites\/43\/2025\/08\/sm_1754059717.565962.jpg\",\"datePublished\":\"2025-08-01T17:33:40+00:00\",\"dateModified\":\"2025-08-01T18:20:19+00:00\",\"author\":{\"@id\":\"https:\/\/www.africa-press.net\/cotedivoire\/#\/schema\/person\/2b1cf3cd81a31e3cd26889ca66d677f1\"},\"description\":\"En pleine campagne pre\u0301e\u0301lectorale, le candidat a\u0300 la pre\u0301sidentielle Jean Louis Billon poursuit sa tourne\u0301e nationale. ...\",\"breadcrumb\":{\"@id\":\"https:\/\/www.africa-press.net\/cotedivoire\/politique\/jean-louis-billon-presente-son-plan-b-pour-2025#breadcrumb\"},\"inLanguage\":\"fr-FR\",\"potentialAction\":[{\"@type\":\"ReadAction\",\"target\":[\"https:\/\/www.africa-press.net\/cotedivoire\/politique\/jean-louis-billon-presente-son-plan-b-pour-2025\"]}]},{\"@type\":\"ImageObject\",\"inLanguage\":\"fr-FR\",\"@id\":\"https:\/\/www.africa-press.net\/cotedivoire\/politique\/jean-louis-billon-presente-son-plan-b-pour-2025#primaryimage\",\"url\":\"https:\/\/static.africa-press.net\/cote\/sites\/43\/2025\/08\/sm_1754059717.565962.jpg\",\"contentUrl\":\"https:\/\/static.africa-press.net\/cote\/sites\/43\/2025\/08\/sm_1754059717.565962.jpg\",\"width\":720,\"height\":481,\"caption\":\"Jean Louis Billon Pr\u00e9sente Son Plan B Pour 2025\"},{\"@type\":\"BreadcrumbList\",\"@id\":\"https:\/\/www.africa-press.net\/cotedivoire\/politique\/jean-louis-billon-presente-son-plan-b-pour-2025#breadcrumb\",\"itemListElement\":[{\"@type\":\"ListItem\",\"position\":1,\"name\":\"Accueil\",\"item\":\"https:\/\/www.africa-press.net\/cotedivoire\/\"},{\"@type\":\"ListItem\",\"position\":2,\"name\":\"Jean Louis Billon Pr\u00e9sente Son Plan B Pour 2025\"}]},{\"@type\":\"WebSite\",\"@id\":\"https:\/\/www.africa-press.net\/cotedivoire\/#website\",\"url\":\"https:\/\/www.africa-press.net\/cotedivoire\/\",\"name\":\"C\u00f4te d&#039;Ivoire\",\"description\":\"Just another Africa News Agency Sites site\",\"potentialAction\":[{\"@type\":\"SearchAction\",\"target\":{\"@type\":\"EntryPoint\",\"urlTemplate\":\"https:\/\/www.africa-press.net\/cotedivoire\/?s={search_term_string}\"},\"query-input\":{\"@type\":\"PropertyValueSpecification\",\"valueRequired\":true,\"valueName\":\"search_term_string\"}}],\"inLanguage\":\"fr-FR\"},{\"@type\":\"Person\",\"@id\":\"https:\/\/www.africa-press.net\/cotedivoire\/#\/schema\/person\/2b1cf3cd81a31e3cd26889ca66d677f1\",\"name\":\"cfeditorfr\"}]}<\/script>\n<!-- \/ Yoast SEO Premium plugin. -->","yoast_head_json":{"title":"Jean Louis Billon Pr\u00e9sente Son Plan B Pour 2025 - C\u00f4te d&#039;Ivoire","description":"En pleine campagne pre\u0301e\u0301lectorale, le candidat a\u0300 la pre\u0301sidentielle Jean Louis Billon poursuit sa tourne\u0301e nationale. ...","robots":{"index":"index","follow":"follow","max-snippet":"max-snippet:-1","max-image-preview":"max-image-preview:large","max-video-preview":"max-video-preview:-1"},"canonical":"https:\/\/www.africa-press.net\/cotedivoire\/politique\/jean-louis-billon-presente-son-plan-b-pour-2025","og_locale":"fr_FR","og_type":"article","og_title":"Jean Louis Billon Pr\u00e9sente Son Plan B Pour 2025","og_description":"En pleine campagne pre\u0301e\u0301lectorale, le candidat a\u0300 la pre\u0301sidentielle Jean Louis Billon poursuit sa tourne\u0301e nationale. ...","og_url":"https:\/\/www.africa-press.net\/cotedivoire\/politique\/jean-louis-billon-presente-son-plan-b-pour-2025","og_site_name":"C\u00f4te d&#039;Ivoire","article_published_time":"2025-08-01T17:33:40+00:00","article_modified_time":"2025-08-01T18:20:19+00:00","og_image":[{"width":720,"height":481,"url":"https:\/\/static.africa-press.net\/cote\/sites\/43\/2025\/08\/sm_1754059717.565962.jpg","type":"image\/jpeg"}],"author":"cfeditorfr","twitter_card":"summary_large_image","twitter_misc":{"\u00c9crit par":"cfeditorfr","Dur\u00e9e de lecture estim\u00e9e":"3 minutes"},"schema":{"@context":"https:\/\/schema.org","@graph":[{"@type":"Article","@id":"https:\/\/www.africa-press.net\/cotedivoire\/politique\/jean-louis-billon-presente-son-plan-b-pour-2025#article","isPartOf":{"@id":"https:\/\/www.africa-press.net\/cotedivoire\/politique\/jean-louis-billon-presente-son-plan-b-pour-2025"},"author":{"name":"cfeditorfr","@id":"https:\/\/www.africa-press.net\/cotedivoire\/#\/schema\/person\/2b1cf3cd81a31e3cd26889ca66d677f1"},"headline":"Jean Louis Billon Pr\u00e9sente Son Plan B Pour 2025","datePublished":"2025-08-01T17:33:40+00:00","dateModified":"2025-08-01T18:20:19+00:00","mainEntityOfPage":{"@id":"https:\/\/www.africa-press.net\/cotedivoire\/politique\/jean-louis-billon-presente-son-plan-b-pour-2025"},"wordCount":613,"commentCount":0,"image":{"@id":"https:\/\/www.africa-press.net\/cotedivoire\/politique\/jean-louis-billon-presente-son-plan-b-pour-2025#primaryimage"},"thumbnailUrl":"https:\/\/static.africa-press.net\/cote\/sites\/43\/2025\/08\/sm_1754059717.565962.jpg","keywords":["C\u00d4TE D'IVOIRE","g\u00e9n\u00e9ration","Jean Louis Billon","nouvelle","OUEST","temps","Tourn\u00e9e"],"articleSection":["Politique","Toutes les actualit\u00e9s"],"inLanguage":"fr-FR","potentialAction":[{"@type":"CommentAction","name":"Comment","target":["https:\/\/www.africa-press.net\/cotedivoire\/politique\/jean-louis-billon-presente-son-plan-b-pour-2025#respond"]}]},{"@type":"WebPage","@id":"https:\/\/www.africa-press.net\/cotedivoire\/politique\/jean-louis-billon-presente-son-plan-b-pour-2025","url":"https:\/\/www.africa-press.net\/cotedivoire\/politique\/jean-louis-billon-presente-son-plan-b-pour-2025","name":"Jean Louis Billon Pr\u00e9sente Son Plan B Pour 2025 - C\u00f4te d&#039;Ivoire","isPartOf":{"@id":"https:\/\/www.africa-press.net\/cotedivoire\/#website"},"primaryImageOfPage":{"@id":"https:\/\/www.africa-press.net\/cotedivoire\/politique\/jean-louis-billon-presente-son-plan-b-pour-2025#primaryimage"},"image":{"@id":"https:\/\/www.africa-press.net\/cotedivoire\/politique\/jean-louis-billon-presente-son-plan-b-pour-2025#primaryimage"},"thumbnailUrl":"https:\/\/static.africa-press.net\/cote\/sites\/43\/2025\/08\/sm_1754059717.565962.jpg","datePublished":"2025-08-01T17:33:40+00:00","dateModified":"2025-08-01T18:20:19+00:00","author":{"@id":"https:\/\/www.africa-press.net\/cotedivoire\/#\/schema\/person\/2b1cf3cd81a31e3cd26889ca66d677f1"},"description":"En pleine campagne pre\u0301e\u0301lectorale, le candidat a\u0300 la pre\u0301sidentielle Jean Louis Billon poursuit sa tourne\u0301e nationale. ...","breadcrumb":{"@id":"https:\/\/www.africa-press.net\/cotedivoire\/politique\/jean-louis-billon-presente-son-plan-b-pour-2025#breadcrumb"},"inLanguage":"fr-FR","potentialAction":[{"@type":"ReadAction","target":["https:\/\/www.africa-press.net\/cotedivoire\/politique\/jean-louis-billon-presente-son-plan-b-pour-2025"]}]},{"@type":"ImageObject","inLanguage":"fr-FR","@id":"https:\/\/www.africa-press.net\/cotedivoire\/politique\/jean-louis-billon-presente-son-plan-b-pour-2025#primaryimage","url":"https:\/\/static.africa-press.net\/cote\/sites\/43\/2025\/08\/sm_1754059717.565962.jpg","contentUrl":"https:\/\/static.africa-press.net\/cote\/sites\/43\/2025\/08\/sm_1754059717.565962.jpg","width":720,"height":481,"caption":"Jean Louis Billon Pr\u00e9sente Son Plan B Pour 2025"},{"@type":"BreadcrumbList","@id":"https:\/\/www.africa-press.net\/cotedivoire\/politique\/jean-louis-billon-presente-son-plan-b-pour-2025#breadcrumb","itemListElement":[{"@type":"ListItem","position":1,"name":"Accueil","item":"https:\/\/www.africa-press.net\/cotedivoire\/"},{"@type":"ListItem","position":2,"name":"Jean Louis Billon Pr\u00e9sente Son Plan B Pour 2025"}]},{"@type":"WebSite","@id":"https:\/\/www.africa-press.net\/cotedivoire\/#website","url":"https:\/\/www.africa-press.net\/cotedivoire\/","name":"C\u00f4te d&#039;Ivoire","description":"Just another Africa News Agency Sites site","potentialAction":[{"@type":"SearchAction","target":{"@type":"EntryPoint","urlTemplate":"https:\/\/www.africa-press.net\/cotedivoire\/?s={search_term_string}"},"query-input":{"@type":"PropertyValueSpecification","valueRequired":true,"valueName":"search_term_string"}}],"inLanguage":"fr-FR"},{"@type":"Person","@id":"https:\/\/www.africa-press.net\/cotedivoire\/#\/schema\/person\/2b1cf3cd81a31e3cd26889ca66d677f1","name":"cfeditorfr"}]}},"_links":{"self":[{"href":"https:\/\/www.africa-press.net\/cotedivoire\/wp-json\/wp\/v2\/posts\/103121","targetHints":{"allow":["GET"]}}],"collection":[{"href":"https:\/\/www.africa-press.net\/cotedivoire\/wp-json\/wp\/v2\/posts"}],"about":[{"href":"https:\/\/www.africa-press.net\/cotedivoire\/wp-json\/wp\/v2\/types\/post"}],"author":[{"embeddable":true,"href":"https:\/\/www.africa-press.net\/cotedivoire\/wp-json\/wp\/v2\/users\/82"}],"replies":[{"embeddable":true,"href":"https:\/\/www.africa-press.net\/cotedivoire\/wp-json\/wp\/v2\/comments?post=103121"}],"version-history":[{"count":0,"href":"https:\/\/www.africa-press.net\/cotedivoire\/wp-json\/wp\/v2\/posts\/103121\/revisions"}],"wp:featuredmedia":[{"embeddable":true,"href":"https:\/\/www.africa-press.net\/cotedivoire\/wp-json\/wp\/v2\/media\/103120"}],"wp:attachment":[{"href":"https:\/\/www.africa-press.net\/cotedivoire\/wp-json\/wp\/v2\/media?parent=103121"}],"wp:term":[{"taxonomy":"category","embeddable":true,"href":"https:\/\/www.africa-press.net\/cotedivoire\/wp-json\/wp\/v2\/categories?post=103121"},{"taxonomy":"post_tag","embeddable":true,"href":"https:\/\/www.africa-press.net\/cotedivoire\/wp-json\/wp\/v2\/tags?post=103121"}],"curies":[{"name":"wp","href":"https:\/\/api.w.org\/{rel}","templated":true}]}}