{"id":10313,"date":"2021-07-23T13:49:12","date_gmt":"2021-07-23T13:49:12","guid":{"rendered":"https:\/\/www.africa-press.net\/cotedivoire\/?p=10313"},"modified":"2021-07-24T08:09:51","modified_gmt":"2021-07-24T08:09:51","slug":"la-vie-est-chere-en-cote-divoire-et-cest-vrai-affirme-lancien-prefet-dabidjan-vincent-toh-bi-irie","status":"publish","type":"post","link":"https:\/\/www.africa-press.net\/cotedivoire\/politique\/la-vie-est-chere-en-cote-divoire-et-cest-vrai-affirme-lancien-prefet-dabidjan-vincent-toh-bi-irie","title":{"rendered":"\u00ab\u00a0La vie est ch\u00e8re en C\u00f4te-d\u2019Ivoire\u2026.et c\u2019est vrai\u00a0\u00bb, affirme l\u2019ancien pr\u00e9fet d\u2019Abidjan (Vincent Toh Bi Iri\u00e9)"},"content":{"rendered":"<p><span style=\"color: #ff6600\"><strong><a href=\"https:\/\/www.africa-press.net\/\">Africa-Press<\/a> &#8211; <a href=\"https:\/\/www.africa-press.net\/cotedivoire\">C\u00f4te d&rsquo;Ivoire<\/a>. <\/strong><\/span>La vie est ch\u00e8re . La vie est ch\u00e8re\u2026.et c\u2019est vrai . Il ne s\u2019agit pas seulement de la nourriture comme figur\u00e9 dans cette photo d\u2019illustration, mais de toute notre vie et de ce qui l\u2019entoure (sant\u00e9, \u00e9ducation, logement, s\u00e9curit\u00e9\u2026).<\/p>\n<p>C\u2019est la r\u00e9sultante d\u2019un ensemble de facteurs endog\u00e8nes et exog\u00e8nes, \u00e9conomiques, politiques, institutionnels, administratifs, critiques, s\u00e9curitaires, psychologiques, religieux , culturels , historiques.<\/p>\n<p>\u00c0 la rencontre des populations rurales et de celles vivant dans certaines conditions, l\u2019on r\u00e9alise , entre autres, les impacts de la vie ch\u00e8re sur la stabilit\u00e9 communautaire.<\/p>\n<p>Le co\u00fbt \u00e9lev\u00e9 de la vie fait ressurgir l\u00e0-bas les conflits fonciers et les conflits communautaires en fonction des occupations professionnelles des allog\u00e8nes et des allochtones sur d\u2019autres terres. En d\u00e9coulent logiquement des probl\u00e8mes de s\u00e9curit\u00e9 (criminalit\u00e9, violences, contrebande, affrontements, vols).<\/p>\n<p>C\u2019est une autre grave cons\u00e9quence de la chert\u00e9 de la vie sur les populations rurales et que nous n\u00e9gligeons ou ignorons depuis nos grandes villes.<\/p>\n<p>Les mesures publiques courageuses peuvent incliner la courbe des prix et elles sont \u00e0 saluer, celles qui ont \u00e9t\u00e9 et celles qui seront prises. Il est \u00e9galement important que les citoyens adoptent des comportements \u00e9conomiques et civiques responsables dans divers secteurs d\u2019activit\u00e9s pour que les courbes des prix et plus g\u00e9n\u00e9ralement du co\u00fbt de la vie s\u2019inclinent profitablement et durablement.<\/p>\n<p>C\u2019est une \u0153uvre commune et continue d\u2019actions et de responsabilit\u00e9s , qui nivelleront le champ de l\u2019offre et et de la demande, en dehors bien s\u00fbr des crises impr\u00e9visibles.<\/p>\n<p>AUBE NOUVELLE, en tant que force de propositions sociales , soumettra bient\u00f4t des id\u00e9es recueillies sur le terrain et sur les espaces d\u2019expression publique, afin d\u2019accompagner les efforts d\u00e9j\u00e0 consentis par les populations et par les d\u00e9cideurs.Ni d\u00e9ni ni n\u00e9gation de l\u2019\u00e9vidence . Contribuons ensemble \u00e0 la stabilit\u00e9 de nos communaut\u00e9s.<\/p>\n","protected":false},"excerpt":{"rendered":"<p>Africa-Press &#8211; C\u00f4te d&rsquo;Ivoire. La vie est ch\u00e8re . La vie est ch\u00e8re\u2026.et c\u2019est vrai . Il ne s\u2019agit pas seulement de la nourriture comme figur\u00e9 dans cette photo d\u2019illustration, mais de toute notre vie et de ce qui l\u2019entoure (sant\u00e9, \u00e9ducation, logement, s\u00e9curit\u00e9\u2026). C\u2019est la r\u00e9sultante d\u2019un ensemble de facteurs endog\u00e8nes et exog\u00e8nes, \u00e9conomiques, [&hellip;]<\/p>\n","protected":false},"author":82,"featured_media":10312,"comment_status":"open","ping_status":"closed","sticky":false,"template":"","format":"standard","meta":{"footnotes":""},"categories":[11,2,20,10],"tags":[56,63,29],"class_list":["post-10313","post","type-post","status-publish","format-standard","has-post-thumbnail","hentry","category-homepage-french","category-politique","category-top-nouvelles","category-toutes-les-actualites","tag-africa-press","tag-africa-press-cote-divoire","tag-cote-divoire"],"yoast_head":"<!-- This site is optimized with the Yoast SEO Premium plugin v26.1 (Yoast SEO v27.0) - https:\/\/yoast.com\/product\/yoast-seo-premium-wordpress\/ -->\n<title>\u00ab\u00a0La vie est ch\u00e8re en C\u00f4te-d\u2019Ivoire\u2026.et c\u2019est vrai\u00a0\u00bb, affirme l\u2019ancien pr\u00e9fet d\u2019Abidjan (Vincent Toh Bi Iri\u00e9) - C\u00f4te d&#039;Ivoire<\/title>\n<meta name=\"description\" content=\"La vie est ch\u00e8re . La vie est ch\u00e8re\u2026.et c\u2019est vrai . Il ne s\u2019agit pas seulement de la nourriture comme figur\u00e9 dans cette ...\" \/>\n<meta name=\"robots\" content=\"index, follow, max-snippet:-1, max-image-preview:large, max-video-preview:-1\" \/>\n<link rel=\"canonical\" href=\"https:\/\/www.africa-press.net\/cotedivoire\/politique\/la-vie-est-chere-en-cote-divoire-et-cest-vrai-affirme-lancien-prefet-dabidjan-vincent-toh-bi-irie\" \/>\n<meta property=\"og:locale\" content=\"fr_FR\" \/>\n<meta property=\"og:type\" content=\"article\" \/>\n<meta property=\"og:title\" content=\"\u00ab\u00a0La vie est ch\u00e8re en C\u00f4te-d\u2019Ivoire\u2026.et c\u2019est vrai\u00a0\u00bb, affirme l\u2019ancien pr\u00e9fet d\u2019Abidjan (Vincent Toh Bi Iri\u00e9)\" \/>\n<meta property=\"og:description\" content=\"La vie est ch\u00e8re . La vie est ch\u00e8re\u2026.et c\u2019est vrai . Il ne s\u2019agit pas seulement de la nourriture comme figur\u00e9 dans cette ...\" \/>\n<meta property=\"og:url\" content=\"https:\/\/www.africa-press.net\/cotedivoire\/politique\/la-vie-est-chere-en-cote-divoire-et-cest-vrai-affirme-lancien-prefet-dabidjan-vincent-toh-bi-irie\" \/>\n<meta property=\"og:site_name\" content=\"C\u00f4te d&#039;Ivoire\" \/>\n<meta property=\"article:published_time\" content=\"2021-07-23T13:49:12+00:00\" \/>\n<meta property=\"article:modified_time\" content=\"2021-07-24T08:09:51+00:00\" \/>\n<meta property=\"og:image\" content=\"https:\/\/static.africa-press.net\/cote\/sites\/43\/2021\/07\/img-60fabe0346156.jpg\" \/>\n\t<meta property=\"og:image:width\" content=\"960\" \/>\n\t<meta property=\"og:image:height\" content=\"640\" \/>\n\t<meta property=\"og:image:type\" content=\"image\/jpeg\" \/>\n<meta name=\"author\" content=\"cfeditorfr\" \/>\n<meta name=\"twitter:card\" content=\"summary_large_image\" \/>\n<meta name=\"twitter:label1\" content=\"\u00c9crit par\" \/>\n\t<meta name=\"twitter:data1\" content=\"cfeditorfr\" \/>\n\t<meta name=\"twitter:label2\" content=\"Dur\u00e9e de lecture estim\u00e9e\" \/>\n\t<meta name=\"twitter:data2\" content=\"2 minutes\" \/>\n<script type=\"application\/ld+json\" class=\"yoast-schema-graph\">{\"@context\":\"https:\/\/schema.org\",\"@graph\":[{\"@type\":\"Article\",\"@id\":\"https:\/\/www.africa-press.net\/cotedivoire\/politique\/la-vie-est-chere-en-cote-divoire-et-cest-vrai-affirme-lancien-prefet-dabidjan-vincent-toh-bi-irie#article\",\"isPartOf\":{\"@id\":\"https:\/\/www.africa-press.net\/cotedivoire\/politique\/la-vie-est-chere-en-cote-divoire-et-cest-vrai-affirme-lancien-prefet-dabidjan-vincent-toh-bi-irie\"},\"author\":{\"name\":\"cfeditorfr\",\"@id\":\"https:\/\/www.africa-press.net\/cotedivoire\/#\/schema\/person\/2b1cf3cd81a31e3cd26889ca66d677f1\"},\"headline\":\"\u00ab\u00a0La vie est ch\u00e8re en C\u00f4te-d\u2019Ivoire\u2026.et c\u2019est vrai\u00a0\u00bb, affirme l\u2019ancien pr\u00e9fet d\u2019Abidjan (Vincent Toh Bi Iri\u00e9)\",\"datePublished\":\"2021-07-23T13:49:12+00:00\",\"dateModified\":\"2021-07-24T08:09:51+00:00\",\"mainEntityOfPage\":{\"@id\":\"https:\/\/www.africa-press.net\/cotedivoire\/politique\/la-vie-est-chere-en-cote-divoire-et-cest-vrai-affirme-lancien-prefet-dabidjan-vincent-toh-bi-irie\"},\"wordCount\":365,\"commentCount\":0,\"image\":{\"@id\":\"https:\/\/www.africa-press.net\/cotedivoire\/politique\/la-vie-est-chere-en-cote-divoire-et-cest-vrai-affirme-lancien-prefet-dabidjan-vincent-toh-bi-irie#primaryimage\"},\"thumbnailUrl\":\"https:\/\/static.africa-press.net\/cote\/sites\/43\/2021\/07\/img-60fabe0346156.jpg\",\"keywords\":[\"Africa Press\",\"Africa Press-C\u00f4te d'Ivoire\",\"C\u00d4TE D'IVOIRE\"],\"articleSection\":[\"homepage-french\",\"Politique\",\"Top Nouvelles\",\"Toutes les actualit\u00e9s\"],\"inLanguage\":\"fr-FR\",\"potentialAction\":[{\"@type\":\"CommentAction\",\"name\":\"Comment\",\"target\":[\"https:\/\/www.africa-press.net\/cotedivoire\/politique\/la-vie-est-chere-en-cote-divoire-et-cest-vrai-affirme-lancien-prefet-dabidjan-vincent-toh-bi-irie#respond\"]}]},{\"@type\":\"WebPage\",\"@id\":\"https:\/\/www.africa-press.net\/cotedivoire\/politique\/la-vie-est-chere-en-cote-divoire-et-cest-vrai-affirme-lancien-prefet-dabidjan-vincent-toh-bi-irie\",\"url\":\"https:\/\/www.africa-press.net\/cotedivoire\/politique\/la-vie-est-chere-en-cote-divoire-et-cest-vrai-affirme-lancien-prefet-dabidjan-vincent-toh-bi-irie\",\"name\":\"\u00ab\u00a0La vie est ch\u00e8re en C\u00f4te-d\u2019Ivoire\u2026.et c\u2019est vrai\u00a0\u00bb, affirme l\u2019ancien pr\u00e9fet d\u2019Abidjan (Vincent Toh Bi Iri\u00e9) - C\u00f4te d&#039;Ivoire\",\"isPartOf\":{\"@id\":\"https:\/\/www.africa-press.net\/cotedivoire\/#website\"},\"primaryImageOfPage\":{\"@id\":\"https:\/\/www.africa-press.net\/cotedivoire\/politique\/la-vie-est-chere-en-cote-divoire-et-cest-vrai-affirme-lancien-prefet-dabidjan-vincent-toh-bi-irie#primaryimage\"},\"image\":{\"@id\":\"https:\/\/www.africa-press.net\/cotedivoire\/politique\/la-vie-est-chere-en-cote-divoire-et-cest-vrai-affirme-lancien-prefet-dabidjan-vincent-toh-bi-irie#primaryimage\"},\"thumbnailUrl\":\"https:\/\/static.africa-press.net\/cote\/sites\/43\/2021\/07\/img-60fabe0346156.jpg\",\"datePublished\":\"2021-07-23T13:49:12+00:00\",\"dateModified\":\"2021-07-24T08:09:51+00:00\",\"author\":{\"@id\":\"https:\/\/www.africa-press.net\/cotedivoire\/#\/schema\/person\/2b1cf3cd81a31e3cd26889ca66d677f1\"},\"description\":\"La vie est ch\u00e8re . La vie est ch\u00e8re\u2026.et c\u2019est vrai . Il ne s\u2019agit pas seulement de la nourriture comme figur\u00e9 dans cette ...\",\"breadcrumb\":{\"@id\":\"https:\/\/www.africa-press.net\/cotedivoire\/politique\/la-vie-est-chere-en-cote-divoire-et-cest-vrai-affirme-lancien-prefet-dabidjan-vincent-toh-bi-irie#breadcrumb\"},\"inLanguage\":\"fr-FR\",\"potentialAction\":[{\"@type\":\"ReadAction\",\"target\":[\"https:\/\/www.africa-press.net\/cotedivoire\/politique\/la-vie-est-chere-en-cote-divoire-et-cest-vrai-affirme-lancien-prefet-dabidjan-vincent-toh-bi-irie\"]}]},{\"@type\":\"ImageObject\",\"inLanguage\":\"fr-FR\",\"@id\":\"https:\/\/www.africa-press.net\/cotedivoire\/politique\/la-vie-est-chere-en-cote-divoire-et-cest-vrai-affirme-lancien-prefet-dabidjan-vincent-toh-bi-irie#primaryimage\",\"url\":\"https:\/\/static.africa-press.net\/cote\/sites\/43\/2021\/07\/img-60fabe0346156.jpg\",\"contentUrl\":\"https:\/\/static.africa-press.net\/cote\/sites\/43\/2021\/07\/img-60fabe0346156.jpg\",\"width\":960,\"height\":640,\"caption\":\"\u00ab\u00a0La vie est ch\u00e8re en C\u00f4te-d\u2019Ivoire\u2026.et c\u2019est vrai\u00a0\u00bb, affirme l\u2019ancien pr\u00e9fet d\u2019Abidjan (Vincent Toh Bi Iri\u00e9)\"},{\"@type\":\"BreadcrumbList\",\"@id\":\"https:\/\/www.africa-press.net\/cotedivoire\/politique\/la-vie-est-chere-en-cote-divoire-et-cest-vrai-affirme-lancien-prefet-dabidjan-vincent-toh-bi-irie#breadcrumb\",\"itemListElement\":[{\"@type\":\"ListItem\",\"position\":1,\"name\":\"Accueil\",\"item\":\"https:\/\/www.africa-press.net\/cotedivoire\/\"},{\"@type\":\"ListItem\",\"position\":2,\"name\":\"\u00ab\u00a0La vie est ch\u00e8re en C\u00f4te-d\u2019Ivoire\u2026.et c\u2019est vrai\u00a0\u00bb, affirme l\u2019ancien pr\u00e9fet d\u2019Abidjan (Vincent Toh Bi Iri\u00e9)\"}]},{\"@type\":\"WebSite\",\"@id\":\"https:\/\/www.africa-press.net\/cotedivoire\/#website\",\"url\":\"https:\/\/www.africa-press.net\/cotedivoire\/\",\"name\":\"C\u00f4te d&#039;Ivoire\",\"description\":\"Just another Africa News Agency Sites site\",\"potentialAction\":[{\"@type\":\"SearchAction\",\"target\":{\"@type\":\"EntryPoint\",\"urlTemplate\":\"https:\/\/www.africa-press.net\/cotedivoire\/?s={search_term_string}\"},\"query-input\":{\"@type\":\"PropertyValueSpecification\",\"valueRequired\":true,\"valueName\":\"search_term_string\"}}],\"inLanguage\":\"fr-FR\"},{\"@type\":\"Person\",\"@id\":\"https:\/\/www.africa-press.net\/cotedivoire\/#\/schema\/person\/2b1cf3cd81a31e3cd26889ca66d677f1\",\"name\":\"cfeditorfr\"}]}<\/script>\n<!-- \/ Yoast SEO Premium plugin. -->","yoast_head_json":{"title":"\u00ab\u00a0La vie est ch\u00e8re en C\u00f4te-d\u2019Ivoire\u2026.et c\u2019est vrai\u00a0\u00bb, affirme l\u2019ancien pr\u00e9fet d\u2019Abidjan (Vincent Toh Bi Iri\u00e9) - C\u00f4te d&#039;Ivoire","description":"La vie est ch\u00e8re . La vie est ch\u00e8re\u2026.et c\u2019est vrai . Il ne s\u2019agit pas seulement de la nourriture comme figur\u00e9 dans cette ...","robots":{"index":"index","follow":"follow","max-snippet":"max-snippet:-1","max-image-preview":"max-image-preview:large","max-video-preview":"max-video-preview:-1"},"canonical":"https:\/\/www.africa-press.net\/cotedivoire\/politique\/la-vie-est-chere-en-cote-divoire-et-cest-vrai-affirme-lancien-prefet-dabidjan-vincent-toh-bi-irie","og_locale":"fr_FR","og_type":"article","og_title":"\u00ab\u00a0La vie est ch\u00e8re en C\u00f4te-d\u2019Ivoire\u2026.et c\u2019est vrai\u00a0\u00bb, affirme l\u2019ancien pr\u00e9fet d\u2019Abidjan (Vincent Toh Bi Iri\u00e9)","og_description":"La vie est ch\u00e8re . La vie est ch\u00e8re\u2026.et c\u2019est vrai . Il ne s\u2019agit pas seulement de la nourriture comme figur\u00e9 dans cette ...","og_url":"https:\/\/www.africa-press.net\/cotedivoire\/politique\/la-vie-est-chere-en-cote-divoire-et-cest-vrai-affirme-lancien-prefet-dabidjan-vincent-toh-bi-irie","og_site_name":"C\u00f4te d&#039;Ivoire","article_published_time":"2021-07-23T13:49:12+00:00","article_modified_time":"2021-07-24T08:09:51+00:00","og_image":[{"width":960,"height":640,"url":"https:\/\/static.africa-press.net\/cote\/sites\/43\/2021\/07\/img-60fabe0346156.jpg","type":"image\/jpeg"}],"author":"cfeditorfr","twitter_card":"summary_large_image","twitter_misc":{"\u00c9crit par":"cfeditorfr","Dur\u00e9e de lecture estim\u00e9e":"2 minutes"},"schema":{"@context":"https:\/\/schema.org","@graph":[{"@type":"Article","@id":"https:\/\/www.africa-press.net\/cotedivoire\/politique\/la-vie-est-chere-en-cote-divoire-et-cest-vrai-affirme-lancien-prefet-dabidjan-vincent-toh-bi-irie#article","isPartOf":{"@id":"https:\/\/www.africa-press.net\/cotedivoire\/politique\/la-vie-est-chere-en-cote-divoire-et-cest-vrai-affirme-lancien-prefet-dabidjan-vincent-toh-bi-irie"},"author":{"name":"cfeditorfr","@id":"https:\/\/www.africa-press.net\/cotedivoire\/#\/schema\/person\/2b1cf3cd81a31e3cd26889ca66d677f1"},"headline":"\u00ab\u00a0La vie est ch\u00e8re en C\u00f4te-d\u2019Ivoire\u2026.et c\u2019est vrai\u00a0\u00bb, affirme l\u2019ancien pr\u00e9fet d\u2019Abidjan (Vincent Toh Bi Iri\u00e9)","datePublished":"2021-07-23T13:49:12+00:00","dateModified":"2021-07-24T08:09:51+00:00","mainEntityOfPage":{"@id":"https:\/\/www.africa-press.net\/cotedivoire\/politique\/la-vie-est-chere-en-cote-divoire-et-cest-vrai-affirme-lancien-prefet-dabidjan-vincent-toh-bi-irie"},"wordCount":365,"commentCount":0,"image":{"@id":"https:\/\/www.africa-press.net\/cotedivoire\/politique\/la-vie-est-chere-en-cote-divoire-et-cest-vrai-affirme-lancien-prefet-dabidjan-vincent-toh-bi-irie#primaryimage"},"thumbnailUrl":"https:\/\/static.africa-press.net\/cote\/sites\/43\/2021\/07\/img-60fabe0346156.jpg","keywords":["Africa Press","Africa Press-C\u00f4te d'Ivoire","C\u00d4TE D'IVOIRE"],"articleSection":["homepage-french","Politique","Top Nouvelles","Toutes les actualit\u00e9s"],"inLanguage":"fr-FR","potentialAction":[{"@type":"CommentAction","name":"Comment","target":["https:\/\/www.africa-press.net\/cotedivoire\/politique\/la-vie-est-chere-en-cote-divoire-et-cest-vrai-affirme-lancien-prefet-dabidjan-vincent-toh-bi-irie#respond"]}]},{"@type":"WebPage","@id":"https:\/\/www.africa-press.net\/cotedivoire\/politique\/la-vie-est-chere-en-cote-divoire-et-cest-vrai-affirme-lancien-prefet-dabidjan-vincent-toh-bi-irie","url":"https:\/\/www.africa-press.net\/cotedivoire\/politique\/la-vie-est-chere-en-cote-divoire-et-cest-vrai-affirme-lancien-prefet-dabidjan-vincent-toh-bi-irie","name":"\u00ab\u00a0La vie est ch\u00e8re en C\u00f4te-d\u2019Ivoire\u2026.et c\u2019est vrai\u00a0\u00bb, affirme l\u2019ancien pr\u00e9fet d\u2019Abidjan (Vincent Toh Bi Iri\u00e9) - C\u00f4te d&#039;Ivoire","isPartOf":{"@id":"https:\/\/www.africa-press.net\/cotedivoire\/#website"},"primaryImageOfPage":{"@id":"https:\/\/www.africa-press.net\/cotedivoire\/politique\/la-vie-est-chere-en-cote-divoire-et-cest-vrai-affirme-lancien-prefet-dabidjan-vincent-toh-bi-irie#primaryimage"},"image":{"@id":"https:\/\/www.africa-press.net\/cotedivoire\/politique\/la-vie-est-chere-en-cote-divoire-et-cest-vrai-affirme-lancien-prefet-dabidjan-vincent-toh-bi-irie#primaryimage"},"thumbnailUrl":"https:\/\/static.africa-press.net\/cote\/sites\/43\/2021\/07\/img-60fabe0346156.jpg","datePublished":"2021-07-23T13:49:12+00:00","dateModified":"2021-07-24T08:09:51+00:00","author":{"@id":"https:\/\/www.africa-press.net\/cotedivoire\/#\/schema\/person\/2b1cf3cd81a31e3cd26889ca66d677f1"},"description":"La vie est ch\u00e8re . La vie est ch\u00e8re\u2026.et c\u2019est vrai . Il ne s\u2019agit pas seulement de la nourriture comme figur\u00e9 dans cette ...","breadcrumb":{"@id":"https:\/\/www.africa-press.net\/cotedivoire\/politique\/la-vie-est-chere-en-cote-divoire-et-cest-vrai-affirme-lancien-prefet-dabidjan-vincent-toh-bi-irie#breadcrumb"},"inLanguage":"fr-FR","potentialAction":[{"@type":"ReadAction","target":["https:\/\/www.africa-press.net\/cotedivoire\/politique\/la-vie-est-chere-en-cote-divoire-et-cest-vrai-affirme-lancien-prefet-dabidjan-vincent-toh-bi-irie"]}]},{"@type":"ImageObject","inLanguage":"fr-FR","@id":"https:\/\/www.africa-press.net\/cotedivoire\/politique\/la-vie-est-chere-en-cote-divoire-et-cest-vrai-affirme-lancien-prefet-dabidjan-vincent-toh-bi-irie#primaryimage","url":"https:\/\/static.africa-press.net\/cote\/sites\/43\/2021\/07\/img-60fabe0346156.jpg","contentUrl":"https:\/\/static.africa-press.net\/cote\/sites\/43\/2021\/07\/img-60fabe0346156.jpg","width":960,"height":640,"caption":"\u00ab\u00a0La vie est ch\u00e8re en C\u00f4te-d\u2019Ivoire\u2026.et c\u2019est vrai\u00a0\u00bb, affirme l\u2019ancien pr\u00e9fet d\u2019Abidjan (Vincent Toh Bi Iri\u00e9)"},{"@type":"BreadcrumbList","@id":"https:\/\/www.africa-press.net\/cotedivoire\/politique\/la-vie-est-chere-en-cote-divoire-et-cest-vrai-affirme-lancien-prefet-dabidjan-vincent-toh-bi-irie#breadcrumb","itemListElement":[{"@type":"ListItem","position":1,"name":"Accueil","item":"https:\/\/www.africa-press.net\/cotedivoire\/"},{"@type":"ListItem","position":2,"name":"\u00ab\u00a0La vie est ch\u00e8re en C\u00f4te-d\u2019Ivoire\u2026.et c\u2019est vrai\u00a0\u00bb, affirme l\u2019ancien pr\u00e9fet d\u2019Abidjan (Vincent Toh Bi Iri\u00e9)"}]},{"@type":"WebSite","@id":"https:\/\/www.africa-press.net\/cotedivoire\/#website","url":"https:\/\/www.africa-press.net\/cotedivoire\/","name":"C\u00f4te d&#039;Ivoire","description":"Just another Africa News Agency Sites site","potentialAction":[{"@type":"SearchAction","target":{"@type":"EntryPoint","urlTemplate":"https:\/\/www.africa-press.net\/cotedivoire\/?s={search_term_string}"},"query-input":{"@type":"PropertyValueSpecification","valueRequired":true,"valueName":"search_term_string"}}],"inLanguage":"fr-FR"},{"@type":"Person","@id":"https:\/\/www.africa-press.net\/cotedivoire\/#\/schema\/person\/2b1cf3cd81a31e3cd26889ca66d677f1","name":"cfeditorfr"}]}},"_links":{"self":[{"href":"https:\/\/www.africa-press.net\/cotedivoire\/wp-json\/wp\/v2\/posts\/10313","targetHints":{"allow":["GET"]}}],"collection":[{"href":"https:\/\/www.africa-press.net\/cotedivoire\/wp-json\/wp\/v2\/posts"}],"about":[{"href":"https:\/\/www.africa-press.net\/cotedivoire\/wp-json\/wp\/v2\/types\/post"}],"author":[{"embeddable":true,"href":"https:\/\/www.africa-press.net\/cotedivoire\/wp-json\/wp\/v2\/users\/82"}],"replies":[{"embeddable":true,"href":"https:\/\/www.africa-press.net\/cotedivoire\/wp-json\/wp\/v2\/comments?post=10313"}],"version-history":[{"count":0,"href":"https:\/\/www.africa-press.net\/cotedivoire\/wp-json\/wp\/v2\/posts\/10313\/revisions"}],"wp:featuredmedia":[{"embeddable":true,"href":"https:\/\/www.africa-press.net\/cotedivoire\/wp-json\/wp\/v2\/media\/10312"}],"wp:attachment":[{"href":"https:\/\/www.africa-press.net\/cotedivoire\/wp-json\/wp\/v2\/media?parent=10313"}],"wp:term":[{"taxonomy":"category","embeddable":true,"href":"https:\/\/www.africa-press.net\/cotedivoire\/wp-json\/wp\/v2\/categories?post=10313"},{"taxonomy":"post_tag","embeddable":true,"href":"https:\/\/www.africa-press.net\/cotedivoire\/wp-json\/wp\/v2\/tags?post=10313"}],"curies":[{"name":"wp","href":"https:\/\/api.w.org\/{rel}","templated":true}]}}