{"id":103130,"date":"2025-08-01T17:35:43","date_gmt":"2025-08-01T17:35:43","guid":{"rendered":"https:\/\/www.africa-press.net\/cotedivoire\/politique\/pdci-soppose-a-une-nouvelle-candidature-douattara"},"modified":"2025-08-01T18:22:46","modified_gmt":"2025-08-01T18:22:46","slug":"pdci-soppose-a-une-nouvelle-candidature-douattara","status":"publish","type":"post","link":"https:\/\/www.africa-press.net\/cotedivoire\/parties\/pdci-soppose-a-une-nouvelle-candidature-douattara","title":{"rendered":"PDCI S&rsquo;Oppose \u00c0 Une Nouvelle Candidature D&rsquo;Ouattara"},"content":{"rendered":"<p><span style=\"color: #ff6600\"><strong>Africa-Press &#8211; C\u00f4te d&rsquo;Ivoire. <\/strong><\/span>Le paysage politique ivoirien vient d\u2019e\u0302tre secoue\u0301 par l\u2019annonce, le mardi 29 juillet 2025, de la candidature du pre\u0301sident Alassane Ouattara a\u0300 un nouveau mandat. Une de\u0301claration faite a\u0300 travers une vide\u0301o largement diffuse\u0301e sur les chai\u0302nes de te\u0301le\u0301vision nationales et sur les re\u0301seaux sociaux, et qui suscite de\u0301ja\u0300 de vives re\u0301actions au sein de l\u2019opposition.<\/p>\n<p>Parmi les premiers partis a\u0300 re\u0301agir, le Parti De\u0301mocratique de Co\u0302te d\u2019Ivoire \u2013 Rassemblement De\u0301mocratique Africain (PDCI-RDA) exprime son indignation et de\u0301nonce ce qu\u2019il qualifie de \u00ab de\u0301rive autocratique \u00bb menac\u0327ant les fondements re\u0301publicains du pays.<\/p>\n<p>Dans sa prise de position officielle a\u0300 travers le de\u0301pute\u0301 Simon Doho, le PDCI-RDA rappelle que l\u2019article 55 de la Constitution de la Re\u0301publique de Co\u0302te d\u2019Ivoire limite le nombre de mandats pre\u0301sidentiels a\u0300 deux. Selon le parti, cette nouvelle candidature constitue une violation manifeste de la Loi fondamentale, et s\u2019inscrit dans la continuite\u0301 d\u2019un processus entame\u0301 depuis 2020.<\/p>\n<p>A\u0300 cette e\u0301poque, apre\u0300s avoir de\u0301clare\u0301 devant le Congre\u0300s qu\u2019il ne briguerait plus de mandat, le pre\u0301sident Ouattara avait tout de me\u0302me opte\u0301 pour un troisie\u0300me mandat en invoquant la \u00ab force majeure \u00bb, une de\u0301cision qui avait engendre\u0301 de graves tensions et de nombreuses pertes en vies humaines.<\/p>\n<p>Aujourd\u2019hui, l\u2019annonce d\u2019un nouveau mandat apparai\u0302t, selon le PDCI-RDA, comme un nouveau passage en force, qui pie\u0301tine non seulement la Constitution mais e\u0301galement la parole donne\u0301e. Un acte politique juge\u0301 dangereux pour la paix sociale, la cohe\u0301sion nationale et la stabilite\u0301 institutionnelle de la Co\u0302te d\u2019Ivoire. Le parti, dirige\u0301 par Cheick Tidjane Thiam, affirme que cette initiative pre\u0301sidentielle n\u2019a rien a\u0300 voir avec les aspirations du peuple ivoirien mais re\u0301pond pluto\u0302t a\u0300 une ambition personnelle sans vision collective.<\/p>\n<p>Dans le me\u0302me e\u0301lan, le PDCI-RDA revient sur les exclusions politiques qui fragilisent, selon lui, le processus de\u0301mocratique: l\u2019e\u0301viction de personnalite\u0301s majeures telles que Tidjane Thiam, Laurent Gbagbo, Guillaume Soro ou encore Charles Ble\u0301 Goude\u0301 est interpre\u0301te\u0301e comme une man\u0153uvre orchestre\u0301e pour verrouiller la compe\u0301tition e\u0301lectorale. Depuis 2024, accuse le parti, le pouvoir en place a tourne\u0301 le dos a\u0300 tout dialogue politique, instaurant a\u0300 la place un climat de peur, fait d\u2019arrestations, d\u2019intimidations, de de\u0301tentions arbitraires et d\u2019enle\u0300vements cible\u0301s.<\/p>\n<p>Face a\u0300 cette situation qu\u2019il qualifie d\u2019extre\u0302mement grave, le PDCI-RDA appelle les citoyens ivoiriens a\u0300 rester mobilise\u0301s dans le calme et le respect des lois, afin de de\u0301fendre la de\u0301mocratie et le respect de la Constitution. Le parti en appelle e\u0301galement a\u0300 la responsabilite\u0301 de toutes les forces sociales, politiques, religieuses, coutumie\u0300res, ainsi qu\u2019a\u0300 la diaspora, pour unir leurs voix dans la construction d\u2019un E\u0301tat de droit inclusif et durable.<\/p>\n<p>Enfin, le parti s\u2019adresse solennellement aux garants nationaux et internationaux de l\u2019ordre de\u0301mocratique. Le Conseil Constitutionnel, ainsi que les grandes institutions telles que les Nations Unies, l\u2019Union africaine, la CEDEAO ou encore l\u2019Union europe\u0301enne, sont interpelle\u0301s afin qu\u2019ils usent de tous les leviers diplomatiques et juridiques a\u0300 leur disposition pour pre\u0301venir une nouvelle crise en Co\u0302te d\u2019Ivoire, dans une sous-re\u0301gion de\u0301ja\u0300 fortement fragilise\u0301e.<\/p>\n<p>En conclusion, Cheick Tidjane Thiam, pre\u0301sident du PDCI-RDA en exil en France depuis avril et suspecte\u0301 de destabilisation, renouvelle son appel au dialogue national inclusif, seul cadre capable de garantir l\u2019organisation d\u2019une e\u0301lection pre\u0301sidentielle ve\u0301ritablement apaise\u0301e.<\/p>\n<p>Celui qui aura faute\u0301 en s&rsquo;inscrivant sur la liste e\u0301le\u0301ctorale avant d&rsquo;avoir renonce\u0301 a\u0300 sa natinalite\u0301 franc\u0327aise, qui lui vaudra d&rsquo;en e\u0302tre exclu et donc de ne pouvoir compe\u0301tir a\u0300 la pre\u0301sidentielle a\u0300 venir, en appelle au sursaut du pre\u0301sident Ouattara et de son gouvernement pour prendre enfin le chemin d\u2019une espe\u0301rance nouvelle, de\u0301barrasse\u0301e des inte\u0301re\u0302ts personnels, et tourne\u0301e vers une Co\u0302te d\u2019Ivoire fraternelle, de\u0301mocratique et prospe\u0300re.<\/p>\n<p>Pour le parti, secoue\u0301 par des crises internes depuis le de\u0301ce\u0300s du \u00ab\u00a0roi\u00a0\u00bb Be\u0301die\u0301 et affaibli financie\u0300rement, il n\u2019y a pas de sacrifice trop grand lorsqu\u2019il s\u2019agit de sauver la nation d\u2019un naufrage et d\u2019ouvrir la voie a\u0300 un avenir digne et stable pour les ge\u0301ne\u0301rations futures.<\/p>\n<p>Avant de savoir si le parti pre\u0301sentera un candidat e\u0301ligible pour la candiature a\u0300 la pre\u0301sidentielle d&rsquo;octobre prochain, Be\u0301die\u0301 parti, reste a\u0300 observer quel sera le score du PDCI version Thiam ou autre, aux prochaines le\u0301gislatives pour de\u0301terminer son re\u0301el poids politique.<\/p>\n<p><strong>Pour plus d&rsquo;informations et d&rsquo;analyses sur la <span style=\"color: #ff6600\">C\u00f4te d&rsquo;Ivoire<\/span>, suivez <span style=\"color: #ff6600\">Africa-Press<\/span><\/strong><\/p>\n","protected":false},"excerpt":{"rendered":"<p>Africa-Press &#8211; C\u00f4te d&rsquo;Ivoire. Le paysage politique ivoirien vient d\u2019e\u0302tre secoue\u0301 par l\u2019annonce, le mardi 29 juillet 2025, de la candidature du pre\u0301sident Alassane Ouattara a\u0300 un nouveau mandat. Une de\u0301claration faite a\u0300 travers une vide\u0301o largement diffuse\u0301e sur les chai\u0302nes de te\u0301le\u0301vision nationales et sur les re\u0301seaux sociaux, et qui suscite de\u0301ja\u0300 de vives [&hellip;]<\/p>\n","protected":false},"author":82,"featured_media":103129,"comment_status":"open","ping_status":"closed","sticky":false,"template":"","format":"standard","meta":{"footnotes":""},"categories":[4,70,10],"tags":[18403,29,3634,3500,423,1547],"class_list":["post-103130","post","type-post","status-publish","format-standard","has-post-thumbnail","hentry","category-parties","category-to-homepage","category-toutes-les-actualites","tag-alassanr-ouattara","tag-cote-divoire","tag-mandat","tag-opposition","tag-pdci","tag-thiam"],"yoast_head":"<!-- This site is optimized with the Yoast SEO Premium plugin v26.1 (Yoast SEO v27.0) - https:\/\/yoast.com\/product\/yoast-seo-premium-wordpress\/ -->\n<title>PDCI S&#039;Oppose \u00c0 Une Nouvelle Candidature D&#039;Ouattara - C\u00f4te d&#039;Ivoire<\/title>\n<meta name=\"description\" content=\"Le paysage politique ivoirien vient d\u2019e\u0302tre secoue\u0301 par l\u2019annonce, le mardi 29 juillet 2025, de la candidature du pre\u0301si ...\" \/>\n<meta name=\"robots\" content=\"index, follow, max-snippet:-1, max-image-preview:large, max-video-preview:-1\" \/>\n<link rel=\"canonical\" href=\"https:\/\/www.africa-press.net\/cotedivoire\/parties\/pdci-soppose-a-une-nouvelle-candidature-douattara\" \/>\n<meta property=\"og:locale\" content=\"fr_FR\" \/>\n<meta property=\"og:type\" content=\"article\" \/>\n<meta property=\"og:title\" content=\"PDCI S&#039;Oppose \u00c0 Une Nouvelle Candidature D&#039;Ouattara\" \/>\n<meta property=\"og:description\" content=\"Le paysage politique ivoirien vient d\u2019e\u0302tre secoue\u0301 par l\u2019annonce, le mardi 29 juillet 2025, de la candidature du pre\u0301si ...\" \/>\n<meta property=\"og:url\" content=\"https:\/\/www.africa-press.net\/cotedivoire\/parties\/pdci-soppose-a-une-nouvelle-candidature-douattara\" \/>\n<meta property=\"og:site_name\" content=\"C\u00f4te d&#039;Ivoire\" \/>\n<meta property=\"article:published_time\" content=\"2025-08-01T17:35:43+00:00\" \/>\n<meta property=\"article:modified_time\" content=\"2025-08-01T18:22:46+00:00\" \/>\n<meta property=\"og:image\" content=\"https:\/\/static.africa-press.net\/cote\/sites\/43\/2025\/08\/sm_1754059766.513182.jpg\" \/>\n\t<meta property=\"og:image:width\" content=\"720\" \/>\n\t<meta property=\"og:image:height\" content=\"374\" \/>\n\t<meta property=\"og:image:type\" content=\"image\/jpeg\" \/>\n<meta name=\"author\" content=\"cfeditorfr\" \/>\n<meta name=\"twitter:card\" content=\"summary_large_image\" \/>\n<meta name=\"twitter:label1\" content=\"\u00c9crit par\" \/>\n\t<meta name=\"twitter:data1\" content=\"cfeditorfr\" \/>\n\t<meta name=\"twitter:label2\" content=\"Dur\u00e9e de lecture estim\u00e9e\" \/>\n\t<meta name=\"twitter:data2\" content=\"4 minutes\" \/>\n<script type=\"application\/ld+json\" class=\"yoast-schema-graph\">{\"@context\":\"https:\/\/schema.org\",\"@graph\":[{\"@type\":\"Article\",\"@id\":\"https:\/\/www.africa-press.net\/cotedivoire\/parties\/pdci-soppose-a-une-nouvelle-candidature-douattara#article\",\"isPartOf\":{\"@id\":\"https:\/\/www.africa-press.net\/cotedivoire\/parties\/pdci-soppose-a-une-nouvelle-candidature-douattara\"},\"author\":{\"name\":\"cfeditorfr\",\"@id\":\"https:\/\/www.africa-press.net\/cotedivoire\/#\/schema\/person\/2b1cf3cd81a31e3cd26889ca66d677f1\"},\"headline\":\"PDCI S&rsquo;Oppose \u00c0 Une Nouvelle Candidature D&rsquo;Ouattara\",\"datePublished\":\"2025-08-01T17:35:43+00:00\",\"dateModified\":\"2025-08-01T18:22:46+00:00\",\"mainEntityOfPage\":{\"@id\":\"https:\/\/www.africa-press.net\/cotedivoire\/parties\/pdci-soppose-a-une-nouvelle-candidature-douattara\"},\"wordCount\":847,\"commentCount\":0,\"image\":{\"@id\":\"https:\/\/www.africa-press.net\/cotedivoire\/parties\/pdci-soppose-a-une-nouvelle-candidature-douattara#primaryimage\"},\"thumbnailUrl\":\"https:\/\/static.africa-press.net\/cote\/sites\/43\/2025\/08\/sm_1754059766.513182.jpg\",\"keywords\":[\"Alassanr Ouattara\",\"C\u00d4TE D'IVOIRE\",\"mandat\",\"opposition\",\"Pdci\",\"Thiam\"],\"articleSection\":[\"Parties\",\"to-homepage\",\"Toutes les actualit\u00e9s\"],\"inLanguage\":\"fr-FR\",\"potentialAction\":[{\"@type\":\"CommentAction\",\"name\":\"Comment\",\"target\":[\"https:\/\/www.africa-press.net\/cotedivoire\/parties\/pdci-soppose-a-une-nouvelle-candidature-douattara#respond\"]}]},{\"@type\":\"WebPage\",\"@id\":\"https:\/\/www.africa-press.net\/cotedivoire\/parties\/pdci-soppose-a-une-nouvelle-candidature-douattara\",\"url\":\"https:\/\/www.africa-press.net\/cotedivoire\/parties\/pdci-soppose-a-une-nouvelle-candidature-douattara\",\"name\":\"PDCI S'Oppose \u00c0 Une Nouvelle Candidature D'Ouattara - C\u00f4te d&#039;Ivoire\",\"isPartOf\":{\"@id\":\"https:\/\/www.africa-press.net\/cotedivoire\/#website\"},\"primaryImageOfPage\":{\"@id\":\"https:\/\/www.africa-press.net\/cotedivoire\/parties\/pdci-soppose-a-une-nouvelle-candidature-douattara#primaryimage\"},\"image\":{\"@id\":\"https:\/\/www.africa-press.net\/cotedivoire\/parties\/pdci-soppose-a-une-nouvelle-candidature-douattara#primaryimage\"},\"thumbnailUrl\":\"https:\/\/static.africa-press.net\/cote\/sites\/43\/2025\/08\/sm_1754059766.513182.jpg\",\"datePublished\":\"2025-08-01T17:35:43+00:00\",\"dateModified\":\"2025-08-01T18:22:46+00:00\",\"author\":{\"@id\":\"https:\/\/www.africa-press.net\/cotedivoire\/#\/schema\/person\/2b1cf3cd81a31e3cd26889ca66d677f1\"},\"description\":\"Le paysage politique ivoirien vient d\u2019e\u0302tre secoue\u0301 par l\u2019annonce, le mardi 29 juillet 2025, de la candidature du pre\u0301si ...\",\"breadcrumb\":{\"@id\":\"https:\/\/www.africa-press.net\/cotedivoire\/parties\/pdci-soppose-a-une-nouvelle-candidature-douattara#breadcrumb\"},\"inLanguage\":\"fr-FR\",\"potentialAction\":[{\"@type\":\"ReadAction\",\"target\":[\"https:\/\/www.africa-press.net\/cotedivoire\/parties\/pdci-soppose-a-une-nouvelle-candidature-douattara\"]}]},{\"@type\":\"ImageObject\",\"inLanguage\":\"fr-FR\",\"@id\":\"https:\/\/www.africa-press.net\/cotedivoire\/parties\/pdci-soppose-a-une-nouvelle-candidature-douattara#primaryimage\",\"url\":\"https:\/\/static.africa-press.net\/cote\/sites\/43\/2025\/08\/sm_1754059766.513182.jpg\",\"contentUrl\":\"https:\/\/static.africa-press.net\/cote\/sites\/43\/2025\/08\/sm_1754059766.513182.jpg\",\"width\":720,\"height\":374,\"caption\":\"PDCI S'Oppose \u00c0 Une Nouvelle Candidature D'Ouattara\"},{\"@type\":\"BreadcrumbList\",\"@id\":\"https:\/\/www.africa-press.net\/cotedivoire\/parties\/pdci-soppose-a-une-nouvelle-candidature-douattara#breadcrumb\",\"itemListElement\":[{\"@type\":\"ListItem\",\"position\":1,\"name\":\"Accueil\",\"item\":\"https:\/\/www.africa-press.net\/cotedivoire\/\"},{\"@type\":\"ListItem\",\"position\":2,\"name\":\"PDCI S&#8217;Oppose \u00c0 Une Nouvelle Candidature D&#8217;Ouattara\"}]},{\"@type\":\"WebSite\",\"@id\":\"https:\/\/www.africa-press.net\/cotedivoire\/#website\",\"url\":\"https:\/\/www.africa-press.net\/cotedivoire\/\",\"name\":\"C\u00f4te d&#039;Ivoire\",\"description\":\"Just another Africa News Agency Sites site\",\"potentialAction\":[{\"@type\":\"SearchAction\",\"target\":{\"@type\":\"EntryPoint\",\"urlTemplate\":\"https:\/\/www.africa-press.net\/cotedivoire\/?s={search_term_string}\"},\"query-input\":{\"@type\":\"PropertyValueSpecification\",\"valueRequired\":true,\"valueName\":\"search_term_string\"}}],\"inLanguage\":\"fr-FR\"},{\"@type\":\"Person\",\"@id\":\"https:\/\/www.africa-press.net\/cotedivoire\/#\/schema\/person\/2b1cf3cd81a31e3cd26889ca66d677f1\",\"name\":\"cfeditorfr\"}]}<\/script>\n<!-- \/ Yoast SEO Premium plugin. -->","yoast_head_json":{"title":"PDCI S'Oppose \u00c0 Une Nouvelle Candidature D'Ouattara - C\u00f4te d&#039;Ivoire","description":"Le paysage politique ivoirien vient d\u2019e\u0302tre secoue\u0301 par l\u2019annonce, le mardi 29 juillet 2025, de la candidature du pre\u0301si ...","robots":{"index":"index","follow":"follow","max-snippet":"max-snippet:-1","max-image-preview":"max-image-preview:large","max-video-preview":"max-video-preview:-1"},"canonical":"https:\/\/www.africa-press.net\/cotedivoire\/parties\/pdci-soppose-a-une-nouvelle-candidature-douattara","og_locale":"fr_FR","og_type":"article","og_title":"PDCI S'Oppose \u00c0 Une Nouvelle Candidature D'Ouattara","og_description":"Le paysage politique ivoirien vient d\u2019e\u0302tre secoue\u0301 par l\u2019annonce, le mardi 29 juillet 2025, de la candidature du pre\u0301si ...","og_url":"https:\/\/www.africa-press.net\/cotedivoire\/parties\/pdci-soppose-a-une-nouvelle-candidature-douattara","og_site_name":"C\u00f4te d&#039;Ivoire","article_published_time":"2025-08-01T17:35:43+00:00","article_modified_time":"2025-08-01T18:22:46+00:00","og_image":[{"width":720,"height":374,"url":"https:\/\/static.africa-press.net\/cote\/sites\/43\/2025\/08\/sm_1754059766.513182.jpg","type":"image\/jpeg"}],"author":"cfeditorfr","twitter_card":"summary_large_image","twitter_misc":{"\u00c9crit par":"cfeditorfr","Dur\u00e9e de lecture estim\u00e9e":"4 minutes"},"schema":{"@context":"https:\/\/schema.org","@graph":[{"@type":"Article","@id":"https:\/\/www.africa-press.net\/cotedivoire\/parties\/pdci-soppose-a-une-nouvelle-candidature-douattara#article","isPartOf":{"@id":"https:\/\/www.africa-press.net\/cotedivoire\/parties\/pdci-soppose-a-une-nouvelle-candidature-douattara"},"author":{"name":"cfeditorfr","@id":"https:\/\/www.africa-press.net\/cotedivoire\/#\/schema\/person\/2b1cf3cd81a31e3cd26889ca66d677f1"},"headline":"PDCI S&rsquo;Oppose \u00c0 Une Nouvelle Candidature D&rsquo;Ouattara","datePublished":"2025-08-01T17:35:43+00:00","dateModified":"2025-08-01T18:22:46+00:00","mainEntityOfPage":{"@id":"https:\/\/www.africa-press.net\/cotedivoire\/parties\/pdci-soppose-a-une-nouvelle-candidature-douattara"},"wordCount":847,"commentCount":0,"image":{"@id":"https:\/\/www.africa-press.net\/cotedivoire\/parties\/pdci-soppose-a-une-nouvelle-candidature-douattara#primaryimage"},"thumbnailUrl":"https:\/\/static.africa-press.net\/cote\/sites\/43\/2025\/08\/sm_1754059766.513182.jpg","keywords":["Alassanr Ouattara","C\u00d4TE D'IVOIRE","mandat","opposition","Pdci","Thiam"],"articleSection":["Parties","to-homepage","Toutes les actualit\u00e9s"],"inLanguage":"fr-FR","potentialAction":[{"@type":"CommentAction","name":"Comment","target":["https:\/\/www.africa-press.net\/cotedivoire\/parties\/pdci-soppose-a-une-nouvelle-candidature-douattara#respond"]}]},{"@type":"WebPage","@id":"https:\/\/www.africa-press.net\/cotedivoire\/parties\/pdci-soppose-a-une-nouvelle-candidature-douattara","url":"https:\/\/www.africa-press.net\/cotedivoire\/parties\/pdci-soppose-a-une-nouvelle-candidature-douattara","name":"PDCI S'Oppose \u00c0 Une Nouvelle Candidature D'Ouattara - C\u00f4te d&#039;Ivoire","isPartOf":{"@id":"https:\/\/www.africa-press.net\/cotedivoire\/#website"},"primaryImageOfPage":{"@id":"https:\/\/www.africa-press.net\/cotedivoire\/parties\/pdci-soppose-a-une-nouvelle-candidature-douattara#primaryimage"},"image":{"@id":"https:\/\/www.africa-press.net\/cotedivoire\/parties\/pdci-soppose-a-une-nouvelle-candidature-douattara#primaryimage"},"thumbnailUrl":"https:\/\/static.africa-press.net\/cote\/sites\/43\/2025\/08\/sm_1754059766.513182.jpg","datePublished":"2025-08-01T17:35:43+00:00","dateModified":"2025-08-01T18:22:46+00:00","author":{"@id":"https:\/\/www.africa-press.net\/cotedivoire\/#\/schema\/person\/2b1cf3cd81a31e3cd26889ca66d677f1"},"description":"Le paysage politique ivoirien vient d\u2019e\u0302tre secoue\u0301 par l\u2019annonce, le mardi 29 juillet 2025, de la candidature du pre\u0301si ...","breadcrumb":{"@id":"https:\/\/www.africa-press.net\/cotedivoire\/parties\/pdci-soppose-a-une-nouvelle-candidature-douattara#breadcrumb"},"inLanguage":"fr-FR","potentialAction":[{"@type":"ReadAction","target":["https:\/\/www.africa-press.net\/cotedivoire\/parties\/pdci-soppose-a-une-nouvelle-candidature-douattara"]}]},{"@type":"ImageObject","inLanguage":"fr-FR","@id":"https:\/\/www.africa-press.net\/cotedivoire\/parties\/pdci-soppose-a-une-nouvelle-candidature-douattara#primaryimage","url":"https:\/\/static.africa-press.net\/cote\/sites\/43\/2025\/08\/sm_1754059766.513182.jpg","contentUrl":"https:\/\/static.africa-press.net\/cote\/sites\/43\/2025\/08\/sm_1754059766.513182.jpg","width":720,"height":374,"caption":"PDCI S'Oppose \u00c0 Une Nouvelle Candidature D'Ouattara"},{"@type":"BreadcrumbList","@id":"https:\/\/www.africa-press.net\/cotedivoire\/parties\/pdci-soppose-a-une-nouvelle-candidature-douattara#breadcrumb","itemListElement":[{"@type":"ListItem","position":1,"name":"Accueil","item":"https:\/\/www.africa-press.net\/cotedivoire\/"},{"@type":"ListItem","position":2,"name":"PDCI S&#8217;Oppose \u00c0 Une Nouvelle Candidature D&#8217;Ouattara"}]},{"@type":"WebSite","@id":"https:\/\/www.africa-press.net\/cotedivoire\/#website","url":"https:\/\/www.africa-press.net\/cotedivoire\/","name":"C\u00f4te d&#039;Ivoire","description":"Just another Africa News Agency Sites site","potentialAction":[{"@type":"SearchAction","target":{"@type":"EntryPoint","urlTemplate":"https:\/\/www.africa-press.net\/cotedivoire\/?s={search_term_string}"},"query-input":{"@type":"PropertyValueSpecification","valueRequired":true,"valueName":"search_term_string"}}],"inLanguage":"fr-FR"},{"@type":"Person","@id":"https:\/\/www.africa-press.net\/cotedivoire\/#\/schema\/person\/2b1cf3cd81a31e3cd26889ca66d677f1","name":"cfeditorfr"}]}},"_links":{"self":[{"href":"https:\/\/www.africa-press.net\/cotedivoire\/wp-json\/wp\/v2\/posts\/103130","targetHints":{"allow":["GET"]}}],"collection":[{"href":"https:\/\/www.africa-press.net\/cotedivoire\/wp-json\/wp\/v2\/posts"}],"about":[{"href":"https:\/\/www.africa-press.net\/cotedivoire\/wp-json\/wp\/v2\/types\/post"}],"author":[{"embeddable":true,"href":"https:\/\/www.africa-press.net\/cotedivoire\/wp-json\/wp\/v2\/users\/82"}],"replies":[{"embeddable":true,"href":"https:\/\/www.africa-press.net\/cotedivoire\/wp-json\/wp\/v2\/comments?post=103130"}],"version-history":[{"count":0,"href":"https:\/\/www.africa-press.net\/cotedivoire\/wp-json\/wp\/v2\/posts\/103130\/revisions"}],"wp:featuredmedia":[{"embeddable":true,"href":"https:\/\/www.africa-press.net\/cotedivoire\/wp-json\/wp\/v2\/media\/103129"}],"wp:attachment":[{"href":"https:\/\/www.africa-press.net\/cotedivoire\/wp-json\/wp\/v2\/media?parent=103130"}],"wp:term":[{"taxonomy":"category","embeddable":true,"href":"https:\/\/www.africa-press.net\/cotedivoire\/wp-json\/wp\/v2\/categories?post=103130"},{"taxonomy":"post_tag","embeddable":true,"href":"https:\/\/www.africa-press.net\/cotedivoire\/wp-json\/wp\/v2\/tags?post=103130"}],"curies":[{"name":"wp","href":"https:\/\/api.w.org\/{rel}","templated":true}]}}