{"id":10323,"date":"2021-07-24T17:15:43","date_gmt":"2021-07-24T17:15:43","guid":{"rendered":"https:\/\/www.africa-press.net\/cotedivoire\/?p=10323"},"modified":"2021-07-24T21:34:51","modified_gmt":"2021-07-24T21:34:51","slug":"jean-marc-lalo-architecte-des-nouveaux-cinemas-dafrique","status":"publish","type":"post","link":"https:\/\/www.africa-press.net\/cotedivoire\/toutes-les-actualites\/jean-marc-lalo-architecte-des-nouveaux-cinemas-dafrique","title":{"rendered":"Jean-Marc Lalo, architecte des nouveaux cin\u00e9mas d\u2019Afrique"},"content":{"rendered":"<p><span style=\"color: #ff6600\"><strong><a href=\"https:\/\/www.africa-press.net\/\">Africa-Press<\/a> &#8211; <a href=\"https:\/\/www.africa-press.net\/cotedivoire\">C\u00f4te d&rsquo;Ivoire<\/a>. <\/strong><\/span>\u00ab Je suis avec Abderrahmane Sissako, il veut retaper un cin\u00e9ma \u00e0 Bamako, t\u2019es partant ? \u00bb L\u2019architecte fran\u00e7ais Jean-Marc Lalo se souvient encore du coup de fil de Claude-Eric Poiroux, fondateur du r\u00e9seau de salles ind\u00e9pendantes Europa Cin\u00e9mas. C\u2019\u00e9tait en 2007. Il venait d\u2019achever au Maroc la r\u00e9habilitation de l\u2019ancien cin\u00e9ma le Rif, rebaptis\u00e9 la cin\u00e9math\u00e8que de Tanger. Et n\u2019avait qu\u2019une h\u00e2te, repartir.<\/p>\n<p>Une semaine plus tard, il se retrouve dans la capitale malienne, dans les locaux d\u00e9saffect\u00e9s du Soudan Cin\u00e9. Construite dans les ann\u00e9es 1960, cette salle avait ferm\u00e9 quinze ans plus t\u00f4t, victime de la concurrence de la t\u00e9l\u00e9vision et de la vid\u00e9o. Le r\u00e9alisateur mauritanien Abderrahmane Sissako ambitionnait de lui redonner son lustre pass\u00e9.<\/p>\n<p>Les premi\u00e8res consultations d\u00e9marrent, une souscription est lanc\u00e9e pour lever des fonds. Les vieux fauteuils de la grande salle sont mis en vente, \u00e0 5 000 euros l\u2019unit\u00e9. Las, la guerre civile qui commence en 2012 pr\u00e9cipite le pays dans le chaos. Le projet tombe dans les limbes.<\/p>\n<p>C\u2019est l\u2019un des rares regrets de Jean-Marc Lalo, 58 ans, qui compte \u00e0 son actif la r\u00e9novation ou construction de quatre cin\u00e9mas \u00e0 Abidjan, en C\u00f4te d\u2019Ivoire, et un \u00e9tablissement, le Guimbi, \u00e0 Bobo-Dioulasso, au Burkina Faso, dont l\u2019ouverture est pr\u00e9vue en octobre. A l\u2019\u00e9tude \u00e9galement, la cr\u00e9ation de neuf salles dans un nouveau quartier des Berges du lac, \u00e0 Tunis.<\/p>\n<p><b>Relancer la machine \u00e0 r\u00eave<\/b><\/p>\n<p>Jamais ce Ni\u00e7ois jovial et modeste n\u2019avait imagin\u00e9 devenir l\u2019un des artisans des nouveaux cin\u00e9mas d\u2019Afrique. Apr\u00e8s avoir travaill\u00e9 dans une entreprise de construction en qualit\u00e9 de m\u00e9treur, contr\u00f4leur de gestion puis ing\u00e9nieur travaux, Jean-Marc Lalo a repris ses \u00e9tudes \u00e0 l\u2019\u00e2ge de 32 ans pour devenir architecte. En 2001, il ouvre sa propre agence et r\u00e9alise l\u2019espace du Plateau-Frac Ile-de-France, un centre d\u2019art \u00e0 Paris.<\/p>\n<p>L\u2019ann\u00e9e suivante, il est recrut\u00e9 pour r\u00e9am\u00e9nager le cin\u00e9ma Ariana \u00e0 Kaboul, juste apr\u00e8s l\u2019intervention am\u00e9ricaine en Afghanistan. Cette exp\u00e9rience de terrain lui sera tr\u00e8s pr\u00e9cieuse en Afrique, o\u00f9 Jean-Marc Lalo aborde chaque chantier \u00ab comme une aventure humaine \u00bb.<\/p>\n<p>Sur le sujet, il est intarissable. \u00ab Dans ce continent, le cin\u00e9ma a longtemps \u00e9t\u00e9 en plein air, c\u2019\u00e9tait une f\u00eate, d\u00e9taille-t-il. Les gens parlaient pendant les films, il y avait des buvettes o\u00f9 ils allaient se rafra\u00eechir pendant la s\u00e9ance. C\u2019\u00e9tait tout sauf une salle obscure et silencieuse. \u00bb Mais, peu \u00e0 peu, le public d\u00e9serte. Les loyers deviennent trop chers pour les exploitants. L\u2019arriv\u00e9e des DVD finit d\u2019asphyxier les derniers cin\u00e9mas qui tentaient de surnager.<\/p>\n<p>Il y a bien s\u00fbr des id\u00e9alistes, qui tentent de relancer la machine \u00e0 r\u00eave. Mais leur enthousiasme est souvent douch\u00e9 par des montages financiers compliqu\u00e9s et des taux d\u2019emprunt importants, de l\u2019ordre parfois de 17 %. Corr\u00e9l\u00e9s \u00e0 la capacit\u00e9 de lever des fonds, les temps de chantier sont fatalement longs, d\u2019une dizaine d\u2019ann\u00e9es au bas mot.<\/p>\n<p><b>\u00ab Un gros g\u00e2chis \u00bb<\/b><\/p>\n<p>Difficile de trouver aussi sur place des mat\u00e9riaux conformes aux normes internationales, notamment des fauteuils ignifug\u00e9s, souvent import\u00e9s d\u2019Europe. Une fois ouvert, les taux de fr\u00e9quentation restent modestes.<\/p>\n<p>Quant aux donneurs d\u2019ordre, ils se r\u00e9v\u00e8lent parfois versatiles. En 2010, Jean-Marc Lalo est ainsi sollicit\u00e9 pour construire un cin\u00e9ma dans un espace commercial de Dakar, \u00e0 c\u00f4t\u00e9 de l\u2019h\u00f4tel Radisson Blu \u00e9rig\u00e9 par le groupe Teyliom, propri\u00e9t\u00e9 de l\u2019homme d\u2019affaires s\u00e9n\u00e9galais Yerim Habib Sow.<\/p>\n<p>Jean-Marc Lalo est d\u2019abord excit\u00e9. Un jeune entrepreneur, qui s\u2019entoure de talents africains form\u00e9s dans les meilleures universit\u00e9s du monde, et de surcro\u00eet veut cr\u00e9er un cin\u00e9ma dans un complexe commercial, \u00e7a ne court pas les rues. Mais le chantier subit les humeurs du promoteur qui arbitre selon ses priorit\u00e9s du moment. Voil\u00e0 trois ans, Jean-Marc Lalo claque la porte : \u00ab Un gros g\u00e2chis. \u00bb<\/p>\n<p>L\u2019exp\u00e9rience avec le groupe ivoirien Majestic sera autrement plus probante. En 2016, l\u2019architecte r\u00e9habilite une salle au plafond moulur\u00e9 rouge rococo au sein de l\u2019h\u00f4tel Ivoire, \u00e0 Abidjan. Suivront trois autres cin\u00e9mas dans la capitale ivoirienne, adoss\u00e9s \u00e0 des centres commerciaux.<\/p>\n<p><b>\u00ab Offrir un lieu de vie \u00bb<\/b><\/p>\n<p>Au Burkina Faso, c\u2019est dans un restaurant de Bobo-Dioulasso que Jean-Marc Lalo a couch\u00e9, sur un coin de nappe, le dessin de la vo\u00fbte m\u00e9tallique d\u2019inspiration sah\u00e9lienne qui vient aujourd\u2019hui envelopper le b\u00e2timent du cin\u00e9ma Guimbi. Le projet remonte \u00e0 2013. Au Festival de Cannes, lors d\u2019une conf\u00e9rence d\u2019Europa Cin\u00e9mas, l\u2019architecte rencontre Berni Goldblat. Le r\u00e9alisateur helv\u00e9tico-burkinab\u00e9 r\u00eave de faire revivre cette salle mythique, inaugur\u00e9e en 1957, \u00e0 la veille de l\u2019ind\u00e9pendance et laiss\u00e9e \u00e0 l\u2019abandon depuis 2005.<\/p>\n<p>Le financement est un vrai chemin de croix. Il faut montrer patte blanche aupr\u00e8s de l\u2019Agence fran\u00e7aise de d\u00e9veloppement, inqui\u00e8te de la viabilit\u00e9 \u00e9conomique et de la pertinence soci\u00e9tale du projet. Au bout de deux ans et demi, Berni Glodblat parvient \u00e0 lever 600 000 euros de fonds publics europ\u00e9ens, auxquels s\u2019ajoutent quelque 800 000 euros de manne priv\u00e9e.<\/p>\n<p>Jean-Marc Lalo voit grand, malgr\u00e9 les pr\u00e9visions prudentes de 250 000 spectateurs par an : un espace de projection ext\u00e9rieur en gradin de 250 places, deux salles int\u00e9rieures, un restaurant, un centre de ressources sur le cin\u00e9ma nich\u00e9 sur un toit v\u00e9g\u00e9talis\u00e9 qui, une fois lou\u00e9, permettra de d\u00e9gager des revenus compl\u00e9mentaires.<\/p>\n<p>L\u2019architecte le sait, une programmation, m\u00eame de blockbusters, ne suffit pas \u00e0 faire venir le public local. \u00ab Pour que les gens acceptent de quitter leurs canap\u00e9s et leur t\u00e9l\u00e9 pour se rendre jusqu\u2019au cin\u00e9ma, explique-t-il, il faut leur offrir un lieu de vie. \u00bb<\/p>\n<p><b>Une m\u00e9thode : l\u2019impr\u00e9gnation<\/b><\/p>\n<p>Jean-Marc Lalo a beau s\u2019\u00eatre taill\u00e9 une r\u00e9putation d\u2019orf\u00e8vre en la mati\u00e8re, il peine encore \u00e0 se d\u00e9faire du syndrome de l\u2019imposteur. Sa hantise ? Que ses constructions soient jug\u00e9es hors sol, ill\u00e9gitimes, d\u00e9cal\u00e9es, des \u00ab projets de Blanc fran\u00e7ais \u00bb. Pour se pr\u00e9munir des chausse-trapes, il a une m\u00e9thode : l\u2019impr\u00e9gnation. \u00ab La premi\u00e8re chose que je fais, explique-t-il, c\u2019est aller dans les caf\u00e9s et les lieux urbains, pour humer la ville, comprendre comment les gens se l\u2019approprient sentir les codes. \u00bb<\/p>\n<p>Puis vient le stade de la maturation des premiers ressentis dont il a appris \u00e0 m\u00e9fier, \u00ab car s\u2019y m\u00ealent beaucoup de na\u00efvet\u00e9 et de projection \u00bb. Voire de maladresse. A l\u2019emplacement du cin\u00e9ma Guimbi se trouvait ainsi un march\u00e9 de femmes qu\u2019il fallait d\u00e9placer d\u2019un bloc pour lancer le chantier. Le sujet est d\u00e9licat, voire inflammable, tant cette petite \u00e9conomie informelle est un maillon crucial du tissu social.<\/p>\n<p>Un jour o\u00f9 Jean-Marc Lalo d\u00e9ambule parmi les commer\u00e7antes, une femme l\u2019interpelle. \u00ab Vous faites quoi au juste ici ? \u00bb Aussit\u00f4t l\u2019architecte sort son iPad, explicite le projet \u00e0 grand renfort de simulation. Autour de lui, le cercle grossit, les femmes du quartier semblent conquises.<\/p>\n<p>Quelque temps plus tard, en forant la terre pour trouver une source d\u2019irrigation, les ouvriers d\u00e9couvrent un gisement d\u2019eau si important qu\u2019un projet de fontaine est mis \u00e0 l\u2019\u00e9tude. \u00ab Dans le quartier, la relation avec le cin\u00e9ma a soudain chang\u00e9 \u00bb, sourit Jean-Marc Lalo, satisfait que le cin\u00e9ma Guimbi soit \u00e0 la fois un objet de fiert\u00e9 locale et d\u2019utilit\u00e9 publique.<\/p>\n","protected":false},"excerpt":{"rendered":"<p>Africa-Press &#8211; C\u00f4te d&rsquo;Ivoire. \u00ab Je suis avec Abderrahmane Sissako, il veut retaper un cin\u00e9ma \u00e0 Bamako, t\u2019es partant ? \u00bb L\u2019architecte fran\u00e7ais Jean-Marc Lalo se souvient encore du coup de fil de Claude-Eric Poiroux, fondateur du r\u00e9seau de salles ind\u00e9pendantes Europa Cin\u00e9mas. C\u2019\u00e9tait en 2007. Il venait d\u2019achever au Maroc la r\u00e9habilitation de l\u2019ancien [&hellip;]<\/p>\n","protected":false},"author":82,"featured_media":10322,"comment_status":"open","ping_status":"closed","sticky":false,"template":"","format":"standard","meta":{"footnotes":""},"categories":[22,11,10],"tags":[56,63,29],"class_list":["post-10323","post","type-post","status-publish","format-standard","has-post-thumbnail","hentry","category-divers","category-homepage-french","category-toutes-les-actualites","tag-africa-press","tag-africa-press-cote-divoire","tag-cote-divoire"],"yoast_head":"<!-- This site is optimized with the Yoast SEO Premium plugin v26.1 (Yoast SEO v27.0) - https:\/\/yoast.com\/product\/yoast-seo-premium-wordpress\/ -->\n<title>Jean-Marc Lalo, architecte des nouveaux cin\u00e9mas d\u2019Afrique - C\u00f4te d&#039;Ivoire<\/title>\n<meta name=\"description\" content=\"\u00ab Je suis avec Abderrahmane Sissako, il veut retaper un cin\u00e9ma \u00e0 Bamako, t\u2019es partant ? \u00bb L\u2019architecte fran\u00e7ais Jean-Mar ...\" \/>\n<meta name=\"robots\" content=\"index, follow, max-snippet:-1, max-image-preview:large, max-video-preview:-1\" \/>\n<link rel=\"canonical\" href=\"https:\/\/www.africa-press.net\/cotedivoire\/toutes-les-actualites\/jean-marc-lalo-architecte-des-nouveaux-cinemas-dafrique\" \/>\n<meta property=\"og:locale\" content=\"fr_FR\" \/>\n<meta property=\"og:type\" content=\"article\" \/>\n<meta property=\"og:title\" content=\"Jean-Marc Lalo, architecte des nouveaux cin\u00e9mas d\u2019Afrique\" \/>\n<meta property=\"og:description\" content=\"\u00ab Je suis avec Abderrahmane Sissako, il veut retaper un cin\u00e9ma \u00e0 Bamako, t\u2019es partant ? \u00bb L\u2019architecte fran\u00e7ais Jean-Mar ...\" \/>\n<meta property=\"og:url\" content=\"https:\/\/www.africa-press.net\/cotedivoire\/toutes-les-actualites\/jean-marc-lalo-architecte-des-nouveaux-cinemas-dafrique\" \/>\n<meta property=\"og:site_name\" content=\"C\u00f4te d&#039;Ivoire\" \/>\n<meta property=\"article:published_time\" content=\"2021-07-24T17:15:43+00:00\" \/>\n<meta property=\"article:modified_time\" content=\"2021-07-24T21:34:51+00:00\" \/>\n<meta property=\"og:image\" content=\"https:\/\/static.africa-press.net\/cote\/sites\/43\/2021\/07\/img-60fc4984d16a5.jpg\" \/>\n\t<meta property=\"og:image:width\" content=\"1440\" \/>\n\t<meta property=\"og:image:height\" content=\"720\" \/>\n\t<meta property=\"og:image:type\" content=\"image\/jpeg\" \/>\n<meta name=\"author\" content=\"cfeditorfr\" \/>\n<meta name=\"twitter:card\" content=\"summary_large_image\" \/>\n<meta name=\"twitter:label1\" content=\"\u00c9crit par\" \/>\n\t<meta name=\"twitter:data1\" content=\"cfeditorfr\" \/>\n\t<meta name=\"twitter:label2\" content=\"Dur\u00e9e de lecture estim\u00e9e\" \/>\n\t<meta name=\"twitter:data2\" content=\"7 minutes\" \/>\n<script type=\"application\/ld+json\" class=\"yoast-schema-graph\">{\"@context\":\"https:\/\/schema.org\",\"@graph\":[{\"@type\":\"Article\",\"@id\":\"https:\/\/www.africa-press.net\/cotedivoire\/toutes-les-actualites\/jean-marc-lalo-architecte-des-nouveaux-cinemas-dafrique#article\",\"isPartOf\":{\"@id\":\"https:\/\/www.africa-press.net\/cotedivoire\/toutes-les-actualites\/jean-marc-lalo-architecte-des-nouveaux-cinemas-dafrique\"},\"author\":{\"name\":\"cfeditorfr\",\"@id\":\"https:\/\/www.africa-press.net\/cotedivoire\/#\/schema\/person\/2b1cf3cd81a31e3cd26889ca66d677f1\"},\"headline\":\"Jean-Marc Lalo, architecte des nouveaux cin\u00e9mas d\u2019Afrique\",\"datePublished\":\"2021-07-24T17:15:43+00:00\",\"dateModified\":\"2021-07-24T21:34:51+00:00\",\"mainEntityOfPage\":{\"@id\":\"https:\/\/www.africa-press.net\/cotedivoire\/toutes-les-actualites\/jean-marc-lalo-architecte-des-nouveaux-cinemas-dafrique\"},\"wordCount\":1312,\"commentCount\":0,\"image\":{\"@id\":\"https:\/\/www.africa-press.net\/cotedivoire\/toutes-les-actualites\/jean-marc-lalo-architecte-des-nouveaux-cinemas-dafrique#primaryimage\"},\"thumbnailUrl\":\"https:\/\/static.africa-press.net\/cote\/sites\/43\/2021\/07\/img-60fc4984d16a5.jpg\",\"keywords\":[\"Africa Press\",\"Africa Press-C\u00f4te d'Ivoire\",\"C\u00d4TE D'IVOIRE\"],\"articleSection\":[\"Divers\",\"homepage-french\",\"Toutes les actualit\u00e9s\"],\"inLanguage\":\"fr-FR\",\"potentialAction\":[{\"@type\":\"CommentAction\",\"name\":\"Comment\",\"target\":[\"https:\/\/www.africa-press.net\/cotedivoire\/toutes-les-actualites\/jean-marc-lalo-architecte-des-nouveaux-cinemas-dafrique#respond\"]}]},{\"@type\":\"WebPage\",\"@id\":\"https:\/\/www.africa-press.net\/cotedivoire\/toutes-les-actualites\/jean-marc-lalo-architecte-des-nouveaux-cinemas-dafrique\",\"url\":\"https:\/\/www.africa-press.net\/cotedivoire\/toutes-les-actualites\/jean-marc-lalo-architecte-des-nouveaux-cinemas-dafrique\",\"name\":\"Jean-Marc Lalo, architecte des nouveaux cin\u00e9mas d\u2019Afrique - C\u00f4te d&#039;Ivoire\",\"isPartOf\":{\"@id\":\"https:\/\/www.africa-press.net\/cotedivoire\/#website\"},\"primaryImageOfPage\":{\"@id\":\"https:\/\/www.africa-press.net\/cotedivoire\/toutes-les-actualites\/jean-marc-lalo-architecte-des-nouveaux-cinemas-dafrique#primaryimage\"},\"image\":{\"@id\":\"https:\/\/www.africa-press.net\/cotedivoire\/toutes-les-actualites\/jean-marc-lalo-architecte-des-nouveaux-cinemas-dafrique#primaryimage\"},\"thumbnailUrl\":\"https:\/\/static.africa-press.net\/cote\/sites\/43\/2021\/07\/img-60fc4984d16a5.jpg\",\"datePublished\":\"2021-07-24T17:15:43+00:00\",\"dateModified\":\"2021-07-24T21:34:51+00:00\",\"author\":{\"@id\":\"https:\/\/www.africa-press.net\/cotedivoire\/#\/schema\/person\/2b1cf3cd81a31e3cd26889ca66d677f1\"},\"description\":\"\u00ab Je suis avec Abderrahmane Sissako, il veut retaper un cin\u00e9ma \u00e0 Bamako, t\u2019es partant ? \u00bb L\u2019architecte fran\u00e7ais Jean-Mar ...\",\"breadcrumb\":{\"@id\":\"https:\/\/www.africa-press.net\/cotedivoire\/toutes-les-actualites\/jean-marc-lalo-architecte-des-nouveaux-cinemas-dafrique#breadcrumb\"},\"inLanguage\":\"fr-FR\",\"potentialAction\":[{\"@type\":\"ReadAction\",\"target\":[\"https:\/\/www.africa-press.net\/cotedivoire\/toutes-les-actualites\/jean-marc-lalo-architecte-des-nouveaux-cinemas-dafrique\"]}]},{\"@type\":\"ImageObject\",\"inLanguage\":\"fr-FR\",\"@id\":\"https:\/\/www.africa-press.net\/cotedivoire\/toutes-les-actualites\/jean-marc-lalo-architecte-des-nouveaux-cinemas-dafrique#primaryimage\",\"url\":\"https:\/\/static.africa-press.net\/cote\/sites\/43\/2021\/07\/img-60fc4984d16a5.jpg\",\"contentUrl\":\"https:\/\/static.africa-press.net\/cote\/sites\/43\/2021\/07\/img-60fc4984d16a5.jpg\",\"width\":1440,\"height\":720,\"caption\":\"Jean-Marc Lalo, architecte des nouveaux cin\u00e9mas d\u2019Afrique\"},{\"@type\":\"BreadcrumbList\",\"@id\":\"https:\/\/www.africa-press.net\/cotedivoire\/toutes-les-actualites\/jean-marc-lalo-architecte-des-nouveaux-cinemas-dafrique#breadcrumb\",\"itemListElement\":[{\"@type\":\"ListItem\",\"position\":1,\"name\":\"Accueil\",\"item\":\"https:\/\/www.africa-press.net\/cotedivoire\/\"},{\"@type\":\"ListItem\",\"position\":2,\"name\":\"Jean-Marc Lalo, architecte des nouveaux cin\u00e9mas d\u2019Afrique\"}]},{\"@type\":\"WebSite\",\"@id\":\"https:\/\/www.africa-press.net\/cotedivoire\/#website\",\"url\":\"https:\/\/www.africa-press.net\/cotedivoire\/\",\"name\":\"C\u00f4te d&#039;Ivoire\",\"description\":\"Just another Africa News Agency Sites site\",\"potentialAction\":[{\"@type\":\"SearchAction\",\"target\":{\"@type\":\"EntryPoint\",\"urlTemplate\":\"https:\/\/www.africa-press.net\/cotedivoire\/?s={search_term_string}\"},\"query-input\":{\"@type\":\"PropertyValueSpecification\",\"valueRequired\":true,\"valueName\":\"search_term_string\"}}],\"inLanguage\":\"fr-FR\"},{\"@type\":\"Person\",\"@id\":\"https:\/\/www.africa-press.net\/cotedivoire\/#\/schema\/person\/2b1cf3cd81a31e3cd26889ca66d677f1\",\"name\":\"cfeditorfr\"}]}<\/script>\n<!-- \/ Yoast SEO Premium plugin. -->","yoast_head_json":{"title":"Jean-Marc Lalo, architecte des nouveaux cin\u00e9mas d\u2019Afrique - C\u00f4te d&#039;Ivoire","description":"\u00ab Je suis avec Abderrahmane Sissako, il veut retaper un cin\u00e9ma \u00e0 Bamako, t\u2019es partant ? \u00bb L\u2019architecte fran\u00e7ais Jean-Mar ...","robots":{"index":"index","follow":"follow","max-snippet":"max-snippet:-1","max-image-preview":"max-image-preview:large","max-video-preview":"max-video-preview:-1"},"canonical":"https:\/\/www.africa-press.net\/cotedivoire\/toutes-les-actualites\/jean-marc-lalo-architecte-des-nouveaux-cinemas-dafrique","og_locale":"fr_FR","og_type":"article","og_title":"Jean-Marc Lalo, architecte des nouveaux cin\u00e9mas d\u2019Afrique","og_description":"\u00ab Je suis avec Abderrahmane Sissako, il veut retaper un cin\u00e9ma \u00e0 Bamako, t\u2019es partant ? \u00bb L\u2019architecte fran\u00e7ais Jean-Mar ...","og_url":"https:\/\/www.africa-press.net\/cotedivoire\/toutes-les-actualites\/jean-marc-lalo-architecte-des-nouveaux-cinemas-dafrique","og_site_name":"C\u00f4te d&#039;Ivoire","article_published_time":"2021-07-24T17:15:43+00:00","article_modified_time":"2021-07-24T21:34:51+00:00","og_image":[{"width":1440,"height":720,"url":"https:\/\/static.africa-press.net\/cote\/sites\/43\/2021\/07\/img-60fc4984d16a5.jpg","type":"image\/jpeg"}],"author":"cfeditorfr","twitter_card":"summary_large_image","twitter_misc":{"\u00c9crit par":"cfeditorfr","Dur\u00e9e de lecture estim\u00e9e":"7 minutes"},"schema":{"@context":"https:\/\/schema.org","@graph":[{"@type":"Article","@id":"https:\/\/www.africa-press.net\/cotedivoire\/toutes-les-actualites\/jean-marc-lalo-architecte-des-nouveaux-cinemas-dafrique#article","isPartOf":{"@id":"https:\/\/www.africa-press.net\/cotedivoire\/toutes-les-actualites\/jean-marc-lalo-architecte-des-nouveaux-cinemas-dafrique"},"author":{"name":"cfeditorfr","@id":"https:\/\/www.africa-press.net\/cotedivoire\/#\/schema\/person\/2b1cf3cd81a31e3cd26889ca66d677f1"},"headline":"Jean-Marc Lalo, architecte des nouveaux cin\u00e9mas d\u2019Afrique","datePublished":"2021-07-24T17:15:43+00:00","dateModified":"2021-07-24T21:34:51+00:00","mainEntityOfPage":{"@id":"https:\/\/www.africa-press.net\/cotedivoire\/toutes-les-actualites\/jean-marc-lalo-architecte-des-nouveaux-cinemas-dafrique"},"wordCount":1312,"commentCount":0,"image":{"@id":"https:\/\/www.africa-press.net\/cotedivoire\/toutes-les-actualites\/jean-marc-lalo-architecte-des-nouveaux-cinemas-dafrique#primaryimage"},"thumbnailUrl":"https:\/\/static.africa-press.net\/cote\/sites\/43\/2021\/07\/img-60fc4984d16a5.jpg","keywords":["Africa Press","Africa Press-C\u00f4te d'Ivoire","C\u00d4TE D'IVOIRE"],"articleSection":["Divers","homepage-french","Toutes les actualit\u00e9s"],"inLanguage":"fr-FR","potentialAction":[{"@type":"CommentAction","name":"Comment","target":["https:\/\/www.africa-press.net\/cotedivoire\/toutes-les-actualites\/jean-marc-lalo-architecte-des-nouveaux-cinemas-dafrique#respond"]}]},{"@type":"WebPage","@id":"https:\/\/www.africa-press.net\/cotedivoire\/toutes-les-actualites\/jean-marc-lalo-architecte-des-nouveaux-cinemas-dafrique","url":"https:\/\/www.africa-press.net\/cotedivoire\/toutes-les-actualites\/jean-marc-lalo-architecte-des-nouveaux-cinemas-dafrique","name":"Jean-Marc Lalo, architecte des nouveaux cin\u00e9mas d\u2019Afrique - C\u00f4te d&#039;Ivoire","isPartOf":{"@id":"https:\/\/www.africa-press.net\/cotedivoire\/#website"},"primaryImageOfPage":{"@id":"https:\/\/www.africa-press.net\/cotedivoire\/toutes-les-actualites\/jean-marc-lalo-architecte-des-nouveaux-cinemas-dafrique#primaryimage"},"image":{"@id":"https:\/\/www.africa-press.net\/cotedivoire\/toutes-les-actualites\/jean-marc-lalo-architecte-des-nouveaux-cinemas-dafrique#primaryimage"},"thumbnailUrl":"https:\/\/static.africa-press.net\/cote\/sites\/43\/2021\/07\/img-60fc4984d16a5.jpg","datePublished":"2021-07-24T17:15:43+00:00","dateModified":"2021-07-24T21:34:51+00:00","author":{"@id":"https:\/\/www.africa-press.net\/cotedivoire\/#\/schema\/person\/2b1cf3cd81a31e3cd26889ca66d677f1"},"description":"\u00ab Je suis avec Abderrahmane Sissako, il veut retaper un cin\u00e9ma \u00e0 Bamako, t\u2019es partant ? \u00bb L\u2019architecte fran\u00e7ais Jean-Mar ...","breadcrumb":{"@id":"https:\/\/www.africa-press.net\/cotedivoire\/toutes-les-actualites\/jean-marc-lalo-architecte-des-nouveaux-cinemas-dafrique#breadcrumb"},"inLanguage":"fr-FR","potentialAction":[{"@type":"ReadAction","target":["https:\/\/www.africa-press.net\/cotedivoire\/toutes-les-actualites\/jean-marc-lalo-architecte-des-nouveaux-cinemas-dafrique"]}]},{"@type":"ImageObject","inLanguage":"fr-FR","@id":"https:\/\/www.africa-press.net\/cotedivoire\/toutes-les-actualites\/jean-marc-lalo-architecte-des-nouveaux-cinemas-dafrique#primaryimage","url":"https:\/\/static.africa-press.net\/cote\/sites\/43\/2021\/07\/img-60fc4984d16a5.jpg","contentUrl":"https:\/\/static.africa-press.net\/cote\/sites\/43\/2021\/07\/img-60fc4984d16a5.jpg","width":1440,"height":720,"caption":"Jean-Marc Lalo, architecte des nouveaux cin\u00e9mas d\u2019Afrique"},{"@type":"BreadcrumbList","@id":"https:\/\/www.africa-press.net\/cotedivoire\/toutes-les-actualites\/jean-marc-lalo-architecte-des-nouveaux-cinemas-dafrique#breadcrumb","itemListElement":[{"@type":"ListItem","position":1,"name":"Accueil","item":"https:\/\/www.africa-press.net\/cotedivoire\/"},{"@type":"ListItem","position":2,"name":"Jean-Marc Lalo, architecte des nouveaux cin\u00e9mas d\u2019Afrique"}]},{"@type":"WebSite","@id":"https:\/\/www.africa-press.net\/cotedivoire\/#website","url":"https:\/\/www.africa-press.net\/cotedivoire\/","name":"C\u00f4te d&#039;Ivoire","description":"Just another Africa News Agency Sites site","potentialAction":[{"@type":"SearchAction","target":{"@type":"EntryPoint","urlTemplate":"https:\/\/www.africa-press.net\/cotedivoire\/?s={search_term_string}"},"query-input":{"@type":"PropertyValueSpecification","valueRequired":true,"valueName":"search_term_string"}}],"inLanguage":"fr-FR"},{"@type":"Person","@id":"https:\/\/www.africa-press.net\/cotedivoire\/#\/schema\/person\/2b1cf3cd81a31e3cd26889ca66d677f1","name":"cfeditorfr"}]}},"_links":{"self":[{"href":"https:\/\/www.africa-press.net\/cotedivoire\/wp-json\/wp\/v2\/posts\/10323","targetHints":{"allow":["GET"]}}],"collection":[{"href":"https:\/\/www.africa-press.net\/cotedivoire\/wp-json\/wp\/v2\/posts"}],"about":[{"href":"https:\/\/www.africa-press.net\/cotedivoire\/wp-json\/wp\/v2\/types\/post"}],"author":[{"embeddable":true,"href":"https:\/\/www.africa-press.net\/cotedivoire\/wp-json\/wp\/v2\/users\/82"}],"replies":[{"embeddable":true,"href":"https:\/\/www.africa-press.net\/cotedivoire\/wp-json\/wp\/v2\/comments?post=10323"}],"version-history":[{"count":0,"href":"https:\/\/www.africa-press.net\/cotedivoire\/wp-json\/wp\/v2\/posts\/10323\/revisions"}],"wp:featuredmedia":[{"embeddable":true,"href":"https:\/\/www.africa-press.net\/cotedivoire\/wp-json\/wp\/v2\/media\/10322"}],"wp:attachment":[{"href":"https:\/\/www.africa-press.net\/cotedivoire\/wp-json\/wp\/v2\/media?parent=10323"}],"wp:term":[{"taxonomy":"category","embeddable":true,"href":"https:\/\/www.africa-press.net\/cotedivoire\/wp-json\/wp\/v2\/categories?post=10323"},{"taxonomy":"post_tag","embeddable":true,"href":"https:\/\/www.africa-press.net\/cotedivoire\/wp-json\/wp\/v2\/tags?post=10323"}],"curies":[{"name":"wp","href":"https:\/\/api.w.org\/{rel}","templated":true}]}}