{"id":10326,"date":"2021-07-24T17:23:22","date_gmt":"2021-07-24T17:23:22","guid":{"rendered":"https:\/\/www.africa-press.net\/cotedivoire\/?p=10326"},"modified":"2021-07-24T21:34:58","modified_gmt":"2021-07-24T21:34:58","slug":"la-cote-divoire-aux-jo-avec-ta-lou-eric-bailly-et-franck-kessie","status":"publish","type":"post","link":"https:\/\/www.africa-press.net\/cotedivoire\/sports\/la-cote-divoire-aux-jo-avec-ta-lou-eric-bailly-et-franck-kessie","title":{"rendered":"La C\u00f4te-d\u2019Ivoire aux JO avec Ta-Lou, Eric Bailly et Franck Kessi\u00e9"},"content":{"rendered":"<p><span style=\"color: #ff6600\"><strong><a href=\"https:\/\/www.africa-press.net\/\">Africa-Press<\/a> &#8211; <a href=\"https:\/\/www.africa-press.net\/cotedivoire\">C\u00f4te d&rsquo;Ivoire<\/a>. <\/strong><\/span>Les \u00c9l\u00e9phants Olympiques de C\u00f4te-d\u2019Ivoire bien pr\u00e9sents aux JO de Tokyo, le Drapeau national de la C\u00f4te-d\u2019Ivoire port\u00e9 par la sprinteuse Marie-Jos\u00e9e Ta-Lou.<\/p>\n<p>Marie-Jos\u00e9e Ta Lou porte le drapeau pour cette \u00e9dition des Jeux de #Tokyo2020<\/p>\n<p>Pour leur entr\u00e9e en comp\u00e9tition les \u00c9l\u00e9phants footballeurs conduits par Franck Kessi\u00e9 du Milan AC et \u00c9ric Bailly de Manchester United, se sont impos\u00e9s par 2-1 contre l\u2019Arabie Saoudite hier 22 juillet.<\/p>\n","protected":false},"excerpt":{"rendered":"<p>Africa-Press &#8211; C\u00f4te d&rsquo;Ivoire. Les \u00c9l\u00e9phants Olympiques de C\u00f4te-d\u2019Ivoire bien pr\u00e9sents aux JO de Tokyo, le Drapeau national de la C\u00f4te-d\u2019Ivoire port\u00e9 par la sprinteuse Marie-Jos\u00e9e Ta-Lou. Marie-Jos\u00e9e Ta Lou porte le drapeau pour cette \u00e9dition des Jeux de #Tokyo2020 Pour leur entr\u00e9e en comp\u00e9tition les \u00c9l\u00e9phants footballeurs conduits par Franck Kessi\u00e9 du Milan AC [&hellip;]<\/p>\n","protected":false},"author":82,"featured_media":10325,"comment_status":"open","ping_status":"closed","sticky":false,"template":"","format":"standard","meta":{"footnotes":""},"categories":[11,6,20,10],"tags":[56,63,29],"class_list":["post-10326","post","type-post","status-publish","format-standard","has-post-thumbnail","hentry","category-homepage-french","category-sports","category-top-nouvelles","category-toutes-les-actualites","tag-africa-press","tag-africa-press-cote-divoire","tag-cote-divoire"],"yoast_head":"<!-- This site is optimized with the Yoast SEO Premium plugin v26.1 (Yoast SEO v27.0) - https:\/\/yoast.com\/product\/yoast-seo-premium-wordpress\/ -->\n<title>La C\u00f4te-d\u2019Ivoire aux JO avec Ta-Lou, Eric Bailly et Franck Kessi\u00e9 - C\u00f4te d&#039;Ivoire<\/title>\n<meta name=\"description\" content=\"Les \u00c9l\u00e9phants Olympiques de C\u00f4te-d\u2019Ivoire bien pr\u00e9sents aux JO de Tokyo, le Drapeau national de la C\u00f4te-d\u2019Ivoire port\u00e9 p ...\" \/>\n<meta name=\"robots\" content=\"index, follow, max-snippet:-1, max-image-preview:large, max-video-preview:-1\" \/>\n<link rel=\"canonical\" href=\"https:\/\/www.africa-press.net\/cotedivoire\/sports\/la-cote-divoire-aux-jo-avec-ta-lou-eric-bailly-et-franck-kessie\" \/>\n<meta property=\"og:locale\" content=\"fr_FR\" \/>\n<meta property=\"og:type\" content=\"article\" \/>\n<meta property=\"og:title\" content=\"La C\u00f4te-d\u2019Ivoire aux JO avec Ta-Lou, Eric Bailly et Franck Kessi\u00e9\" \/>\n<meta property=\"og:description\" content=\"Les \u00c9l\u00e9phants Olympiques de C\u00f4te-d\u2019Ivoire bien pr\u00e9sents aux JO de Tokyo, le Drapeau national de la C\u00f4te-d\u2019Ivoire port\u00e9 p ...\" \/>\n<meta property=\"og:url\" content=\"https:\/\/www.africa-press.net\/cotedivoire\/sports\/la-cote-divoire-aux-jo-avec-ta-lou-eric-bailly-et-franck-kessie\" \/>\n<meta property=\"og:site_name\" content=\"C\u00f4te d&#039;Ivoire\" \/>\n<meta property=\"article:published_time\" content=\"2021-07-24T17:23:22+00:00\" \/>\n<meta property=\"article:modified_time\" content=\"2021-07-24T21:34:58+00:00\" \/>\n<meta property=\"og:image\" content=\"https:\/\/static.africa-press.net\/cote\/sites\/43\/2021\/07\/img-60fc49abd76f3.jpg\" \/>\n\t<meta property=\"og:image:width\" content=\"1440\" \/>\n\t<meta property=\"og:image:height\" content=\"961\" \/>\n\t<meta property=\"og:image:type\" content=\"image\/jpeg\" \/>\n<meta name=\"author\" content=\"cfeditorfr\" \/>\n<meta name=\"twitter:card\" content=\"summary_large_image\" \/>\n<meta name=\"twitter:label1\" content=\"\u00c9crit par\" \/>\n\t<meta name=\"twitter:data1\" content=\"cfeditorfr\" \/>\n<script type=\"application\/ld+json\" class=\"yoast-schema-graph\">{\"@context\":\"https:\/\/schema.org\",\"@graph\":[{\"@type\":\"Article\",\"@id\":\"https:\/\/www.africa-press.net\/cotedivoire\/sports\/la-cote-divoire-aux-jo-avec-ta-lou-eric-bailly-et-franck-kessie#article\",\"isPartOf\":{\"@id\":\"https:\/\/www.africa-press.net\/cotedivoire\/sports\/la-cote-divoire-aux-jo-avec-ta-lou-eric-bailly-et-franck-kessie\"},\"author\":{\"name\":\"cfeditorfr\",\"@id\":\"https:\/\/www.africa-press.net\/cotedivoire\/#\/schema\/person\/2b1cf3cd81a31e3cd26889ca66d677f1\"},\"headline\":\"La C\u00f4te-d\u2019Ivoire aux JO avec Ta-Lou, Eric Bailly et Franck Kessi\u00e9\",\"datePublished\":\"2021-07-24T17:23:22+00:00\",\"dateModified\":\"2021-07-24T21:34:58+00:00\",\"mainEntityOfPage\":{\"@id\":\"https:\/\/www.africa-press.net\/cotedivoire\/sports\/la-cote-divoire-aux-jo-avec-ta-lou-eric-bailly-et-franck-kessie\"},\"wordCount\":99,\"commentCount\":0,\"image\":{\"@id\":\"https:\/\/www.africa-press.net\/cotedivoire\/sports\/la-cote-divoire-aux-jo-avec-ta-lou-eric-bailly-et-franck-kessie#primaryimage\"},\"thumbnailUrl\":\"https:\/\/static.africa-press.net\/cote\/sites\/43\/2021\/07\/img-60fc49abd76f3.jpg\",\"keywords\":[\"Africa Press\",\"Africa Press-C\u00f4te d'Ivoire\",\"C\u00d4TE D'IVOIRE\"],\"articleSection\":[\"homepage-french\",\"Sports\",\"Top Nouvelles\",\"Toutes les actualit\u00e9s\"],\"inLanguage\":\"fr-FR\",\"potentialAction\":[{\"@type\":\"CommentAction\",\"name\":\"Comment\",\"target\":[\"https:\/\/www.africa-press.net\/cotedivoire\/sports\/la-cote-divoire-aux-jo-avec-ta-lou-eric-bailly-et-franck-kessie#respond\"]}]},{\"@type\":\"WebPage\",\"@id\":\"https:\/\/www.africa-press.net\/cotedivoire\/sports\/la-cote-divoire-aux-jo-avec-ta-lou-eric-bailly-et-franck-kessie\",\"url\":\"https:\/\/www.africa-press.net\/cotedivoire\/sports\/la-cote-divoire-aux-jo-avec-ta-lou-eric-bailly-et-franck-kessie\",\"name\":\"La C\u00f4te-d\u2019Ivoire aux JO avec Ta-Lou, Eric Bailly et Franck Kessi\u00e9 - C\u00f4te d&#039;Ivoire\",\"isPartOf\":{\"@id\":\"https:\/\/www.africa-press.net\/cotedivoire\/#website\"},\"primaryImageOfPage\":{\"@id\":\"https:\/\/www.africa-press.net\/cotedivoire\/sports\/la-cote-divoire-aux-jo-avec-ta-lou-eric-bailly-et-franck-kessie#primaryimage\"},\"image\":{\"@id\":\"https:\/\/www.africa-press.net\/cotedivoire\/sports\/la-cote-divoire-aux-jo-avec-ta-lou-eric-bailly-et-franck-kessie#primaryimage\"},\"thumbnailUrl\":\"https:\/\/static.africa-press.net\/cote\/sites\/43\/2021\/07\/img-60fc49abd76f3.jpg\",\"datePublished\":\"2021-07-24T17:23:22+00:00\",\"dateModified\":\"2021-07-24T21:34:58+00:00\",\"author\":{\"@id\":\"https:\/\/www.africa-press.net\/cotedivoire\/#\/schema\/person\/2b1cf3cd81a31e3cd26889ca66d677f1\"},\"description\":\"Les \u00c9l\u00e9phants Olympiques de C\u00f4te-d\u2019Ivoire bien pr\u00e9sents aux JO de Tokyo, le Drapeau national de la C\u00f4te-d\u2019Ivoire port\u00e9 p ...\",\"breadcrumb\":{\"@id\":\"https:\/\/www.africa-press.net\/cotedivoire\/sports\/la-cote-divoire-aux-jo-avec-ta-lou-eric-bailly-et-franck-kessie#breadcrumb\"},\"inLanguage\":\"fr-FR\",\"potentialAction\":[{\"@type\":\"ReadAction\",\"target\":[\"https:\/\/www.africa-press.net\/cotedivoire\/sports\/la-cote-divoire-aux-jo-avec-ta-lou-eric-bailly-et-franck-kessie\"]}]},{\"@type\":\"ImageObject\",\"inLanguage\":\"fr-FR\",\"@id\":\"https:\/\/www.africa-press.net\/cotedivoire\/sports\/la-cote-divoire-aux-jo-avec-ta-lou-eric-bailly-et-franck-kessie#primaryimage\",\"url\":\"https:\/\/static.africa-press.net\/cote\/sites\/43\/2021\/07\/img-60fc49abd76f3.jpg\",\"contentUrl\":\"https:\/\/static.africa-press.net\/cote\/sites\/43\/2021\/07\/img-60fc49abd76f3.jpg\",\"width\":1440,\"height\":961,\"caption\":\"La C\u00f4te-d\u2019Ivoire aux JO avec Ta-Lou, Eric Bailly et Franck Kessi\u00e9\"},{\"@type\":\"BreadcrumbList\",\"@id\":\"https:\/\/www.africa-press.net\/cotedivoire\/sports\/la-cote-divoire-aux-jo-avec-ta-lou-eric-bailly-et-franck-kessie#breadcrumb\",\"itemListElement\":[{\"@type\":\"ListItem\",\"position\":1,\"name\":\"Accueil\",\"item\":\"https:\/\/www.africa-press.net\/cotedivoire\/\"},{\"@type\":\"ListItem\",\"position\":2,\"name\":\"La C\u00f4te-d\u2019Ivoire aux JO avec Ta-Lou, Eric Bailly et Franck Kessi\u00e9\"}]},{\"@type\":\"WebSite\",\"@id\":\"https:\/\/www.africa-press.net\/cotedivoire\/#website\",\"url\":\"https:\/\/www.africa-press.net\/cotedivoire\/\",\"name\":\"C\u00f4te d&#039;Ivoire\",\"description\":\"Just another Africa News Agency Sites site\",\"potentialAction\":[{\"@type\":\"SearchAction\",\"target\":{\"@type\":\"EntryPoint\",\"urlTemplate\":\"https:\/\/www.africa-press.net\/cotedivoire\/?s={search_term_string}\"},\"query-input\":{\"@type\":\"PropertyValueSpecification\",\"valueRequired\":true,\"valueName\":\"search_term_string\"}}],\"inLanguage\":\"fr-FR\"},{\"@type\":\"Person\",\"@id\":\"https:\/\/www.africa-press.net\/cotedivoire\/#\/schema\/person\/2b1cf3cd81a31e3cd26889ca66d677f1\",\"name\":\"cfeditorfr\"}]}<\/script>\n<!-- \/ Yoast SEO Premium plugin. -->","yoast_head_json":{"title":"La C\u00f4te-d\u2019Ivoire aux JO avec Ta-Lou, Eric Bailly et Franck Kessi\u00e9 - C\u00f4te d&#039;Ivoire","description":"Les \u00c9l\u00e9phants Olympiques de C\u00f4te-d\u2019Ivoire bien pr\u00e9sents aux JO de Tokyo, le Drapeau national de la C\u00f4te-d\u2019Ivoire port\u00e9 p ...","robots":{"index":"index","follow":"follow","max-snippet":"max-snippet:-1","max-image-preview":"max-image-preview:large","max-video-preview":"max-video-preview:-1"},"canonical":"https:\/\/www.africa-press.net\/cotedivoire\/sports\/la-cote-divoire-aux-jo-avec-ta-lou-eric-bailly-et-franck-kessie","og_locale":"fr_FR","og_type":"article","og_title":"La C\u00f4te-d\u2019Ivoire aux JO avec Ta-Lou, Eric Bailly et Franck Kessi\u00e9","og_description":"Les \u00c9l\u00e9phants Olympiques de C\u00f4te-d\u2019Ivoire bien pr\u00e9sents aux JO de Tokyo, le Drapeau national de la C\u00f4te-d\u2019Ivoire port\u00e9 p ...","og_url":"https:\/\/www.africa-press.net\/cotedivoire\/sports\/la-cote-divoire-aux-jo-avec-ta-lou-eric-bailly-et-franck-kessie","og_site_name":"C\u00f4te d&#039;Ivoire","article_published_time":"2021-07-24T17:23:22+00:00","article_modified_time":"2021-07-24T21:34:58+00:00","og_image":[{"width":1440,"height":961,"url":"https:\/\/static.africa-press.net\/cote\/sites\/43\/2021\/07\/img-60fc49abd76f3.jpg","type":"image\/jpeg"}],"author":"cfeditorfr","twitter_card":"summary_large_image","twitter_misc":{"\u00c9crit par":"cfeditorfr"},"schema":{"@context":"https:\/\/schema.org","@graph":[{"@type":"Article","@id":"https:\/\/www.africa-press.net\/cotedivoire\/sports\/la-cote-divoire-aux-jo-avec-ta-lou-eric-bailly-et-franck-kessie#article","isPartOf":{"@id":"https:\/\/www.africa-press.net\/cotedivoire\/sports\/la-cote-divoire-aux-jo-avec-ta-lou-eric-bailly-et-franck-kessie"},"author":{"name":"cfeditorfr","@id":"https:\/\/www.africa-press.net\/cotedivoire\/#\/schema\/person\/2b1cf3cd81a31e3cd26889ca66d677f1"},"headline":"La C\u00f4te-d\u2019Ivoire aux JO avec Ta-Lou, Eric Bailly et Franck Kessi\u00e9","datePublished":"2021-07-24T17:23:22+00:00","dateModified":"2021-07-24T21:34:58+00:00","mainEntityOfPage":{"@id":"https:\/\/www.africa-press.net\/cotedivoire\/sports\/la-cote-divoire-aux-jo-avec-ta-lou-eric-bailly-et-franck-kessie"},"wordCount":99,"commentCount":0,"image":{"@id":"https:\/\/www.africa-press.net\/cotedivoire\/sports\/la-cote-divoire-aux-jo-avec-ta-lou-eric-bailly-et-franck-kessie#primaryimage"},"thumbnailUrl":"https:\/\/static.africa-press.net\/cote\/sites\/43\/2021\/07\/img-60fc49abd76f3.jpg","keywords":["Africa Press","Africa Press-C\u00f4te d'Ivoire","C\u00d4TE D'IVOIRE"],"articleSection":["homepage-french","Sports","Top Nouvelles","Toutes les actualit\u00e9s"],"inLanguage":"fr-FR","potentialAction":[{"@type":"CommentAction","name":"Comment","target":["https:\/\/www.africa-press.net\/cotedivoire\/sports\/la-cote-divoire-aux-jo-avec-ta-lou-eric-bailly-et-franck-kessie#respond"]}]},{"@type":"WebPage","@id":"https:\/\/www.africa-press.net\/cotedivoire\/sports\/la-cote-divoire-aux-jo-avec-ta-lou-eric-bailly-et-franck-kessie","url":"https:\/\/www.africa-press.net\/cotedivoire\/sports\/la-cote-divoire-aux-jo-avec-ta-lou-eric-bailly-et-franck-kessie","name":"La C\u00f4te-d\u2019Ivoire aux JO avec Ta-Lou, Eric Bailly et Franck Kessi\u00e9 - C\u00f4te d&#039;Ivoire","isPartOf":{"@id":"https:\/\/www.africa-press.net\/cotedivoire\/#website"},"primaryImageOfPage":{"@id":"https:\/\/www.africa-press.net\/cotedivoire\/sports\/la-cote-divoire-aux-jo-avec-ta-lou-eric-bailly-et-franck-kessie#primaryimage"},"image":{"@id":"https:\/\/www.africa-press.net\/cotedivoire\/sports\/la-cote-divoire-aux-jo-avec-ta-lou-eric-bailly-et-franck-kessie#primaryimage"},"thumbnailUrl":"https:\/\/static.africa-press.net\/cote\/sites\/43\/2021\/07\/img-60fc49abd76f3.jpg","datePublished":"2021-07-24T17:23:22+00:00","dateModified":"2021-07-24T21:34:58+00:00","author":{"@id":"https:\/\/www.africa-press.net\/cotedivoire\/#\/schema\/person\/2b1cf3cd81a31e3cd26889ca66d677f1"},"description":"Les \u00c9l\u00e9phants Olympiques de C\u00f4te-d\u2019Ivoire bien pr\u00e9sents aux JO de Tokyo, le Drapeau national de la C\u00f4te-d\u2019Ivoire port\u00e9 p ...","breadcrumb":{"@id":"https:\/\/www.africa-press.net\/cotedivoire\/sports\/la-cote-divoire-aux-jo-avec-ta-lou-eric-bailly-et-franck-kessie#breadcrumb"},"inLanguage":"fr-FR","potentialAction":[{"@type":"ReadAction","target":["https:\/\/www.africa-press.net\/cotedivoire\/sports\/la-cote-divoire-aux-jo-avec-ta-lou-eric-bailly-et-franck-kessie"]}]},{"@type":"ImageObject","inLanguage":"fr-FR","@id":"https:\/\/www.africa-press.net\/cotedivoire\/sports\/la-cote-divoire-aux-jo-avec-ta-lou-eric-bailly-et-franck-kessie#primaryimage","url":"https:\/\/static.africa-press.net\/cote\/sites\/43\/2021\/07\/img-60fc49abd76f3.jpg","contentUrl":"https:\/\/static.africa-press.net\/cote\/sites\/43\/2021\/07\/img-60fc49abd76f3.jpg","width":1440,"height":961,"caption":"La C\u00f4te-d\u2019Ivoire aux JO avec Ta-Lou, Eric Bailly et Franck Kessi\u00e9"},{"@type":"BreadcrumbList","@id":"https:\/\/www.africa-press.net\/cotedivoire\/sports\/la-cote-divoire-aux-jo-avec-ta-lou-eric-bailly-et-franck-kessie#breadcrumb","itemListElement":[{"@type":"ListItem","position":1,"name":"Accueil","item":"https:\/\/www.africa-press.net\/cotedivoire\/"},{"@type":"ListItem","position":2,"name":"La C\u00f4te-d\u2019Ivoire aux JO avec Ta-Lou, Eric Bailly et Franck Kessi\u00e9"}]},{"@type":"WebSite","@id":"https:\/\/www.africa-press.net\/cotedivoire\/#website","url":"https:\/\/www.africa-press.net\/cotedivoire\/","name":"C\u00f4te d&#039;Ivoire","description":"Just another Africa News Agency Sites site","potentialAction":[{"@type":"SearchAction","target":{"@type":"EntryPoint","urlTemplate":"https:\/\/www.africa-press.net\/cotedivoire\/?s={search_term_string}"},"query-input":{"@type":"PropertyValueSpecification","valueRequired":true,"valueName":"search_term_string"}}],"inLanguage":"fr-FR"},{"@type":"Person","@id":"https:\/\/www.africa-press.net\/cotedivoire\/#\/schema\/person\/2b1cf3cd81a31e3cd26889ca66d677f1","name":"cfeditorfr"}]}},"_links":{"self":[{"href":"https:\/\/www.africa-press.net\/cotedivoire\/wp-json\/wp\/v2\/posts\/10326","targetHints":{"allow":["GET"]}}],"collection":[{"href":"https:\/\/www.africa-press.net\/cotedivoire\/wp-json\/wp\/v2\/posts"}],"about":[{"href":"https:\/\/www.africa-press.net\/cotedivoire\/wp-json\/wp\/v2\/types\/post"}],"author":[{"embeddable":true,"href":"https:\/\/www.africa-press.net\/cotedivoire\/wp-json\/wp\/v2\/users\/82"}],"replies":[{"embeddable":true,"href":"https:\/\/www.africa-press.net\/cotedivoire\/wp-json\/wp\/v2\/comments?post=10326"}],"version-history":[{"count":0,"href":"https:\/\/www.africa-press.net\/cotedivoire\/wp-json\/wp\/v2\/posts\/10326\/revisions"}],"wp:featuredmedia":[{"embeddable":true,"href":"https:\/\/www.africa-press.net\/cotedivoire\/wp-json\/wp\/v2\/media\/10325"}],"wp:attachment":[{"href":"https:\/\/www.africa-press.net\/cotedivoire\/wp-json\/wp\/v2\/media?parent=10326"}],"wp:term":[{"taxonomy":"category","embeddable":true,"href":"https:\/\/www.africa-press.net\/cotedivoire\/wp-json\/wp\/v2\/categories?post=10326"},{"taxonomy":"post_tag","embeddable":true,"href":"https:\/\/www.africa-press.net\/cotedivoire\/wp-json\/wp\/v2\/tags?post=10326"}],"curies":[{"name":"wp","href":"https:\/\/api.w.org\/{rel}","templated":true}]}}