{"id":10332,"date":"2021-07-24T17:34:32","date_gmt":"2021-07-24T17:34:32","guid":{"rendered":"https:\/\/www.africa-press.net\/cotedivoire\/?p=10332"},"modified":"2021-07-24T21:35:17","modified_gmt":"2021-07-24T21:35:17","slug":"en-cote-divoire-les-consommateurs-denoncent-la-vie-chere-le-ministre-du-commerce-sen-prend-aux-reseaux-sociaux","status":"publish","type":"post","link":"https:\/\/www.africa-press.net\/cotedivoire\/economie\/en-cote-divoire-les-consommateurs-denoncent-la-vie-chere-le-ministre-du-commerce-sen-prend-aux-reseaux-sociaux","title":{"rendered":"En C\u00f4te d\u2019Ivoire les consommateurs d\u00e9noncent la vie ch\u00e8re, le ministre du commerce s\u2019en prend aux r\u00e9seaux sociaux"},"content":{"rendered":"<p><span style=\"color: #ff6600\"><strong><a href=\"https:\/\/www.africa-press.net\/\">Africa-Press<\/a> &#8211; <a href=\"https:\/\/www.africa-press.net\/cotedivoire\">C\u00f4te d&rsquo;Ivoire<\/a>.\u00a0 <\/strong><\/span>C\u2019est peut-\u00eatre un jeu de ping-pong auquel sont soumis les consommateurs dans le contexte de la vie ch\u00e8re qui a pris des proportions remarquables ces derniers mois en C\u00f4te d\u2019Ivoire. Face \u00e0 la grogne qui s\u2019intensifie et qui devait d\u00e9boucher le 19 juillet 2021 sur une marche des consommateurs d\u00e9plorant de plus en plus des difficult\u00e9s \u00e0 s\u2019approvisionner, le ministre du Commerce et de l\u2019Industrie est mont\u00e9 au cr\u00e9neau pour, dit-on, r\u00e9tablir de l\u2019ordre sur des informations circulant sur les r\u00e9seaux sociaux et faisant \u00e9chos des prix exorbitants des produits sur le march\u00e9.<\/p>\n<p>Au cours d\u2019une conf\u00e9rence de presse tenu le 18 juillet, le ministre du Commerce et de l\u2019Industrie, Souleymane Diarrassouba, n\u2019a pas fait dans la dentelle en d\u00e9non\u00e7ant une campagne de d\u00e9sinformation sur les prix des produits de base, relay\u00e9e sur les r\u00e9seaux sociaux et tendant \u00e0 perturber la qui\u00e9tude des consommateurs. \u00ab L\u2019on assiste \u00e0 de nombreuses plaintes des populations relativement \u00e0 ces hausses qui ont \u00e9t\u00e9 relay\u00e9es et amplifi\u00e9es par les m\u00e9dias et les r\u00e9seaux sociaux\u2026Les prix de ces produits affich\u00e9s sur les r\u00e9seaux sociaux semblent exag\u00e9r\u00e9s et ne cadrent pas avec la r\u00e9alit\u00e9 \u00bb, mart\u00e8le-t-il.<\/p>\n<p>Pour certains consommateurs, la r\u00e9alit\u00e9 sur le terrain n\u2019a rien d\u2019une campagne virtuelle, les prix des denr\u00e9es ayant connu une hausse exponentielle. En parcourant trois march\u00e9s de la commune de Yopougon (Abidjan), l\u2019on a pu constater les grognes des clients qui vivent l\u2019exp\u00e9rience de visu. \u00ab M\u00eame si les r\u00e9seaux sociaux amplifient la situation, les autorit\u00e9s doivent reconna\u00eetre leur part de responsabilit\u00e9, parce qu\u2019il n\u2019y a pas de suivi et on assiste \u00e0 un v\u00e9ritable d\u00e9sordre dans la fixation des prix des denr\u00e9es \u00bb, s\u2019insurge N\u2019Guessan Samuel, un op\u00e9rateur \u00e9conomique.<\/p>\n<p>\u00ab L\u2019Indice des prix alimentaires de la FAO a progress\u00e9 pour le 12eme mois cons\u00e9cutif. Ainsi, les prix internationaux de la plupart des produits ont augment\u00e9 au deuxi\u00e8me semestre 2020 et ont encore marqu\u00e9 un fort rebond au premier semestre de 2021. Par exemple, le prix du ma\u00efs a \u00e9t\u00e9 multipli\u00e9 par plus de deux ; ceux du soja, du sucre et du bl\u00e9 ont augment\u00e9 respectivement de 61%, 52% et 26%. La forte demande d\u2019aliments pour animaux en Asie et les contraintes sur la croissance de la production agricole mondiale ont aliment\u00e9 la hausse des prix \u00bb, explique Souleymane Diarrassouba. Avant d\u2019ajouter que la mission du gouvernement est d\u2019assurer la surveillance du march\u00e9 et d\u2019encadrer les prix en cas de dysfonctionnements du march\u00e9 et de pratiques sp\u00e9culatives av\u00e9r\u00e9es.<\/p>\n<p>Cette flamb\u00e9e des prix n\u2019est pas sp\u00e9cifique \u00e0 la C\u00f4te d\u2019Ivoire, a expliqu\u00e9 le porte-parole du gouvernement, \u00e0 l\u2019issue du conseil des ministres du 21 juillet. Ce conseil a adopt\u00e9 plusieurs mesures notamment la tenue de rencontres sectorielles avec les diff\u00e9rents acteurs \u00e9conomiques en vue de trouver des solutions afin de contenir les hausses de prix sur le panier de la m\u00e9nag\u00e8re ; l\u2019encadrement des prix du riz, de l\u2019huile de palme raffin\u00e9e, de la viande de b\u0153uf et de la farine etc.<\/p>\n<p>&nbsp;<\/p>\n","protected":false},"excerpt":{"rendered":"<p>Africa-Press &#8211; C\u00f4te d&rsquo;Ivoire.\u00a0 C\u2019est peut-\u00eatre un jeu de ping-pong auquel sont soumis les consommateurs dans le contexte de la vie ch\u00e8re qui a pris des proportions remarquables ces derniers mois en C\u00f4te d\u2019Ivoire. Face \u00e0 la grogne qui s\u2019intensifie et qui devait d\u00e9boucher le 19 juillet 2021 sur une marche des consommateurs d\u00e9plorant de [&hellip;]<\/p>\n","protected":false},"author":82,"featured_media":10331,"comment_status":"open","ping_status":"closed","sticky":false,"template":"","format":"standard","meta":{"footnotes":""},"categories":[3,11,20,10],"tags":[56,63,29],"class_list":["post-10332","post","type-post","status-publish","format-standard","has-post-thumbnail","hentry","category-economie","category-homepage-french","category-top-nouvelles","category-toutes-les-actualites","tag-africa-press","tag-africa-press-cote-divoire","tag-cote-divoire"],"yoast_head":"<!-- This site is optimized with the Yoast SEO Premium plugin v26.1 (Yoast SEO v27.0) - https:\/\/yoast.com\/product\/yoast-seo-premium-wordpress\/ -->\n<title>En C\u00f4te d\u2019Ivoire les consommateurs d\u00e9noncent la vie ch\u00e8re, le ministre du commerce s\u2019en prend aux r\u00e9seaux sociaux - C\u00f4te d&#039;Ivoire<\/title>\n<meta name=\"description\" content=\"Par Issouf Kamgate C\u2019est peut-\u00eatre un jeu de ping-pong auquel sont soumis les consommateurs dans le contexte de la vie ...\" \/>\n<meta name=\"robots\" content=\"index, follow, max-snippet:-1, max-image-preview:large, max-video-preview:-1\" \/>\n<link rel=\"canonical\" href=\"https:\/\/www.africa-press.net\/cotedivoire\/economie\/en-cote-divoire-les-consommateurs-denoncent-la-vie-chere-le-ministre-du-commerce-sen-prend-aux-reseaux-sociaux\" \/>\n<meta property=\"og:locale\" content=\"fr_FR\" \/>\n<meta property=\"og:type\" content=\"article\" \/>\n<meta property=\"og:title\" content=\"En C\u00f4te d\u2019Ivoire les consommateurs d\u00e9noncent la vie ch\u00e8re, le ministre du commerce s\u2019en prend aux r\u00e9seaux sociaux\" \/>\n<meta property=\"og:description\" content=\"Par Issouf Kamgate C\u2019est peut-\u00eatre un jeu de ping-pong auquel sont soumis les consommateurs dans le contexte de la vie ...\" \/>\n<meta property=\"og:url\" content=\"https:\/\/www.africa-press.net\/cotedivoire\/economie\/en-cote-divoire-les-consommateurs-denoncent-la-vie-chere-le-ministre-du-commerce-sen-prend-aux-reseaux-sociaux\" \/>\n<meta property=\"og:site_name\" content=\"C\u00f4te d&#039;Ivoire\" \/>\n<meta property=\"article:published_time\" content=\"2021-07-24T17:34:32+00:00\" \/>\n<meta property=\"article:modified_time\" content=\"2021-07-24T21:35:17+00:00\" \/>\n<meta property=\"og:image\" content=\"https:\/\/static.africa-press.net\/cote\/sites\/43\/2021\/07\/img-60fc49f3d8131.jpg\" \/>\n\t<meta property=\"og:image:width\" content=\"779\" \/>\n\t<meta property=\"og:image:height\" content=\"608\" \/>\n\t<meta property=\"og:image:type\" content=\"image\/jpeg\" \/>\n<meta name=\"author\" content=\"cfeditorfr\" \/>\n<meta name=\"twitter:card\" content=\"summary_large_image\" \/>\n<meta name=\"twitter:label1\" content=\"\u00c9crit par\" \/>\n\t<meta name=\"twitter:data1\" content=\"cfeditorfr\" \/>\n\t<meta name=\"twitter:label2\" content=\"Dur\u00e9e de lecture estim\u00e9e\" \/>\n\t<meta name=\"twitter:data2\" content=\"3 minutes\" \/>\n<script type=\"application\/ld+json\" class=\"yoast-schema-graph\">{\"@context\":\"https:\/\/schema.org\",\"@graph\":[{\"@type\":\"Article\",\"@id\":\"https:\/\/www.africa-press.net\/cotedivoire\/economie\/en-cote-divoire-les-consommateurs-denoncent-la-vie-chere-le-ministre-du-commerce-sen-prend-aux-reseaux-sociaux#article\",\"isPartOf\":{\"@id\":\"https:\/\/www.africa-press.net\/cotedivoire\/economie\/en-cote-divoire-les-consommateurs-denoncent-la-vie-chere-le-ministre-du-commerce-sen-prend-aux-reseaux-sociaux\"},\"author\":{\"name\":\"cfeditorfr\",\"@id\":\"https:\/\/www.africa-press.net\/cotedivoire\/#\/schema\/person\/2b1cf3cd81a31e3cd26889ca66d677f1\"},\"headline\":\"En C\u00f4te d\u2019Ivoire les consommateurs d\u00e9noncent la vie ch\u00e8re, le ministre du commerce s\u2019en prend aux r\u00e9seaux sociaux\",\"datePublished\":\"2021-07-24T17:34:32+00:00\",\"dateModified\":\"2021-07-24T21:35:17+00:00\",\"mainEntityOfPage\":{\"@id\":\"https:\/\/www.africa-press.net\/cotedivoire\/economie\/en-cote-divoire-les-consommateurs-denoncent-la-vie-chere-le-ministre-du-commerce-sen-prend-aux-reseaux-sociaux\"},\"wordCount\":579,\"commentCount\":0,\"image\":{\"@id\":\"https:\/\/www.africa-press.net\/cotedivoire\/economie\/en-cote-divoire-les-consommateurs-denoncent-la-vie-chere-le-ministre-du-commerce-sen-prend-aux-reseaux-sociaux#primaryimage\"},\"thumbnailUrl\":\"https:\/\/static.africa-press.net\/cote\/sites\/43\/2021\/07\/img-60fc49f3d8131.jpg\",\"keywords\":[\"Africa Press\",\"Africa Press-C\u00f4te d'Ivoire\",\"C\u00d4TE D'IVOIRE\"],\"articleSection\":[\"\u00c9conomie\",\"homepage-french\",\"Top Nouvelles\",\"Toutes les actualit\u00e9s\"],\"inLanguage\":\"fr-FR\",\"potentialAction\":[{\"@type\":\"CommentAction\",\"name\":\"Comment\",\"target\":[\"https:\/\/www.africa-press.net\/cotedivoire\/economie\/en-cote-divoire-les-consommateurs-denoncent-la-vie-chere-le-ministre-du-commerce-sen-prend-aux-reseaux-sociaux#respond\"]}]},{\"@type\":\"WebPage\",\"@id\":\"https:\/\/www.africa-press.net\/cotedivoire\/economie\/en-cote-divoire-les-consommateurs-denoncent-la-vie-chere-le-ministre-du-commerce-sen-prend-aux-reseaux-sociaux\",\"url\":\"https:\/\/www.africa-press.net\/cotedivoire\/economie\/en-cote-divoire-les-consommateurs-denoncent-la-vie-chere-le-ministre-du-commerce-sen-prend-aux-reseaux-sociaux\",\"name\":\"En C\u00f4te d\u2019Ivoire les consommateurs d\u00e9noncent la vie ch\u00e8re, le ministre du commerce s\u2019en prend aux r\u00e9seaux sociaux - C\u00f4te d&#039;Ivoire\",\"isPartOf\":{\"@id\":\"https:\/\/www.africa-press.net\/cotedivoire\/#website\"},\"primaryImageOfPage\":{\"@id\":\"https:\/\/www.africa-press.net\/cotedivoire\/economie\/en-cote-divoire-les-consommateurs-denoncent-la-vie-chere-le-ministre-du-commerce-sen-prend-aux-reseaux-sociaux#primaryimage\"},\"image\":{\"@id\":\"https:\/\/www.africa-press.net\/cotedivoire\/economie\/en-cote-divoire-les-consommateurs-denoncent-la-vie-chere-le-ministre-du-commerce-sen-prend-aux-reseaux-sociaux#primaryimage\"},\"thumbnailUrl\":\"https:\/\/static.africa-press.net\/cote\/sites\/43\/2021\/07\/img-60fc49f3d8131.jpg\",\"datePublished\":\"2021-07-24T17:34:32+00:00\",\"dateModified\":\"2021-07-24T21:35:17+00:00\",\"author\":{\"@id\":\"https:\/\/www.africa-press.net\/cotedivoire\/#\/schema\/person\/2b1cf3cd81a31e3cd26889ca66d677f1\"},\"description\":\"Par Issouf Kamgate C\u2019est peut-\u00eatre un jeu de ping-pong auquel sont soumis les consommateurs dans le contexte de la vie ...\",\"breadcrumb\":{\"@id\":\"https:\/\/www.africa-press.net\/cotedivoire\/economie\/en-cote-divoire-les-consommateurs-denoncent-la-vie-chere-le-ministre-du-commerce-sen-prend-aux-reseaux-sociaux#breadcrumb\"},\"inLanguage\":\"fr-FR\",\"potentialAction\":[{\"@type\":\"ReadAction\",\"target\":[\"https:\/\/www.africa-press.net\/cotedivoire\/economie\/en-cote-divoire-les-consommateurs-denoncent-la-vie-chere-le-ministre-du-commerce-sen-prend-aux-reseaux-sociaux\"]}]},{\"@type\":\"ImageObject\",\"inLanguage\":\"fr-FR\",\"@id\":\"https:\/\/www.africa-press.net\/cotedivoire\/economie\/en-cote-divoire-les-consommateurs-denoncent-la-vie-chere-le-ministre-du-commerce-sen-prend-aux-reseaux-sociaux#primaryimage\",\"url\":\"https:\/\/static.africa-press.net\/cote\/sites\/43\/2021\/07\/img-60fc49f3d8131.jpg\",\"contentUrl\":\"https:\/\/static.africa-press.net\/cote\/sites\/43\/2021\/07\/img-60fc49f3d8131.jpg\",\"width\":779,\"height\":608,\"caption\":\"En C\u00f4te d\u2019Ivoire les consommateurs d\u00e9noncent la vie ch\u00e8re, le ministre du commerce s\u2019en prend aux r\u00e9seaux sociaux\"},{\"@type\":\"BreadcrumbList\",\"@id\":\"https:\/\/www.africa-press.net\/cotedivoire\/economie\/en-cote-divoire-les-consommateurs-denoncent-la-vie-chere-le-ministre-du-commerce-sen-prend-aux-reseaux-sociaux#breadcrumb\",\"itemListElement\":[{\"@type\":\"ListItem\",\"position\":1,\"name\":\"Accueil\",\"item\":\"https:\/\/www.africa-press.net\/cotedivoire\/\"},{\"@type\":\"ListItem\",\"position\":2,\"name\":\"En C\u00f4te d\u2019Ivoire les consommateurs d\u00e9noncent la vie ch\u00e8re, le ministre du commerce s\u2019en prend aux r\u00e9seaux sociaux\"}]},{\"@type\":\"WebSite\",\"@id\":\"https:\/\/www.africa-press.net\/cotedivoire\/#website\",\"url\":\"https:\/\/www.africa-press.net\/cotedivoire\/\",\"name\":\"C\u00f4te d&#039;Ivoire\",\"description\":\"Just another Africa News Agency Sites site\",\"potentialAction\":[{\"@type\":\"SearchAction\",\"target\":{\"@type\":\"EntryPoint\",\"urlTemplate\":\"https:\/\/www.africa-press.net\/cotedivoire\/?s={search_term_string}\"},\"query-input\":{\"@type\":\"PropertyValueSpecification\",\"valueRequired\":true,\"valueName\":\"search_term_string\"}}],\"inLanguage\":\"fr-FR\"},{\"@type\":\"Person\",\"@id\":\"https:\/\/www.africa-press.net\/cotedivoire\/#\/schema\/person\/2b1cf3cd81a31e3cd26889ca66d677f1\",\"name\":\"cfeditorfr\"}]}<\/script>\n<!-- \/ Yoast SEO Premium plugin. -->","yoast_head_json":{"title":"En C\u00f4te d\u2019Ivoire les consommateurs d\u00e9noncent la vie ch\u00e8re, le ministre du commerce s\u2019en prend aux r\u00e9seaux sociaux - C\u00f4te d&#039;Ivoire","description":"Par Issouf Kamgate C\u2019est peut-\u00eatre un jeu de ping-pong auquel sont soumis les consommateurs dans le contexte de la vie ...","robots":{"index":"index","follow":"follow","max-snippet":"max-snippet:-1","max-image-preview":"max-image-preview:large","max-video-preview":"max-video-preview:-1"},"canonical":"https:\/\/www.africa-press.net\/cotedivoire\/economie\/en-cote-divoire-les-consommateurs-denoncent-la-vie-chere-le-ministre-du-commerce-sen-prend-aux-reseaux-sociaux","og_locale":"fr_FR","og_type":"article","og_title":"En C\u00f4te d\u2019Ivoire les consommateurs d\u00e9noncent la vie ch\u00e8re, le ministre du commerce s\u2019en prend aux r\u00e9seaux sociaux","og_description":"Par Issouf Kamgate C\u2019est peut-\u00eatre un jeu de ping-pong auquel sont soumis les consommateurs dans le contexte de la vie ...","og_url":"https:\/\/www.africa-press.net\/cotedivoire\/economie\/en-cote-divoire-les-consommateurs-denoncent-la-vie-chere-le-ministre-du-commerce-sen-prend-aux-reseaux-sociaux","og_site_name":"C\u00f4te d&#039;Ivoire","article_published_time":"2021-07-24T17:34:32+00:00","article_modified_time":"2021-07-24T21:35:17+00:00","og_image":[{"width":779,"height":608,"url":"https:\/\/static.africa-press.net\/cote\/sites\/43\/2021\/07\/img-60fc49f3d8131.jpg","type":"image\/jpeg"}],"author":"cfeditorfr","twitter_card":"summary_large_image","twitter_misc":{"\u00c9crit par":"cfeditorfr","Dur\u00e9e de lecture estim\u00e9e":"3 minutes"},"schema":{"@context":"https:\/\/schema.org","@graph":[{"@type":"Article","@id":"https:\/\/www.africa-press.net\/cotedivoire\/economie\/en-cote-divoire-les-consommateurs-denoncent-la-vie-chere-le-ministre-du-commerce-sen-prend-aux-reseaux-sociaux#article","isPartOf":{"@id":"https:\/\/www.africa-press.net\/cotedivoire\/economie\/en-cote-divoire-les-consommateurs-denoncent-la-vie-chere-le-ministre-du-commerce-sen-prend-aux-reseaux-sociaux"},"author":{"name":"cfeditorfr","@id":"https:\/\/www.africa-press.net\/cotedivoire\/#\/schema\/person\/2b1cf3cd81a31e3cd26889ca66d677f1"},"headline":"En C\u00f4te d\u2019Ivoire les consommateurs d\u00e9noncent la vie ch\u00e8re, le ministre du commerce s\u2019en prend aux r\u00e9seaux sociaux","datePublished":"2021-07-24T17:34:32+00:00","dateModified":"2021-07-24T21:35:17+00:00","mainEntityOfPage":{"@id":"https:\/\/www.africa-press.net\/cotedivoire\/economie\/en-cote-divoire-les-consommateurs-denoncent-la-vie-chere-le-ministre-du-commerce-sen-prend-aux-reseaux-sociaux"},"wordCount":579,"commentCount":0,"image":{"@id":"https:\/\/www.africa-press.net\/cotedivoire\/economie\/en-cote-divoire-les-consommateurs-denoncent-la-vie-chere-le-ministre-du-commerce-sen-prend-aux-reseaux-sociaux#primaryimage"},"thumbnailUrl":"https:\/\/static.africa-press.net\/cote\/sites\/43\/2021\/07\/img-60fc49f3d8131.jpg","keywords":["Africa Press","Africa Press-C\u00f4te d'Ivoire","C\u00d4TE D'IVOIRE"],"articleSection":["\u00c9conomie","homepage-french","Top Nouvelles","Toutes les actualit\u00e9s"],"inLanguage":"fr-FR","potentialAction":[{"@type":"CommentAction","name":"Comment","target":["https:\/\/www.africa-press.net\/cotedivoire\/economie\/en-cote-divoire-les-consommateurs-denoncent-la-vie-chere-le-ministre-du-commerce-sen-prend-aux-reseaux-sociaux#respond"]}]},{"@type":"WebPage","@id":"https:\/\/www.africa-press.net\/cotedivoire\/economie\/en-cote-divoire-les-consommateurs-denoncent-la-vie-chere-le-ministre-du-commerce-sen-prend-aux-reseaux-sociaux","url":"https:\/\/www.africa-press.net\/cotedivoire\/economie\/en-cote-divoire-les-consommateurs-denoncent-la-vie-chere-le-ministre-du-commerce-sen-prend-aux-reseaux-sociaux","name":"En C\u00f4te d\u2019Ivoire les consommateurs d\u00e9noncent la vie ch\u00e8re, le ministre du commerce s\u2019en prend aux r\u00e9seaux sociaux - C\u00f4te d&#039;Ivoire","isPartOf":{"@id":"https:\/\/www.africa-press.net\/cotedivoire\/#website"},"primaryImageOfPage":{"@id":"https:\/\/www.africa-press.net\/cotedivoire\/economie\/en-cote-divoire-les-consommateurs-denoncent-la-vie-chere-le-ministre-du-commerce-sen-prend-aux-reseaux-sociaux#primaryimage"},"image":{"@id":"https:\/\/www.africa-press.net\/cotedivoire\/economie\/en-cote-divoire-les-consommateurs-denoncent-la-vie-chere-le-ministre-du-commerce-sen-prend-aux-reseaux-sociaux#primaryimage"},"thumbnailUrl":"https:\/\/static.africa-press.net\/cote\/sites\/43\/2021\/07\/img-60fc49f3d8131.jpg","datePublished":"2021-07-24T17:34:32+00:00","dateModified":"2021-07-24T21:35:17+00:00","author":{"@id":"https:\/\/www.africa-press.net\/cotedivoire\/#\/schema\/person\/2b1cf3cd81a31e3cd26889ca66d677f1"},"description":"Par Issouf Kamgate C\u2019est peut-\u00eatre un jeu de ping-pong auquel sont soumis les consommateurs dans le contexte de la vie ...","breadcrumb":{"@id":"https:\/\/www.africa-press.net\/cotedivoire\/economie\/en-cote-divoire-les-consommateurs-denoncent-la-vie-chere-le-ministre-du-commerce-sen-prend-aux-reseaux-sociaux#breadcrumb"},"inLanguage":"fr-FR","potentialAction":[{"@type":"ReadAction","target":["https:\/\/www.africa-press.net\/cotedivoire\/economie\/en-cote-divoire-les-consommateurs-denoncent-la-vie-chere-le-ministre-du-commerce-sen-prend-aux-reseaux-sociaux"]}]},{"@type":"ImageObject","inLanguage":"fr-FR","@id":"https:\/\/www.africa-press.net\/cotedivoire\/economie\/en-cote-divoire-les-consommateurs-denoncent-la-vie-chere-le-ministre-du-commerce-sen-prend-aux-reseaux-sociaux#primaryimage","url":"https:\/\/static.africa-press.net\/cote\/sites\/43\/2021\/07\/img-60fc49f3d8131.jpg","contentUrl":"https:\/\/static.africa-press.net\/cote\/sites\/43\/2021\/07\/img-60fc49f3d8131.jpg","width":779,"height":608,"caption":"En C\u00f4te d\u2019Ivoire les consommateurs d\u00e9noncent la vie ch\u00e8re, le ministre du commerce s\u2019en prend aux r\u00e9seaux sociaux"},{"@type":"BreadcrumbList","@id":"https:\/\/www.africa-press.net\/cotedivoire\/economie\/en-cote-divoire-les-consommateurs-denoncent-la-vie-chere-le-ministre-du-commerce-sen-prend-aux-reseaux-sociaux#breadcrumb","itemListElement":[{"@type":"ListItem","position":1,"name":"Accueil","item":"https:\/\/www.africa-press.net\/cotedivoire\/"},{"@type":"ListItem","position":2,"name":"En C\u00f4te d\u2019Ivoire les consommateurs d\u00e9noncent la vie ch\u00e8re, le ministre du commerce s\u2019en prend aux r\u00e9seaux sociaux"}]},{"@type":"WebSite","@id":"https:\/\/www.africa-press.net\/cotedivoire\/#website","url":"https:\/\/www.africa-press.net\/cotedivoire\/","name":"C\u00f4te d&#039;Ivoire","description":"Just another Africa News Agency Sites site","potentialAction":[{"@type":"SearchAction","target":{"@type":"EntryPoint","urlTemplate":"https:\/\/www.africa-press.net\/cotedivoire\/?s={search_term_string}"},"query-input":{"@type":"PropertyValueSpecification","valueRequired":true,"valueName":"search_term_string"}}],"inLanguage":"fr-FR"},{"@type":"Person","@id":"https:\/\/www.africa-press.net\/cotedivoire\/#\/schema\/person\/2b1cf3cd81a31e3cd26889ca66d677f1","name":"cfeditorfr"}]}},"_links":{"self":[{"href":"https:\/\/www.africa-press.net\/cotedivoire\/wp-json\/wp\/v2\/posts\/10332","targetHints":{"allow":["GET"]}}],"collection":[{"href":"https:\/\/www.africa-press.net\/cotedivoire\/wp-json\/wp\/v2\/posts"}],"about":[{"href":"https:\/\/www.africa-press.net\/cotedivoire\/wp-json\/wp\/v2\/types\/post"}],"author":[{"embeddable":true,"href":"https:\/\/www.africa-press.net\/cotedivoire\/wp-json\/wp\/v2\/users\/82"}],"replies":[{"embeddable":true,"href":"https:\/\/www.africa-press.net\/cotedivoire\/wp-json\/wp\/v2\/comments?post=10332"}],"version-history":[{"count":0,"href":"https:\/\/www.africa-press.net\/cotedivoire\/wp-json\/wp\/v2\/posts\/10332\/revisions"}],"wp:featuredmedia":[{"embeddable":true,"href":"https:\/\/www.africa-press.net\/cotedivoire\/wp-json\/wp\/v2\/media\/10331"}],"wp:attachment":[{"href":"https:\/\/www.africa-press.net\/cotedivoire\/wp-json\/wp\/v2\/media?parent=10332"}],"wp:term":[{"taxonomy":"category","embeddable":true,"href":"https:\/\/www.africa-press.net\/cotedivoire\/wp-json\/wp\/v2\/categories?post=10332"},{"taxonomy":"post_tag","embeddable":true,"href":"https:\/\/www.africa-press.net\/cotedivoire\/wp-json\/wp\/v2\/tags?post=10332"}],"curies":[{"name":"wp","href":"https:\/\/api.w.org\/{rel}","templated":true}]}}