{"id":10338,"date":"2021-07-24T17:50:39","date_gmt":"2021-07-24T17:50:39","guid":{"rendered":"https:\/\/www.africa-press.net\/cotedivoire\/?p=10338"},"modified":"2021-07-24T21:35:35","modified_gmt":"2021-07-24T21:35:35","slug":"cote-divoire-pour-affi-gbagbo-bedie-et-ouattara-ont-leur-avenir-politique-largement-derriere-eux","status":"publish","type":"post","link":"https:\/\/www.africa-press.net\/cotedivoire\/politique\/cote-divoire-pour-affi-gbagbo-bedie-et-ouattara-ont-leur-avenir-politique-largement-derriere-eux","title":{"rendered":"Pour Affi, \u00ab\u00a0Gbagbo, \u00ab\u00a0B\u00e9di\u00e9 et Ouattara ont leur avenir politique largement derri\u00e8re eux\u00a0\u00bb"},"content":{"rendered":"<p><span style=\"color: #ff6600\"><strong><a href=\"https:\/\/www.africa-press.net\/\">Africa-Press<\/a> &#8211; <a href=\"https:\/\/www.africa-press.net\/cotedivoire\">C\u00f4te d&rsquo;Ivoire<\/a>. <\/strong><\/span>Selon l\u2019ex Premier ministre ivoirien Pascal Affi N\u2019Guessan, pr\u00e9sident de la branche l\u00e9gale du Front Populaire Ivoirien (FPI), les deux anciens pr\u00e9sidents de la r\u00e9publique Henri Konan B\u00e9di\u00e9 et Laurent Gbagbo, ainsi que le chef de l\u2019\u00c9tat Alassane Ouattara, \u00ab savent que leur avenir politique est largement derri\u00e8re eux \u00bb.<\/p>\n<p>Monsieur Affi intervenait lors d\u2019une c\u00e9r\u00e9monie en son honneur organis\u00e9e ce samedi \u00e0 Yamoussoukro, la capitale politique du pays.<\/p>\n<p>Poursuivant sur sa lanc\u00e9e, l\u2019ex Premier ministre, a appel\u00e9 les trois leaders politiques, qui font la pluie et le beau temps de la politique ces 30 derni\u00e8res ann\u00e9es en C\u00f4te-d\u2019Ivoire, \u00e0 \u00ab consacrer leur derni\u00e8re \u00e9nergie \u00e0 la cause de la r\u00e9conciliation nationale \u00bb.<\/p>\n<p>Liman Serge<\/p>\n<p>\u00c0 Yamoussoukro o\u00f9 il sera demain honor\u00e9 du titre d\u2019ambassadeur de la paix et de la r\u00e9conciliation en #CIV225 \u2066@p_affi\u2069 r\u00e9agit \u00e0 la rencontre de mardi entre \u2066@AOuattara_PRCI\u2069 et #LaurentGbagbo. https:\/\/t.co\/XT4q30OclD<\/p>\n<p>\u2014 Genevi\u00e8ve Go\u00ebtzinger (@GoetzingerG) July 23, 2021<\/p>\n<p>Le pr\u00e9sident du Front populaire ivoirien (FPI), Pascal Affi N\u2019Guessan, s\u2019est prononc\u00e9 sur la rencontre de l\u2019ancien pr\u00e9sident Laurent Gbagbo et du Pr\u00e9sident de la R\u00e9publique Alassane Ouattara. Selon Affi, cette rencontre est un grand moment \u00e0 c\u00e9l\u00e9brer.<\/p>\n<p>Pascal Affi N\u2019Guessan s\u2019est prononc\u00e9 sur la rencontre annonc\u00e9e de Laurent Gbagbo et d\u2019Alassane Ouattara. L\u2019occasion a \u00e9t\u00e9 donn\u00e9e au pr\u00e9sident du FPI de donner son avis sur cette rencontre pendant qu\u2019il \u00e9tait dans la capitale politique ivoirienne \u00e0 Yamoussoukro, en marge de sa distinction.<\/p>\n<p>\u00ab C\u2019est un moment que tous les Ivoiriens attendaient pour marquer la fin de la bellig\u00e9rance, et je dirai de la consolidation du processus de la r\u00e9conciliation nationale. D\u2019aucuns ont toujours dit qu\u2019il manquait un maillon \u00e0 la r\u00e9conciliation nationale \u00e0 travers l\u2019absence du pr\u00e9sident Laurent Gbagbo due \u00e0 sa d\u00e9tention \u00e0 la CPI. Aujourd\u2019hui il est rentr\u00e9. Non seulement il est rentr\u00e9 et cela soulage tous ses partisans, mais il accepte de poser un acte tr\u00e8s fort, un acte historique en se d\u00e9pla\u00e7ant pour aller rencontrer celui qui l\u2019a remplac\u00e9 \u00e0 la t\u00eate de l\u2019Etat dans les conditions douloureuses que nous connaissons tous \u00bb, a d\u00e9clar\u00e9 l\u2019ancien premier ministre de l\u2019ancien pr\u00e9sident Laurent Gbagbo.<\/p>\n<p>Puis d\u2019ajouter : \u00ab Une condition qui aurait pu le maintenir \u00e0 l\u2019\u00e9cart, qui aurait pu le confiner dans une attitude de repli et d\u2019opposition, voire m\u00eame de confrontation. Mais Laurent Gbagbo au nom de la paix, au nom de la r\u00e9conciliation nationale, dans l\u2019int\u00e9r\u00eat de la C\u00f4te d\u2019Ivoire, a d\u00e9cid\u00e9 de se d\u00e9placer pour aller rencontrer le Pr\u00e9sident Alassane Ouattara. Le Pr\u00e9sident Alassane Ouattara, au nom de la paix, parce qu\u2019il est aujourd\u2019hui d\u00e9positaire de la paix en C\u00f4te d\u2019Ivoire, est premier responsable de la paix et de la stabilit\u00e9 dans notre pays en tant que Chef de l\u2019Etat, a accept\u00e9 de le recevoir, je crois c\u2019est un grand moment que nous allons c\u00e9l\u00e9brer. Nous esp\u00e9rons que cela va d\u00e9crisper l\u2019atmosph\u00e8re politique, cela va apaiser les c\u0153urs \u00bb.<\/p>\n<p>Pour rappel, le pr\u00e9sident Alassane Ouattara a invit\u00e9 son pr\u00e9d\u00e9cesseur Laurent Gbagbo \u00e0 le rencontrer au palais pr\u00e9sidentiel le mardi 27 juillet 2021. Cette rencontre marquera donc la premi\u00e8re entre les deux hommes politiques depuis la crise post-\u00e9lectorale de 2010-2011, qui avait caus\u00e9 la mort de plus de 3 000 personnes en C\u00f4te d\u2019Ivoire selon l\u2019ONU.<\/p>\n<p>&nbsp;<\/p>\n","protected":false},"excerpt":{"rendered":"<p>Africa-Press &#8211; C\u00f4te d&rsquo;Ivoire. Selon l\u2019ex Premier ministre ivoirien Pascal Affi N\u2019Guessan, pr\u00e9sident de la branche l\u00e9gale du Front Populaire Ivoirien (FPI), les deux anciens pr\u00e9sidents de la r\u00e9publique Henri Konan B\u00e9di\u00e9 et Laurent Gbagbo, ainsi que le chef de l\u2019\u00c9tat Alassane Ouattara, \u00ab savent que leur avenir politique est largement derri\u00e8re eux \u00bb. Monsieur [&hellip;]<\/p>\n","protected":false},"author":82,"featured_media":10337,"comment_status":"open","ping_status":"closed","sticky":false,"template":"","format":"standard","meta":{"footnotes":""},"categories":[11,2,20,10],"tags":[56,63,29],"class_list":["post-10338","post","type-post","status-publish","format-standard","has-post-thumbnail","hentry","category-homepage-french","category-politique","category-top-nouvelles","category-toutes-les-actualites","tag-africa-press","tag-africa-press-cote-divoire","tag-cote-divoire"],"yoast_head":"<!-- This site is optimized with the Yoast SEO Premium plugin v26.1 (Yoast SEO v27.0) - https:\/\/yoast.com\/product\/yoast-seo-premium-wordpress\/ -->\n<title>Pour Affi, \u00ab\u00a0Gbagbo, \u00ab\u00a0B\u00e9di\u00e9 et Ouattara ont leur avenir politique largement derri\u00e8re eux\u00a0\u00bb - C\u00f4te d&#039;Ivoire<\/title>\n<meta name=\"description\" content=\"Selon l\u2019ex Premier ministre ivoirien Pascal Affi N\u2019Guessan, pr\u00e9sident de la branche l\u00e9gale du Front Populaire Ivoirien ( ...\" \/>\n<meta name=\"robots\" content=\"index, follow, max-snippet:-1, max-image-preview:large, max-video-preview:-1\" \/>\n<link rel=\"canonical\" href=\"https:\/\/www.africa-press.net\/cotedivoire\/politique\/cote-divoire-pour-affi-gbagbo-bedie-et-ouattara-ont-leur-avenir-politique-largement-derriere-eux\" \/>\n<meta property=\"og:locale\" content=\"fr_FR\" \/>\n<meta property=\"og:type\" content=\"article\" \/>\n<meta property=\"og:title\" content=\"Pour Affi, \u00ab\u00a0Gbagbo, \u00ab\u00a0B\u00e9di\u00e9 et Ouattara ont leur avenir politique largement derri\u00e8re eux\u00a0\u00bb\" \/>\n<meta property=\"og:description\" content=\"Selon l\u2019ex Premier ministre ivoirien Pascal Affi N\u2019Guessan, pr\u00e9sident de la branche l\u00e9gale du Front Populaire Ivoirien ( ...\" \/>\n<meta property=\"og:url\" content=\"https:\/\/www.africa-press.net\/cotedivoire\/politique\/cote-divoire-pour-affi-gbagbo-bedie-et-ouattara-ont-leur-avenir-politique-largement-derriere-eux\" \/>\n<meta property=\"og:site_name\" content=\"C\u00f4te d&#039;Ivoire\" \/>\n<meta property=\"article:published_time\" content=\"2021-07-24T17:50:39+00:00\" \/>\n<meta property=\"article:modified_time\" content=\"2021-07-24T21:35:35+00:00\" \/>\n<meta property=\"og:image\" content=\"https:\/\/static.africa-press.net\/cote\/sites\/43\/2021\/07\/img-60fc4a36dd8a4.jpg\" \/>\n\t<meta property=\"og:image:width\" content=\"720\" \/>\n\t<meta property=\"og:image:height\" content=\"616\" \/>\n\t<meta property=\"og:image:type\" content=\"image\/jpeg\" \/>\n<meta name=\"author\" content=\"cfeditorfr\" \/>\n<meta name=\"twitter:card\" content=\"summary_large_image\" \/>\n<meta name=\"twitter:label1\" content=\"\u00c9crit par\" \/>\n\t<meta name=\"twitter:data1\" content=\"cfeditorfr\" \/>\n\t<meta name=\"twitter:label2\" content=\"Dur\u00e9e de lecture estim\u00e9e\" \/>\n\t<meta name=\"twitter:data2\" content=\"3 minutes\" \/>\n<script type=\"application\/ld+json\" class=\"yoast-schema-graph\">{\"@context\":\"https:\/\/schema.org\",\"@graph\":[{\"@type\":\"Article\",\"@id\":\"https:\/\/www.africa-press.net\/cotedivoire\/politique\/cote-divoire-pour-affi-gbagbo-bedie-et-ouattara-ont-leur-avenir-politique-largement-derriere-eux#article\",\"isPartOf\":{\"@id\":\"https:\/\/www.africa-press.net\/cotedivoire\/politique\/cote-divoire-pour-affi-gbagbo-bedie-et-ouattara-ont-leur-avenir-politique-largement-derriere-eux\"},\"author\":{\"name\":\"cfeditorfr\",\"@id\":\"https:\/\/www.africa-press.net\/cotedivoire\/#\/schema\/person\/2b1cf3cd81a31e3cd26889ca66d677f1\"},\"headline\":\"Pour Affi, \u00ab\u00a0Gbagbo, \u00ab\u00a0B\u00e9di\u00e9 et Ouattara ont leur avenir politique largement derri\u00e8re eux\u00a0\u00bb\",\"datePublished\":\"2021-07-24T17:50:39+00:00\",\"dateModified\":\"2021-07-24T21:35:35+00:00\",\"mainEntityOfPage\":{\"@id\":\"https:\/\/www.africa-press.net\/cotedivoire\/politique\/cote-divoire-pour-affi-gbagbo-bedie-et-ouattara-ont-leur-avenir-politique-largement-derriere-eux\"},\"wordCount\":634,\"commentCount\":0,\"image\":{\"@id\":\"https:\/\/www.africa-press.net\/cotedivoire\/politique\/cote-divoire-pour-affi-gbagbo-bedie-et-ouattara-ont-leur-avenir-politique-largement-derriere-eux#primaryimage\"},\"thumbnailUrl\":\"https:\/\/static.africa-press.net\/cote\/sites\/43\/2021\/07\/img-60fc4a36dd8a4.jpg\",\"keywords\":[\"Africa Press\",\"Africa Press-C\u00f4te d'Ivoire\",\"C\u00d4TE D'IVOIRE\"],\"articleSection\":[\"homepage-french\",\"Politique\",\"Top Nouvelles\",\"Toutes les actualit\u00e9s\"],\"inLanguage\":\"fr-FR\",\"potentialAction\":[{\"@type\":\"CommentAction\",\"name\":\"Comment\",\"target\":[\"https:\/\/www.africa-press.net\/cotedivoire\/politique\/cote-divoire-pour-affi-gbagbo-bedie-et-ouattara-ont-leur-avenir-politique-largement-derriere-eux#respond\"]}]},{\"@type\":\"WebPage\",\"@id\":\"https:\/\/www.africa-press.net\/cotedivoire\/politique\/cote-divoire-pour-affi-gbagbo-bedie-et-ouattara-ont-leur-avenir-politique-largement-derriere-eux\",\"url\":\"https:\/\/www.africa-press.net\/cotedivoire\/politique\/cote-divoire-pour-affi-gbagbo-bedie-et-ouattara-ont-leur-avenir-politique-largement-derriere-eux\",\"name\":\"Pour Affi, \u00ab\u00a0Gbagbo, \u00ab\u00a0B\u00e9di\u00e9 et Ouattara ont leur avenir politique largement derri\u00e8re eux\u00a0\u00bb - C\u00f4te d&#039;Ivoire\",\"isPartOf\":{\"@id\":\"https:\/\/www.africa-press.net\/cotedivoire\/#website\"},\"primaryImageOfPage\":{\"@id\":\"https:\/\/www.africa-press.net\/cotedivoire\/politique\/cote-divoire-pour-affi-gbagbo-bedie-et-ouattara-ont-leur-avenir-politique-largement-derriere-eux#primaryimage\"},\"image\":{\"@id\":\"https:\/\/www.africa-press.net\/cotedivoire\/politique\/cote-divoire-pour-affi-gbagbo-bedie-et-ouattara-ont-leur-avenir-politique-largement-derriere-eux#primaryimage\"},\"thumbnailUrl\":\"https:\/\/static.africa-press.net\/cote\/sites\/43\/2021\/07\/img-60fc4a36dd8a4.jpg\",\"datePublished\":\"2021-07-24T17:50:39+00:00\",\"dateModified\":\"2021-07-24T21:35:35+00:00\",\"author\":{\"@id\":\"https:\/\/www.africa-press.net\/cotedivoire\/#\/schema\/person\/2b1cf3cd81a31e3cd26889ca66d677f1\"},\"description\":\"Selon l\u2019ex Premier ministre ivoirien Pascal Affi N\u2019Guessan, pr\u00e9sident de la branche l\u00e9gale du Front Populaire Ivoirien ( ...\",\"breadcrumb\":{\"@id\":\"https:\/\/www.africa-press.net\/cotedivoire\/politique\/cote-divoire-pour-affi-gbagbo-bedie-et-ouattara-ont-leur-avenir-politique-largement-derriere-eux#breadcrumb\"},\"inLanguage\":\"fr-FR\",\"potentialAction\":[{\"@type\":\"ReadAction\",\"target\":[\"https:\/\/www.africa-press.net\/cotedivoire\/politique\/cote-divoire-pour-affi-gbagbo-bedie-et-ouattara-ont-leur-avenir-politique-largement-derriere-eux\"]}]},{\"@type\":\"ImageObject\",\"inLanguage\":\"fr-FR\",\"@id\":\"https:\/\/www.africa-press.net\/cotedivoire\/politique\/cote-divoire-pour-affi-gbagbo-bedie-et-ouattara-ont-leur-avenir-politique-largement-derriere-eux#primaryimage\",\"url\":\"https:\/\/static.africa-press.net\/cote\/sites\/43\/2021\/07\/img-60fc4a36dd8a4.jpg\",\"contentUrl\":\"https:\/\/static.africa-press.net\/cote\/sites\/43\/2021\/07\/img-60fc4a36dd8a4.jpg\",\"width\":720,\"height\":616,\"caption\":\"C\u00f4te-d\u2019Ivoire: Pour Affi, \u00ab\u00a0Gbagbo, \u00ab\u00a0B\u00e9di\u00e9 et Ouattara ont leur avenir politique largement derri\u00e8re eux\u00a0\u00bb\"},{\"@type\":\"BreadcrumbList\",\"@id\":\"https:\/\/www.africa-press.net\/cotedivoire\/politique\/cote-divoire-pour-affi-gbagbo-bedie-et-ouattara-ont-leur-avenir-politique-largement-derriere-eux#breadcrumb\",\"itemListElement\":[{\"@type\":\"ListItem\",\"position\":1,\"name\":\"Accueil\",\"item\":\"https:\/\/www.africa-press.net\/cotedivoire\/\"},{\"@type\":\"ListItem\",\"position\":2,\"name\":\"Pour Affi, \u00ab\u00a0Gbagbo, \u00ab\u00a0B\u00e9di\u00e9 et Ouattara ont leur avenir politique largement derri\u00e8re eux\u00a0\u00bb\"}]},{\"@type\":\"WebSite\",\"@id\":\"https:\/\/www.africa-press.net\/cotedivoire\/#website\",\"url\":\"https:\/\/www.africa-press.net\/cotedivoire\/\",\"name\":\"C\u00f4te d&#039;Ivoire\",\"description\":\"Just another Africa News Agency Sites site\",\"potentialAction\":[{\"@type\":\"SearchAction\",\"target\":{\"@type\":\"EntryPoint\",\"urlTemplate\":\"https:\/\/www.africa-press.net\/cotedivoire\/?s={search_term_string}\"},\"query-input\":{\"@type\":\"PropertyValueSpecification\",\"valueRequired\":true,\"valueName\":\"search_term_string\"}}],\"inLanguage\":\"fr-FR\"},{\"@type\":\"Person\",\"@id\":\"https:\/\/www.africa-press.net\/cotedivoire\/#\/schema\/person\/2b1cf3cd81a31e3cd26889ca66d677f1\",\"name\":\"cfeditorfr\"}]}<\/script>\n<!-- \/ Yoast SEO Premium plugin. -->","yoast_head_json":{"title":"Pour Affi, \u00ab\u00a0Gbagbo, \u00ab\u00a0B\u00e9di\u00e9 et Ouattara ont leur avenir politique largement derri\u00e8re eux\u00a0\u00bb - C\u00f4te d&#039;Ivoire","description":"Selon l\u2019ex Premier ministre ivoirien Pascal Affi N\u2019Guessan, pr\u00e9sident de la branche l\u00e9gale du Front Populaire Ivoirien ( ...","robots":{"index":"index","follow":"follow","max-snippet":"max-snippet:-1","max-image-preview":"max-image-preview:large","max-video-preview":"max-video-preview:-1"},"canonical":"https:\/\/www.africa-press.net\/cotedivoire\/politique\/cote-divoire-pour-affi-gbagbo-bedie-et-ouattara-ont-leur-avenir-politique-largement-derriere-eux","og_locale":"fr_FR","og_type":"article","og_title":"Pour Affi, \u00ab\u00a0Gbagbo, \u00ab\u00a0B\u00e9di\u00e9 et Ouattara ont leur avenir politique largement derri\u00e8re eux\u00a0\u00bb","og_description":"Selon l\u2019ex Premier ministre ivoirien Pascal Affi N\u2019Guessan, pr\u00e9sident de la branche l\u00e9gale du Front Populaire Ivoirien ( ...","og_url":"https:\/\/www.africa-press.net\/cotedivoire\/politique\/cote-divoire-pour-affi-gbagbo-bedie-et-ouattara-ont-leur-avenir-politique-largement-derriere-eux","og_site_name":"C\u00f4te d&#039;Ivoire","article_published_time":"2021-07-24T17:50:39+00:00","article_modified_time":"2021-07-24T21:35:35+00:00","og_image":[{"width":720,"height":616,"url":"https:\/\/static.africa-press.net\/cote\/sites\/43\/2021\/07\/img-60fc4a36dd8a4.jpg","type":"image\/jpeg"}],"author":"cfeditorfr","twitter_card":"summary_large_image","twitter_misc":{"\u00c9crit par":"cfeditorfr","Dur\u00e9e de lecture estim\u00e9e":"3 minutes"},"schema":{"@context":"https:\/\/schema.org","@graph":[{"@type":"Article","@id":"https:\/\/www.africa-press.net\/cotedivoire\/politique\/cote-divoire-pour-affi-gbagbo-bedie-et-ouattara-ont-leur-avenir-politique-largement-derriere-eux#article","isPartOf":{"@id":"https:\/\/www.africa-press.net\/cotedivoire\/politique\/cote-divoire-pour-affi-gbagbo-bedie-et-ouattara-ont-leur-avenir-politique-largement-derriere-eux"},"author":{"name":"cfeditorfr","@id":"https:\/\/www.africa-press.net\/cotedivoire\/#\/schema\/person\/2b1cf3cd81a31e3cd26889ca66d677f1"},"headline":"Pour Affi, \u00ab\u00a0Gbagbo, \u00ab\u00a0B\u00e9di\u00e9 et Ouattara ont leur avenir politique largement derri\u00e8re eux\u00a0\u00bb","datePublished":"2021-07-24T17:50:39+00:00","dateModified":"2021-07-24T21:35:35+00:00","mainEntityOfPage":{"@id":"https:\/\/www.africa-press.net\/cotedivoire\/politique\/cote-divoire-pour-affi-gbagbo-bedie-et-ouattara-ont-leur-avenir-politique-largement-derriere-eux"},"wordCount":634,"commentCount":0,"image":{"@id":"https:\/\/www.africa-press.net\/cotedivoire\/politique\/cote-divoire-pour-affi-gbagbo-bedie-et-ouattara-ont-leur-avenir-politique-largement-derriere-eux#primaryimage"},"thumbnailUrl":"https:\/\/static.africa-press.net\/cote\/sites\/43\/2021\/07\/img-60fc4a36dd8a4.jpg","keywords":["Africa Press","Africa Press-C\u00f4te d'Ivoire","C\u00d4TE D'IVOIRE"],"articleSection":["homepage-french","Politique","Top Nouvelles","Toutes les actualit\u00e9s"],"inLanguage":"fr-FR","potentialAction":[{"@type":"CommentAction","name":"Comment","target":["https:\/\/www.africa-press.net\/cotedivoire\/politique\/cote-divoire-pour-affi-gbagbo-bedie-et-ouattara-ont-leur-avenir-politique-largement-derriere-eux#respond"]}]},{"@type":"WebPage","@id":"https:\/\/www.africa-press.net\/cotedivoire\/politique\/cote-divoire-pour-affi-gbagbo-bedie-et-ouattara-ont-leur-avenir-politique-largement-derriere-eux","url":"https:\/\/www.africa-press.net\/cotedivoire\/politique\/cote-divoire-pour-affi-gbagbo-bedie-et-ouattara-ont-leur-avenir-politique-largement-derriere-eux","name":"Pour Affi, \u00ab\u00a0Gbagbo, \u00ab\u00a0B\u00e9di\u00e9 et Ouattara ont leur avenir politique largement derri\u00e8re eux\u00a0\u00bb - C\u00f4te d&#039;Ivoire","isPartOf":{"@id":"https:\/\/www.africa-press.net\/cotedivoire\/#website"},"primaryImageOfPage":{"@id":"https:\/\/www.africa-press.net\/cotedivoire\/politique\/cote-divoire-pour-affi-gbagbo-bedie-et-ouattara-ont-leur-avenir-politique-largement-derriere-eux#primaryimage"},"image":{"@id":"https:\/\/www.africa-press.net\/cotedivoire\/politique\/cote-divoire-pour-affi-gbagbo-bedie-et-ouattara-ont-leur-avenir-politique-largement-derriere-eux#primaryimage"},"thumbnailUrl":"https:\/\/static.africa-press.net\/cote\/sites\/43\/2021\/07\/img-60fc4a36dd8a4.jpg","datePublished":"2021-07-24T17:50:39+00:00","dateModified":"2021-07-24T21:35:35+00:00","author":{"@id":"https:\/\/www.africa-press.net\/cotedivoire\/#\/schema\/person\/2b1cf3cd81a31e3cd26889ca66d677f1"},"description":"Selon l\u2019ex Premier ministre ivoirien Pascal Affi N\u2019Guessan, pr\u00e9sident de la branche l\u00e9gale du Front Populaire Ivoirien ( ...","breadcrumb":{"@id":"https:\/\/www.africa-press.net\/cotedivoire\/politique\/cote-divoire-pour-affi-gbagbo-bedie-et-ouattara-ont-leur-avenir-politique-largement-derriere-eux#breadcrumb"},"inLanguage":"fr-FR","potentialAction":[{"@type":"ReadAction","target":["https:\/\/www.africa-press.net\/cotedivoire\/politique\/cote-divoire-pour-affi-gbagbo-bedie-et-ouattara-ont-leur-avenir-politique-largement-derriere-eux"]}]},{"@type":"ImageObject","inLanguage":"fr-FR","@id":"https:\/\/www.africa-press.net\/cotedivoire\/politique\/cote-divoire-pour-affi-gbagbo-bedie-et-ouattara-ont-leur-avenir-politique-largement-derriere-eux#primaryimage","url":"https:\/\/static.africa-press.net\/cote\/sites\/43\/2021\/07\/img-60fc4a36dd8a4.jpg","contentUrl":"https:\/\/static.africa-press.net\/cote\/sites\/43\/2021\/07\/img-60fc4a36dd8a4.jpg","width":720,"height":616,"caption":"C\u00f4te-d\u2019Ivoire: Pour Affi, \u00ab\u00a0Gbagbo, \u00ab\u00a0B\u00e9di\u00e9 et Ouattara ont leur avenir politique largement derri\u00e8re eux\u00a0\u00bb"},{"@type":"BreadcrumbList","@id":"https:\/\/www.africa-press.net\/cotedivoire\/politique\/cote-divoire-pour-affi-gbagbo-bedie-et-ouattara-ont-leur-avenir-politique-largement-derriere-eux#breadcrumb","itemListElement":[{"@type":"ListItem","position":1,"name":"Accueil","item":"https:\/\/www.africa-press.net\/cotedivoire\/"},{"@type":"ListItem","position":2,"name":"Pour Affi, \u00ab\u00a0Gbagbo, \u00ab\u00a0B\u00e9di\u00e9 et Ouattara ont leur avenir politique largement derri\u00e8re eux\u00a0\u00bb"}]},{"@type":"WebSite","@id":"https:\/\/www.africa-press.net\/cotedivoire\/#website","url":"https:\/\/www.africa-press.net\/cotedivoire\/","name":"C\u00f4te d&#039;Ivoire","description":"Just another Africa News Agency Sites site","potentialAction":[{"@type":"SearchAction","target":{"@type":"EntryPoint","urlTemplate":"https:\/\/www.africa-press.net\/cotedivoire\/?s={search_term_string}"},"query-input":{"@type":"PropertyValueSpecification","valueRequired":true,"valueName":"search_term_string"}}],"inLanguage":"fr-FR"},{"@type":"Person","@id":"https:\/\/www.africa-press.net\/cotedivoire\/#\/schema\/person\/2b1cf3cd81a31e3cd26889ca66d677f1","name":"cfeditorfr"}]}},"_links":{"self":[{"href":"https:\/\/www.africa-press.net\/cotedivoire\/wp-json\/wp\/v2\/posts\/10338","targetHints":{"allow":["GET"]}}],"collection":[{"href":"https:\/\/www.africa-press.net\/cotedivoire\/wp-json\/wp\/v2\/posts"}],"about":[{"href":"https:\/\/www.africa-press.net\/cotedivoire\/wp-json\/wp\/v2\/types\/post"}],"author":[{"embeddable":true,"href":"https:\/\/www.africa-press.net\/cotedivoire\/wp-json\/wp\/v2\/users\/82"}],"replies":[{"embeddable":true,"href":"https:\/\/www.africa-press.net\/cotedivoire\/wp-json\/wp\/v2\/comments?post=10338"}],"version-history":[{"count":0,"href":"https:\/\/www.africa-press.net\/cotedivoire\/wp-json\/wp\/v2\/posts\/10338\/revisions"}],"wp:featuredmedia":[{"embeddable":true,"href":"https:\/\/www.africa-press.net\/cotedivoire\/wp-json\/wp\/v2\/media\/10337"}],"wp:attachment":[{"href":"https:\/\/www.africa-press.net\/cotedivoire\/wp-json\/wp\/v2\/media?parent=10338"}],"wp:term":[{"taxonomy":"category","embeddable":true,"href":"https:\/\/www.africa-press.net\/cotedivoire\/wp-json\/wp\/v2\/categories?post=10338"},{"taxonomy":"post_tag","embeddable":true,"href":"https:\/\/www.africa-press.net\/cotedivoire\/wp-json\/wp\/v2\/tags?post=10338"}],"curies":[{"name":"wp","href":"https:\/\/api.w.org\/{rel}","templated":true}]}}