{"id":10346,"date":"2021-07-25T15:24:52","date_gmt":"2021-07-25T15:24:52","guid":{"rendered":"https:\/\/www.africa-press.net\/cotedivoire\/?p=10346"},"modified":"2021-07-25T17:45:34","modified_gmt":"2021-07-25T17:45:34","slug":"lunion-des-pharmaciens-prives-de-cote-divoire-investit-23-nouveaux-presidents-de-section","status":"publish","type":"post","link":"https:\/\/www.africa-press.net\/cotedivoire\/economie\/lunion-des-pharmaciens-prives-de-cote-divoire-investit-23-nouveaux-presidents-de-section","title":{"rendered":"L\u2019Union des pharmaciens priv\u00e9s de C\u00f4te d\u2019Ivoire investit 23 nouveaux pr\u00e9sidents de section"},"content":{"rendered":"<p><span style=\"color: #ff6600\"><strong><a href=\"https:\/\/www.africa-press.net\/\">Africa-Press<\/a> &#8211; <a href=\"https:\/\/www.africa-press.net\/cotedivoire\">C\u00f4te d&rsquo;Ivoire<\/a>. <\/strong><\/span>La salle de conf\u00e9rence de l\u2019Ordre des pharmaciens de C\u00f4te d\u2019Ivoire, \u00e0 Cocody-Vallon, a abrit\u00e9 le 22 juillet, une c\u00e9r\u00e9monie d\u2019investiture de 23 nouveaux pr\u00e9sidents des sections de l\u2019Union nationale des pharmaciens priv\u00e9s de C\u00f4te d\u2019Ivoire (Unppci) d\u2019Abidjan et de l\u2019int\u00e9rieur du pays.<\/p>\n<p>Chacun d\u2019eux a re\u00e7u des mains du pr\u00e9sident national, Dr Ouattara Kanigui, une lettre de mission et des ch\u00e8ques d\u2019un montant de 20 millions de FCfa pour leur permettre de se prendre en charge au niveau local.<\/p>\n<p>\u00ab Vous devez veiller \u00e0 l\u2019application des statuts et des r\u00e8glements de l\u2019union, d\u00e9fendre l\u2019int\u00e9r\u00eat des membres, redynamiser les sections, organiser des rencontres, rendre compte au bureau ex\u00e9cutif national et r\u00e9soudre les conflits. Vous devez \u00eatre en relation avec les services publics, veiller \u00e0 l\u2019application du r\u00f4le de la sant\u00e9 publique et au recouvrement des cotisations. Vous aurez en charge le renforcement des capacit\u00e9s de vos membres de section \u00bb, a conseill\u00e9 le Dr Kanigui.<\/p>\n<p>Pour le pr\u00e9sident de l\u2019Ordre des pharmaciens de C\u00f4te d\u2019Ivoire, Dr Arounan Diarra, cette c\u00e9r\u00e9monie d\u2019investiture vient \u00e0 point nomm\u00e9 d\u2019autant plus qu\u2019elle permettra aux pharmaciens d\u2019\u00eatre plus proches des populations.<\/p>\n<p>&nbsp;<\/p>\n","protected":false},"excerpt":{"rendered":"<p>Africa-Press &#8211; C\u00f4te d&rsquo;Ivoire. La salle de conf\u00e9rence de l\u2019Ordre des pharmaciens de C\u00f4te d\u2019Ivoire, \u00e0 Cocody-Vallon, a abrit\u00e9 le 22 juillet, une c\u00e9r\u00e9monie d\u2019investiture de 23 nouveaux pr\u00e9sidents des sections de l\u2019Union nationale des pharmaciens priv\u00e9s de C\u00f4te d\u2019Ivoire (Unppci) d\u2019Abidjan et de l\u2019int\u00e9rieur du pays. Chacun d\u2019eux a re\u00e7u des mains du pr\u00e9sident [&hellip;]<\/p>\n","protected":false},"author":82,"featured_media":10345,"comment_status":"open","ping_status":"closed","sticky":false,"template":"","format":"standard","meta":{"footnotes":""},"categories":[3,11,20,10],"tags":[56,63,29],"class_list":["post-10346","post","type-post","status-publish","format-standard","has-post-thumbnail","hentry","category-economie","category-homepage-french","category-top-nouvelles","category-toutes-les-actualites","tag-africa-press","tag-africa-press-cote-divoire","tag-cote-divoire"],"yoast_head":"<!-- This site is optimized with the Yoast SEO Premium plugin v26.1 (Yoast SEO v27.0) - https:\/\/yoast.com\/product\/yoast-seo-premium-wordpress\/ -->\n<title>L\u2019Union des pharmaciens priv\u00e9s de C\u00f4te d\u2019Ivoire investit 23 nouveaux pr\u00e9sidents de section - C\u00f4te d&#039;Ivoire<\/title>\n<meta name=\"description\" content=\"La salle de conf\u00e9rence de l\u2019Ordre des pharmaciens de C\u00f4te d\u2019Ivoire, \u00e0 Cocody-Vallon, a abrit\u00e9 le 22 juillet, une c\u00e9r\u00e9mon ...\" \/>\n<meta name=\"robots\" content=\"index, follow, max-snippet:-1, max-image-preview:large, max-video-preview:-1\" \/>\n<link rel=\"canonical\" href=\"https:\/\/www.africa-press.net\/cotedivoire\/economie\/lunion-des-pharmaciens-prives-de-cote-divoire-investit-23-nouveaux-presidents-de-section\" \/>\n<meta property=\"og:locale\" content=\"fr_FR\" \/>\n<meta property=\"og:type\" content=\"article\" \/>\n<meta property=\"og:title\" content=\"L\u2019Union des pharmaciens priv\u00e9s de C\u00f4te d\u2019Ivoire investit 23 nouveaux pr\u00e9sidents de section\" \/>\n<meta property=\"og:description\" content=\"La salle de conf\u00e9rence de l\u2019Ordre des pharmaciens de C\u00f4te d\u2019Ivoire, \u00e0 Cocody-Vallon, a abrit\u00e9 le 22 juillet, une c\u00e9r\u00e9mon ...\" \/>\n<meta property=\"og:url\" content=\"https:\/\/www.africa-press.net\/cotedivoire\/economie\/lunion-des-pharmaciens-prives-de-cote-divoire-investit-23-nouveaux-presidents-de-section\" \/>\n<meta property=\"og:site_name\" content=\"C\u00f4te d&#039;Ivoire\" \/>\n<meta property=\"article:published_time\" content=\"2021-07-25T15:24:52+00:00\" \/>\n<meta property=\"article:modified_time\" content=\"2021-07-25T17:45:34+00:00\" \/>\n<meta property=\"og:image\" content=\"https:\/\/static.africa-press.net\/cote\/sites\/43\/2021\/07\/img-60fd7fdfe49fb.jpg\" \/>\n\t<meta property=\"og:image:width\" content=\"800\" \/>\n\t<meta property=\"og:image:height\" content=\"385\" \/>\n\t<meta property=\"og:image:type\" content=\"image\/jpeg\" \/>\n<meta name=\"author\" content=\"cfeditorfr\" \/>\n<meta name=\"twitter:card\" content=\"summary_large_image\" \/>\n<meta name=\"twitter:label1\" content=\"\u00c9crit par\" \/>\n\t<meta name=\"twitter:data1\" content=\"cfeditorfr\" \/>\n\t<meta name=\"twitter:label2\" content=\"Dur\u00e9e de lecture estim\u00e9e\" \/>\n\t<meta name=\"twitter:data2\" content=\"1 minute\" \/>\n<script type=\"application\/ld+json\" class=\"yoast-schema-graph\">{\"@context\":\"https:\/\/schema.org\",\"@graph\":[{\"@type\":\"Article\",\"@id\":\"https:\/\/www.africa-press.net\/cotedivoire\/economie\/lunion-des-pharmaciens-prives-de-cote-divoire-investit-23-nouveaux-presidents-de-section#article\",\"isPartOf\":{\"@id\":\"https:\/\/www.africa-press.net\/cotedivoire\/economie\/lunion-des-pharmaciens-prives-de-cote-divoire-investit-23-nouveaux-presidents-de-section\"},\"author\":{\"name\":\"cfeditorfr\",\"@id\":\"https:\/\/www.africa-press.net\/cotedivoire\/#\/schema\/person\/2b1cf3cd81a31e3cd26889ca66d677f1\"},\"headline\":\"L\u2019Union des pharmaciens priv\u00e9s de C\u00f4te d\u2019Ivoire investit 23 nouveaux pr\u00e9sidents de section\",\"datePublished\":\"2021-07-25T15:24:52+00:00\",\"dateModified\":\"2021-07-25T17:45:34+00:00\",\"mainEntityOfPage\":{\"@id\":\"https:\/\/www.africa-press.net\/cotedivoire\/economie\/lunion-des-pharmaciens-prives-de-cote-divoire-investit-23-nouveaux-presidents-de-section\"},\"wordCount\":243,\"commentCount\":0,\"image\":{\"@id\":\"https:\/\/www.africa-press.net\/cotedivoire\/economie\/lunion-des-pharmaciens-prives-de-cote-divoire-investit-23-nouveaux-presidents-de-section#primaryimage\"},\"thumbnailUrl\":\"https:\/\/static.africa-press.net\/cote\/sites\/43\/2021\/07\/img-60fd7fdfe49fb.jpg\",\"keywords\":[\"Africa Press\",\"Africa Press-C\u00f4te d'Ivoire\",\"C\u00d4TE D'IVOIRE\"],\"articleSection\":[\"\u00c9conomie\",\"homepage-french\",\"Top Nouvelles\",\"Toutes les actualit\u00e9s\"],\"inLanguage\":\"fr-FR\",\"potentialAction\":[{\"@type\":\"CommentAction\",\"name\":\"Comment\",\"target\":[\"https:\/\/www.africa-press.net\/cotedivoire\/economie\/lunion-des-pharmaciens-prives-de-cote-divoire-investit-23-nouveaux-presidents-de-section#respond\"]}]},{\"@type\":\"WebPage\",\"@id\":\"https:\/\/www.africa-press.net\/cotedivoire\/economie\/lunion-des-pharmaciens-prives-de-cote-divoire-investit-23-nouveaux-presidents-de-section\",\"url\":\"https:\/\/www.africa-press.net\/cotedivoire\/economie\/lunion-des-pharmaciens-prives-de-cote-divoire-investit-23-nouveaux-presidents-de-section\",\"name\":\"L\u2019Union des pharmaciens priv\u00e9s de C\u00f4te d\u2019Ivoire investit 23 nouveaux pr\u00e9sidents de section - C\u00f4te d&#039;Ivoire\",\"isPartOf\":{\"@id\":\"https:\/\/www.africa-press.net\/cotedivoire\/#website\"},\"primaryImageOfPage\":{\"@id\":\"https:\/\/www.africa-press.net\/cotedivoire\/economie\/lunion-des-pharmaciens-prives-de-cote-divoire-investit-23-nouveaux-presidents-de-section#primaryimage\"},\"image\":{\"@id\":\"https:\/\/www.africa-press.net\/cotedivoire\/economie\/lunion-des-pharmaciens-prives-de-cote-divoire-investit-23-nouveaux-presidents-de-section#primaryimage\"},\"thumbnailUrl\":\"https:\/\/static.africa-press.net\/cote\/sites\/43\/2021\/07\/img-60fd7fdfe49fb.jpg\",\"datePublished\":\"2021-07-25T15:24:52+00:00\",\"dateModified\":\"2021-07-25T17:45:34+00:00\",\"author\":{\"@id\":\"https:\/\/www.africa-press.net\/cotedivoire\/#\/schema\/person\/2b1cf3cd81a31e3cd26889ca66d677f1\"},\"description\":\"La salle de conf\u00e9rence de l\u2019Ordre des pharmaciens de C\u00f4te d\u2019Ivoire, \u00e0 Cocody-Vallon, a abrit\u00e9 le 22 juillet, une c\u00e9r\u00e9mon ...\",\"breadcrumb\":{\"@id\":\"https:\/\/www.africa-press.net\/cotedivoire\/economie\/lunion-des-pharmaciens-prives-de-cote-divoire-investit-23-nouveaux-presidents-de-section#breadcrumb\"},\"inLanguage\":\"fr-FR\",\"potentialAction\":[{\"@type\":\"ReadAction\",\"target\":[\"https:\/\/www.africa-press.net\/cotedivoire\/economie\/lunion-des-pharmaciens-prives-de-cote-divoire-investit-23-nouveaux-presidents-de-section\"]}]},{\"@type\":\"ImageObject\",\"inLanguage\":\"fr-FR\",\"@id\":\"https:\/\/www.africa-press.net\/cotedivoire\/economie\/lunion-des-pharmaciens-prives-de-cote-divoire-investit-23-nouveaux-presidents-de-section#primaryimage\",\"url\":\"https:\/\/static.africa-press.net\/cote\/sites\/43\/2021\/07\/img-60fd7fdfe49fb.jpg\",\"contentUrl\":\"https:\/\/static.africa-press.net\/cote\/sites\/43\/2021\/07\/img-60fd7fdfe49fb.jpg\",\"width\":800,\"height\":385,\"caption\":\"L\u2019Union des pharmaciens priv\u00e9s de C\u00f4te d\u2019Ivoire investit 23 nouveaux pr\u00e9sidents de section\"},{\"@type\":\"BreadcrumbList\",\"@id\":\"https:\/\/www.africa-press.net\/cotedivoire\/economie\/lunion-des-pharmaciens-prives-de-cote-divoire-investit-23-nouveaux-presidents-de-section#breadcrumb\",\"itemListElement\":[{\"@type\":\"ListItem\",\"position\":1,\"name\":\"Accueil\",\"item\":\"https:\/\/www.africa-press.net\/cotedivoire\/\"},{\"@type\":\"ListItem\",\"position\":2,\"name\":\"L\u2019Union des pharmaciens priv\u00e9s de C\u00f4te d\u2019Ivoire investit 23 nouveaux pr\u00e9sidents de section\"}]},{\"@type\":\"WebSite\",\"@id\":\"https:\/\/www.africa-press.net\/cotedivoire\/#website\",\"url\":\"https:\/\/www.africa-press.net\/cotedivoire\/\",\"name\":\"C\u00f4te d&#039;Ivoire\",\"description\":\"Just another Africa News Agency Sites site\",\"potentialAction\":[{\"@type\":\"SearchAction\",\"target\":{\"@type\":\"EntryPoint\",\"urlTemplate\":\"https:\/\/www.africa-press.net\/cotedivoire\/?s={search_term_string}\"},\"query-input\":{\"@type\":\"PropertyValueSpecification\",\"valueRequired\":true,\"valueName\":\"search_term_string\"}}],\"inLanguage\":\"fr-FR\"},{\"@type\":\"Person\",\"@id\":\"https:\/\/www.africa-press.net\/cotedivoire\/#\/schema\/person\/2b1cf3cd81a31e3cd26889ca66d677f1\",\"name\":\"cfeditorfr\"}]}<\/script>\n<!-- \/ Yoast SEO Premium plugin. -->","yoast_head_json":{"title":"L\u2019Union des pharmaciens priv\u00e9s de C\u00f4te d\u2019Ivoire investit 23 nouveaux pr\u00e9sidents de section - C\u00f4te d&#039;Ivoire","description":"La salle de conf\u00e9rence de l\u2019Ordre des pharmaciens de C\u00f4te d\u2019Ivoire, \u00e0 Cocody-Vallon, a abrit\u00e9 le 22 juillet, une c\u00e9r\u00e9mon ...","robots":{"index":"index","follow":"follow","max-snippet":"max-snippet:-1","max-image-preview":"max-image-preview:large","max-video-preview":"max-video-preview:-1"},"canonical":"https:\/\/www.africa-press.net\/cotedivoire\/economie\/lunion-des-pharmaciens-prives-de-cote-divoire-investit-23-nouveaux-presidents-de-section","og_locale":"fr_FR","og_type":"article","og_title":"L\u2019Union des pharmaciens priv\u00e9s de C\u00f4te d\u2019Ivoire investit 23 nouveaux pr\u00e9sidents de section","og_description":"La salle de conf\u00e9rence de l\u2019Ordre des pharmaciens de C\u00f4te d\u2019Ivoire, \u00e0 Cocody-Vallon, a abrit\u00e9 le 22 juillet, une c\u00e9r\u00e9mon ...","og_url":"https:\/\/www.africa-press.net\/cotedivoire\/economie\/lunion-des-pharmaciens-prives-de-cote-divoire-investit-23-nouveaux-presidents-de-section","og_site_name":"C\u00f4te d&#039;Ivoire","article_published_time":"2021-07-25T15:24:52+00:00","article_modified_time":"2021-07-25T17:45:34+00:00","og_image":[{"width":800,"height":385,"url":"https:\/\/static.africa-press.net\/cote\/sites\/43\/2021\/07\/img-60fd7fdfe49fb.jpg","type":"image\/jpeg"}],"author":"cfeditorfr","twitter_card":"summary_large_image","twitter_misc":{"\u00c9crit par":"cfeditorfr","Dur\u00e9e de lecture estim\u00e9e":"1 minute"},"schema":{"@context":"https:\/\/schema.org","@graph":[{"@type":"Article","@id":"https:\/\/www.africa-press.net\/cotedivoire\/economie\/lunion-des-pharmaciens-prives-de-cote-divoire-investit-23-nouveaux-presidents-de-section#article","isPartOf":{"@id":"https:\/\/www.africa-press.net\/cotedivoire\/economie\/lunion-des-pharmaciens-prives-de-cote-divoire-investit-23-nouveaux-presidents-de-section"},"author":{"name":"cfeditorfr","@id":"https:\/\/www.africa-press.net\/cotedivoire\/#\/schema\/person\/2b1cf3cd81a31e3cd26889ca66d677f1"},"headline":"L\u2019Union des pharmaciens priv\u00e9s de C\u00f4te d\u2019Ivoire investit 23 nouveaux pr\u00e9sidents de section","datePublished":"2021-07-25T15:24:52+00:00","dateModified":"2021-07-25T17:45:34+00:00","mainEntityOfPage":{"@id":"https:\/\/www.africa-press.net\/cotedivoire\/economie\/lunion-des-pharmaciens-prives-de-cote-divoire-investit-23-nouveaux-presidents-de-section"},"wordCount":243,"commentCount":0,"image":{"@id":"https:\/\/www.africa-press.net\/cotedivoire\/economie\/lunion-des-pharmaciens-prives-de-cote-divoire-investit-23-nouveaux-presidents-de-section#primaryimage"},"thumbnailUrl":"https:\/\/static.africa-press.net\/cote\/sites\/43\/2021\/07\/img-60fd7fdfe49fb.jpg","keywords":["Africa Press","Africa Press-C\u00f4te d'Ivoire","C\u00d4TE D'IVOIRE"],"articleSection":["\u00c9conomie","homepage-french","Top Nouvelles","Toutes les actualit\u00e9s"],"inLanguage":"fr-FR","potentialAction":[{"@type":"CommentAction","name":"Comment","target":["https:\/\/www.africa-press.net\/cotedivoire\/economie\/lunion-des-pharmaciens-prives-de-cote-divoire-investit-23-nouveaux-presidents-de-section#respond"]}]},{"@type":"WebPage","@id":"https:\/\/www.africa-press.net\/cotedivoire\/economie\/lunion-des-pharmaciens-prives-de-cote-divoire-investit-23-nouveaux-presidents-de-section","url":"https:\/\/www.africa-press.net\/cotedivoire\/economie\/lunion-des-pharmaciens-prives-de-cote-divoire-investit-23-nouveaux-presidents-de-section","name":"L\u2019Union des pharmaciens priv\u00e9s de C\u00f4te d\u2019Ivoire investit 23 nouveaux pr\u00e9sidents de section - C\u00f4te d&#039;Ivoire","isPartOf":{"@id":"https:\/\/www.africa-press.net\/cotedivoire\/#website"},"primaryImageOfPage":{"@id":"https:\/\/www.africa-press.net\/cotedivoire\/economie\/lunion-des-pharmaciens-prives-de-cote-divoire-investit-23-nouveaux-presidents-de-section#primaryimage"},"image":{"@id":"https:\/\/www.africa-press.net\/cotedivoire\/economie\/lunion-des-pharmaciens-prives-de-cote-divoire-investit-23-nouveaux-presidents-de-section#primaryimage"},"thumbnailUrl":"https:\/\/static.africa-press.net\/cote\/sites\/43\/2021\/07\/img-60fd7fdfe49fb.jpg","datePublished":"2021-07-25T15:24:52+00:00","dateModified":"2021-07-25T17:45:34+00:00","author":{"@id":"https:\/\/www.africa-press.net\/cotedivoire\/#\/schema\/person\/2b1cf3cd81a31e3cd26889ca66d677f1"},"description":"La salle de conf\u00e9rence de l\u2019Ordre des pharmaciens de C\u00f4te d\u2019Ivoire, \u00e0 Cocody-Vallon, a abrit\u00e9 le 22 juillet, une c\u00e9r\u00e9mon ...","breadcrumb":{"@id":"https:\/\/www.africa-press.net\/cotedivoire\/economie\/lunion-des-pharmaciens-prives-de-cote-divoire-investit-23-nouveaux-presidents-de-section#breadcrumb"},"inLanguage":"fr-FR","potentialAction":[{"@type":"ReadAction","target":["https:\/\/www.africa-press.net\/cotedivoire\/economie\/lunion-des-pharmaciens-prives-de-cote-divoire-investit-23-nouveaux-presidents-de-section"]}]},{"@type":"ImageObject","inLanguage":"fr-FR","@id":"https:\/\/www.africa-press.net\/cotedivoire\/economie\/lunion-des-pharmaciens-prives-de-cote-divoire-investit-23-nouveaux-presidents-de-section#primaryimage","url":"https:\/\/static.africa-press.net\/cote\/sites\/43\/2021\/07\/img-60fd7fdfe49fb.jpg","contentUrl":"https:\/\/static.africa-press.net\/cote\/sites\/43\/2021\/07\/img-60fd7fdfe49fb.jpg","width":800,"height":385,"caption":"L\u2019Union des pharmaciens priv\u00e9s de C\u00f4te d\u2019Ivoire investit 23 nouveaux pr\u00e9sidents de section"},{"@type":"BreadcrumbList","@id":"https:\/\/www.africa-press.net\/cotedivoire\/economie\/lunion-des-pharmaciens-prives-de-cote-divoire-investit-23-nouveaux-presidents-de-section#breadcrumb","itemListElement":[{"@type":"ListItem","position":1,"name":"Accueil","item":"https:\/\/www.africa-press.net\/cotedivoire\/"},{"@type":"ListItem","position":2,"name":"L\u2019Union des pharmaciens priv\u00e9s de C\u00f4te d\u2019Ivoire investit 23 nouveaux pr\u00e9sidents de section"}]},{"@type":"WebSite","@id":"https:\/\/www.africa-press.net\/cotedivoire\/#website","url":"https:\/\/www.africa-press.net\/cotedivoire\/","name":"C\u00f4te d&#039;Ivoire","description":"Just another Africa News Agency Sites site","potentialAction":[{"@type":"SearchAction","target":{"@type":"EntryPoint","urlTemplate":"https:\/\/www.africa-press.net\/cotedivoire\/?s={search_term_string}"},"query-input":{"@type":"PropertyValueSpecification","valueRequired":true,"valueName":"search_term_string"}}],"inLanguage":"fr-FR"},{"@type":"Person","@id":"https:\/\/www.africa-press.net\/cotedivoire\/#\/schema\/person\/2b1cf3cd81a31e3cd26889ca66d677f1","name":"cfeditorfr"}]}},"_links":{"self":[{"href":"https:\/\/www.africa-press.net\/cotedivoire\/wp-json\/wp\/v2\/posts\/10346","targetHints":{"allow":["GET"]}}],"collection":[{"href":"https:\/\/www.africa-press.net\/cotedivoire\/wp-json\/wp\/v2\/posts"}],"about":[{"href":"https:\/\/www.africa-press.net\/cotedivoire\/wp-json\/wp\/v2\/types\/post"}],"author":[{"embeddable":true,"href":"https:\/\/www.africa-press.net\/cotedivoire\/wp-json\/wp\/v2\/users\/82"}],"replies":[{"embeddable":true,"href":"https:\/\/www.africa-press.net\/cotedivoire\/wp-json\/wp\/v2\/comments?post=10346"}],"version-history":[{"count":0,"href":"https:\/\/www.africa-press.net\/cotedivoire\/wp-json\/wp\/v2\/posts\/10346\/revisions"}],"wp:featuredmedia":[{"embeddable":true,"href":"https:\/\/www.africa-press.net\/cotedivoire\/wp-json\/wp\/v2\/media\/10345"}],"wp:attachment":[{"href":"https:\/\/www.africa-press.net\/cotedivoire\/wp-json\/wp\/v2\/media?parent=10346"}],"wp:term":[{"taxonomy":"category","embeddable":true,"href":"https:\/\/www.africa-press.net\/cotedivoire\/wp-json\/wp\/v2\/categories?post=10346"},{"taxonomy":"post_tag","embeddable":true,"href":"https:\/\/www.africa-press.net\/cotedivoire\/wp-json\/wp\/v2\/tags?post=10346"}],"curies":[{"name":"wp","href":"https:\/\/api.w.org\/{rel}","templated":true}]}}