{"id":10349,"date":"2021-07-25T15:34:26","date_gmt":"2021-07-25T15:34:26","guid":{"rendered":"https:\/\/www.africa-press.net\/cotedivoire\/?p=10349"},"modified":"2021-07-25T17:45:45","modified_gmt":"2021-07-25T17:45:45","slug":"en-cote-divoire-lhomme-daffaires-jean-louis-billon-affiche-ses-ambitions-presidentielles","status":"publish","type":"post","link":"https:\/\/www.africa-press.net\/cotedivoire\/politique\/en-cote-divoire-lhomme-daffaires-jean-louis-billon-affiche-ses-ambitions-presidentielles","title":{"rendered":"En C\u00f4te-d\u2019Ivoire l\u2019homme d\u2019affaires Jean-Louis Billon affiche ses ambitions pr\u00e9sidentielles"},"content":{"rendered":"<p><span style=\"color: #ff6600\"><strong><a href=\"https:\/\/www.africa-press.net\/\">Africa-Press<\/a> &#8211; <a href=\"https:\/\/www.africa-press.net\/cotedivoire\">C\u00f4te d&rsquo;Ivoire<\/a>. <\/strong><\/span>\u00ab J\u2019y pense de temps en temps en me rasant. Mais clairement je fais partie de la g\u00e9n\u00e9ration qui doit servir la C\u00f4te d\u2019Ivoire de demain.<\/p>\n<p>D\u00e8s 2025, il est possible que je sois candidat. Ce n\u2019est pas impossible. Le parti [PDCI] peut avoir un pr\u00e9sident et le parti pr\u00e9sentera un autre candidat. \u00c7\u00e0 s\u2019est jamais fait parce que que la situation ne s\u2019est jamais pr\u00e9sent\u00e9e. \u00bb<\/p>\n<p>&nbsp;<\/p>\n","protected":false},"excerpt":{"rendered":"<p>Africa-Press &#8211; C\u00f4te d&rsquo;Ivoire. \u00ab J\u2019y pense de temps en temps en me rasant. Mais clairement je fais partie de la g\u00e9n\u00e9ration qui doit servir la C\u00f4te d\u2019Ivoire de demain. D\u00e8s 2025, il est possible que je sois candidat. Ce n\u2019est pas impossible. Le parti [PDCI] peut avoir un pr\u00e9sident et le parti pr\u00e9sentera un [&hellip;]<\/p>\n","protected":false},"author":82,"featured_media":10348,"comment_status":"open","ping_status":"closed","sticky":false,"template":"","format":"standard","meta":{"footnotes":""},"categories":[11,2,20,10],"tags":[56,63,29],"class_list":["post-10349","post","type-post","status-publish","format-standard","has-post-thumbnail","hentry","category-homepage-french","category-politique","category-top-nouvelles","category-toutes-les-actualites","tag-africa-press","tag-africa-press-cote-divoire","tag-cote-divoire"],"yoast_head":"<!-- This site is optimized with the Yoast SEO Premium plugin v26.1 (Yoast SEO v27.0) - https:\/\/yoast.com\/product\/yoast-seo-premium-wordpress\/ -->\n<title>En C\u00f4te-d\u2019Ivoire l\u2019homme d\u2019affaires Jean-Louis Billon affiche ses ambitions pr\u00e9sidentielles - C\u00f4te d&#039;Ivoire<\/title>\n<meta name=\"description\" content=\"\u00ab J\u2019y pense de temps en temps en me rasant. Mais clairement je fais partie de la g\u00e9n\u00e9ration qui doit servir la C\u00f4te d\u2019Iv ...\" \/>\n<meta name=\"robots\" content=\"index, follow, max-snippet:-1, max-image-preview:large, max-video-preview:-1\" \/>\n<link rel=\"canonical\" href=\"https:\/\/www.africa-press.net\/cotedivoire\/politique\/en-cote-divoire-lhomme-daffaires-jean-louis-billon-affiche-ses-ambitions-presidentielles\" \/>\n<meta property=\"og:locale\" content=\"fr_FR\" \/>\n<meta property=\"og:type\" content=\"article\" \/>\n<meta property=\"og:title\" content=\"En C\u00f4te-d\u2019Ivoire l\u2019homme d\u2019affaires Jean-Louis Billon affiche ses ambitions pr\u00e9sidentielles\" \/>\n<meta property=\"og:description\" content=\"\u00ab J\u2019y pense de temps en temps en me rasant. Mais clairement je fais partie de la g\u00e9n\u00e9ration qui doit servir la C\u00f4te d\u2019Iv ...\" \/>\n<meta property=\"og:url\" content=\"https:\/\/www.africa-press.net\/cotedivoire\/politique\/en-cote-divoire-lhomme-daffaires-jean-louis-billon-affiche-ses-ambitions-presidentielles\" \/>\n<meta property=\"og:site_name\" content=\"C\u00f4te d&#039;Ivoire\" \/>\n<meta property=\"article:published_time\" content=\"2021-07-25T15:34:26+00:00\" \/>\n<meta property=\"article:modified_time\" content=\"2021-07-25T17:45:45+00:00\" \/>\n<meta property=\"og:image\" content=\"https:\/\/static.africa-press.net\/cote\/sites\/43\/2021\/07\/img-60fd8001eca1a.jpg\" \/>\n\t<meta property=\"og:image:width\" content=\"720\" \/>\n\t<meta property=\"og:image:height\" content=\"557\" \/>\n\t<meta property=\"og:image:type\" content=\"image\/jpeg\" \/>\n<meta name=\"author\" content=\"cfeditorfr\" \/>\n<meta name=\"twitter:card\" content=\"summary_large_image\" \/>\n<meta name=\"twitter:label1\" content=\"\u00c9crit par\" \/>\n\t<meta name=\"twitter:data1\" content=\"cfeditorfr\" \/>\n\t<meta name=\"twitter:label2\" content=\"Dur\u00e9e de lecture estim\u00e9e\" \/>\n\t<meta name=\"twitter:data2\" content=\"1 minute\" \/>\n<script type=\"application\/ld+json\" class=\"yoast-schema-graph\">{\"@context\":\"https:\/\/schema.org\",\"@graph\":[{\"@type\":\"Article\",\"@id\":\"https:\/\/www.africa-press.net\/cotedivoire\/politique\/en-cote-divoire-lhomme-daffaires-jean-louis-billon-affiche-ses-ambitions-presidentielles#article\",\"isPartOf\":{\"@id\":\"https:\/\/www.africa-press.net\/cotedivoire\/politique\/en-cote-divoire-lhomme-daffaires-jean-louis-billon-affiche-ses-ambitions-presidentielles\"},\"author\":{\"name\":\"cfeditorfr\",\"@id\":\"https:\/\/www.africa-press.net\/cotedivoire\/#\/schema\/person\/2b1cf3cd81a31e3cd26889ca66d677f1\"},\"headline\":\"En C\u00f4te-d\u2019Ivoire l\u2019homme d\u2019affaires Jean-Louis Billon affiche ses ambitions pr\u00e9sidentielles\",\"datePublished\":\"2021-07-25T15:34:26+00:00\",\"dateModified\":\"2021-07-25T17:45:45+00:00\",\"mainEntityOfPage\":{\"@id\":\"https:\/\/www.africa-press.net\/cotedivoire\/politique\/en-cote-divoire-lhomme-daffaires-jean-louis-billon-affiche-ses-ambitions-presidentielles\"},\"wordCount\":98,\"commentCount\":0,\"image\":{\"@id\":\"https:\/\/www.africa-press.net\/cotedivoire\/politique\/en-cote-divoire-lhomme-daffaires-jean-louis-billon-affiche-ses-ambitions-presidentielles#primaryimage\"},\"thumbnailUrl\":\"https:\/\/static.africa-press.net\/cote\/sites\/43\/2021\/07\/img-60fd8001eca1a.jpg\",\"keywords\":[\"Africa Press\",\"Africa Press-C\u00f4te d'Ivoire\",\"C\u00d4TE D'IVOIRE\"],\"articleSection\":[\"homepage-french\",\"Politique\",\"Top Nouvelles\",\"Toutes les actualit\u00e9s\"],\"inLanguage\":\"fr-FR\",\"potentialAction\":[{\"@type\":\"CommentAction\",\"name\":\"Comment\",\"target\":[\"https:\/\/www.africa-press.net\/cotedivoire\/politique\/en-cote-divoire-lhomme-daffaires-jean-louis-billon-affiche-ses-ambitions-presidentielles#respond\"]}]},{\"@type\":\"WebPage\",\"@id\":\"https:\/\/www.africa-press.net\/cotedivoire\/politique\/en-cote-divoire-lhomme-daffaires-jean-louis-billon-affiche-ses-ambitions-presidentielles\",\"url\":\"https:\/\/www.africa-press.net\/cotedivoire\/politique\/en-cote-divoire-lhomme-daffaires-jean-louis-billon-affiche-ses-ambitions-presidentielles\",\"name\":\"En C\u00f4te-d\u2019Ivoire l\u2019homme d\u2019affaires Jean-Louis Billon affiche ses ambitions pr\u00e9sidentielles - C\u00f4te d&#039;Ivoire\",\"isPartOf\":{\"@id\":\"https:\/\/www.africa-press.net\/cotedivoire\/#website\"},\"primaryImageOfPage\":{\"@id\":\"https:\/\/www.africa-press.net\/cotedivoire\/politique\/en-cote-divoire-lhomme-daffaires-jean-louis-billon-affiche-ses-ambitions-presidentielles#primaryimage\"},\"image\":{\"@id\":\"https:\/\/www.africa-press.net\/cotedivoire\/politique\/en-cote-divoire-lhomme-daffaires-jean-louis-billon-affiche-ses-ambitions-presidentielles#primaryimage\"},\"thumbnailUrl\":\"https:\/\/static.africa-press.net\/cote\/sites\/43\/2021\/07\/img-60fd8001eca1a.jpg\",\"datePublished\":\"2021-07-25T15:34:26+00:00\",\"dateModified\":\"2021-07-25T17:45:45+00:00\",\"author\":{\"@id\":\"https:\/\/www.africa-press.net\/cotedivoire\/#\/schema\/person\/2b1cf3cd81a31e3cd26889ca66d677f1\"},\"description\":\"\u00ab J\u2019y pense de temps en temps en me rasant. Mais clairement je fais partie de la g\u00e9n\u00e9ration qui doit servir la C\u00f4te d\u2019Iv ...\",\"breadcrumb\":{\"@id\":\"https:\/\/www.africa-press.net\/cotedivoire\/politique\/en-cote-divoire-lhomme-daffaires-jean-louis-billon-affiche-ses-ambitions-presidentielles#breadcrumb\"},\"inLanguage\":\"fr-FR\",\"potentialAction\":[{\"@type\":\"ReadAction\",\"target\":[\"https:\/\/www.africa-press.net\/cotedivoire\/politique\/en-cote-divoire-lhomme-daffaires-jean-louis-billon-affiche-ses-ambitions-presidentielles\"]}]},{\"@type\":\"ImageObject\",\"inLanguage\":\"fr-FR\",\"@id\":\"https:\/\/www.africa-press.net\/cotedivoire\/politique\/en-cote-divoire-lhomme-daffaires-jean-louis-billon-affiche-ses-ambitions-presidentielles#primaryimage\",\"url\":\"https:\/\/static.africa-press.net\/cote\/sites\/43\/2021\/07\/img-60fd8001eca1a.jpg\",\"contentUrl\":\"https:\/\/static.africa-press.net\/cote\/sites\/43\/2021\/07\/img-60fd8001eca1a.jpg\",\"width\":720,\"height\":557,\"caption\":\"En C\u00f4te-d\u2019Ivoire l\u2019homme d\u2019affaires Jean-Louis Billon affiche ses ambitions pr\u00e9sidentielles\"},{\"@type\":\"BreadcrumbList\",\"@id\":\"https:\/\/www.africa-press.net\/cotedivoire\/politique\/en-cote-divoire-lhomme-daffaires-jean-louis-billon-affiche-ses-ambitions-presidentielles#breadcrumb\",\"itemListElement\":[{\"@type\":\"ListItem\",\"position\":1,\"name\":\"Accueil\",\"item\":\"https:\/\/www.africa-press.net\/cotedivoire\/\"},{\"@type\":\"ListItem\",\"position\":2,\"name\":\"En C\u00f4te-d\u2019Ivoire l\u2019homme d\u2019affaires Jean-Louis Billon affiche ses ambitions pr\u00e9sidentielles\"}]},{\"@type\":\"WebSite\",\"@id\":\"https:\/\/www.africa-press.net\/cotedivoire\/#website\",\"url\":\"https:\/\/www.africa-press.net\/cotedivoire\/\",\"name\":\"C\u00f4te d&#039;Ivoire\",\"description\":\"Just another Africa News Agency Sites site\",\"potentialAction\":[{\"@type\":\"SearchAction\",\"target\":{\"@type\":\"EntryPoint\",\"urlTemplate\":\"https:\/\/www.africa-press.net\/cotedivoire\/?s={search_term_string}\"},\"query-input\":{\"@type\":\"PropertyValueSpecification\",\"valueRequired\":true,\"valueName\":\"search_term_string\"}}],\"inLanguage\":\"fr-FR\"},{\"@type\":\"Person\",\"@id\":\"https:\/\/www.africa-press.net\/cotedivoire\/#\/schema\/person\/2b1cf3cd81a31e3cd26889ca66d677f1\",\"name\":\"cfeditorfr\"}]}<\/script>\n<!-- \/ Yoast SEO Premium plugin. -->","yoast_head_json":{"title":"En C\u00f4te-d\u2019Ivoire l\u2019homme d\u2019affaires Jean-Louis Billon affiche ses ambitions pr\u00e9sidentielles - C\u00f4te d&#039;Ivoire","description":"\u00ab J\u2019y pense de temps en temps en me rasant. Mais clairement je fais partie de la g\u00e9n\u00e9ration qui doit servir la C\u00f4te d\u2019Iv ...","robots":{"index":"index","follow":"follow","max-snippet":"max-snippet:-1","max-image-preview":"max-image-preview:large","max-video-preview":"max-video-preview:-1"},"canonical":"https:\/\/www.africa-press.net\/cotedivoire\/politique\/en-cote-divoire-lhomme-daffaires-jean-louis-billon-affiche-ses-ambitions-presidentielles","og_locale":"fr_FR","og_type":"article","og_title":"En C\u00f4te-d\u2019Ivoire l\u2019homme d\u2019affaires Jean-Louis Billon affiche ses ambitions pr\u00e9sidentielles","og_description":"\u00ab J\u2019y pense de temps en temps en me rasant. Mais clairement je fais partie de la g\u00e9n\u00e9ration qui doit servir la C\u00f4te d\u2019Iv ...","og_url":"https:\/\/www.africa-press.net\/cotedivoire\/politique\/en-cote-divoire-lhomme-daffaires-jean-louis-billon-affiche-ses-ambitions-presidentielles","og_site_name":"C\u00f4te d&#039;Ivoire","article_published_time":"2021-07-25T15:34:26+00:00","article_modified_time":"2021-07-25T17:45:45+00:00","og_image":[{"width":720,"height":557,"url":"https:\/\/static.africa-press.net\/cote\/sites\/43\/2021\/07\/img-60fd8001eca1a.jpg","type":"image\/jpeg"}],"author":"cfeditorfr","twitter_card":"summary_large_image","twitter_misc":{"\u00c9crit par":"cfeditorfr","Dur\u00e9e de lecture estim\u00e9e":"1 minute"},"schema":{"@context":"https:\/\/schema.org","@graph":[{"@type":"Article","@id":"https:\/\/www.africa-press.net\/cotedivoire\/politique\/en-cote-divoire-lhomme-daffaires-jean-louis-billon-affiche-ses-ambitions-presidentielles#article","isPartOf":{"@id":"https:\/\/www.africa-press.net\/cotedivoire\/politique\/en-cote-divoire-lhomme-daffaires-jean-louis-billon-affiche-ses-ambitions-presidentielles"},"author":{"name":"cfeditorfr","@id":"https:\/\/www.africa-press.net\/cotedivoire\/#\/schema\/person\/2b1cf3cd81a31e3cd26889ca66d677f1"},"headline":"En C\u00f4te-d\u2019Ivoire l\u2019homme d\u2019affaires Jean-Louis Billon affiche ses ambitions pr\u00e9sidentielles","datePublished":"2021-07-25T15:34:26+00:00","dateModified":"2021-07-25T17:45:45+00:00","mainEntityOfPage":{"@id":"https:\/\/www.africa-press.net\/cotedivoire\/politique\/en-cote-divoire-lhomme-daffaires-jean-louis-billon-affiche-ses-ambitions-presidentielles"},"wordCount":98,"commentCount":0,"image":{"@id":"https:\/\/www.africa-press.net\/cotedivoire\/politique\/en-cote-divoire-lhomme-daffaires-jean-louis-billon-affiche-ses-ambitions-presidentielles#primaryimage"},"thumbnailUrl":"https:\/\/static.africa-press.net\/cote\/sites\/43\/2021\/07\/img-60fd8001eca1a.jpg","keywords":["Africa Press","Africa Press-C\u00f4te d'Ivoire","C\u00d4TE D'IVOIRE"],"articleSection":["homepage-french","Politique","Top Nouvelles","Toutes les actualit\u00e9s"],"inLanguage":"fr-FR","potentialAction":[{"@type":"CommentAction","name":"Comment","target":["https:\/\/www.africa-press.net\/cotedivoire\/politique\/en-cote-divoire-lhomme-daffaires-jean-louis-billon-affiche-ses-ambitions-presidentielles#respond"]}]},{"@type":"WebPage","@id":"https:\/\/www.africa-press.net\/cotedivoire\/politique\/en-cote-divoire-lhomme-daffaires-jean-louis-billon-affiche-ses-ambitions-presidentielles","url":"https:\/\/www.africa-press.net\/cotedivoire\/politique\/en-cote-divoire-lhomme-daffaires-jean-louis-billon-affiche-ses-ambitions-presidentielles","name":"En C\u00f4te-d\u2019Ivoire l\u2019homme d\u2019affaires Jean-Louis Billon affiche ses ambitions pr\u00e9sidentielles - C\u00f4te d&#039;Ivoire","isPartOf":{"@id":"https:\/\/www.africa-press.net\/cotedivoire\/#website"},"primaryImageOfPage":{"@id":"https:\/\/www.africa-press.net\/cotedivoire\/politique\/en-cote-divoire-lhomme-daffaires-jean-louis-billon-affiche-ses-ambitions-presidentielles#primaryimage"},"image":{"@id":"https:\/\/www.africa-press.net\/cotedivoire\/politique\/en-cote-divoire-lhomme-daffaires-jean-louis-billon-affiche-ses-ambitions-presidentielles#primaryimage"},"thumbnailUrl":"https:\/\/static.africa-press.net\/cote\/sites\/43\/2021\/07\/img-60fd8001eca1a.jpg","datePublished":"2021-07-25T15:34:26+00:00","dateModified":"2021-07-25T17:45:45+00:00","author":{"@id":"https:\/\/www.africa-press.net\/cotedivoire\/#\/schema\/person\/2b1cf3cd81a31e3cd26889ca66d677f1"},"description":"\u00ab J\u2019y pense de temps en temps en me rasant. Mais clairement je fais partie de la g\u00e9n\u00e9ration qui doit servir la C\u00f4te d\u2019Iv ...","breadcrumb":{"@id":"https:\/\/www.africa-press.net\/cotedivoire\/politique\/en-cote-divoire-lhomme-daffaires-jean-louis-billon-affiche-ses-ambitions-presidentielles#breadcrumb"},"inLanguage":"fr-FR","potentialAction":[{"@type":"ReadAction","target":["https:\/\/www.africa-press.net\/cotedivoire\/politique\/en-cote-divoire-lhomme-daffaires-jean-louis-billon-affiche-ses-ambitions-presidentielles"]}]},{"@type":"ImageObject","inLanguage":"fr-FR","@id":"https:\/\/www.africa-press.net\/cotedivoire\/politique\/en-cote-divoire-lhomme-daffaires-jean-louis-billon-affiche-ses-ambitions-presidentielles#primaryimage","url":"https:\/\/static.africa-press.net\/cote\/sites\/43\/2021\/07\/img-60fd8001eca1a.jpg","contentUrl":"https:\/\/static.africa-press.net\/cote\/sites\/43\/2021\/07\/img-60fd8001eca1a.jpg","width":720,"height":557,"caption":"En C\u00f4te-d\u2019Ivoire l\u2019homme d\u2019affaires Jean-Louis Billon affiche ses ambitions pr\u00e9sidentielles"},{"@type":"BreadcrumbList","@id":"https:\/\/www.africa-press.net\/cotedivoire\/politique\/en-cote-divoire-lhomme-daffaires-jean-louis-billon-affiche-ses-ambitions-presidentielles#breadcrumb","itemListElement":[{"@type":"ListItem","position":1,"name":"Accueil","item":"https:\/\/www.africa-press.net\/cotedivoire\/"},{"@type":"ListItem","position":2,"name":"En C\u00f4te-d\u2019Ivoire l\u2019homme d\u2019affaires Jean-Louis Billon affiche ses ambitions pr\u00e9sidentielles"}]},{"@type":"WebSite","@id":"https:\/\/www.africa-press.net\/cotedivoire\/#website","url":"https:\/\/www.africa-press.net\/cotedivoire\/","name":"C\u00f4te d&#039;Ivoire","description":"Just another Africa News Agency Sites site","potentialAction":[{"@type":"SearchAction","target":{"@type":"EntryPoint","urlTemplate":"https:\/\/www.africa-press.net\/cotedivoire\/?s={search_term_string}"},"query-input":{"@type":"PropertyValueSpecification","valueRequired":true,"valueName":"search_term_string"}}],"inLanguage":"fr-FR"},{"@type":"Person","@id":"https:\/\/www.africa-press.net\/cotedivoire\/#\/schema\/person\/2b1cf3cd81a31e3cd26889ca66d677f1","name":"cfeditorfr"}]}},"_links":{"self":[{"href":"https:\/\/www.africa-press.net\/cotedivoire\/wp-json\/wp\/v2\/posts\/10349","targetHints":{"allow":["GET"]}}],"collection":[{"href":"https:\/\/www.africa-press.net\/cotedivoire\/wp-json\/wp\/v2\/posts"}],"about":[{"href":"https:\/\/www.africa-press.net\/cotedivoire\/wp-json\/wp\/v2\/types\/post"}],"author":[{"embeddable":true,"href":"https:\/\/www.africa-press.net\/cotedivoire\/wp-json\/wp\/v2\/users\/82"}],"replies":[{"embeddable":true,"href":"https:\/\/www.africa-press.net\/cotedivoire\/wp-json\/wp\/v2\/comments?post=10349"}],"version-history":[{"count":0,"href":"https:\/\/www.africa-press.net\/cotedivoire\/wp-json\/wp\/v2\/posts\/10349\/revisions"}],"wp:featuredmedia":[{"embeddable":true,"href":"https:\/\/www.africa-press.net\/cotedivoire\/wp-json\/wp\/v2\/media\/10348"}],"wp:attachment":[{"href":"https:\/\/www.africa-press.net\/cotedivoire\/wp-json\/wp\/v2\/media?parent=10349"}],"wp:term":[{"taxonomy":"category","embeddable":true,"href":"https:\/\/www.africa-press.net\/cotedivoire\/wp-json\/wp\/v2\/categories?post=10349"},{"taxonomy":"post_tag","embeddable":true,"href":"https:\/\/www.africa-press.net\/cotedivoire\/wp-json\/wp\/v2\/tags?post=10349"}],"curies":[{"name":"wp","href":"https:\/\/api.w.org\/{rel}","templated":true}]}}