{"id":10352,"date":"2021-07-25T15:38:06","date_gmt":"2021-07-25T15:38:06","guid":{"rendered":"https:\/\/www.africa-press.net\/cotedivoire\/?p=10352"},"modified":"2021-07-25T17:45:54","modified_gmt":"2021-07-25T17:45:54","slug":"le-cri-du-peuple-la-grande-assemblee-generale-extraordinaire","status":"publish","type":"post","link":"https:\/\/www.africa-press.net\/cotedivoire\/politique\/le-cri-du-peuple-la-grande-assemblee-generale-extraordinaire","title":{"rendered":"\u00ab\u00a0LE CRI DU PEUPLE\u00a0\u00bb \/ La Grande Assembl\u00e9e g\u00e9n\u00e9rale extraordinaire"},"content":{"rendered":"<p><span style=\"color: #ff6600\"><strong><a href=\"https:\/\/www.africa-press.net\/\">Africa-Press<\/a> &#8211; <a href=\"https:\/\/www.africa-press.net\/cotedivoire\">C\u00f4te d&rsquo;Ivoire<\/a>. <\/strong><\/span>Initialement pr\u00e9vue pour se tenir dans la commune de koumassi, l\u2019AG extraordinaire du mouvement de lutte sociale \u00ab Le cri du peuple \u00bb s\u2019est tenue ce samedi 24 juillet 2021 au foyer des jeunes de marcory. Cette AG extraordinaire avait pour Th\u00e8me : \u00ab le cri du peuple face aux d\u00e9fis d\u00e9mocratiques et de la lutte sociale: bilan et perspectives \u00bb.<\/p>\n<p>C\u2019est dans une salle pleine \u00e0 craquer et essentiellement compos\u00e9e des membres des coordinations Abidjan-nord, Abidjan-nord du cri du peuple, des organisations de la soci\u00e9t\u00e9 civile et des jeunesses des partis politiques, que Seri Pierre H\u00e9rode, le pr\u00e9sident du \u00ab Cri du peuple \u00bb, une baguette de pain en main(symbole nourricier des peuples)a fait son entr\u00e9e accompagn\u00e9 de la marraine de la c\u00e9r\u00e9monie madame Sarah Soko Seri.<\/p>\n<p>SERI HERODE PASSE AU SCANNER LA SITUATION SOCIO-POLITIQUE DU PAYS.<\/p>\n<p>\u00ab La C\u00f4te d\u2019Ivoire va mal socialement et politiquement \u00bb a-t-il commenc\u00e9 son son expos\u00e9. \u00ab La tenue de cette Assembl\u00e9e g\u00e9n\u00e9rale extraordinaire ce jour et son th\u00e8me montre qu\u2019il y a urgence \u00e0 agir pour voler au secours de nos populations qui s\u2019\u00e9croulent sous le seuil de la pauvret\u00e9. La chert\u00e9 de la vie est une realit\u00e9. Aujourd\u2019hui, l\u2019ivoirien peine \u00e0 s\u2019offrir un repas par jour et au lieu d\u2019apporter des solutions concr\u00e8tes, le gouvernement ne fait que nous servir des slogans. Le chef du gouvernement et son ministre du commerce ne font que se contredire \u00e0 longueur des journ\u00e9es \u00bb a d\u00e9cri\u00e9 le bouillant leader de ce mouvement de lutte sociale avant de mettre en garde le gouvernement sur une \u00e9ventuelle hausse du prix du pain. \u00bb Des sources tr\u00e8s introduites nous font \u00e9tat de ce qu\u2019il y a actuellement des n\u00e9gociations entre le gouvernement et le patronat des boulangers et nous esp\u00e9rons qu\u2019elles vont aboutir pour maintenir le prix actuel de la baguette de pain. Mais si ces n\u00e9gociations \u00e9chouent et que nous constatons une augmentation du prix du pain, nous allons appeler les populations \u00e0 descendre dans les rues \u00bb a-t-il mis en garde avant d\u2019appeler \u00e0 la solidarit\u00e9 entre toutes les organisations de la soci\u00e9t\u00e9 civile qui ont les m\u00eames objectifs que son mouvement. \u00ab Notre responsabilit\u00e9 est engag\u00e9e, nous n\u2019avons pas le droit d\u2019assister passivement \u00e0 la souffrance du peuple. J\u2019appelle \u00e0 la solidarit\u00e9 de toutes les organisations des consommateurs afin que nous suivions avec la plus grande vigilance la mise en application de toutes les mesures propos\u00e9es par le gouvernement dans le cadre de la lutte contre la chert\u00e9 de la vie \u00bb. S\u2019appuyant sur le th\u00e8me de la c\u00e9r\u00e9monie, le premier responsable du \u00ab cri du peuple \u00bb a fait un chapelet de propositions pour lutter contre la chert\u00e9 de la vie. \u00ab Ils ont eux-m\u00eames cr\u00e9\u00e9 des conditions pour rendre la vie ch\u00e8re. A quoi servent par exemple ces postes de ministre-gouverneur qu\u2019ils ont cr\u00e9\u00e9 \u00bb?s\u2019est-il interrog\u00e9 avant de demander une baisse du train de vie de nos gouvernants. \u00ab Il faut supprimer les postes qui au lieu de concourir au bien-\u00eatre des populations ne font que augmenter les charges de l \u00bbEtat. Il faut revoir l\u2019\u00e9pineuse question de la fiscalit\u00e9. Il faut baisser la fiscalit\u00e9, les taxes douani\u00e8res excessives qui ne facilitent les choses et poussent favorisent une augmentation abusive des prix sur les march\u00e9s \u00bb a-t-il propos\u00e9 entre autres comme solutions pour lutter contre la chert\u00e9 de la vie. Au chapitre de la situation politique du moment, H\u00e9rode Seri s\u2019appuyant sur la nature juridique de son mouvement s\u2019est prononc\u00e9 sur la prochaine rencontte au sommet de l\u2019Etat entre les pr\u00e9sidents Gbagbo_Ouattara. \u00ab Nous saluons et encourageons cette initiative au non de la d\u00e9crispation mais surtout au nom de la r\u00e9conciliation. Il faut que cette rencontre accouche d\u2019un dialogue national inclusif pour permettre \u00e0 tous les enfants de ce pays de se parler. C\u2019est important pour notre pays. Il faut que tous les exil\u00e9s regagnent leur pays pour qu\u2019ensemble main dans la main nous puissions b\u00e2tir notre pays \u00bb a-t-il dit non sans d\u00e9noncer la politique deux poids deux mesures pratiquer actuellement par le gouvernement. \u00ab Nous sommes actuellement dans un pays o\u00f9 il y a une cat\u00e9gorie de personnes qui ont le droit de manifester et d\u2019autres non. Notre compatriote , Ahoua Don Melo, grand serviteur de l\u2019\u00e9tat est actuellement victime de tracasseries pour l\u2019obtention de son passeport alors que ce dernier ne demande qu\u2019\u00e0 retourner sur la terre de ses anc\u00eatres. On lui refuse son passeport. Le cri du peuple lui apporte son soutien et demande que cesse ces pratiques d\u2019une autre \u00e9poque. Les jours et semaines \u00e0 venir, nous allons investir le terrain pour la sensibilisation, nous allons \u00eatre pr\u00e9sents sur les march\u00e9s \u00bb a-t-il dit pour clore son propos. La marraine de la c\u00e9r\u00e9monie, madame Sery Sarah Soko et monsieur Franck Moro, vice-pr\u00e9sident de la f\u00e9d\u00e9ration des organisations des consommateurs de C\u00f4te d\u2019Ivoire ont unanimement reconnu la chert\u00e9 de la vie et ont pris l\u2019engagement de se joindre au combat que m\u00e8ne le cri du peuple depuis 2016 sa date de cr\u00e9ation.<\/p>\n<p>Cette Assembl\u00e9e g\u00e9n\u00e9rale extraordinaire qui \u00e9tait plac\u00e9e sous le haut patronage de l\u2019ex-ministre Ahoua Don Melo qui n\u2019a pas pu honorer de sa pr\u00e9sence effective pour des raisons \u00e9voqu\u00e9es plus haut a vu l\u2019investiture du responsable de la coordination de Port-bouet en la personne de N\u2019da Edy et la pr\u00e9sentation du bureau ex\u00e9cutif national du \u00ab cri du peuple \u00bb avec \u00e0 sa t\u00eate Seri Pierre H\u00e9rode.<\/p>\n<p>&nbsp;<\/p>\n","protected":false},"excerpt":{"rendered":"<p>Africa-Press &#8211; C\u00f4te d&rsquo;Ivoire. Initialement pr\u00e9vue pour se tenir dans la commune de koumassi, l\u2019AG extraordinaire du mouvement de lutte sociale \u00ab Le cri du peuple \u00bb s\u2019est tenue ce samedi 24 juillet 2021 au foyer des jeunes de marcory. Cette AG extraordinaire avait pour Th\u00e8me : \u00ab le cri du peuple face aux d\u00e9fis [&hellip;]<\/p>\n","protected":false},"author":82,"featured_media":10351,"comment_status":"open","ping_status":"closed","sticky":false,"template":"","format":"standard","meta":{"footnotes":""},"categories":[11,2,20,10],"tags":[56,63,29],"class_list":["post-10352","post","type-post","status-publish","format-standard","has-post-thumbnail","hentry","category-homepage-french","category-politique","category-top-nouvelles","category-toutes-les-actualites","tag-africa-press","tag-africa-press-cote-divoire","tag-cote-divoire"],"yoast_head":"<!-- This site is optimized with the Yoast SEO Premium plugin v26.1 (Yoast SEO v27.0) - https:\/\/yoast.com\/product\/yoast-seo-premium-wordpress\/ -->\n<title>\u00ab\u00a0LE CRI DU PEUPLE\u00a0\u00bb \/ La Grande Assembl\u00e9e g\u00e9n\u00e9rale extraordinaire - C\u00f4te d&#039;Ivoire<\/title>\n<meta name=\"description\" content=\"Initialement pr\u00e9vue pour se tenir dans la commune de koumassi, l\u2019AG extraordinaire du mouvement de lutte sociale \u00ab Le cr ...\" \/>\n<meta name=\"robots\" content=\"index, follow, max-snippet:-1, max-image-preview:large, max-video-preview:-1\" \/>\n<link rel=\"canonical\" href=\"https:\/\/www.africa-press.net\/cotedivoire\/politique\/le-cri-du-peuple-la-grande-assemblee-generale-extraordinaire\" \/>\n<meta property=\"og:locale\" content=\"fr_FR\" \/>\n<meta property=\"og:type\" content=\"article\" \/>\n<meta property=\"og:title\" content=\"\u00ab\u00a0LE CRI DU PEUPLE\u00a0\u00bb \/ La Grande Assembl\u00e9e g\u00e9n\u00e9rale extraordinaire\" \/>\n<meta property=\"og:description\" content=\"Initialement pr\u00e9vue pour se tenir dans la commune de koumassi, l\u2019AG extraordinaire du mouvement de lutte sociale \u00ab Le cr ...\" \/>\n<meta property=\"og:url\" content=\"https:\/\/www.africa-press.net\/cotedivoire\/politique\/le-cri-du-peuple-la-grande-assemblee-generale-extraordinaire\" \/>\n<meta property=\"og:site_name\" content=\"C\u00f4te d&#039;Ivoire\" \/>\n<meta property=\"article:published_time\" content=\"2021-07-25T15:38:06+00:00\" \/>\n<meta property=\"article:modified_time\" content=\"2021-07-25T17:45:54+00:00\" \/>\n<meta property=\"og:image\" content=\"https:\/\/static.africa-press.net\/cote\/sites\/43\/2021\/07\/img-60fd8028ed274.jpg\" \/>\n\t<meta property=\"og:image:width\" content=\"1080\" \/>\n\t<meta property=\"og:image:height\" content=\"720\" \/>\n\t<meta property=\"og:image:type\" content=\"image\/jpeg\" \/>\n<meta name=\"author\" content=\"cfeditorfr\" \/>\n<meta name=\"twitter:card\" content=\"summary_large_image\" \/>\n<meta name=\"twitter:label1\" content=\"\u00c9crit par\" \/>\n\t<meta name=\"twitter:data1\" content=\"cfeditorfr\" \/>\n\t<meta name=\"twitter:label2\" content=\"Dur\u00e9e de lecture estim\u00e9e\" \/>\n\t<meta name=\"twitter:data2\" content=\"5 minutes\" \/>\n<script type=\"application\/ld+json\" class=\"yoast-schema-graph\">{\"@context\":\"https:\/\/schema.org\",\"@graph\":[{\"@type\":\"Article\",\"@id\":\"https:\/\/www.africa-press.net\/cotedivoire\/politique\/le-cri-du-peuple-la-grande-assemblee-generale-extraordinaire#article\",\"isPartOf\":{\"@id\":\"https:\/\/www.africa-press.net\/cotedivoire\/politique\/le-cri-du-peuple-la-grande-assemblee-generale-extraordinaire\"},\"author\":{\"name\":\"cfeditorfr\",\"@id\":\"https:\/\/www.africa-press.net\/cotedivoire\/#\/schema\/person\/2b1cf3cd81a31e3cd26889ca66d677f1\"},\"headline\":\"\u00ab\u00a0LE CRI DU PEUPLE\u00a0\u00bb \/ La Grande Assembl\u00e9e g\u00e9n\u00e9rale extraordinaire\",\"datePublished\":\"2021-07-25T15:38:06+00:00\",\"dateModified\":\"2021-07-25T17:45:54+00:00\",\"mainEntityOfPage\":{\"@id\":\"https:\/\/www.africa-press.net\/cotedivoire\/politique\/le-cri-du-peuple-la-grande-assemblee-generale-extraordinaire\"},\"wordCount\":982,\"commentCount\":0,\"image\":{\"@id\":\"https:\/\/www.africa-press.net\/cotedivoire\/politique\/le-cri-du-peuple-la-grande-assemblee-generale-extraordinaire#primaryimage\"},\"thumbnailUrl\":\"https:\/\/static.africa-press.net\/cote\/sites\/43\/2021\/07\/img-60fd8028ed274.jpg\",\"keywords\":[\"Africa Press\",\"Africa Press-C\u00f4te d'Ivoire\",\"C\u00d4TE D'IVOIRE\"],\"articleSection\":[\"homepage-french\",\"Politique\",\"Top Nouvelles\",\"Toutes les actualit\u00e9s\"],\"inLanguage\":\"fr-FR\",\"potentialAction\":[{\"@type\":\"CommentAction\",\"name\":\"Comment\",\"target\":[\"https:\/\/www.africa-press.net\/cotedivoire\/politique\/le-cri-du-peuple-la-grande-assemblee-generale-extraordinaire#respond\"]}]},{\"@type\":\"WebPage\",\"@id\":\"https:\/\/www.africa-press.net\/cotedivoire\/politique\/le-cri-du-peuple-la-grande-assemblee-generale-extraordinaire\",\"url\":\"https:\/\/www.africa-press.net\/cotedivoire\/politique\/le-cri-du-peuple-la-grande-assemblee-generale-extraordinaire\",\"name\":\"\u00ab\u00a0LE CRI DU PEUPLE\u00a0\u00bb \/ La Grande Assembl\u00e9e g\u00e9n\u00e9rale extraordinaire - C\u00f4te d&#039;Ivoire\",\"isPartOf\":{\"@id\":\"https:\/\/www.africa-press.net\/cotedivoire\/#website\"},\"primaryImageOfPage\":{\"@id\":\"https:\/\/www.africa-press.net\/cotedivoire\/politique\/le-cri-du-peuple-la-grande-assemblee-generale-extraordinaire#primaryimage\"},\"image\":{\"@id\":\"https:\/\/www.africa-press.net\/cotedivoire\/politique\/le-cri-du-peuple-la-grande-assemblee-generale-extraordinaire#primaryimage\"},\"thumbnailUrl\":\"https:\/\/static.africa-press.net\/cote\/sites\/43\/2021\/07\/img-60fd8028ed274.jpg\",\"datePublished\":\"2021-07-25T15:38:06+00:00\",\"dateModified\":\"2021-07-25T17:45:54+00:00\",\"author\":{\"@id\":\"https:\/\/www.africa-press.net\/cotedivoire\/#\/schema\/person\/2b1cf3cd81a31e3cd26889ca66d677f1\"},\"description\":\"Initialement pr\u00e9vue pour se tenir dans la commune de koumassi, l\u2019AG extraordinaire du mouvement de lutte sociale \u00ab Le cr ...\",\"breadcrumb\":{\"@id\":\"https:\/\/www.africa-press.net\/cotedivoire\/politique\/le-cri-du-peuple-la-grande-assemblee-generale-extraordinaire#breadcrumb\"},\"inLanguage\":\"fr-FR\",\"potentialAction\":[{\"@type\":\"ReadAction\",\"target\":[\"https:\/\/www.africa-press.net\/cotedivoire\/politique\/le-cri-du-peuple-la-grande-assemblee-generale-extraordinaire\"]}]},{\"@type\":\"ImageObject\",\"inLanguage\":\"fr-FR\",\"@id\":\"https:\/\/www.africa-press.net\/cotedivoire\/politique\/le-cri-du-peuple-la-grande-assemblee-generale-extraordinaire#primaryimage\",\"url\":\"https:\/\/static.africa-press.net\/cote\/sites\/43\/2021\/07\/img-60fd8028ed274.jpg\",\"contentUrl\":\"https:\/\/static.africa-press.net\/cote\/sites\/43\/2021\/07\/img-60fd8028ed274.jpg\",\"width\":1080,\"height\":720,\"caption\":\"\u00ab\u00a0LE CRI DU PEUPLE\u00a0\u00bb \/ La Grande Assembl\u00e9e g\u00e9n\u00e9rale extraordinaire\"},{\"@type\":\"BreadcrumbList\",\"@id\":\"https:\/\/www.africa-press.net\/cotedivoire\/politique\/le-cri-du-peuple-la-grande-assemblee-generale-extraordinaire#breadcrumb\",\"itemListElement\":[{\"@type\":\"ListItem\",\"position\":1,\"name\":\"Accueil\",\"item\":\"https:\/\/www.africa-press.net\/cotedivoire\/\"},{\"@type\":\"ListItem\",\"position\":2,\"name\":\"\u00ab\u00a0LE CRI DU PEUPLE\u00a0\u00bb \/ La Grande Assembl\u00e9e g\u00e9n\u00e9rale extraordinaire\"}]},{\"@type\":\"WebSite\",\"@id\":\"https:\/\/www.africa-press.net\/cotedivoire\/#website\",\"url\":\"https:\/\/www.africa-press.net\/cotedivoire\/\",\"name\":\"C\u00f4te d&#039;Ivoire\",\"description\":\"Just another Africa News Agency Sites site\",\"potentialAction\":[{\"@type\":\"SearchAction\",\"target\":{\"@type\":\"EntryPoint\",\"urlTemplate\":\"https:\/\/www.africa-press.net\/cotedivoire\/?s={search_term_string}\"},\"query-input\":{\"@type\":\"PropertyValueSpecification\",\"valueRequired\":true,\"valueName\":\"search_term_string\"}}],\"inLanguage\":\"fr-FR\"},{\"@type\":\"Person\",\"@id\":\"https:\/\/www.africa-press.net\/cotedivoire\/#\/schema\/person\/2b1cf3cd81a31e3cd26889ca66d677f1\",\"name\":\"cfeditorfr\"}]}<\/script>\n<!-- \/ Yoast SEO Premium plugin. -->","yoast_head_json":{"title":"\u00ab\u00a0LE CRI DU PEUPLE\u00a0\u00bb \/ La Grande Assembl\u00e9e g\u00e9n\u00e9rale extraordinaire - C\u00f4te d&#039;Ivoire","description":"Initialement pr\u00e9vue pour se tenir dans la commune de koumassi, l\u2019AG extraordinaire du mouvement de lutte sociale \u00ab Le cr ...","robots":{"index":"index","follow":"follow","max-snippet":"max-snippet:-1","max-image-preview":"max-image-preview:large","max-video-preview":"max-video-preview:-1"},"canonical":"https:\/\/www.africa-press.net\/cotedivoire\/politique\/le-cri-du-peuple-la-grande-assemblee-generale-extraordinaire","og_locale":"fr_FR","og_type":"article","og_title":"\u00ab\u00a0LE CRI DU PEUPLE\u00a0\u00bb \/ La Grande Assembl\u00e9e g\u00e9n\u00e9rale extraordinaire","og_description":"Initialement pr\u00e9vue pour se tenir dans la commune de koumassi, l\u2019AG extraordinaire du mouvement de lutte sociale \u00ab Le cr ...","og_url":"https:\/\/www.africa-press.net\/cotedivoire\/politique\/le-cri-du-peuple-la-grande-assemblee-generale-extraordinaire","og_site_name":"C\u00f4te d&#039;Ivoire","article_published_time":"2021-07-25T15:38:06+00:00","article_modified_time":"2021-07-25T17:45:54+00:00","og_image":[{"width":1080,"height":720,"url":"https:\/\/static.africa-press.net\/cote\/sites\/43\/2021\/07\/img-60fd8028ed274.jpg","type":"image\/jpeg"}],"author":"cfeditorfr","twitter_card":"summary_large_image","twitter_misc":{"\u00c9crit par":"cfeditorfr","Dur\u00e9e de lecture estim\u00e9e":"5 minutes"},"schema":{"@context":"https:\/\/schema.org","@graph":[{"@type":"Article","@id":"https:\/\/www.africa-press.net\/cotedivoire\/politique\/le-cri-du-peuple-la-grande-assemblee-generale-extraordinaire#article","isPartOf":{"@id":"https:\/\/www.africa-press.net\/cotedivoire\/politique\/le-cri-du-peuple-la-grande-assemblee-generale-extraordinaire"},"author":{"name":"cfeditorfr","@id":"https:\/\/www.africa-press.net\/cotedivoire\/#\/schema\/person\/2b1cf3cd81a31e3cd26889ca66d677f1"},"headline":"\u00ab\u00a0LE CRI DU PEUPLE\u00a0\u00bb \/ La Grande Assembl\u00e9e g\u00e9n\u00e9rale extraordinaire","datePublished":"2021-07-25T15:38:06+00:00","dateModified":"2021-07-25T17:45:54+00:00","mainEntityOfPage":{"@id":"https:\/\/www.africa-press.net\/cotedivoire\/politique\/le-cri-du-peuple-la-grande-assemblee-generale-extraordinaire"},"wordCount":982,"commentCount":0,"image":{"@id":"https:\/\/www.africa-press.net\/cotedivoire\/politique\/le-cri-du-peuple-la-grande-assemblee-generale-extraordinaire#primaryimage"},"thumbnailUrl":"https:\/\/static.africa-press.net\/cote\/sites\/43\/2021\/07\/img-60fd8028ed274.jpg","keywords":["Africa Press","Africa Press-C\u00f4te d'Ivoire","C\u00d4TE D'IVOIRE"],"articleSection":["homepage-french","Politique","Top Nouvelles","Toutes les actualit\u00e9s"],"inLanguage":"fr-FR","potentialAction":[{"@type":"CommentAction","name":"Comment","target":["https:\/\/www.africa-press.net\/cotedivoire\/politique\/le-cri-du-peuple-la-grande-assemblee-generale-extraordinaire#respond"]}]},{"@type":"WebPage","@id":"https:\/\/www.africa-press.net\/cotedivoire\/politique\/le-cri-du-peuple-la-grande-assemblee-generale-extraordinaire","url":"https:\/\/www.africa-press.net\/cotedivoire\/politique\/le-cri-du-peuple-la-grande-assemblee-generale-extraordinaire","name":"\u00ab\u00a0LE CRI DU PEUPLE\u00a0\u00bb \/ La Grande Assembl\u00e9e g\u00e9n\u00e9rale extraordinaire - C\u00f4te d&#039;Ivoire","isPartOf":{"@id":"https:\/\/www.africa-press.net\/cotedivoire\/#website"},"primaryImageOfPage":{"@id":"https:\/\/www.africa-press.net\/cotedivoire\/politique\/le-cri-du-peuple-la-grande-assemblee-generale-extraordinaire#primaryimage"},"image":{"@id":"https:\/\/www.africa-press.net\/cotedivoire\/politique\/le-cri-du-peuple-la-grande-assemblee-generale-extraordinaire#primaryimage"},"thumbnailUrl":"https:\/\/static.africa-press.net\/cote\/sites\/43\/2021\/07\/img-60fd8028ed274.jpg","datePublished":"2021-07-25T15:38:06+00:00","dateModified":"2021-07-25T17:45:54+00:00","author":{"@id":"https:\/\/www.africa-press.net\/cotedivoire\/#\/schema\/person\/2b1cf3cd81a31e3cd26889ca66d677f1"},"description":"Initialement pr\u00e9vue pour se tenir dans la commune de koumassi, l\u2019AG extraordinaire du mouvement de lutte sociale \u00ab Le cr ...","breadcrumb":{"@id":"https:\/\/www.africa-press.net\/cotedivoire\/politique\/le-cri-du-peuple-la-grande-assemblee-generale-extraordinaire#breadcrumb"},"inLanguage":"fr-FR","potentialAction":[{"@type":"ReadAction","target":["https:\/\/www.africa-press.net\/cotedivoire\/politique\/le-cri-du-peuple-la-grande-assemblee-generale-extraordinaire"]}]},{"@type":"ImageObject","inLanguage":"fr-FR","@id":"https:\/\/www.africa-press.net\/cotedivoire\/politique\/le-cri-du-peuple-la-grande-assemblee-generale-extraordinaire#primaryimage","url":"https:\/\/static.africa-press.net\/cote\/sites\/43\/2021\/07\/img-60fd8028ed274.jpg","contentUrl":"https:\/\/static.africa-press.net\/cote\/sites\/43\/2021\/07\/img-60fd8028ed274.jpg","width":1080,"height":720,"caption":"\u00ab\u00a0LE CRI DU PEUPLE\u00a0\u00bb \/ La Grande Assembl\u00e9e g\u00e9n\u00e9rale extraordinaire"},{"@type":"BreadcrumbList","@id":"https:\/\/www.africa-press.net\/cotedivoire\/politique\/le-cri-du-peuple-la-grande-assemblee-generale-extraordinaire#breadcrumb","itemListElement":[{"@type":"ListItem","position":1,"name":"Accueil","item":"https:\/\/www.africa-press.net\/cotedivoire\/"},{"@type":"ListItem","position":2,"name":"\u00ab\u00a0LE CRI DU PEUPLE\u00a0\u00bb \/ La Grande Assembl\u00e9e g\u00e9n\u00e9rale extraordinaire"}]},{"@type":"WebSite","@id":"https:\/\/www.africa-press.net\/cotedivoire\/#website","url":"https:\/\/www.africa-press.net\/cotedivoire\/","name":"C\u00f4te d&#039;Ivoire","description":"Just another Africa News Agency Sites site","potentialAction":[{"@type":"SearchAction","target":{"@type":"EntryPoint","urlTemplate":"https:\/\/www.africa-press.net\/cotedivoire\/?s={search_term_string}"},"query-input":{"@type":"PropertyValueSpecification","valueRequired":true,"valueName":"search_term_string"}}],"inLanguage":"fr-FR"},{"@type":"Person","@id":"https:\/\/www.africa-press.net\/cotedivoire\/#\/schema\/person\/2b1cf3cd81a31e3cd26889ca66d677f1","name":"cfeditorfr"}]}},"_links":{"self":[{"href":"https:\/\/www.africa-press.net\/cotedivoire\/wp-json\/wp\/v2\/posts\/10352","targetHints":{"allow":["GET"]}}],"collection":[{"href":"https:\/\/www.africa-press.net\/cotedivoire\/wp-json\/wp\/v2\/posts"}],"about":[{"href":"https:\/\/www.africa-press.net\/cotedivoire\/wp-json\/wp\/v2\/types\/post"}],"author":[{"embeddable":true,"href":"https:\/\/www.africa-press.net\/cotedivoire\/wp-json\/wp\/v2\/users\/82"}],"replies":[{"embeddable":true,"href":"https:\/\/www.africa-press.net\/cotedivoire\/wp-json\/wp\/v2\/comments?post=10352"}],"version-history":[{"count":0,"href":"https:\/\/www.africa-press.net\/cotedivoire\/wp-json\/wp\/v2\/posts\/10352\/revisions"}],"wp:featuredmedia":[{"embeddable":true,"href":"https:\/\/www.africa-press.net\/cotedivoire\/wp-json\/wp\/v2\/media\/10351"}],"wp:attachment":[{"href":"https:\/\/www.africa-press.net\/cotedivoire\/wp-json\/wp\/v2\/media?parent=10352"}],"wp:term":[{"taxonomy":"category","embeddable":true,"href":"https:\/\/www.africa-press.net\/cotedivoire\/wp-json\/wp\/v2\/categories?post=10352"},{"taxonomy":"post_tag","embeddable":true,"href":"https:\/\/www.africa-press.net\/cotedivoire\/wp-json\/wp\/v2\/tags?post=10352"}],"curies":[{"name":"wp","href":"https:\/\/api.w.org\/{rel}","templated":true}]}}