{"id":103535,"date":"2025-08-12T18:14:35","date_gmt":"2025-08-12T18:14:35","guid":{"rendered":"https:\/\/www.africa-press.net\/cotedivoire\/politique\/pdci-rda-demande-bureau-politique-durgence-pour-unite"},"modified":"2025-08-12T18:28:00","modified_gmt":"2025-08-12T18:28:00","slug":"pdci-rda-demande-bureau-politique-durgence-pour-unite","status":"publish","type":"post","link":"https:\/\/www.africa-press.net\/cotedivoire\/politique\/pdci-rda-demande-bureau-politique-durgence-pour-unite","title":{"rendered":"PDCI-RDA Demande Bureau Politique d&rsquo;Urgence pour Unit\u00e9"},"content":{"rendered":"<p><span style=\"color: #ff6600\"><strong>Africa-Press &#8211; C\u00f4te d&rsquo;Ivoire. <\/strong><\/span>Le coordinateur de la Coalition Nationale pour la Paix-PDCI-RDA, , a lance\u0301 ce lundi 11 aou\u0302t 2025, depuis la Maison de la Presse au Plateau, un appel pressant a\u0300 la haute Direction de son parti. Il exige la convocation imme\u0301diate d\u2019un bureau politique, afin de prendre des mesures d&rsquo;urgence face a\u0300 ce qu\u2019il qualifie de statu quo concernant le choix du candidat du PDCI a\u0300 la prochaine pre\u0301sidentielle.<\/p>\n<p>Intervenant sur le the\u0300me \u00ab Recre\u0301er la confiance entre les militants du PDCI-RDA par le dialogue et la paix \u00bb, Brou Koffi Pascal, tout en saluant la forte mobilisation observe\u0301e lors de la marche du front commun organise\u0301e samedi, n\u2019a pas he\u0301site\u0301 a\u0300 critiquer vivement la de\u0301marche actuelle de la direction du parti.<\/p>\n<p>\u00ab Non a\u0300 l\u2019engagement du parti dans un front commun avec le PPA-CI sans consultation pre\u0301alable des instances \u00bb, a-t-il martele\u0301.<\/p>\n<p>Selon lui, la de\u0301cision d\u2019engager le PDCI-RDA dans cette alliance aurait e\u0301te\u0301 prise de manie\u0300re unilate\u0301rale, sans de\u0301bat interne, en contradiction avec les traditions de\u0301mocratiques du parti. \u00ab Avant d\u2019aller faire un front commun, on aurait du\u0302 convoquer un bureau politique \u00bb, insiste-t-il.<\/p>\n<p>Brou Koffi Pascal dresse un constat se\u0301ve\u0300re. Le PDCI-RDA, he\u0301ritier de l\u2019\u0153uvre de paix et d\u2019unite\u0301 de Fe\u0301lix Houphoue\u0308t-Boigny et Henri Konan Be\u0301die\u0301, serait aujourd\u2019hui traverse\u0301 par de profondes divisions.<\/p>\n<p>Il pointe notamment, l\u2019absence du candidat de\u0301signe\u0301 Tidjane Thiam sur la liste e\u0301lectorale provisoire, les arrestations de cadres et jeunes militants, les rumeurs d\u2019une nouvelle convention et l\u2019he\u0301sitation persistante sur la strate\u0301gie e\u0301lectorale a\u0300 adopter.<\/p>\n<p>Autant d\u2019e\u0301le\u0301ments qui, combine\u0301s au silence des instances dirigeantes, nourrissent un climat de de\u0301fiance et d\u2019incertitude au sein du parti. Selon lui, cette situation pourrait compromettre la participation du PDCI au scrutin du 25 octobre 2025.<\/p>\n<p>Face a\u0300 ce qu\u2019il conside\u0300re comme un \u00ab danger majeur \u00bb, Brou Koffi Pascal lance un appel solennel a\u0300 l\u2019unite\u0301. Il invite toutes les composantes du parti \u2014 Comite\u0301 des Sages, Jeunesse, Secre\u0301taires Ge\u0301ne\u0301raux de section \u2014 a\u0300 se rassembler autour des valeurs fondatrices: paix, dialogue, tole\u0301rance et solidarite\u0301.<\/p>\n<p>Il re\u0301clame la convocation urgente d\u2019un bureau politique e\u0301largi, pour apaiser les tensions internes, e\u0301valuer les de\u0301fis actuels, de\u0301battre de la pertinence du front commun avec le PPA-CI, clarifier la strate\u0301gie du PDCI pour 2025. Et surtout, restaurer la confiance des militants<\/p>\n<p>\u00ab Aujourd\u2019hui, on est dans un front commun. Je touche du bois&#8230; S\u2019il arrive quelque chose de grave dans ce pays, qui portera la responsabilite\u0301? \u00bb, s\u2019interroge-t-il, redoutant que le PDCI soit entrai\u0302ne\u0301 dans des combats qui ne sont pas les siens.<\/p>\n<p>Il rejette toute ide\u0301e de plans \u00ab A, B ou C \u00bb, affirmant que l\u2019unique plan est celui qui permettrait aux militants de voter dans la paix et la transparence.<\/p>\n<p>Dans son allocution, le coordinateur de la Coalition pour la Paix refuse toute ide\u0301e de de\u0301clin: \u00ab Le PDCI-RDA n\u2019est pas un parti en de\u0301clin. Il est vivant \u00bb, insiste-t-il.<\/p>\n<p>Mais il pre\u0301vient: ignorer les appels a\u0300 l\u2019unite\u0301 reviendrait a\u0300 trahir l\u2019he\u0301ritage de Houphoue\u0308t-Boigny et de Be\u0301die\u0301.<\/p>\n<p>A\u0300 ses yeux, la confiance du peuple envers le PDCI est intacte, mais elle est conditionne\u0301e par la capacite\u0301 du parti a\u0300 s\u2019organiser, a\u0300 dialoguer, et a\u0300 faire preuve de transparence.<\/p>\n<p>S\u2019il ne ferme pas la porte a\u0300 une alliance politique, Brou Koffi Pascal insiste: toute coalition doit reposer sur une cohe\u0301sion interne solide.<\/p>\n<p>\u00ab Sans unite\u0301, tout front commun ne sera qu\u2019un cha\u0302teau de sable, a\u0300 la merci de la moindre tempe\u0302te politique \u00bb, conclut-il.<\/p>\n<p>Son message est clair: la paix commence a\u0300 l\u2019inte\u0301rieur du parti, par un dialogue since\u0300re, une strate\u0301gie claire et une mobilisation concerte\u0301e. A\u0300 moins de trois mois de l\u2019e\u0301che\u0301ance e\u0301lectorale, le PDCI-RDA est face a\u0300 son destin.<\/p>\n<p><strong>Pour plus d&rsquo;informations et d&rsquo;analyses sur la <span style=\"color: #ff6600\">C\u00f4te d&rsquo;Ivoire<\/span>, suivez <span style=\"color: #ff6600\">Africa-Press<\/span><\/strong><\/p>\n","protected":false},"excerpt":{"rendered":"<p>Africa-Press &#8211; C\u00f4te d&rsquo;Ivoire. Le coordinateur de la Coalition Nationale pour la Paix-PDCI-RDA, , a lance\u0301 ce lundi 11 aou\u0302t 2025, depuis la Maison de la Presse au Plateau, un appel pressant a\u0300 la haute Direction de son parti. Il exige la convocation imme\u0301diate d\u2019un bureau politique, afin de prendre des mesures d&rsquo;urgence face a\u0300 [&hellip;]<\/p>\n","protected":false},"author":82,"featured_media":103534,"comment_status":"open","ping_status":"closed","sticky":false,"template":"","format":"standard","meta":{"footnotes":""},"categories":[2,10],"tags":[15829,18442,29,18440,18441,363,739],"class_list":["post-103535","post","type-post","status-publish","format-standard","has-post-thumbnail","hentry","category-politique","category-toutes-les-actualites","tag-avenir","tag-brou-koffi-pascal","tag-cote-divoire","tag-fracture","tag-incertain","tag-parti","tag-pdci-rda"],"yoast_head":"<!-- This site is optimized with the Yoast SEO Premium plugin v26.1 (Yoast SEO v27.0) - https:\/\/yoast.com\/product\/yoast-seo-premium-wordpress\/ -->\n<title>PDCI-RDA Demande Bureau Politique d&#039;Urgence pour Unit\u00e9 - C\u00f4te d&#039;Ivoire<\/title>\n<meta name=\"description\" content=\"Le coordinateur de la Coalition Nationale pour la Paix-PDCI-RDA, , a lance\u0301 ce lundi 11 aou\u0302t 2025, depuis la Maison de ...\" \/>\n<meta name=\"robots\" content=\"index, follow, max-snippet:-1, max-image-preview:large, max-video-preview:-1\" \/>\n<link rel=\"canonical\" href=\"https:\/\/www.africa-press.net\/cotedivoire\/politique\/pdci-rda-demande-bureau-politique-durgence-pour-unite\" \/>\n<meta property=\"og:locale\" content=\"fr_FR\" \/>\n<meta property=\"og:type\" content=\"article\" \/>\n<meta property=\"og:title\" content=\"PDCI-RDA Demande Bureau Politique d&#039;Urgence pour Unit\u00e9\" \/>\n<meta property=\"og:description\" content=\"Le coordinateur de la Coalition Nationale pour la Paix-PDCI-RDA, , a lance\u0301 ce lundi 11 aou\u0302t 2025, depuis la Maison de ...\" \/>\n<meta property=\"og:url\" content=\"https:\/\/www.africa-press.net\/cotedivoire\/politique\/pdci-rda-demande-bureau-politique-durgence-pour-unite\" \/>\n<meta property=\"og:site_name\" content=\"C\u00f4te d&#039;Ivoire\" \/>\n<meta property=\"article:published_time\" content=\"2025-08-12T18:14:35+00:00\" \/>\n<meta property=\"article:modified_time\" content=\"2025-08-12T18:28:00+00:00\" \/>\n<meta property=\"og:image\" content=\"https:\/\/static.africa-press.net\/cote\/sites\/43\/2025\/08\/sm_1755010655.894009.jpg\" \/>\n\t<meta property=\"og:image:width\" content=\"720\" \/>\n\t<meta property=\"og:image:height\" content=\"403\" \/>\n\t<meta property=\"og:image:type\" content=\"image\/jpeg\" \/>\n<meta name=\"author\" content=\"cfeditorfr\" \/>\n<meta name=\"twitter:card\" content=\"summary_large_image\" \/>\n<meta name=\"twitter:label1\" content=\"\u00c9crit par\" \/>\n\t<meta name=\"twitter:data1\" content=\"cfeditorfr\" \/>\n\t<meta name=\"twitter:label2\" content=\"Dur\u00e9e de lecture estim\u00e9e\" \/>\n\t<meta name=\"twitter:data2\" content=\"3 minutes\" \/>\n<script type=\"application\/ld+json\" class=\"yoast-schema-graph\">{\"@context\":\"https:\/\/schema.org\",\"@graph\":[{\"@type\":\"Article\",\"@id\":\"https:\/\/www.africa-press.net\/cotedivoire\/politique\/pdci-rda-demande-bureau-politique-durgence-pour-unite#article\",\"isPartOf\":{\"@id\":\"https:\/\/www.africa-press.net\/cotedivoire\/politique\/pdci-rda-demande-bureau-politique-durgence-pour-unite\"},\"author\":{\"name\":\"cfeditorfr\",\"@id\":\"https:\/\/www.africa-press.net\/cotedivoire\/#\/schema\/person\/2b1cf3cd81a31e3cd26889ca66d677f1\"},\"headline\":\"PDCI-RDA Demande Bureau Politique d&rsquo;Urgence pour Unit\u00e9\",\"datePublished\":\"2025-08-12T18:14:35+00:00\",\"dateModified\":\"2025-08-12T18:28:00+00:00\",\"mainEntityOfPage\":{\"@id\":\"https:\/\/www.africa-press.net\/cotedivoire\/politique\/pdci-rda-demande-bureau-politique-durgence-pour-unite\"},\"wordCount\":706,\"commentCount\":0,\"image\":{\"@id\":\"https:\/\/www.africa-press.net\/cotedivoire\/politique\/pdci-rda-demande-bureau-politique-durgence-pour-unite#primaryimage\"},\"thumbnailUrl\":\"https:\/\/static.africa-press.net\/cote\/sites\/43\/2025\/08\/sm_1755010655.894009.jpg\",\"keywords\":[\"avenir\",\"Brou Koffi Pascal\",\"C\u00d4TE D'IVOIRE\",\"fractur\u00e9\",\"incertain\",\"Parti\",\"PDCI-RDA\"],\"articleSection\":[\"Politique\",\"Toutes les actualit\u00e9s\"],\"inLanguage\":\"fr-FR\",\"potentialAction\":[{\"@type\":\"CommentAction\",\"name\":\"Comment\",\"target\":[\"https:\/\/www.africa-press.net\/cotedivoire\/politique\/pdci-rda-demande-bureau-politique-durgence-pour-unite#respond\"]}]},{\"@type\":\"WebPage\",\"@id\":\"https:\/\/www.africa-press.net\/cotedivoire\/politique\/pdci-rda-demande-bureau-politique-durgence-pour-unite\",\"url\":\"https:\/\/www.africa-press.net\/cotedivoire\/politique\/pdci-rda-demande-bureau-politique-durgence-pour-unite\",\"name\":\"PDCI-RDA Demande Bureau Politique d'Urgence pour Unit\u00e9 - C\u00f4te d&#039;Ivoire\",\"isPartOf\":{\"@id\":\"https:\/\/www.africa-press.net\/cotedivoire\/#website\"},\"primaryImageOfPage\":{\"@id\":\"https:\/\/www.africa-press.net\/cotedivoire\/politique\/pdci-rda-demande-bureau-politique-durgence-pour-unite#primaryimage\"},\"image\":{\"@id\":\"https:\/\/www.africa-press.net\/cotedivoire\/politique\/pdci-rda-demande-bureau-politique-durgence-pour-unite#primaryimage\"},\"thumbnailUrl\":\"https:\/\/static.africa-press.net\/cote\/sites\/43\/2025\/08\/sm_1755010655.894009.jpg\",\"datePublished\":\"2025-08-12T18:14:35+00:00\",\"dateModified\":\"2025-08-12T18:28:00+00:00\",\"author\":{\"@id\":\"https:\/\/www.africa-press.net\/cotedivoire\/#\/schema\/person\/2b1cf3cd81a31e3cd26889ca66d677f1\"},\"description\":\"Le coordinateur de la Coalition Nationale pour la Paix-PDCI-RDA, , a lance\u0301 ce lundi 11 aou\u0302t 2025, depuis la Maison de ...\",\"breadcrumb\":{\"@id\":\"https:\/\/www.africa-press.net\/cotedivoire\/politique\/pdci-rda-demande-bureau-politique-durgence-pour-unite#breadcrumb\"},\"inLanguage\":\"fr-FR\",\"potentialAction\":[{\"@type\":\"ReadAction\",\"target\":[\"https:\/\/www.africa-press.net\/cotedivoire\/politique\/pdci-rda-demande-bureau-politique-durgence-pour-unite\"]}]},{\"@type\":\"ImageObject\",\"inLanguage\":\"fr-FR\",\"@id\":\"https:\/\/www.africa-press.net\/cotedivoire\/politique\/pdci-rda-demande-bureau-politique-durgence-pour-unite#primaryimage\",\"url\":\"https:\/\/static.africa-press.net\/cote\/sites\/43\/2025\/08\/sm_1755010655.894009.jpg\",\"contentUrl\":\"https:\/\/static.africa-press.net\/cote\/sites\/43\/2025\/08\/sm_1755010655.894009.jpg\",\"width\":720,\"height\":403,\"caption\":\"PDCI-RDA Demande Bureau Politique d'Urgence pour Unit\u00e9\"},{\"@type\":\"BreadcrumbList\",\"@id\":\"https:\/\/www.africa-press.net\/cotedivoire\/politique\/pdci-rda-demande-bureau-politique-durgence-pour-unite#breadcrumb\",\"itemListElement\":[{\"@type\":\"ListItem\",\"position\":1,\"name\":\"Accueil\",\"item\":\"https:\/\/www.africa-press.net\/cotedivoire\/\"},{\"@type\":\"ListItem\",\"position\":2,\"name\":\"PDCI-RDA Demande Bureau Politique d&#8217;Urgence pour Unit\u00e9\"}]},{\"@type\":\"WebSite\",\"@id\":\"https:\/\/www.africa-press.net\/cotedivoire\/#website\",\"url\":\"https:\/\/www.africa-press.net\/cotedivoire\/\",\"name\":\"C\u00f4te d&#039;Ivoire\",\"description\":\"Just another Africa News Agency Sites site\",\"potentialAction\":[{\"@type\":\"SearchAction\",\"target\":{\"@type\":\"EntryPoint\",\"urlTemplate\":\"https:\/\/www.africa-press.net\/cotedivoire\/?s={search_term_string}\"},\"query-input\":{\"@type\":\"PropertyValueSpecification\",\"valueRequired\":true,\"valueName\":\"search_term_string\"}}],\"inLanguage\":\"fr-FR\"},{\"@type\":\"Person\",\"@id\":\"https:\/\/www.africa-press.net\/cotedivoire\/#\/schema\/person\/2b1cf3cd81a31e3cd26889ca66d677f1\",\"name\":\"cfeditorfr\"}]}<\/script>\n<!-- \/ Yoast SEO Premium plugin. -->","yoast_head_json":{"title":"PDCI-RDA Demande Bureau Politique d'Urgence pour Unit\u00e9 - C\u00f4te d&#039;Ivoire","description":"Le coordinateur de la Coalition Nationale pour la Paix-PDCI-RDA, , a lance\u0301 ce lundi 11 aou\u0302t 2025, depuis la Maison de ...","robots":{"index":"index","follow":"follow","max-snippet":"max-snippet:-1","max-image-preview":"max-image-preview:large","max-video-preview":"max-video-preview:-1"},"canonical":"https:\/\/www.africa-press.net\/cotedivoire\/politique\/pdci-rda-demande-bureau-politique-durgence-pour-unite","og_locale":"fr_FR","og_type":"article","og_title":"PDCI-RDA Demande Bureau Politique d'Urgence pour Unit\u00e9","og_description":"Le coordinateur de la Coalition Nationale pour la Paix-PDCI-RDA, , a lance\u0301 ce lundi 11 aou\u0302t 2025, depuis la Maison de ...","og_url":"https:\/\/www.africa-press.net\/cotedivoire\/politique\/pdci-rda-demande-bureau-politique-durgence-pour-unite","og_site_name":"C\u00f4te d&#039;Ivoire","article_published_time":"2025-08-12T18:14:35+00:00","article_modified_time":"2025-08-12T18:28:00+00:00","og_image":[{"width":720,"height":403,"url":"https:\/\/static.africa-press.net\/cote\/sites\/43\/2025\/08\/sm_1755010655.894009.jpg","type":"image\/jpeg"}],"author":"cfeditorfr","twitter_card":"summary_large_image","twitter_misc":{"\u00c9crit par":"cfeditorfr","Dur\u00e9e de lecture estim\u00e9e":"3 minutes"},"schema":{"@context":"https:\/\/schema.org","@graph":[{"@type":"Article","@id":"https:\/\/www.africa-press.net\/cotedivoire\/politique\/pdci-rda-demande-bureau-politique-durgence-pour-unite#article","isPartOf":{"@id":"https:\/\/www.africa-press.net\/cotedivoire\/politique\/pdci-rda-demande-bureau-politique-durgence-pour-unite"},"author":{"name":"cfeditorfr","@id":"https:\/\/www.africa-press.net\/cotedivoire\/#\/schema\/person\/2b1cf3cd81a31e3cd26889ca66d677f1"},"headline":"PDCI-RDA Demande Bureau Politique d&rsquo;Urgence pour Unit\u00e9","datePublished":"2025-08-12T18:14:35+00:00","dateModified":"2025-08-12T18:28:00+00:00","mainEntityOfPage":{"@id":"https:\/\/www.africa-press.net\/cotedivoire\/politique\/pdci-rda-demande-bureau-politique-durgence-pour-unite"},"wordCount":706,"commentCount":0,"image":{"@id":"https:\/\/www.africa-press.net\/cotedivoire\/politique\/pdci-rda-demande-bureau-politique-durgence-pour-unite#primaryimage"},"thumbnailUrl":"https:\/\/static.africa-press.net\/cote\/sites\/43\/2025\/08\/sm_1755010655.894009.jpg","keywords":["avenir","Brou Koffi Pascal","C\u00d4TE D'IVOIRE","fractur\u00e9","incertain","Parti","PDCI-RDA"],"articleSection":["Politique","Toutes les actualit\u00e9s"],"inLanguage":"fr-FR","potentialAction":[{"@type":"CommentAction","name":"Comment","target":["https:\/\/www.africa-press.net\/cotedivoire\/politique\/pdci-rda-demande-bureau-politique-durgence-pour-unite#respond"]}]},{"@type":"WebPage","@id":"https:\/\/www.africa-press.net\/cotedivoire\/politique\/pdci-rda-demande-bureau-politique-durgence-pour-unite","url":"https:\/\/www.africa-press.net\/cotedivoire\/politique\/pdci-rda-demande-bureau-politique-durgence-pour-unite","name":"PDCI-RDA Demande Bureau Politique d'Urgence pour Unit\u00e9 - C\u00f4te d&#039;Ivoire","isPartOf":{"@id":"https:\/\/www.africa-press.net\/cotedivoire\/#website"},"primaryImageOfPage":{"@id":"https:\/\/www.africa-press.net\/cotedivoire\/politique\/pdci-rda-demande-bureau-politique-durgence-pour-unite#primaryimage"},"image":{"@id":"https:\/\/www.africa-press.net\/cotedivoire\/politique\/pdci-rda-demande-bureau-politique-durgence-pour-unite#primaryimage"},"thumbnailUrl":"https:\/\/static.africa-press.net\/cote\/sites\/43\/2025\/08\/sm_1755010655.894009.jpg","datePublished":"2025-08-12T18:14:35+00:00","dateModified":"2025-08-12T18:28:00+00:00","author":{"@id":"https:\/\/www.africa-press.net\/cotedivoire\/#\/schema\/person\/2b1cf3cd81a31e3cd26889ca66d677f1"},"description":"Le coordinateur de la Coalition Nationale pour la Paix-PDCI-RDA, , a lance\u0301 ce lundi 11 aou\u0302t 2025, depuis la Maison de ...","breadcrumb":{"@id":"https:\/\/www.africa-press.net\/cotedivoire\/politique\/pdci-rda-demande-bureau-politique-durgence-pour-unite#breadcrumb"},"inLanguage":"fr-FR","potentialAction":[{"@type":"ReadAction","target":["https:\/\/www.africa-press.net\/cotedivoire\/politique\/pdci-rda-demande-bureau-politique-durgence-pour-unite"]}]},{"@type":"ImageObject","inLanguage":"fr-FR","@id":"https:\/\/www.africa-press.net\/cotedivoire\/politique\/pdci-rda-demande-bureau-politique-durgence-pour-unite#primaryimage","url":"https:\/\/static.africa-press.net\/cote\/sites\/43\/2025\/08\/sm_1755010655.894009.jpg","contentUrl":"https:\/\/static.africa-press.net\/cote\/sites\/43\/2025\/08\/sm_1755010655.894009.jpg","width":720,"height":403,"caption":"PDCI-RDA Demande Bureau Politique d'Urgence pour Unit\u00e9"},{"@type":"BreadcrumbList","@id":"https:\/\/www.africa-press.net\/cotedivoire\/politique\/pdci-rda-demande-bureau-politique-durgence-pour-unite#breadcrumb","itemListElement":[{"@type":"ListItem","position":1,"name":"Accueil","item":"https:\/\/www.africa-press.net\/cotedivoire\/"},{"@type":"ListItem","position":2,"name":"PDCI-RDA Demande Bureau Politique d&#8217;Urgence pour Unit\u00e9"}]},{"@type":"WebSite","@id":"https:\/\/www.africa-press.net\/cotedivoire\/#website","url":"https:\/\/www.africa-press.net\/cotedivoire\/","name":"C\u00f4te d&#039;Ivoire","description":"Just another Africa News Agency Sites site","potentialAction":[{"@type":"SearchAction","target":{"@type":"EntryPoint","urlTemplate":"https:\/\/www.africa-press.net\/cotedivoire\/?s={search_term_string}"},"query-input":{"@type":"PropertyValueSpecification","valueRequired":true,"valueName":"search_term_string"}}],"inLanguage":"fr-FR"},{"@type":"Person","@id":"https:\/\/www.africa-press.net\/cotedivoire\/#\/schema\/person\/2b1cf3cd81a31e3cd26889ca66d677f1","name":"cfeditorfr"}]}},"_links":{"self":[{"href":"https:\/\/www.africa-press.net\/cotedivoire\/wp-json\/wp\/v2\/posts\/103535","targetHints":{"allow":["GET"]}}],"collection":[{"href":"https:\/\/www.africa-press.net\/cotedivoire\/wp-json\/wp\/v2\/posts"}],"about":[{"href":"https:\/\/www.africa-press.net\/cotedivoire\/wp-json\/wp\/v2\/types\/post"}],"author":[{"embeddable":true,"href":"https:\/\/www.africa-press.net\/cotedivoire\/wp-json\/wp\/v2\/users\/82"}],"replies":[{"embeddable":true,"href":"https:\/\/www.africa-press.net\/cotedivoire\/wp-json\/wp\/v2\/comments?post=103535"}],"version-history":[{"count":0,"href":"https:\/\/www.africa-press.net\/cotedivoire\/wp-json\/wp\/v2\/posts\/103535\/revisions"}],"wp:featuredmedia":[{"embeddable":true,"href":"https:\/\/www.africa-press.net\/cotedivoire\/wp-json\/wp\/v2\/media\/103534"}],"wp:attachment":[{"href":"https:\/\/www.africa-press.net\/cotedivoire\/wp-json\/wp\/v2\/media?parent=103535"}],"wp:term":[{"taxonomy":"category","embeddable":true,"href":"https:\/\/www.africa-press.net\/cotedivoire\/wp-json\/wp\/v2\/categories?post=103535"},{"taxonomy":"post_tag","embeddable":true,"href":"https:\/\/www.africa-press.net\/cotedivoire\/wp-json\/wp\/v2\/tags?post=103535"}],"curies":[{"name":"wp","href":"https:\/\/api.w.org\/{rel}","templated":true}]}}