{"id":103542,"date":"2025-08-12T18:16:50","date_gmt":"2025-08-12T18:16:50","guid":{"rendered":"https:\/\/www.africa-press.net\/cotedivoire\/politique\/tcheide-informe-la-population-avant-le-meeting-de-gbagbo"},"modified":"2025-08-12T18:28:25","modified_gmt":"2025-08-12T18:28:25","slug":"tcheide-informe-la-population-avant-le-meeting-de-gbagbo","status":"publish","type":"post","link":"https:\/\/www.africa-press.net\/cotedivoire\/politique\/tcheide-informe-la-population-avant-le-meeting-de-gbagbo","title":{"rendered":"Tcheid\u00e9 Informe la Population Avant le Meeting de Gbagbo"},"content":{"rendered":"<p><span style=\"color: #ff6600\"><strong>Africa-Press &#8211; C\u00f4te d&rsquo;Ivoire. <\/strong><\/span>A\u0300 peine rentre\u0301 de la grande marche du Front commun a\u0300 Abidjan, le Secre\u0301taire ge\u0301ne\u0301ral du PPA-CI, Jean Gervais Tcheide\u0301, a repris la route. Le dimanche 10 aou\u0302t, c\u2019est a\u0300 Affe\u0301ry, dans la re\u0301gion de la Me\u0301, qu\u2019il a choisi de poser ses valises, accompagne\u0301 d\u2019une forte de\u0301le\u0301gation. Objectif: communier avec les militants a\u0300 l\u2019occasion de la Journe\u0301e du Militant, organise\u0301e par la fe\u0301de\u0301ration locale sous la houlette de Kalili Ibrahim.<\/p>\n<p>De\u0300s son arrive\u0301e, la chaleur humaine se me\u0302le au rythme des tambours. Le corte\u0300ge est d\u2019abord rec\u0327u a\u0300 Akoupe\u0301 par le fe\u0301de\u0301ral Achi Nicolas, puis escorte\u0301 jusqu\u2019a\u0300 Affe\u0301ry ou\u0300 l\u2019attend Kalili Ibrahim, entoure\u0301 de figures politiques de la re\u0301gion: le ministre Le\u0301on Emmanuel Monnet, pre\u0301sident du CPP, Assi N\u2019Din The\u0301odore, maire de Yakasse\u0301-Attobrou, ainsi que plusieurs responsables territoriaux. Avant d\u2019entrer dans le vif de la rencontre, Jean Gervais Tcheide\u0301 marque un temps de respect institutionnel en rendant visite a\u0300 la secre\u0301taire ge\u0301ne\u0301rale de pre\u0301fecture, Mme Attoungbre\u0301 Marie-Chantal, et au de\u0301pute\u0301 d\u2019Affe\u0301ry, Be\u0301chie\u0301 Paul.<\/p>\n<p>Sur le lieu du rassemblement, l\u2019accueil est triomphal. La population, en liesse, traduit par ses chants et ses danses une fide\u0301lite\u0301 sans faille a\u0300 Laurent Gbagbo. Dans les discours qui se succe\u0300dent, la parole du fe\u0301de\u0301ral Kalili Ibrahim retentit comme une promesse: celle d\u2019un peuple Akye\u0301 uni derrie\u0300re son leader, pre\u0302t a\u0300 le porter de nouveau au palais pre\u0301sidentiel. Michel Gbagbo, invite\u0301 spe\u0301cial de la ce\u0301re\u0301monie, puis le ministre Emmanuel Monnet, rendent hommage a\u0300 ces pionniers et \u201cmamans Gbagbo\u201d qui ont accompagne\u0301 la lutte depuis ses premie\u0300res heures. Trente-quatre d\u2019entre eux rec\u0327oivent un diplo\u0302me d\u2019honneur, dans un moment d\u2019e\u0301motion partage\u0301e.<\/p>\n<p>Lorsque Jean Gervais Tcheide\u0301 prend enfin la parole, son message est direct et sans de\u0301tour. Il salue la fide\u0301lite\u0301 et la combativite\u0301 du peuple Akye\u0301, annonce officiellement la participation de Laurent Gbagbo a\u0300 l\u2019e\u0301lection pre\u0301sidentielle d\u2019octobre 2025 et clarifie la position du parti sur un e\u0301ventuel quatrie\u0300me mandat. Mais il ne s\u2019arre\u0302te pas la\u0300: il a de\u0301nonce\u0301 les arrestations re\u0301pe\u0301te\u0301es de camarades de lutte, qu\u2019il qualifie d\u2019actes de\u0301sespe\u0301re\u0301s du pouvoir en place, et appelle a\u0300 une mobilisation ge\u0301ne\u0301rale. Son intervention se termine sur un appel fort: la grande tourne\u0301e de Laurent Gbagbo a\u0300 Yopougon, pre\u0301vue pour le 16 aou\u0302t, devra e\u0302tre une de\u0301monstration massive de soutien.<\/p>\n<p>Sur le chemin du retour, la de\u0301le\u0301gation s\u2019arre\u0302te a\u0300 Azaguie\u0301. La\u0300 encore, le message passe: engagement, unite\u0301 et participation active au combat politique. Les militants, galvanise\u0301s par ces e\u0301changes, re\u0301affirment leur de\u0301termination a\u0300 accompagner leur leader jusqu\u2019au bout.<\/p>\n<p><strong>Pour plus d&rsquo;informations et d&rsquo;analyses sur la <span style=\"color: #ff6600\">C\u00f4te d&rsquo;Ivoire<\/span>, suivez <span style=\"color: #ff6600\">Africa-Press<\/span><\/strong><\/p>\n","protected":false},"excerpt":{"rendered":"<p>Africa-Press &#8211; C\u00f4te d&rsquo;Ivoire. A\u0300 peine rentre\u0301 de la grande marche du Front commun a\u0300 Abidjan, le Secre\u0301taire ge\u0301ne\u0301ral du PPA-CI, Jean Gervais Tcheide\u0301, a repris la route. Le dimanche 10 aou\u0302t, c\u2019est a\u0300 Affe\u0301ry, dans la re\u0301gion de la Me\u0301, qu\u2019il a choisi de poser ses valises, accompagne\u0301 d\u2019une forte de\u0301le\u0301gation. Objectif: communier avec [&hellip;]<\/p>\n","protected":false},"author":82,"featured_media":103540,"comment_status":"open","ping_status":"closed","sticky":false,"template":"","format":"standard","meta":{"footnotes":""},"categories":[2,10],"tags":[30,4454,29,18446,320,1066,15105],"class_list":["post-103542","post","type-post","status-publish","format-standard","has-post-thumbnail","hentry","category-politique","category-toutes-les-actualites","tag-abidjan","tag-affery","tag-cote-divoire","tag-cpp","tag-gbagbo","tag-me","tag-tcheide"],"yoast_head":"<!-- This site is optimized with the Yoast SEO Premium plugin v26.1 (Yoast SEO v27.0) - https:\/\/yoast.com\/product\/yoast-seo-premium-wordpress\/ -->\n<title>Tcheid\u00e9 Informe la Population Avant le Meeting de Gbagbo - C\u00f4te d&#039;Ivoire<\/title>\n<meta name=\"description\" content=\"A\u0300 peine rentre\u0301 de la grande marche du Front commun a\u0300 Abidjan, le Secre\u0301taire ge\u0301ne\u0301ral du PPA-CI, Jean Gervais Tcheid ...\" \/>\n<meta name=\"robots\" content=\"index, follow, max-snippet:-1, max-image-preview:large, max-video-preview:-1\" \/>\n<link rel=\"canonical\" href=\"https:\/\/www.africa-press.net\/cotedivoire\/politique\/tcheide-informe-la-population-avant-le-meeting-de-gbagbo\" \/>\n<meta property=\"og:locale\" content=\"fr_FR\" \/>\n<meta property=\"og:type\" content=\"article\" \/>\n<meta property=\"og:title\" content=\"Tcheid\u00e9 Informe la Population Avant le Meeting de Gbagbo\" \/>\n<meta property=\"og:description\" content=\"A\u0300 peine rentre\u0301 de la grande marche du Front commun a\u0300 Abidjan, le Secre\u0301taire ge\u0301ne\u0301ral du PPA-CI, Jean Gervais Tcheid ...\" \/>\n<meta property=\"og:url\" content=\"https:\/\/www.africa-press.net\/cotedivoire\/politique\/tcheide-informe-la-population-avant-le-meeting-de-gbagbo\" \/>\n<meta property=\"og:site_name\" content=\"C\u00f4te d&#039;Ivoire\" \/>\n<meta property=\"article:published_time\" content=\"2025-08-12T18:16:50+00:00\" \/>\n<meta property=\"article:modified_time\" content=\"2025-08-12T18:28:25+00:00\" \/>\n<meta property=\"og:image\" content=\"https:\/\/static.africa-press.net\/cote\/sites\/43\/2025\/08\/sm_1755010680.976056.jpg\" \/>\n\t<meta property=\"og:image:width\" content=\"720\" \/>\n\t<meta property=\"og:image:height\" content=\"540\" \/>\n\t<meta property=\"og:image:type\" content=\"image\/jpeg\" \/>\n<meta name=\"author\" content=\"cfeditorfr\" \/>\n<meta name=\"twitter:card\" content=\"summary_large_image\" \/>\n<meta name=\"twitter:label1\" content=\"\u00c9crit par\" \/>\n\t<meta name=\"twitter:data1\" content=\"cfeditorfr\" \/>\n\t<meta name=\"twitter:label2\" content=\"Dur\u00e9e de lecture estim\u00e9e\" \/>\n\t<meta name=\"twitter:data2\" content=\"3 minutes\" \/>\n<script type=\"application\/ld+json\" class=\"yoast-schema-graph\">{\"@context\":\"https:\/\/schema.org\",\"@graph\":[{\"@type\":\"Article\",\"@id\":\"https:\/\/www.africa-press.net\/cotedivoire\/politique\/tcheide-informe-la-population-avant-le-meeting-de-gbagbo#article\",\"isPartOf\":{\"@id\":\"https:\/\/www.africa-press.net\/cotedivoire\/politique\/tcheide-informe-la-population-avant-le-meeting-de-gbagbo\"},\"author\":{\"name\":\"cfeditorfr\",\"@id\":\"https:\/\/www.africa-press.net\/cotedivoire\/#\/schema\/person\/2b1cf3cd81a31e3cd26889ca66d677f1\"},\"headline\":\"Tcheid\u00e9 Informe la Population Avant le Meeting de Gbagbo\",\"datePublished\":\"2025-08-12T18:16:50+00:00\",\"dateModified\":\"2025-08-12T18:28:25+00:00\",\"mainEntityOfPage\":{\"@id\":\"https:\/\/www.africa-press.net\/cotedivoire\/politique\/tcheide-informe-la-population-avant-le-meeting-de-gbagbo\"},\"wordCount\":532,\"commentCount\":0,\"image\":{\"@id\":\"https:\/\/www.africa-press.net\/cotedivoire\/politique\/tcheide-informe-la-population-avant-le-meeting-de-gbagbo#primaryimage\"},\"thumbnailUrl\":\"https:\/\/static.africa-press.net\/cote\/sites\/43\/2025\/08\/sm_1755010680.976056.jpg\",\"keywords\":[\"Abidjan\",\"Aff\u00e9ry\",\"C\u00d4TE D'IVOIRE\",\"CPP\",\"Gbagbo\",\"M\u00e9\",\"Tch\u00e9id\u00e9\"],\"articleSection\":[\"Politique\",\"Toutes les actualit\u00e9s\"],\"inLanguage\":\"fr-FR\",\"potentialAction\":[{\"@type\":\"CommentAction\",\"name\":\"Comment\",\"target\":[\"https:\/\/www.africa-press.net\/cotedivoire\/politique\/tcheide-informe-la-population-avant-le-meeting-de-gbagbo#respond\"]}]},{\"@type\":\"WebPage\",\"@id\":\"https:\/\/www.africa-press.net\/cotedivoire\/politique\/tcheide-informe-la-population-avant-le-meeting-de-gbagbo\",\"url\":\"https:\/\/www.africa-press.net\/cotedivoire\/politique\/tcheide-informe-la-population-avant-le-meeting-de-gbagbo\",\"name\":\"Tcheid\u00e9 Informe la Population Avant le Meeting de Gbagbo - C\u00f4te d&#039;Ivoire\",\"isPartOf\":{\"@id\":\"https:\/\/www.africa-press.net\/cotedivoire\/#website\"},\"primaryImageOfPage\":{\"@id\":\"https:\/\/www.africa-press.net\/cotedivoire\/politique\/tcheide-informe-la-population-avant-le-meeting-de-gbagbo#primaryimage\"},\"image\":{\"@id\":\"https:\/\/www.africa-press.net\/cotedivoire\/politique\/tcheide-informe-la-population-avant-le-meeting-de-gbagbo#primaryimage\"},\"thumbnailUrl\":\"https:\/\/static.africa-press.net\/cote\/sites\/43\/2025\/08\/sm_1755010680.976056.jpg\",\"datePublished\":\"2025-08-12T18:16:50+00:00\",\"dateModified\":\"2025-08-12T18:28:25+00:00\",\"author\":{\"@id\":\"https:\/\/www.africa-press.net\/cotedivoire\/#\/schema\/person\/2b1cf3cd81a31e3cd26889ca66d677f1\"},\"description\":\"A\u0300 peine rentre\u0301 de la grande marche du Front commun a\u0300 Abidjan, le Secre\u0301taire ge\u0301ne\u0301ral du PPA-CI, Jean Gervais Tcheid ...\",\"breadcrumb\":{\"@id\":\"https:\/\/www.africa-press.net\/cotedivoire\/politique\/tcheide-informe-la-population-avant-le-meeting-de-gbagbo#breadcrumb\"},\"inLanguage\":\"fr-FR\",\"potentialAction\":[{\"@type\":\"ReadAction\",\"target\":[\"https:\/\/www.africa-press.net\/cotedivoire\/politique\/tcheide-informe-la-population-avant-le-meeting-de-gbagbo\"]}]},{\"@type\":\"ImageObject\",\"inLanguage\":\"fr-FR\",\"@id\":\"https:\/\/www.africa-press.net\/cotedivoire\/politique\/tcheide-informe-la-population-avant-le-meeting-de-gbagbo#primaryimage\",\"url\":\"https:\/\/static.africa-press.net\/cote\/sites\/43\/2025\/08\/sm_1755010680.976056.jpg\",\"contentUrl\":\"https:\/\/static.africa-press.net\/cote\/sites\/43\/2025\/08\/sm_1755010680.976056.jpg\",\"width\":720,\"height\":540,\"caption\":\"Tcheid\u00e9 Informe la Population Avant le Meeting de Gbagbo\"},{\"@type\":\"BreadcrumbList\",\"@id\":\"https:\/\/www.africa-press.net\/cotedivoire\/politique\/tcheide-informe-la-population-avant-le-meeting-de-gbagbo#breadcrumb\",\"itemListElement\":[{\"@type\":\"ListItem\",\"position\":1,\"name\":\"Accueil\",\"item\":\"https:\/\/www.africa-press.net\/cotedivoire\/\"},{\"@type\":\"ListItem\",\"position\":2,\"name\":\"Tcheid\u00e9 Informe la Population Avant le Meeting de Gbagbo\"}]},{\"@type\":\"WebSite\",\"@id\":\"https:\/\/www.africa-press.net\/cotedivoire\/#website\",\"url\":\"https:\/\/www.africa-press.net\/cotedivoire\/\",\"name\":\"C\u00f4te d&#039;Ivoire\",\"description\":\"Just another Africa News Agency Sites site\",\"potentialAction\":[{\"@type\":\"SearchAction\",\"target\":{\"@type\":\"EntryPoint\",\"urlTemplate\":\"https:\/\/www.africa-press.net\/cotedivoire\/?s={search_term_string}\"},\"query-input\":{\"@type\":\"PropertyValueSpecification\",\"valueRequired\":true,\"valueName\":\"search_term_string\"}}],\"inLanguage\":\"fr-FR\"},{\"@type\":\"Person\",\"@id\":\"https:\/\/www.africa-press.net\/cotedivoire\/#\/schema\/person\/2b1cf3cd81a31e3cd26889ca66d677f1\",\"name\":\"cfeditorfr\"}]}<\/script>\n<!-- \/ Yoast SEO Premium plugin. -->","yoast_head_json":{"title":"Tcheid\u00e9 Informe la Population Avant le Meeting de Gbagbo - C\u00f4te d&#039;Ivoire","description":"A\u0300 peine rentre\u0301 de la grande marche du Front commun a\u0300 Abidjan, le Secre\u0301taire ge\u0301ne\u0301ral du PPA-CI, Jean Gervais Tcheid ...","robots":{"index":"index","follow":"follow","max-snippet":"max-snippet:-1","max-image-preview":"max-image-preview:large","max-video-preview":"max-video-preview:-1"},"canonical":"https:\/\/www.africa-press.net\/cotedivoire\/politique\/tcheide-informe-la-population-avant-le-meeting-de-gbagbo","og_locale":"fr_FR","og_type":"article","og_title":"Tcheid\u00e9 Informe la Population Avant le Meeting de Gbagbo","og_description":"A\u0300 peine rentre\u0301 de la grande marche du Front commun a\u0300 Abidjan, le Secre\u0301taire ge\u0301ne\u0301ral du PPA-CI, Jean Gervais Tcheid ...","og_url":"https:\/\/www.africa-press.net\/cotedivoire\/politique\/tcheide-informe-la-population-avant-le-meeting-de-gbagbo","og_site_name":"C\u00f4te d&#039;Ivoire","article_published_time":"2025-08-12T18:16:50+00:00","article_modified_time":"2025-08-12T18:28:25+00:00","og_image":[{"width":720,"height":540,"url":"https:\/\/static.africa-press.net\/cote\/sites\/43\/2025\/08\/sm_1755010680.976056.jpg","type":"image\/jpeg"}],"author":"cfeditorfr","twitter_card":"summary_large_image","twitter_misc":{"\u00c9crit par":"cfeditorfr","Dur\u00e9e de lecture estim\u00e9e":"3 minutes"},"schema":{"@context":"https:\/\/schema.org","@graph":[{"@type":"Article","@id":"https:\/\/www.africa-press.net\/cotedivoire\/politique\/tcheide-informe-la-population-avant-le-meeting-de-gbagbo#article","isPartOf":{"@id":"https:\/\/www.africa-press.net\/cotedivoire\/politique\/tcheide-informe-la-population-avant-le-meeting-de-gbagbo"},"author":{"name":"cfeditorfr","@id":"https:\/\/www.africa-press.net\/cotedivoire\/#\/schema\/person\/2b1cf3cd81a31e3cd26889ca66d677f1"},"headline":"Tcheid\u00e9 Informe la Population Avant le Meeting de Gbagbo","datePublished":"2025-08-12T18:16:50+00:00","dateModified":"2025-08-12T18:28:25+00:00","mainEntityOfPage":{"@id":"https:\/\/www.africa-press.net\/cotedivoire\/politique\/tcheide-informe-la-population-avant-le-meeting-de-gbagbo"},"wordCount":532,"commentCount":0,"image":{"@id":"https:\/\/www.africa-press.net\/cotedivoire\/politique\/tcheide-informe-la-population-avant-le-meeting-de-gbagbo#primaryimage"},"thumbnailUrl":"https:\/\/static.africa-press.net\/cote\/sites\/43\/2025\/08\/sm_1755010680.976056.jpg","keywords":["Abidjan","Aff\u00e9ry","C\u00d4TE D'IVOIRE","CPP","Gbagbo","M\u00e9","Tch\u00e9id\u00e9"],"articleSection":["Politique","Toutes les actualit\u00e9s"],"inLanguage":"fr-FR","potentialAction":[{"@type":"CommentAction","name":"Comment","target":["https:\/\/www.africa-press.net\/cotedivoire\/politique\/tcheide-informe-la-population-avant-le-meeting-de-gbagbo#respond"]}]},{"@type":"WebPage","@id":"https:\/\/www.africa-press.net\/cotedivoire\/politique\/tcheide-informe-la-population-avant-le-meeting-de-gbagbo","url":"https:\/\/www.africa-press.net\/cotedivoire\/politique\/tcheide-informe-la-population-avant-le-meeting-de-gbagbo","name":"Tcheid\u00e9 Informe la Population Avant le Meeting de Gbagbo - C\u00f4te d&#039;Ivoire","isPartOf":{"@id":"https:\/\/www.africa-press.net\/cotedivoire\/#website"},"primaryImageOfPage":{"@id":"https:\/\/www.africa-press.net\/cotedivoire\/politique\/tcheide-informe-la-population-avant-le-meeting-de-gbagbo#primaryimage"},"image":{"@id":"https:\/\/www.africa-press.net\/cotedivoire\/politique\/tcheide-informe-la-population-avant-le-meeting-de-gbagbo#primaryimage"},"thumbnailUrl":"https:\/\/static.africa-press.net\/cote\/sites\/43\/2025\/08\/sm_1755010680.976056.jpg","datePublished":"2025-08-12T18:16:50+00:00","dateModified":"2025-08-12T18:28:25+00:00","author":{"@id":"https:\/\/www.africa-press.net\/cotedivoire\/#\/schema\/person\/2b1cf3cd81a31e3cd26889ca66d677f1"},"description":"A\u0300 peine rentre\u0301 de la grande marche du Front commun a\u0300 Abidjan, le Secre\u0301taire ge\u0301ne\u0301ral du PPA-CI, Jean Gervais Tcheid ...","breadcrumb":{"@id":"https:\/\/www.africa-press.net\/cotedivoire\/politique\/tcheide-informe-la-population-avant-le-meeting-de-gbagbo#breadcrumb"},"inLanguage":"fr-FR","potentialAction":[{"@type":"ReadAction","target":["https:\/\/www.africa-press.net\/cotedivoire\/politique\/tcheide-informe-la-population-avant-le-meeting-de-gbagbo"]}]},{"@type":"ImageObject","inLanguage":"fr-FR","@id":"https:\/\/www.africa-press.net\/cotedivoire\/politique\/tcheide-informe-la-population-avant-le-meeting-de-gbagbo#primaryimage","url":"https:\/\/static.africa-press.net\/cote\/sites\/43\/2025\/08\/sm_1755010680.976056.jpg","contentUrl":"https:\/\/static.africa-press.net\/cote\/sites\/43\/2025\/08\/sm_1755010680.976056.jpg","width":720,"height":540,"caption":"Tcheid\u00e9 Informe la Population Avant le Meeting de Gbagbo"},{"@type":"BreadcrumbList","@id":"https:\/\/www.africa-press.net\/cotedivoire\/politique\/tcheide-informe-la-population-avant-le-meeting-de-gbagbo#breadcrumb","itemListElement":[{"@type":"ListItem","position":1,"name":"Accueil","item":"https:\/\/www.africa-press.net\/cotedivoire\/"},{"@type":"ListItem","position":2,"name":"Tcheid\u00e9 Informe la Population Avant le Meeting de Gbagbo"}]},{"@type":"WebSite","@id":"https:\/\/www.africa-press.net\/cotedivoire\/#website","url":"https:\/\/www.africa-press.net\/cotedivoire\/","name":"C\u00f4te d&#039;Ivoire","description":"Just another Africa News Agency Sites site","potentialAction":[{"@type":"SearchAction","target":{"@type":"EntryPoint","urlTemplate":"https:\/\/www.africa-press.net\/cotedivoire\/?s={search_term_string}"},"query-input":{"@type":"PropertyValueSpecification","valueRequired":true,"valueName":"search_term_string"}}],"inLanguage":"fr-FR"},{"@type":"Person","@id":"https:\/\/www.africa-press.net\/cotedivoire\/#\/schema\/person\/2b1cf3cd81a31e3cd26889ca66d677f1","name":"cfeditorfr"}]}},"_links":{"self":[{"href":"https:\/\/www.africa-press.net\/cotedivoire\/wp-json\/wp\/v2\/posts\/103542","targetHints":{"allow":["GET"]}}],"collection":[{"href":"https:\/\/www.africa-press.net\/cotedivoire\/wp-json\/wp\/v2\/posts"}],"about":[{"href":"https:\/\/www.africa-press.net\/cotedivoire\/wp-json\/wp\/v2\/types\/post"}],"author":[{"embeddable":true,"href":"https:\/\/www.africa-press.net\/cotedivoire\/wp-json\/wp\/v2\/users\/82"}],"replies":[{"embeddable":true,"href":"https:\/\/www.africa-press.net\/cotedivoire\/wp-json\/wp\/v2\/comments?post=103542"}],"version-history":[{"count":0,"href":"https:\/\/www.africa-press.net\/cotedivoire\/wp-json\/wp\/v2\/posts\/103542\/revisions"}],"wp:featuredmedia":[{"embeddable":true,"href":"https:\/\/www.africa-press.net\/cotedivoire\/wp-json\/wp\/v2\/media\/103540"}],"wp:attachment":[{"href":"https:\/\/www.africa-press.net\/cotedivoire\/wp-json\/wp\/v2\/media?parent=103542"}],"wp:term":[{"taxonomy":"category","embeddable":true,"href":"https:\/\/www.africa-press.net\/cotedivoire\/wp-json\/wp\/v2\/categories?post=103542"},{"taxonomy":"post_tag","embeddable":true,"href":"https:\/\/www.africa-press.net\/cotedivoire\/wp-json\/wp\/v2\/tags?post=103542"}],"curies":[{"name":"wp","href":"https:\/\/api.w.org\/{rel}","templated":true}]}}