{"id":103545,"date":"2025-08-12T18:17:03","date_gmt":"2025-08-12T18:17:03","guid":{"rendered":"https:\/\/www.africa-press.net\/cotedivoire\/politique\/gbagbo-sadressera-a-ses-partisans-a-yopougon"},"modified":"2025-08-12T18:28:40","modified_gmt":"2025-08-12T18:28:40","slug":"gbagbo-sadressera-a-ses-partisans-a-yopougon","status":"publish","type":"post","link":"https:\/\/www.africa-press.net\/cotedivoire\/politique\/gbagbo-sadressera-a-ses-partisans-a-yopougon","title":{"rendered":"Gbagbo S&rsquo;adressera \u00e0 Ses Partisans \u00e0 Yopougon"},"content":{"rendered":"<p><span style=\"color: #ff6600\"><strong>Africa-Press &#8211; C\u00f4te d&rsquo;Ivoire. <\/strong><\/span>Apre\u0300s la marche du Front commun re\u0301unissant principalement, le Parti des Peuples de Co\u0302te d\u2019Ivoire (PPA-CI) et le Parti De\u0301mocratique de Co\u0302te d\u2019Ivoire (PDCI), samedi dernier a\u0300 Yopougon, un autre e\u0301ve\u0300nement de l\u2019opposition est annonce\u0301 dans la commune.<\/p>\n<p>Nous apprenons de sources concordantes, le pre\u0301sident du PPA-CI, Laurent Gbagbo va animer un meeting, le samedi 16 aou\u0302t 2025, a\u0300 la place Ficgayo de Yopougon.<\/p>\n<p>Part cette autre manifestation, l\u2019opposition \u00ab majoritaire \u00bb compte ainsi maintenir la pression sur le pouvoir en place, afin d\u2019obtenir le dialogue qu\u2019il re\u0301clame tant en vue des e\u0301lections pre\u0301sidentielles paisibles le samedi 25 octobre 2025.<\/p>\n<p><strong>Pour plus d&rsquo;informations et d&rsquo;analyses sur la <span style=\"color: #ff6600\">C\u00f4te d&rsquo;Ivoire<\/span>, suivez <span style=\"color: #ff6600\">Africa-Press<\/span><\/strong><\/p>\n","protected":false},"excerpt":{"rendered":"<p>Africa-Press &#8211; C\u00f4te d&rsquo;Ivoire. Apre\u0300s la marche du Front commun re\u0301unissant principalement, le Parti des Peuples de Co\u0302te d\u2019Ivoire (PPA-CI) et le Parti De\u0301mocratique de Co\u0302te d\u2019Ivoire (PDCI), samedi dernier a\u0300 Yopougon, un autre e\u0301ve\u0300nement de l\u2019opposition est annonce\u0301 dans la commune. Nous apprenons de sources concordantes, le pre\u0301sident du PPA-CI, Laurent Gbagbo va animer [&hellip;]<\/p>\n","protected":false},"author":82,"featured_media":103543,"comment_status":"open","ping_status":"closed","sticky":false,"template":"","format":"standard","meta":{"footnotes":""},"categories":[2,10],"tags":[29,18085,50,1952,2548,540],"class_list":["post-103545","post","type-post","status-publish","format-standard","has-post-thumbnail","hentry","category-politique","category-toutes-les-actualites","tag-cote-divoire","tag-front-commun","tag-laurent-gbagbo","tag-ppa-ci","tag-presidentielles","tag-yopougon"],"yoast_head":"<!-- This site is optimized with the Yoast SEO Premium plugin v26.1 (Yoast SEO v27.0) - https:\/\/yoast.com\/product\/yoast-seo-premium-wordpress\/ -->\n<title>Gbagbo S&#039;adressera \u00e0 Ses Partisans \u00e0 Yopougon - C\u00f4te d&#039;Ivoire<\/title>\n<meta name=\"description\" content=\"Apre\u0300s la marche du Front commun re\u0301unissant principalement, le Parti des Peuples de Co\u0302te d\u2019Ivoire (PPA-CI) et le Parti ...\" \/>\n<meta name=\"robots\" content=\"index, follow, max-snippet:-1, max-image-preview:large, max-video-preview:-1\" \/>\n<link rel=\"canonical\" href=\"https:\/\/www.africa-press.net\/cotedivoire\/politique\/gbagbo-sadressera-a-ses-partisans-a-yopougon\" \/>\n<meta property=\"og:locale\" content=\"fr_FR\" \/>\n<meta property=\"og:type\" content=\"article\" \/>\n<meta property=\"og:title\" content=\"Gbagbo S&#039;adressera \u00e0 Ses Partisans \u00e0 Yopougon\" \/>\n<meta property=\"og:description\" content=\"Apre\u0300s la marche du Front commun re\u0301unissant principalement, le Parti des Peuples de Co\u0302te d\u2019Ivoire (PPA-CI) et le Parti ...\" \/>\n<meta property=\"og:url\" content=\"https:\/\/www.africa-press.net\/cotedivoire\/politique\/gbagbo-sadressera-a-ses-partisans-a-yopougon\" \/>\n<meta property=\"og:site_name\" content=\"C\u00f4te d&#039;Ivoire\" \/>\n<meta property=\"article:published_time\" content=\"2025-08-12T18:17:03+00:00\" \/>\n<meta property=\"article:modified_time\" content=\"2025-08-12T18:28:40+00:00\" \/>\n<meta property=\"og:image\" content=\"https:\/\/static.africa-press.net\/cote\/sites\/43\/2025\/08\/sm_1755010693.768646.jpg\" \/>\n\t<meta property=\"og:image:width\" content=\"720\" \/>\n\t<meta property=\"og:image:height\" content=\"399\" \/>\n\t<meta property=\"og:image:type\" content=\"image\/jpeg\" \/>\n<meta name=\"author\" content=\"cfeditorfr\" \/>\n<meta name=\"twitter:card\" content=\"summary_large_image\" \/>\n<meta name=\"twitter:label1\" content=\"\u00c9crit par\" \/>\n\t<meta name=\"twitter:data1\" content=\"cfeditorfr\" \/>\n\t<meta name=\"twitter:label2\" content=\"Dur\u00e9e de lecture estim\u00e9e\" \/>\n\t<meta name=\"twitter:data2\" content=\"1 minute\" \/>\n<script type=\"application\/ld+json\" class=\"yoast-schema-graph\">{\"@context\":\"https:\/\/schema.org\",\"@graph\":[{\"@type\":\"Article\",\"@id\":\"https:\/\/www.africa-press.net\/cotedivoire\/politique\/gbagbo-sadressera-a-ses-partisans-a-yopougon#article\",\"isPartOf\":{\"@id\":\"https:\/\/www.africa-press.net\/cotedivoire\/politique\/gbagbo-sadressera-a-ses-partisans-a-yopougon\"},\"author\":{\"name\":\"cfeditorfr\",\"@id\":\"https:\/\/www.africa-press.net\/cotedivoire\/#\/schema\/person\/2b1cf3cd81a31e3cd26889ca66d677f1\"},\"headline\":\"Gbagbo S&rsquo;adressera \u00e0 Ses Partisans \u00e0 Yopougon\",\"datePublished\":\"2025-08-12T18:17:03+00:00\",\"dateModified\":\"2025-08-12T18:28:40+00:00\",\"mainEntityOfPage\":{\"@id\":\"https:\/\/www.africa-press.net\/cotedivoire\/politique\/gbagbo-sadressera-a-ses-partisans-a-yopougon\"},\"wordCount\":139,\"commentCount\":0,\"image\":{\"@id\":\"https:\/\/www.africa-press.net\/cotedivoire\/politique\/gbagbo-sadressera-a-ses-partisans-a-yopougon#primaryimage\"},\"thumbnailUrl\":\"https:\/\/static.africa-press.net\/cote\/sites\/43\/2025\/08\/sm_1755010693.768646.jpg\",\"keywords\":[\"C\u00d4TE D'IVOIRE\",\"front commun\",\"Laurent Gbagbo\",\"PPA-CI\",\"pr\u00e9sidentielles\",\"Yopougon\"],\"articleSection\":[\"Politique\",\"Toutes les actualit\u00e9s\"],\"inLanguage\":\"fr-FR\",\"potentialAction\":[{\"@type\":\"CommentAction\",\"name\":\"Comment\",\"target\":[\"https:\/\/www.africa-press.net\/cotedivoire\/politique\/gbagbo-sadressera-a-ses-partisans-a-yopougon#respond\"]}]},{\"@type\":\"WebPage\",\"@id\":\"https:\/\/www.africa-press.net\/cotedivoire\/politique\/gbagbo-sadressera-a-ses-partisans-a-yopougon\",\"url\":\"https:\/\/www.africa-press.net\/cotedivoire\/politique\/gbagbo-sadressera-a-ses-partisans-a-yopougon\",\"name\":\"Gbagbo S'adressera \u00e0 Ses Partisans \u00e0 Yopougon - C\u00f4te d&#039;Ivoire\",\"isPartOf\":{\"@id\":\"https:\/\/www.africa-press.net\/cotedivoire\/#website\"},\"primaryImageOfPage\":{\"@id\":\"https:\/\/www.africa-press.net\/cotedivoire\/politique\/gbagbo-sadressera-a-ses-partisans-a-yopougon#primaryimage\"},\"image\":{\"@id\":\"https:\/\/www.africa-press.net\/cotedivoire\/politique\/gbagbo-sadressera-a-ses-partisans-a-yopougon#primaryimage\"},\"thumbnailUrl\":\"https:\/\/static.africa-press.net\/cote\/sites\/43\/2025\/08\/sm_1755010693.768646.jpg\",\"datePublished\":\"2025-08-12T18:17:03+00:00\",\"dateModified\":\"2025-08-12T18:28:40+00:00\",\"author\":{\"@id\":\"https:\/\/www.africa-press.net\/cotedivoire\/#\/schema\/person\/2b1cf3cd81a31e3cd26889ca66d677f1\"},\"description\":\"Apre\u0300s la marche du Front commun re\u0301unissant principalement, le Parti des Peuples de Co\u0302te d\u2019Ivoire (PPA-CI) et le Parti ...\",\"breadcrumb\":{\"@id\":\"https:\/\/www.africa-press.net\/cotedivoire\/politique\/gbagbo-sadressera-a-ses-partisans-a-yopougon#breadcrumb\"},\"inLanguage\":\"fr-FR\",\"potentialAction\":[{\"@type\":\"ReadAction\",\"target\":[\"https:\/\/www.africa-press.net\/cotedivoire\/politique\/gbagbo-sadressera-a-ses-partisans-a-yopougon\"]}]},{\"@type\":\"ImageObject\",\"inLanguage\":\"fr-FR\",\"@id\":\"https:\/\/www.africa-press.net\/cotedivoire\/politique\/gbagbo-sadressera-a-ses-partisans-a-yopougon#primaryimage\",\"url\":\"https:\/\/static.africa-press.net\/cote\/sites\/43\/2025\/08\/sm_1755010693.768646.jpg\",\"contentUrl\":\"https:\/\/static.africa-press.net\/cote\/sites\/43\/2025\/08\/sm_1755010693.768646.jpg\",\"width\":720,\"height\":399,\"caption\":\"Gbagbo S'adressera \u00e0 Ses Partisans \u00e0 Yopougon\"},{\"@type\":\"BreadcrumbList\",\"@id\":\"https:\/\/www.africa-press.net\/cotedivoire\/politique\/gbagbo-sadressera-a-ses-partisans-a-yopougon#breadcrumb\",\"itemListElement\":[{\"@type\":\"ListItem\",\"position\":1,\"name\":\"Accueil\",\"item\":\"https:\/\/www.africa-press.net\/cotedivoire\/\"},{\"@type\":\"ListItem\",\"position\":2,\"name\":\"Gbagbo S&#8217;adressera \u00e0 Ses Partisans \u00e0 Yopougon\"}]},{\"@type\":\"WebSite\",\"@id\":\"https:\/\/www.africa-press.net\/cotedivoire\/#website\",\"url\":\"https:\/\/www.africa-press.net\/cotedivoire\/\",\"name\":\"C\u00f4te d&#039;Ivoire\",\"description\":\"Just another Africa News Agency Sites site\",\"potentialAction\":[{\"@type\":\"SearchAction\",\"target\":{\"@type\":\"EntryPoint\",\"urlTemplate\":\"https:\/\/www.africa-press.net\/cotedivoire\/?s={search_term_string}\"},\"query-input\":{\"@type\":\"PropertyValueSpecification\",\"valueRequired\":true,\"valueName\":\"search_term_string\"}}],\"inLanguage\":\"fr-FR\"},{\"@type\":\"Person\",\"@id\":\"https:\/\/www.africa-press.net\/cotedivoire\/#\/schema\/person\/2b1cf3cd81a31e3cd26889ca66d677f1\",\"name\":\"cfeditorfr\"}]}<\/script>\n<!-- \/ Yoast SEO Premium plugin. -->","yoast_head_json":{"title":"Gbagbo S'adressera \u00e0 Ses Partisans \u00e0 Yopougon - C\u00f4te d&#039;Ivoire","description":"Apre\u0300s la marche du Front commun re\u0301unissant principalement, le Parti des Peuples de Co\u0302te d\u2019Ivoire (PPA-CI) et le Parti ...","robots":{"index":"index","follow":"follow","max-snippet":"max-snippet:-1","max-image-preview":"max-image-preview:large","max-video-preview":"max-video-preview:-1"},"canonical":"https:\/\/www.africa-press.net\/cotedivoire\/politique\/gbagbo-sadressera-a-ses-partisans-a-yopougon","og_locale":"fr_FR","og_type":"article","og_title":"Gbagbo S'adressera \u00e0 Ses Partisans \u00e0 Yopougon","og_description":"Apre\u0300s la marche du Front commun re\u0301unissant principalement, le Parti des Peuples de Co\u0302te d\u2019Ivoire (PPA-CI) et le Parti ...","og_url":"https:\/\/www.africa-press.net\/cotedivoire\/politique\/gbagbo-sadressera-a-ses-partisans-a-yopougon","og_site_name":"C\u00f4te d&#039;Ivoire","article_published_time":"2025-08-12T18:17:03+00:00","article_modified_time":"2025-08-12T18:28:40+00:00","og_image":[{"width":720,"height":399,"url":"https:\/\/static.africa-press.net\/cote\/sites\/43\/2025\/08\/sm_1755010693.768646.jpg","type":"image\/jpeg"}],"author":"cfeditorfr","twitter_card":"summary_large_image","twitter_misc":{"\u00c9crit par":"cfeditorfr","Dur\u00e9e de lecture estim\u00e9e":"1 minute"},"schema":{"@context":"https:\/\/schema.org","@graph":[{"@type":"Article","@id":"https:\/\/www.africa-press.net\/cotedivoire\/politique\/gbagbo-sadressera-a-ses-partisans-a-yopougon#article","isPartOf":{"@id":"https:\/\/www.africa-press.net\/cotedivoire\/politique\/gbagbo-sadressera-a-ses-partisans-a-yopougon"},"author":{"name":"cfeditorfr","@id":"https:\/\/www.africa-press.net\/cotedivoire\/#\/schema\/person\/2b1cf3cd81a31e3cd26889ca66d677f1"},"headline":"Gbagbo S&rsquo;adressera \u00e0 Ses Partisans \u00e0 Yopougon","datePublished":"2025-08-12T18:17:03+00:00","dateModified":"2025-08-12T18:28:40+00:00","mainEntityOfPage":{"@id":"https:\/\/www.africa-press.net\/cotedivoire\/politique\/gbagbo-sadressera-a-ses-partisans-a-yopougon"},"wordCount":139,"commentCount":0,"image":{"@id":"https:\/\/www.africa-press.net\/cotedivoire\/politique\/gbagbo-sadressera-a-ses-partisans-a-yopougon#primaryimage"},"thumbnailUrl":"https:\/\/static.africa-press.net\/cote\/sites\/43\/2025\/08\/sm_1755010693.768646.jpg","keywords":["C\u00d4TE D'IVOIRE","front commun","Laurent Gbagbo","PPA-CI","pr\u00e9sidentielles","Yopougon"],"articleSection":["Politique","Toutes les actualit\u00e9s"],"inLanguage":"fr-FR","potentialAction":[{"@type":"CommentAction","name":"Comment","target":["https:\/\/www.africa-press.net\/cotedivoire\/politique\/gbagbo-sadressera-a-ses-partisans-a-yopougon#respond"]}]},{"@type":"WebPage","@id":"https:\/\/www.africa-press.net\/cotedivoire\/politique\/gbagbo-sadressera-a-ses-partisans-a-yopougon","url":"https:\/\/www.africa-press.net\/cotedivoire\/politique\/gbagbo-sadressera-a-ses-partisans-a-yopougon","name":"Gbagbo S'adressera \u00e0 Ses Partisans \u00e0 Yopougon - C\u00f4te d&#039;Ivoire","isPartOf":{"@id":"https:\/\/www.africa-press.net\/cotedivoire\/#website"},"primaryImageOfPage":{"@id":"https:\/\/www.africa-press.net\/cotedivoire\/politique\/gbagbo-sadressera-a-ses-partisans-a-yopougon#primaryimage"},"image":{"@id":"https:\/\/www.africa-press.net\/cotedivoire\/politique\/gbagbo-sadressera-a-ses-partisans-a-yopougon#primaryimage"},"thumbnailUrl":"https:\/\/static.africa-press.net\/cote\/sites\/43\/2025\/08\/sm_1755010693.768646.jpg","datePublished":"2025-08-12T18:17:03+00:00","dateModified":"2025-08-12T18:28:40+00:00","author":{"@id":"https:\/\/www.africa-press.net\/cotedivoire\/#\/schema\/person\/2b1cf3cd81a31e3cd26889ca66d677f1"},"description":"Apre\u0300s la marche du Front commun re\u0301unissant principalement, le Parti des Peuples de Co\u0302te d\u2019Ivoire (PPA-CI) et le Parti ...","breadcrumb":{"@id":"https:\/\/www.africa-press.net\/cotedivoire\/politique\/gbagbo-sadressera-a-ses-partisans-a-yopougon#breadcrumb"},"inLanguage":"fr-FR","potentialAction":[{"@type":"ReadAction","target":["https:\/\/www.africa-press.net\/cotedivoire\/politique\/gbagbo-sadressera-a-ses-partisans-a-yopougon"]}]},{"@type":"ImageObject","inLanguage":"fr-FR","@id":"https:\/\/www.africa-press.net\/cotedivoire\/politique\/gbagbo-sadressera-a-ses-partisans-a-yopougon#primaryimage","url":"https:\/\/static.africa-press.net\/cote\/sites\/43\/2025\/08\/sm_1755010693.768646.jpg","contentUrl":"https:\/\/static.africa-press.net\/cote\/sites\/43\/2025\/08\/sm_1755010693.768646.jpg","width":720,"height":399,"caption":"Gbagbo S'adressera \u00e0 Ses Partisans \u00e0 Yopougon"},{"@type":"BreadcrumbList","@id":"https:\/\/www.africa-press.net\/cotedivoire\/politique\/gbagbo-sadressera-a-ses-partisans-a-yopougon#breadcrumb","itemListElement":[{"@type":"ListItem","position":1,"name":"Accueil","item":"https:\/\/www.africa-press.net\/cotedivoire\/"},{"@type":"ListItem","position":2,"name":"Gbagbo S&#8217;adressera \u00e0 Ses Partisans \u00e0 Yopougon"}]},{"@type":"WebSite","@id":"https:\/\/www.africa-press.net\/cotedivoire\/#website","url":"https:\/\/www.africa-press.net\/cotedivoire\/","name":"C\u00f4te d&#039;Ivoire","description":"Just another Africa News Agency Sites site","potentialAction":[{"@type":"SearchAction","target":{"@type":"EntryPoint","urlTemplate":"https:\/\/www.africa-press.net\/cotedivoire\/?s={search_term_string}"},"query-input":{"@type":"PropertyValueSpecification","valueRequired":true,"valueName":"search_term_string"}}],"inLanguage":"fr-FR"},{"@type":"Person","@id":"https:\/\/www.africa-press.net\/cotedivoire\/#\/schema\/person\/2b1cf3cd81a31e3cd26889ca66d677f1","name":"cfeditorfr"}]}},"_links":{"self":[{"href":"https:\/\/www.africa-press.net\/cotedivoire\/wp-json\/wp\/v2\/posts\/103545","targetHints":{"allow":["GET"]}}],"collection":[{"href":"https:\/\/www.africa-press.net\/cotedivoire\/wp-json\/wp\/v2\/posts"}],"about":[{"href":"https:\/\/www.africa-press.net\/cotedivoire\/wp-json\/wp\/v2\/types\/post"}],"author":[{"embeddable":true,"href":"https:\/\/www.africa-press.net\/cotedivoire\/wp-json\/wp\/v2\/users\/82"}],"replies":[{"embeddable":true,"href":"https:\/\/www.africa-press.net\/cotedivoire\/wp-json\/wp\/v2\/comments?post=103545"}],"version-history":[{"count":0,"href":"https:\/\/www.africa-press.net\/cotedivoire\/wp-json\/wp\/v2\/posts\/103545\/revisions"}],"wp:featuredmedia":[{"embeddable":true,"href":"https:\/\/www.africa-press.net\/cotedivoire\/wp-json\/wp\/v2\/media\/103543"}],"wp:attachment":[{"href":"https:\/\/www.africa-press.net\/cotedivoire\/wp-json\/wp\/v2\/media?parent=103545"}],"wp:term":[{"taxonomy":"category","embeddable":true,"href":"https:\/\/www.africa-press.net\/cotedivoire\/wp-json\/wp\/v2\/categories?post=103545"},{"taxonomy":"post_tag","embeddable":true,"href":"https:\/\/www.africa-press.net\/cotedivoire\/wp-json\/wp\/v2\/tags?post=103545"}],"curies":[{"name":"wp","href":"https:\/\/api.w.org\/{rel}","templated":true}]}}