{"id":103596,"date":"2025-08-13T19:18:29","date_gmt":"2025-08-13T19:18:29","guid":{"rendered":"https:\/\/www.africa-press.net\/cotedivoire\/politique\/adoh-brou-rene-depose-dossier-incomplet-presidentielle-2025"},"modified":"2025-08-13T19:38:54","modified_gmt":"2025-08-13T19:38:54","slug":"adoh-brou-rene-depose-dossier-incomplet-presidentielle-2025","status":"publish","type":"post","link":"https:\/\/www.africa-press.net\/cotedivoire\/politique\/adoh-brou-rene-depose-dossier-incomplet-presidentielle-2025","title":{"rendered":"Adoh Brou Ren\u00e9 D\u00e9pose Dossier Incomplet Pr\u00e9sidentielle 2025"},"content":{"rendered":"<p><span style=\"color: #ff6600\"><strong>Africa-Press &#8211; C\u00f4te d&rsquo;Ivoire. <\/strong><\/span>La Commission e\u0301lectorale inde\u0301pendante (CEI) a enregistre\u0301 ce mercredi la troisie\u0300me candidature a\u0300 l\u2019e\u0301lection pre\u0301sidentielle du 25 octobre 2025. Il s\u2019agit de Adoh Brou Rene\u0301, candidat inde\u0301pendant, qui s\u2019est pre\u0301sente\u0301 en personne au sie\u0300ge de l\u2019institution a\u0300 Abidjan, accompagne\u0301 de sa de\u0301le\u0301gation.<\/p>\n<p>Le dossier a e\u0301te\u0301 re\u0301ceptionne\u0301 par E\u0301mile Ebrottie\u0301 et Doumbia Soumahila, respectivement premier et deuxie\u0300me secre\u0301taires permanents adjoints de la CEI. Dans une bre\u0300ve de\u0301claration a\u0300 la presse, M. Adoh a exprime\u0301 sa satisfaction quant a\u0300 l&rsquo;accueil rec\u0327u.<\/p>\n<p>\u00ab Nous avons e\u0301te\u0301 rec\u0327us dans une tre\u0300s bonne ambiance et mon dossier de candidature a e\u0301te\u0301 re\u0301ceptionne\u0301 \u00bb, a-t-il affirme\u0301.<\/p>\n<p>Fait notable: comme les deux candidats pre\u0301ce\u0301dents, le dossier d\u2019Adoh Brou Rene\u0301 est incomplet, une situation qui soule\u0300ve des interrogations a\u0300 moins de deux semaines de la clo\u0302ture du de\u0301po\u0302t des candidatures.<\/p>\n<p>\u00ab Bien que mon dossier ne soit pas complet, j&rsquo;ai pu le de\u0301poser et il a e\u0301te\u0301 accepte\u0301. \u00bb a-t-il reconnu devant les journalistes.<\/p>\n<p>Malgre\u0301 ces irre\u0301gularite\u0301s, le candidat inde\u0301pendant se veut optimiste. Il a appele\u0301 a\u0300 une e\u0301lection apaise\u0301e. \u00ab\u00a0Je souhaite que les e\u0301lections se de\u0301roulent dans la paix, et que l\u2019on compte les voix, et non des de\u0301ga\u0302ts. \u00bb<\/p>\n<p>La validation des candidatures rele\u0300ve de\u0301sormais de la responsabilite\u0301 du Conseil constitutionnel, seule autorite\u0301 habilite\u0301e a\u0300 proclamer la liste de\u0301finitive des candidats.<\/p>\n<p>A\u0300 mesure que la date limite approche, l\u2019actualite\u0301 e\u0301lectorale s\u2019intensifie, marque\u0301e par l\u2019engagement de candidats aux profils varie\u0301s et les premiers rebondissements administratifs.<\/p>\n<p><strong>Pour plus d&rsquo;informations et d&rsquo;analyses sur la <span style=\"color: #ff6600\">C\u00f4te d&rsquo;Ivoire<\/span>, suivez <span style=\"color: #ff6600\">Africa-Press<\/span><\/strong><\/p>\n","protected":false},"excerpt":{"rendered":"<p>Africa-Press &#8211; C\u00f4te d&rsquo;Ivoire. La Commission e\u0301lectorale inde\u0301pendante (CEI) a enregistre\u0301 ce mercredi la troisie\u0300me candidature a\u0300 l\u2019e\u0301lection pre\u0301sidentielle du 25 octobre 2025. Il s\u2019agit de Adoh Brou Rene\u0301, candidat inde\u0301pendant, qui s\u2019est pre\u0301sente\u0301 en personne au sie\u0300ge de l\u2019institution a\u0300 Abidjan, accompagne\u0301 de sa de\u0301le\u0301gation. Le dossier a e\u0301te\u0301 re\u0301ceptionne\u0301 par E\u0301mile Ebrottie\u0301 et [&hellip;]<\/p>\n","protected":false},"author":82,"featured_media":103595,"comment_status":"open","ping_status":"closed","sticky":false,"template":"","format":"standard","meta":{"footnotes":""},"categories":[2,10],"tags":[18461,5252,29,5484,18462,189],"class_list":["post-103596","post","type-post","status-publish","format-standard","has-post-thumbnail","hentry","category-politique","category-toutes-les-actualites","tag-adoh-brou-rene","tag-candidat","tag-cote-divoire","tag-dossier","tag-incomplet","tag-troisieme"],"yoast_head":"<!-- This site is optimized with the Yoast SEO Premium plugin v26.1 (Yoast SEO v27.0) - https:\/\/yoast.com\/product\/yoast-seo-premium-wordpress\/ -->\n<title>Adoh Brou Ren\u00e9 D\u00e9pose Dossier Incomplet Pr\u00e9sidentielle 2025 - C\u00f4te d&#039;Ivoire<\/title>\n<meta name=\"description\" content=\"La Commission e\u0301lectorale inde\u0301pendante (CEI) a enregistre\u0301 ce mercredi la troisie\u0300me candidature a\u0300 l\u2019e\u0301lection pre\u0301sid ...\" \/>\n<meta name=\"robots\" content=\"index, follow, max-snippet:-1, max-image-preview:large, max-video-preview:-1\" \/>\n<link rel=\"canonical\" href=\"https:\/\/www.africa-press.net\/cotedivoire\/politique\/adoh-brou-rene-depose-dossier-incomplet-presidentielle-2025\" \/>\n<meta property=\"og:locale\" content=\"fr_FR\" \/>\n<meta property=\"og:type\" content=\"article\" \/>\n<meta property=\"og:title\" content=\"Adoh Brou Ren\u00e9 D\u00e9pose Dossier Incomplet Pr\u00e9sidentielle 2025\" \/>\n<meta property=\"og:description\" content=\"La Commission e\u0301lectorale inde\u0301pendante (CEI) a enregistre\u0301 ce mercredi la troisie\u0300me candidature a\u0300 l\u2019e\u0301lection pre\u0301sid ...\" \/>\n<meta property=\"og:url\" content=\"https:\/\/www.africa-press.net\/cotedivoire\/politique\/adoh-brou-rene-depose-dossier-incomplet-presidentielle-2025\" \/>\n<meta property=\"og:site_name\" content=\"C\u00f4te d&#039;Ivoire\" \/>\n<meta property=\"article:published_time\" content=\"2025-08-13T19:18:29+00:00\" \/>\n<meta property=\"article:modified_time\" content=\"2025-08-13T19:38:54+00:00\" \/>\n<meta property=\"og:image\" content=\"https:\/\/static.africa-press.net\/cote\/sites\/43\/2025\/08\/sm_1755101314.189995.jpg\" \/>\n\t<meta property=\"og:image:width\" content=\"720\" \/>\n\t<meta property=\"og:image:height\" content=\"466\" \/>\n\t<meta property=\"og:image:type\" content=\"image\/jpeg\" \/>\n<meta name=\"author\" content=\"cfeditorfr\" \/>\n<meta name=\"twitter:card\" content=\"summary_large_image\" \/>\n<meta name=\"twitter:label1\" content=\"\u00c9crit par\" \/>\n\t<meta name=\"twitter:data1\" content=\"cfeditorfr\" \/>\n\t<meta name=\"twitter:label2\" content=\"Dur\u00e9e de lecture estim\u00e9e\" \/>\n\t<meta name=\"twitter:data2\" content=\"2 minutes\" \/>\n<script type=\"application\/ld+json\" class=\"yoast-schema-graph\">{\"@context\":\"https:\/\/schema.org\",\"@graph\":[{\"@type\":\"Article\",\"@id\":\"https:\/\/www.africa-press.net\/cotedivoire\/politique\/adoh-brou-rene-depose-dossier-incomplet-presidentielle-2025#article\",\"isPartOf\":{\"@id\":\"https:\/\/www.africa-press.net\/cotedivoire\/politique\/adoh-brou-rene-depose-dossier-incomplet-presidentielle-2025\"},\"author\":{\"name\":\"cfeditorfr\",\"@id\":\"https:\/\/www.africa-press.net\/cotedivoire\/#\/schema\/person\/2b1cf3cd81a31e3cd26889ca66d677f1\"},\"headline\":\"Adoh Brou Ren\u00e9 D\u00e9pose Dossier Incomplet Pr\u00e9sidentielle 2025\",\"datePublished\":\"2025-08-13T19:18:29+00:00\",\"dateModified\":\"2025-08-13T19:38:54+00:00\",\"mainEntityOfPage\":{\"@id\":\"https:\/\/www.africa-press.net\/cotedivoire\/politique\/adoh-brou-rene-depose-dossier-incomplet-presidentielle-2025\"},\"wordCount\":320,\"commentCount\":0,\"image\":{\"@id\":\"https:\/\/www.africa-press.net\/cotedivoire\/politique\/adoh-brou-rene-depose-dossier-incomplet-presidentielle-2025#primaryimage\"},\"thumbnailUrl\":\"https:\/\/static.africa-press.net\/cote\/sites\/43\/2025\/08\/sm_1755101314.189995.jpg\",\"keywords\":[\"Adoh Brou Ren\u00e9\",\"candidat\",\"C\u00d4TE D'IVOIRE\",\"dossier\",\"incomplet\",\"troisi\u00e8me\"],\"articleSection\":[\"Politique\",\"Toutes les actualit\u00e9s\"],\"inLanguage\":\"fr-FR\",\"potentialAction\":[{\"@type\":\"CommentAction\",\"name\":\"Comment\",\"target\":[\"https:\/\/www.africa-press.net\/cotedivoire\/politique\/adoh-brou-rene-depose-dossier-incomplet-presidentielle-2025#respond\"]}]},{\"@type\":\"WebPage\",\"@id\":\"https:\/\/www.africa-press.net\/cotedivoire\/politique\/adoh-brou-rene-depose-dossier-incomplet-presidentielle-2025\",\"url\":\"https:\/\/www.africa-press.net\/cotedivoire\/politique\/adoh-brou-rene-depose-dossier-incomplet-presidentielle-2025\",\"name\":\"Adoh Brou Ren\u00e9 D\u00e9pose Dossier Incomplet Pr\u00e9sidentielle 2025 - C\u00f4te d&#039;Ivoire\",\"isPartOf\":{\"@id\":\"https:\/\/www.africa-press.net\/cotedivoire\/#website\"},\"primaryImageOfPage\":{\"@id\":\"https:\/\/www.africa-press.net\/cotedivoire\/politique\/adoh-brou-rene-depose-dossier-incomplet-presidentielle-2025#primaryimage\"},\"image\":{\"@id\":\"https:\/\/www.africa-press.net\/cotedivoire\/politique\/adoh-brou-rene-depose-dossier-incomplet-presidentielle-2025#primaryimage\"},\"thumbnailUrl\":\"https:\/\/static.africa-press.net\/cote\/sites\/43\/2025\/08\/sm_1755101314.189995.jpg\",\"datePublished\":\"2025-08-13T19:18:29+00:00\",\"dateModified\":\"2025-08-13T19:38:54+00:00\",\"author\":{\"@id\":\"https:\/\/www.africa-press.net\/cotedivoire\/#\/schema\/person\/2b1cf3cd81a31e3cd26889ca66d677f1\"},\"description\":\"La Commission e\u0301lectorale inde\u0301pendante (CEI) a enregistre\u0301 ce mercredi la troisie\u0300me candidature a\u0300 l\u2019e\u0301lection pre\u0301sid ...\",\"breadcrumb\":{\"@id\":\"https:\/\/www.africa-press.net\/cotedivoire\/politique\/adoh-brou-rene-depose-dossier-incomplet-presidentielle-2025#breadcrumb\"},\"inLanguage\":\"fr-FR\",\"potentialAction\":[{\"@type\":\"ReadAction\",\"target\":[\"https:\/\/www.africa-press.net\/cotedivoire\/politique\/adoh-brou-rene-depose-dossier-incomplet-presidentielle-2025\"]}]},{\"@type\":\"ImageObject\",\"inLanguage\":\"fr-FR\",\"@id\":\"https:\/\/www.africa-press.net\/cotedivoire\/politique\/adoh-brou-rene-depose-dossier-incomplet-presidentielle-2025#primaryimage\",\"url\":\"https:\/\/static.africa-press.net\/cote\/sites\/43\/2025\/08\/sm_1755101314.189995.jpg\",\"contentUrl\":\"https:\/\/static.africa-press.net\/cote\/sites\/43\/2025\/08\/sm_1755101314.189995.jpg\",\"width\":720,\"height\":466,\"caption\":\"Adoh Brou Ren\u00e9 D\u00e9pose Dossier Incomplet Pr\u00e9sidentielle 2025\"},{\"@type\":\"BreadcrumbList\",\"@id\":\"https:\/\/www.africa-press.net\/cotedivoire\/politique\/adoh-brou-rene-depose-dossier-incomplet-presidentielle-2025#breadcrumb\",\"itemListElement\":[{\"@type\":\"ListItem\",\"position\":1,\"name\":\"Accueil\",\"item\":\"https:\/\/www.africa-press.net\/cotedivoire\/\"},{\"@type\":\"ListItem\",\"position\":2,\"name\":\"Adoh Brou Ren\u00e9 D\u00e9pose Dossier Incomplet Pr\u00e9sidentielle 2025\"}]},{\"@type\":\"WebSite\",\"@id\":\"https:\/\/www.africa-press.net\/cotedivoire\/#website\",\"url\":\"https:\/\/www.africa-press.net\/cotedivoire\/\",\"name\":\"C\u00f4te d&#039;Ivoire\",\"description\":\"Just another Africa News Agency Sites site\",\"potentialAction\":[{\"@type\":\"SearchAction\",\"target\":{\"@type\":\"EntryPoint\",\"urlTemplate\":\"https:\/\/www.africa-press.net\/cotedivoire\/?s={search_term_string}\"},\"query-input\":{\"@type\":\"PropertyValueSpecification\",\"valueRequired\":true,\"valueName\":\"search_term_string\"}}],\"inLanguage\":\"fr-FR\"},{\"@type\":\"Person\",\"@id\":\"https:\/\/www.africa-press.net\/cotedivoire\/#\/schema\/person\/2b1cf3cd81a31e3cd26889ca66d677f1\",\"name\":\"cfeditorfr\"}]}<\/script>\n<!-- \/ Yoast SEO Premium plugin. -->","yoast_head_json":{"title":"Adoh Brou Ren\u00e9 D\u00e9pose Dossier Incomplet Pr\u00e9sidentielle 2025 - C\u00f4te d&#039;Ivoire","description":"La Commission e\u0301lectorale inde\u0301pendante (CEI) a enregistre\u0301 ce mercredi la troisie\u0300me candidature a\u0300 l\u2019e\u0301lection pre\u0301sid ...","robots":{"index":"index","follow":"follow","max-snippet":"max-snippet:-1","max-image-preview":"max-image-preview:large","max-video-preview":"max-video-preview:-1"},"canonical":"https:\/\/www.africa-press.net\/cotedivoire\/politique\/adoh-brou-rene-depose-dossier-incomplet-presidentielle-2025","og_locale":"fr_FR","og_type":"article","og_title":"Adoh Brou Ren\u00e9 D\u00e9pose Dossier Incomplet Pr\u00e9sidentielle 2025","og_description":"La Commission e\u0301lectorale inde\u0301pendante (CEI) a enregistre\u0301 ce mercredi la troisie\u0300me candidature a\u0300 l\u2019e\u0301lection pre\u0301sid ...","og_url":"https:\/\/www.africa-press.net\/cotedivoire\/politique\/adoh-brou-rene-depose-dossier-incomplet-presidentielle-2025","og_site_name":"C\u00f4te d&#039;Ivoire","article_published_time":"2025-08-13T19:18:29+00:00","article_modified_time":"2025-08-13T19:38:54+00:00","og_image":[{"width":720,"height":466,"url":"https:\/\/static.africa-press.net\/cote\/sites\/43\/2025\/08\/sm_1755101314.189995.jpg","type":"image\/jpeg"}],"author":"cfeditorfr","twitter_card":"summary_large_image","twitter_misc":{"\u00c9crit par":"cfeditorfr","Dur\u00e9e de lecture estim\u00e9e":"2 minutes"},"schema":{"@context":"https:\/\/schema.org","@graph":[{"@type":"Article","@id":"https:\/\/www.africa-press.net\/cotedivoire\/politique\/adoh-brou-rene-depose-dossier-incomplet-presidentielle-2025#article","isPartOf":{"@id":"https:\/\/www.africa-press.net\/cotedivoire\/politique\/adoh-brou-rene-depose-dossier-incomplet-presidentielle-2025"},"author":{"name":"cfeditorfr","@id":"https:\/\/www.africa-press.net\/cotedivoire\/#\/schema\/person\/2b1cf3cd81a31e3cd26889ca66d677f1"},"headline":"Adoh Brou Ren\u00e9 D\u00e9pose Dossier Incomplet Pr\u00e9sidentielle 2025","datePublished":"2025-08-13T19:18:29+00:00","dateModified":"2025-08-13T19:38:54+00:00","mainEntityOfPage":{"@id":"https:\/\/www.africa-press.net\/cotedivoire\/politique\/adoh-brou-rene-depose-dossier-incomplet-presidentielle-2025"},"wordCount":320,"commentCount":0,"image":{"@id":"https:\/\/www.africa-press.net\/cotedivoire\/politique\/adoh-brou-rene-depose-dossier-incomplet-presidentielle-2025#primaryimage"},"thumbnailUrl":"https:\/\/static.africa-press.net\/cote\/sites\/43\/2025\/08\/sm_1755101314.189995.jpg","keywords":["Adoh Brou Ren\u00e9","candidat","C\u00d4TE D'IVOIRE","dossier","incomplet","troisi\u00e8me"],"articleSection":["Politique","Toutes les actualit\u00e9s"],"inLanguage":"fr-FR","potentialAction":[{"@type":"CommentAction","name":"Comment","target":["https:\/\/www.africa-press.net\/cotedivoire\/politique\/adoh-brou-rene-depose-dossier-incomplet-presidentielle-2025#respond"]}]},{"@type":"WebPage","@id":"https:\/\/www.africa-press.net\/cotedivoire\/politique\/adoh-brou-rene-depose-dossier-incomplet-presidentielle-2025","url":"https:\/\/www.africa-press.net\/cotedivoire\/politique\/adoh-brou-rene-depose-dossier-incomplet-presidentielle-2025","name":"Adoh Brou Ren\u00e9 D\u00e9pose Dossier Incomplet Pr\u00e9sidentielle 2025 - C\u00f4te d&#039;Ivoire","isPartOf":{"@id":"https:\/\/www.africa-press.net\/cotedivoire\/#website"},"primaryImageOfPage":{"@id":"https:\/\/www.africa-press.net\/cotedivoire\/politique\/adoh-brou-rene-depose-dossier-incomplet-presidentielle-2025#primaryimage"},"image":{"@id":"https:\/\/www.africa-press.net\/cotedivoire\/politique\/adoh-brou-rene-depose-dossier-incomplet-presidentielle-2025#primaryimage"},"thumbnailUrl":"https:\/\/static.africa-press.net\/cote\/sites\/43\/2025\/08\/sm_1755101314.189995.jpg","datePublished":"2025-08-13T19:18:29+00:00","dateModified":"2025-08-13T19:38:54+00:00","author":{"@id":"https:\/\/www.africa-press.net\/cotedivoire\/#\/schema\/person\/2b1cf3cd81a31e3cd26889ca66d677f1"},"description":"La Commission e\u0301lectorale inde\u0301pendante (CEI) a enregistre\u0301 ce mercredi la troisie\u0300me candidature a\u0300 l\u2019e\u0301lection pre\u0301sid ...","breadcrumb":{"@id":"https:\/\/www.africa-press.net\/cotedivoire\/politique\/adoh-brou-rene-depose-dossier-incomplet-presidentielle-2025#breadcrumb"},"inLanguage":"fr-FR","potentialAction":[{"@type":"ReadAction","target":["https:\/\/www.africa-press.net\/cotedivoire\/politique\/adoh-brou-rene-depose-dossier-incomplet-presidentielle-2025"]}]},{"@type":"ImageObject","inLanguage":"fr-FR","@id":"https:\/\/www.africa-press.net\/cotedivoire\/politique\/adoh-brou-rene-depose-dossier-incomplet-presidentielle-2025#primaryimage","url":"https:\/\/static.africa-press.net\/cote\/sites\/43\/2025\/08\/sm_1755101314.189995.jpg","contentUrl":"https:\/\/static.africa-press.net\/cote\/sites\/43\/2025\/08\/sm_1755101314.189995.jpg","width":720,"height":466,"caption":"Adoh Brou Ren\u00e9 D\u00e9pose Dossier Incomplet Pr\u00e9sidentielle 2025"},{"@type":"BreadcrumbList","@id":"https:\/\/www.africa-press.net\/cotedivoire\/politique\/adoh-brou-rene-depose-dossier-incomplet-presidentielle-2025#breadcrumb","itemListElement":[{"@type":"ListItem","position":1,"name":"Accueil","item":"https:\/\/www.africa-press.net\/cotedivoire\/"},{"@type":"ListItem","position":2,"name":"Adoh Brou Ren\u00e9 D\u00e9pose Dossier Incomplet Pr\u00e9sidentielle 2025"}]},{"@type":"WebSite","@id":"https:\/\/www.africa-press.net\/cotedivoire\/#website","url":"https:\/\/www.africa-press.net\/cotedivoire\/","name":"C\u00f4te d&#039;Ivoire","description":"Just another Africa News Agency Sites site","potentialAction":[{"@type":"SearchAction","target":{"@type":"EntryPoint","urlTemplate":"https:\/\/www.africa-press.net\/cotedivoire\/?s={search_term_string}"},"query-input":{"@type":"PropertyValueSpecification","valueRequired":true,"valueName":"search_term_string"}}],"inLanguage":"fr-FR"},{"@type":"Person","@id":"https:\/\/www.africa-press.net\/cotedivoire\/#\/schema\/person\/2b1cf3cd81a31e3cd26889ca66d677f1","name":"cfeditorfr"}]}},"_links":{"self":[{"href":"https:\/\/www.africa-press.net\/cotedivoire\/wp-json\/wp\/v2\/posts\/103596","targetHints":{"allow":["GET"]}}],"collection":[{"href":"https:\/\/www.africa-press.net\/cotedivoire\/wp-json\/wp\/v2\/posts"}],"about":[{"href":"https:\/\/www.africa-press.net\/cotedivoire\/wp-json\/wp\/v2\/types\/post"}],"author":[{"embeddable":true,"href":"https:\/\/www.africa-press.net\/cotedivoire\/wp-json\/wp\/v2\/users\/82"}],"replies":[{"embeddable":true,"href":"https:\/\/www.africa-press.net\/cotedivoire\/wp-json\/wp\/v2\/comments?post=103596"}],"version-history":[{"count":0,"href":"https:\/\/www.africa-press.net\/cotedivoire\/wp-json\/wp\/v2\/posts\/103596\/revisions"}],"wp:featuredmedia":[{"embeddable":true,"href":"https:\/\/www.africa-press.net\/cotedivoire\/wp-json\/wp\/v2\/media\/103595"}],"wp:attachment":[{"href":"https:\/\/www.africa-press.net\/cotedivoire\/wp-json\/wp\/v2\/media?parent=103596"}],"wp:term":[{"taxonomy":"category","embeddable":true,"href":"https:\/\/www.africa-press.net\/cotedivoire\/wp-json\/wp\/v2\/categories?post=103596"},{"taxonomy":"post_tag","embeddable":true,"href":"https:\/\/www.africa-press.net\/cotedivoire\/wp-json\/wp\/v2\/tags?post=103596"}],"curies":[{"name":"wp","href":"https:\/\/api.w.org\/{rel}","templated":true}]}}