{"id":10361,"date":"2021-07-25T16:03:02","date_gmt":"2021-07-25T16:03:02","guid":{"rendered":"https:\/\/www.africa-press.net\/cotedivoire\/?p=10361"},"modified":"2021-07-25T15:18:21","modified_gmt":"2021-07-25T15:18:21","slug":"flambee-des-prix-en-cote-divoire-la-fenacci-plaide-pour-la-reouverture-des-frontieres-terrestres","status":"publish","type":"post","link":"https:\/\/www.africa-press.net\/cotedivoire\/economie\/flambee-des-prix-en-cote-divoire-la-fenacci-plaide-pour-la-reouverture-des-frontieres-terrestres","title":{"rendered":"Flamb\u00e9e des prix en C\u00f4te-d\u2019Ivoire: La FENACCI plaide pour la r\u00e9ouverture des fronti\u00e8res terrestres"},"content":{"rendered":"<p><span style=\"color: #ff6600\"><strong><a href=\"https:\/\/www.africa-press.net\/\">Africa-Press<\/a> &#8211; <a href=\"https:\/\/www.africa-press.net\/cotedivoire\">C\u00f4te d&rsquo;Ivoire<\/a>. <\/strong><\/span>Salif D. Cheickna<\/p>\n<p>La F\u00e9d\u00e9ration nationale des acteurs du commerce de C\u00f4te d\u2019Ivoire (Fenacci), dirig\u00e9e par Soumahoro Farikou s\u2019est prononc\u00e9e sur la chert\u00e9 de la vie. M. Farikou a donn\u00e9 la position de sa F\u00e9d\u00e9ration et plaid\u00e9 pour une r\u00e9activation du Comit\u00e9 national de la lutte contre la vie ch\u00e8re. Par la voix de son pr\u00e9sident, la Fenacci a demand\u00e9 la r\u00e9ouverture des fronti\u00e8res terrestres afin de permettre aux op\u00e9rateurs \u00e9conomiques de mener en toute tranquillit\u00e9 leurs activit\u00e9s.<\/p>\n<p>C\u2019\u00e9tait, le vendredi 23 juillet 2021, \u00e0 la salle de mariage de la mairie d\u2019Adjam\u00e9. \u00ab Il est clair que notre pays traverse une zone de turbulences socio-\u00e9conomique et la r\u00e9action des acteurs du secteur du commerce face \u00e0 la r\u00e9currence de la chert\u00e9 de la vie demeure d\u00e9terminante pour un atterrissage en douceur \u00bb, a indiqu\u00e9 le pr\u00e9sident du Fenacci, \u00e9galement d\u00e9put\u00e9-maire d\u2019Adjam\u00e9.<\/p>\n<p>A propos de la flamb\u00e9e des prix sur le march\u00e9, M. Soumahoro a indiqu\u00e9 qu\u2019on ne doit pas parler d\u2019indiscipline au niveau des commer\u00e7ants, mais plut\u00f4t chercher \u00e0 comprendre le pourquoi de ces augmentations. \u00ab Si vous augmentez les imp\u00f4ts, ils augmenteront les prix \u00bb, a caricatur\u00e9 Farikou Soumahoro.<\/p>\n<p>Ce fut l\u2019occasion pour M. Farikou, de rappeler que la Fenacci est constamment en \u00e9veil pour anticiper et souvent alert\u00e9 les d\u00e9cideurs sur le caract\u00e8re structurel des probl\u00e8mes du secteur du commerce en C\u00f4te d\u2019Ivoire.<\/p>\n<p>A propos de la chert\u00e9 de la vie, la F\u00e9d\u00e9ration a formul\u00e9 des recommandations \u00e0 l\u2019issue du 1er Forum des commer\u00e7ants de C\u00f4te d\u2019Ivoire (Focom-Ci) tenu \u00e0 Abidjan, les 21 et 22 octobre 2013. Ces recommandations adress\u00e9es au gouvernement visent \u00e0 renforcer le cadre institutionnel de l\u2019activit\u00e9 commerciale en C\u00f4te d\u2019Ivoire. Mais \u00e9galement, dira le Pr\u00e9sident Farikou Soumahoro, \u00e0 lutter contre la flamb\u00e9e des prix sur les march\u00e9s.<\/p>\n<p>Face \u00e0 la gravit\u00e9 de la situation qui menace dangereusement l\u2019\u00e9quilibre socio-\u00e9conomique de la C\u00f4te d\u2019Ivoire, selon le Fenacci, le premier responsable des commer\u00e7ants du pays, en liaison avec ses organisations professionnelles affili\u00e9es, a annonc\u00e9 des mesures d\u2019urgences.<\/p>\n<p>Il s\u2019agit de la mise en place d\u2019une commission nationale charg\u00e9e de la chert\u00e9 de la vie. Cette commission sera repr\u00e9sent\u00e9e dans tous les espaces marchands de la C\u00f4te d\u2019Ivoire. La Fenacci entend ainsi lutter contre la flamb\u00e9e des prix de fa\u00e7on \u00e9nergique et permanente.<\/p>\n<p>Pour le pr\u00e9sident de la faiti\u00e8re des commer\u00e7ants, la f\u00e9d\u00e9ration veut exposer devant le parlement ivoirien et le Conseil \u00e9conomique, social, culturel et environnemental sa vision du commerce susceptibles de r\u00e9soudre d\u00e9finitivement cette probl\u00e9matique. Le pr\u00e9sident Farikou Soumahoro a invit\u00e9 l\u2019Etat \u00e0 \u0153uvrer \u00e0 faciliter la production locale dans divers secteurs d\u2019activit\u00e9s dans le but de r\u00e9duire les importations.<\/p>\n<p>Le pr\u00e9sident de la Fenacci a annonc\u00e9 \u00e9galement une grande campagne de sensibilisation des acteurs du commerce au respect de bonnes pratiques commerciales, notamment des prix produits non impact\u00e9s.<\/p>\n<p>Une d\u00e9l\u00e9gation de la Plateforme unique des PME conduite par son porte-parole, Dr Diomand\u00e9 Moussa Elias Farakhan a pris part \u00e0 cette rencontre sur la chert\u00e9 de la vie qui \u00e9tait plac\u00e9e sous le signe de la solidarit\u00e9 corporatiste.<\/p>\n<p>FratMat<\/p>\n","protected":false},"excerpt":{"rendered":"<p>Africa-Press &#8211; C\u00f4te d&rsquo;Ivoire. Salif D. Cheickna La F\u00e9d\u00e9ration nationale des acteurs du commerce de C\u00f4te d\u2019Ivoire (Fenacci), dirig\u00e9e par Soumahoro Farikou s\u2019est prononc\u00e9e sur la chert\u00e9 de la vie. M. Farikou a donn\u00e9 la position de sa F\u00e9d\u00e9ration et plaid\u00e9 pour une r\u00e9activation du Comit\u00e9 national de la lutte contre la vie ch\u00e8re. Par [&hellip;]<\/p>\n","protected":false},"author":82,"featured_media":10360,"comment_status":"open","ping_status":"closed","sticky":false,"template":"","format":"standard","meta":{"footnotes":""},"categories":[3,11,20,10],"tags":[56,63,29],"class_list":["post-10361","post","type-post","status-publish","format-standard","has-post-thumbnail","hentry","category-economie","category-homepage-french","category-top-nouvelles","category-toutes-les-actualites","tag-africa-press","tag-africa-press-cote-divoire","tag-cote-divoire"],"yoast_head":"<!-- This site is optimized with the Yoast SEO Premium plugin v26.1 (Yoast SEO v27.0) - https:\/\/yoast.com\/product\/yoast-seo-premium-wordpress\/ -->\n<title>Flamb\u00e9e des prix en C\u00f4te-d\u2019Ivoire: La FENACCI plaide pour la r\u00e9ouverture des fronti\u00e8res terrestres - C\u00f4te d&#039;Ivoire<\/title>\n<meta name=\"description\" content=\"Salif D. Cheickna La F\u00e9d\u00e9ration nationale des acteurs du commerce de C\u00f4te d\u2019Ivoire (Fenacci), dirig\u00e9e par Soumahoro Far ...\" \/>\n<meta name=\"robots\" content=\"index, follow, max-snippet:-1, max-image-preview:large, max-video-preview:-1\" \/>\n<link rel=\"canonical\" href=\"https:\/\/www.africa-press.net\/cotedivoire\/economie\/flambee-des-prix-en-cote-divoire-la-fenacci-plaide-pour-la-reouverture-des-frontieres-terrestres\" \/>\n<meta property=\"og:locale\" content=\"fr_FR\" \/>\n<meta property=\"og:type\" content=\"article\" \/>\n<meta property=\"og:title\" content=\"Flamb\u00e9e des prix en C\u00f4te-d\u2019Ivoire: La FENACCI plaide pour la r\u00e9ouverture des fronti\u00e8res terrestres\" \/>\n<meta property=\"og:description\" content=\"Salif D. Cheickna La F\u00e9d\u00e9ration nationale des acteurs du commerce de C\u00f4te d\u2019Ivoire (Fenacci), dirig\u00e9e par Soumahoro Far ...\" \/>\n<meta property=\"og:url\" content=\"https:\/\/www.africa-press.net\/cotedivoire\/economie\/flambee-des-prix-en-cote-divoire-la-fenacci-plaide-pour-la-reouverture-des-frontieres-terrestres\" \/>\n<meta property=\"og:site_name\" content=\"C\u00f4te d&#039;Ivoire\" \/>\n<meta property=\"article:published_time\" content=\"2021-07-25T16:03:02+00:00\" \/>\n<meta property=\"og:image\" content=\"https:\/\/static.africa-press.net\/cote\/sites\/43\/2021\/07\/img-60fd809e7871b.jpg\" \/>\n\t<meta property=\"og:image:width\" content=\"766\" \/>\n\t<meta property=\"og:image:height\" content=\"415\" \/>\n\t<meta property=\"og:image:type\" content=\"image\/jpeg\" \/>\n<meta name=\"author\" content=\"cfeditorfr\" \/>\n<meta name=\"twitter:card\" content=\"summary_large_image\" \/>\n<meta name=\"twitter:label1\" content=\"\u00c9crit par\" \/>\n\t<meta name=\"twitter:data1\" content=\"cfeditorfr\" \/>\n\t<meta name=\"twitter:label2\" content=\"Dur\u00e9e de lecture estim\u00e9e\" \/>\n\t<meta name=\"twitter:data2\" content=\"3 minutes\" \/>\n<script type=\"application\/ld+json\" class=\"yoast-schema-graph\">{\"@context\":\"https:\/\/schema.org\",\"@graph\":[{\"@type\":\"Article\",\"@id\":\"https:\/\/www.africa-press.net\/cotedivoire\/economie\/flambee-des-prix-en-cote-divoire-la-fenacci-plaide-pour-la-reouverture-des-frontieres-terrestres#article\",\"isPartOf\":{\"@id\":\"https:\/\/www.africa-press.net\/cotedivoire\/economie\/flambee-des-prix-en-cote-divoire-la-fenacci-plaide-pour-la-reouverture-des-frontieres-terrestres\"},\"author\":{\"name\":\"cfeditorfr\",\"@id\":\"https:\/\/www.africa-press.net\/cotedivoire\/#\/schema\/person\/2b1cf3cd81a31e3cd26889ca66d677f1\"},\"headline\":\"Flamb\u00e9e des prix en C\u00f4te-d\u2019Ivoire: La FENACCI plaide pour la r\u00e9ouverture des fronti\u00e8res terrestres\",\"datePublished\":\"2021-07-25T16:03:02+00:00\",\"mainEntityOfPage\":{\"@id\":\"https:\/\/www.africa-press.net\/cotedivoire\/economie\/flambee-des-prix-en-cote-divoire-la-fenacci-plaide-pour-la-reouverture-des-frontieres-terrestres\"},\"wordCount\":595,\"commentCount\":0,\"image\":{\"@id\":\"https:\/\/www.africa-press.net\/cotedivoire\/economie\/flambee-des-prix-en-cote-divoire-la-fenacci-plaide-pour-la-reouverture-des-frontieres-terrestres#primaryimage\"},\"thumbnailUrl\":\"https:\/\/static.africa-press.net\/cote\/sites\/43\/2021\/07\/img-60fd809e7871b.jpg\",\"keywords\":[\"Africa Press\",\"Africa Press-C\u00f4te d'Ivoire\",\"C\u00d4TE D'IVOIRE\"],\"articleSection\":[\"\u00c9conomie\",\"homepage-french\",\"Top Nouvelles\",\"Toutes les actualit\u00e9s\"],\"inLanguage\":\"fr-FR\",\"potentialAction\":[{\"@type\":\"CommentAction\",\"name\":\"Comment\",\"target\":[\"https:\/\/www.africa-press.net\/cotedivoire\/economie\/flambee-des-prix-en-cote-divoire-la-fenacci-plaide-pour-la-reouverture-des-frontieres-terrestres#respond\"]}]},{\"@type\":\"WebPage\",\"@id\":\"https:\/\/www.africa-press.net\/cotedivoire\/economie\/flambee-des-prix-en-cote-divoire-la-fenacci-plaide-pour-la-reouverture-des-frontieres-terrestres\",\"url\":\"https:\/\/www.africa-press.net\/cotedivoire\/economie\/flambee-des-prix-en-cote-divoire-la-fenacci-plaide-pour-la-reouverture-des-frontieres-terrestres\",\"name\":\"Flamb\u00e9e des prix en C\u00f4te-d\u2019Ivoire: La FENACCI plaide pour la r\u00e9ouverture des fronti\u00e8res terrestres - C\u00f4te d&#039;Ivoire\",\"isPartOf\":{\"@id\":\"https:\/\/www.africa-press.net\/cotedivoire\/#website\"},\"primaryImageOfPage\":{\"@id\":\"https:\/\/www.africa-press.net\/cotedivoire\/economie\/flambee-des-prix-en-cote-divoire-la-fenacci-plaide-pour-la-reouverture-des-frontieres-terrestres#primaryimage\"},\"image\":{\"@id\":\"https:\/\/www.africa-press.net\/cotedivoire\/economie\/flambee-des-prix-en-cote-divoire-la-fenacci-plaide-pour-la-reouverture-des-frontieres-terrestres#primaryimage\"},\"thumbnailUrl\":\"https:\/\/static.africa-press.net\/cote\/sites\/43\/2021\/07\/img-60fd809e7871b.jpg\",\"datePublished\":\"2021-07-25T16:03:02+00:00\",\"author\":{\"@id\":\"https:\/\/www.africa-press.net\/cotedivoire\/#\/schema\/person\/2b1cf3cd81a31e3cd26889ca66d677f1\"},\"description\":\"Salif D. Cheickna La F\u00e9d\u00e9ration nationale des acteurs du commerce de C\u00f4te d\u2019Ivoire (Fenacci), dirig\u00e9e par Soumahoro Far ...\",\"breadcrumb\":{\"@id\":\"https:\/\/www.africa-press.net\/cotedivoire\/economie\/flambee-des-prix-en-cote-divoire-la-fenacci-plaide-pour-la-reouverture-des-frontieres-terrestres#breadcrumb\"},\"inLanguage\":\"fr-FR\",\"potentialAction\":[{\"@type\":\"ReadAction\",\"target\":[\"https:\/\/www.africa-press.net\/cotedivoire\/economie\/flambee-des-prix-en-cote-divoire-la-fenacci-plaide-pour-la-reouverture-des-frontieres-terrestres\"]}]},{\"@type\":\"ImageObject\",\"inLanguage\":\"fr-FR\",\"@id\":\"https:\/\/www.africa-press.net\/cotedivoire\/economie\/flambee-des-prix-en-cote-divoire-la-fenacci-plaide-pour-la-reouverture-des-frontieres-terrestres#primaryimage\",\"url\":\"https:\/\/static.africa-press.net\/cote\/sites\/43\/2021\/07\/img-60fd809e7871b.jpg\",\"contentUrl\":\"https:\/\/static.africa-press.net\/cote\/sites\/43\/2021\/07\/img-60fd809e7871b.jpg\",\"width\":766,\"height\":415,\"caption\":\"Flamb\u00e9e des prix en C\u00f4te-d\u2019Ivoire: La FENACCI plaide pour la r\u00e9ouverture des fronti\u00e8res terrestres\"},{\"@type\":\"BreadcrumbList\",\"@id\":\"https:\/\/www.africa-press.net\/cotedivoire\/economie\/flambee-des-prix-en-cote-divoire-la-fenacci-plaide-pour-la-reouverture-des-frontieres-terrestres#breadcrumb\",\"itemListElement\":[{\"@type\":\"ListItem\",\"position\":1,\"name\":\"Accueil\",\"item\":\"https:\/\/www.africa-press.net\/cotedivoire\/\"},{\"@type\":\"ListItem\",\"position\":2,\"name\":\"Flamb\u00e9e des prix en C\u00f4te-d\u2019Ivoire: La FENACCI plaide pour la r\u00e9ouverture des fronti\u00e8res terrestres\"}]},{\"@type\":\"WebSite\",\"@id\":\"https:\/\/www.africa-press.net\/cotedivoire\/#website\",\"url\":\"https:\/\/www.africa-press.net\/cotedivoire\/\",\"name\":\"C\u00f4te d&#039;Ivoire\",\"description\":\"Just another Africa News Agency Sites site\",\"potentialAction\":[{\"@type\":\"SearchAction\",\"target\":{\"@type\":\"EntryPoint\",\"urlTemplate\":\"https:\/\/www.africa-press.net\/cotedivoire\/?s={search_term_string}\"},\"query-input\":{\"@type\":\"PropertyValueSpecification\",\"valueRequired\":true,\"valueName\":\"search_term_string\"}}],\"inLanguage\":\"fr-FR\"},{\"@type\":\"Person\",\"@id\":\"https:\/\/www.africa-press.net\/cotedivoire\/#\/schema\/person\/2b1cf3cd81a31e3cd26889ca66d677f1\",\"name\":\"cfeditorfr\"}]}<\/script>\n<!-- \/ Yoast SEO Premium plugin. -->","yoast_head_json":{"title":"Flamb\u00e9e des prix en C\u00f4te-d\u2019Ivoire: La FENACCI plaide pour la r\u00e9ouverture des fronti\u00e8res terrestres - C\u00f4te d&#039;Ivoire","description":"Salif D. Cheickna La F\u00e9d\u00e9ration nationale des acteurs du commerce de C\u00f4te d\u2019Ivoire (Fenacci), dirig\u00e9e par Soumahoro Far ...","robots":{"index":"index","follow":"follow","max-snippet":"max-snippet:-1","max-image-preview":"max-image-preview:large","max-video-preview":"max-video-preview:-1"},"canonical":"https:\/\/www.africa-press.net\/cotedivoire\/economie\/flambee-des-prix-en-cote-divoire-la-fenacci-plaide-pour-la-reouverture-des-frontieres-terrestres","og_locale":"fr_FR","og_type":"article","og_title":"Flamb\u00e9e des prix en C\u00f4te-d\u2019Ivoire: La FENACCI plaide pour la r\u00e9ouverture des fronti\u00e8res terrestres","og_description":"Salif D. Cheickna La F\u00e9d\u00e9ration nationale des acteurs du commerce de C\u00f4te d\u2019Ivoire (Fenacci), dirig\u00e9e par Soumahoro Far ...","og_url":"https:\/\/www.africa-press.net\/cotedivoire\/economie\/flambee-des-prix-en-cote-divoire-la-fenacci-plaide-pour-la-reouverture-des-frontieres-terrestres","og_site_name":"C\u00f4te d&#039;Ivoire","article_published_time":"2021-07-25T16:03:02+00:00","og_image":[{"width":766,"height":415,"url":"https:\/\/static.africa-press.net\/cote\/sites\/43\/2021\/07\/img-60fd809e7871b.jpg","type":"image\/jpeg"}],"author":"cfeditorfr","twitter_card":"summary_large_image","twitter_misc":{"\u00c9crit par":"cfeditorfr","Dur\u00e9e de lecture estim\u00e9e":"3 minutes"},"schema":{"@context":"https:\/\/schema.org","@graph":[{"@type":"Article","@id":"https:\/\/www.africa-press.net\/cotedivoire\/economie\/flambee-des-prix-en-cote-divoire-la-fenacci-plaide-pour-la-reouverture-des-frontieres-terrestres#article","isPartOf":{"@id":"https:\/\/www.africa-press.net\/cotedivoire\/economie\/flambee-des-prix-en-cote-divoire-la-fenacci-plaide-pour-la-reouverture-des-frontieres-terrestres"},"author":{"name":"cfeditorfr","@id":"https:\/\/www.africa-press.net\/cotedivoire\/#\/schema\/person\/2b1cf3cd81a31e3cd26889ca66d677f1"},"headline":"Flamb\u00e9e des prix en C\u00f4te-d\u2019Ivoire: La FENACCI plaide pour la r\u00e9ouverture des fronti\u00e8res terrestres","datePublished":"2021-07-25T16:03:02+00:00","mainEntityOfPage":{"@id":"https:\/\/www.africa-press.net\/cotedivoire\/economie\/flambee-des-prix-en-cote-divoire-la-fenacci-plaide-pour-la-reouverture-des-frontieres-terrestres"},"wordCount":595,"commentCount":0,"image":{"@id":"https:\/\/www.africa-press.net\/cotedivoire\/economie\/flambee-des-prix-en-cote-divoire-la-fenacci-plaide-pour-la-reouverture-des-frontieres-terrestres#primaryimage"},"thumbnailUrl":"https:\/\/static.africa-press.net\/cote\/sites\/43\/2021\/07\/img-60fd809e7871b.jpg","keywords":["Africa Press","Africa Press-C\u00f4te d'Ivoire","C\u00d4TE D'IVOIRE"],"articleSection":["\u00c9conomie","homepage-french","Top Nouvelles","Toutes les actualit\u00e9s"],"inLanguage":"fr-FR","potentialAction":[{"@type":"CommentAction","name":"Comment","target":["https:\/\/www.africa-press.net\/cotedivoire\/economie\/flambee-des-prix-en-cote-divoire-la-fenacci-plaide-pour-la-reouverture-des-frontieres-terrestres#respond"]}]},{"@type":"WebPage","@id":"https:\/\/www.africa-press.net\/cotedivoire\/economie\/flambee-des-prix-en-cote-divoire-la-fenacci-plaide-pour-la-reouverture-des-frontieres-terrestres","url":"https:\/\/www.africa-press.net\/cotedivoire\/economie\/flambee-des-prix-en-cote-divoire-la-fenacci-plaide-pour-la-reouverture-des-frontieres-terrestres","name":"Flamb\u00e9e des prix en C\u00f4te-d\u2019Ivoire: La FENACCI plaide pour la r\u00e9ouverture des fronti\u00e8res terrestres - C\u00f4te d&#039;Ivoire","isPartOf":{"@id":"https:\/\/www.africa-press.net\/cotedivoire\/#website"},"primaryImageOfPage":{"@id":"https:\/\/www.africa-press.net\/cotedivoire\/economie\/flambee-des-prix-en-cote-divoire-la-fenacci-plaide-pour-la-reouverture-des-frontieres-terrestres#primaryimage"},"image":{"@id":"https:\/\/www.africa-press.net\/cotedivoire\/economie\/flambee-des-prix-en-cote-divoire-la-fenacci-plaide-pour-la-reouverture-des-frontieres-terrestres#primaryimage"},"thumbnailUrl":"https:\/\/static.africa-press.net\/cote\/sites\/43\/2021\/07\/img-60fd809e7871b.jpg","datePublished":"2021-07-25T16:03:02+00:00","author":{"@id":"https:\/\/www.africa-press.net\/cotedivoire\/#\/schema\/person\/2b1cf3cd81a31e3cd26889ca66d677f1"},"description":"Salif D. Cheickna La F\u00e9d\u00e9ration nationale des acteurs du commerce de C\u00f4te d\u2019Ivoire (Fenacci), dirig\u00e9e par Soumahoro Far ...","breadcrumb":{"@id":"https:\/\/www.africa-press.net\/cotedivoire\/economie\/flambee-des-prix-en-cote-divoire-la-fenacci-plaide-pour-la-reouverture-des-frontieres-terrestres#breadcrumb"},"inLanguage":"fr-FR","potentialAction":[{"@type":"ReadAction","target":["https:\/\/www.africa-press.net\/cotedivoire\/economie\/flambee-des-prix-en-cote-divoire-la-fenacci-plaide-pour-la-reouverture-des-frontieres-terrestres"]}]},{"@type":"ImageObject","inLanguage":"fr-FR","@id":"https:\/\/www.africa-press.net\/cotedivoire\/economie\/flambee-des-prix-en-cote-divoire-la-fenacci-plaide-pour-la-reouverture-des-frontieres-terrestres#primaryimage","url":"https:\/\/static.africa-press.net\/cote\/sites\/43\/2021\/07\/img-60fd809e7871b.jpg","contentUrl":"https:\/\/static.africa-press.net\/cote\/sites\/43\/2021\/07\/img-60fd809e7871b.jpg","width":766,"height":415,"caption":"Flamb\u00e9e des prix en C\u00f4te-d\u2019Ivoire: La FENACCI plaide pour la r\u00e9ouverture des fronti\u00e8res terrestres"},{"@type":"BreadcrumbList","@id":"https:\/\/www.africa-press.net\/cotedivoire\/economie\/flambee-des-prix-en-cote-divoire-la-fenacci-plaide-pour-la-reouverture-des-frontieres-terrestres#breadcrumb","itemListElement":[{"@type":"ListItem","position":1,"name":"Accueil","item":"https:\/\/www.africa-press.net\/cotedivoire\/"},{"@type":"ListItem","position":2,"name":"Flamb\u00e9e des prix en C\u00f4te-d\u2019Ivoire: La FENACCI plaide pour la r\u00e9ouverture des fronti\u00e8res terrestres"}]},{"@type":"WebSite","@id":"https:\/\/www.africa-press.net\/cotedivoire\/#website","url":"https:\/\/www.africa-press.net\/cotedivoire\/","name":"C\u00f4te d&#039;Ivoire","description":"Just another Africa News Agency Sites site","potentialAction":[{"@type":"SearchAction","target":{"@type":"EntryPoint","urlTemplate":"https:\/\/www.africa-press.net\/cotedivoire\/?s={search_term_string}"},"query-input":{"@type":"PropertyValueSpecification","valueRequired":true,"valueName":"search_term_string"}}],"inLanguage":"fr-FR"},{"@type":"Person","@id":"https:\/\/www.africa-press.net\/cotedivoire\/#\/schema\/person\/2b1cf3cd81a31e3cd26889ca66d677f1","name":"cfeditorfr"}]}},"_links":{"self":[{"href":"https:\/\/www.africa-press.net\/cotedivoire\/wp-json\/wp\/v2\/posts\/10361","targetHints":{"allow":["GET"]}}],"collection":[{"href":"https:\/\/www.africa-press.net\/cotedivoire\/wp-json\/wp\/v2\/posts"}],"about":[{"href":"https:\/\/www.africa-press.net\/cotedivoire\/wp-json\/wp\/v2\/types\/post"}],"author":[{"embeddable":true,"href":"https:\/\/www.africa-press.net\/cotedivoire\/wp-json\/wp\/v2\/users\/82"}],"replies":[{"embeddable":true,"href":"https:\/\/www.africa-press.net\/cotedivoire\/wp-json\/wp\/v2\/comments?post=10361"}],"version-history":[{"count":0,"href":"https:\/\/www.africa-press.net\/cotedivoire\/wp-json\/wp\/v2\/posts\/10361\/revisions"}],"wp:featuredmedia":[{"embeddable":true,"href":"https:\/\/www.africa-press.net\/cotedivoire\/wp-json\/wp\/v2\/media\/10360"}],"wp:attachment":[{"href":"https:\/\/www.africa-press.net\/cotedivoire\/wp-json\/wp\/v2\/media?parent=10361"}],"wp:term":[{"taxonomy":"category","embeddable":true,"href":"https:\/\/www.africa-press.net\/cotedivoire\/wp-json\/wp\/v2\/categories?post=10361"},{"taxonomy":"post_tag","embeddable":true,"href":"https:\/\/www.africa-press.net\/cotedivoire\/wp-json\/wp\/v2\/tags?post=10361"}],"curies":[{"name":"wp","href":"https:\/\/api.w.org\/{rel}","templated":true}]}}