{"id":103632,"date":"2025-08-14T15:02:55","date_gmt":"2025-08-14T15:02:55","guid":{"rendered":"https:\/\/www.africa-press.net\/cotedivoire\/politique\/dialogue-social-codidgi-salue-engagement-danne-ouloto"},"modified":"2025-08-14T15:18:30","modified_gmt":"2025-08-14T15:18:30","slug":"dialogue-social-codidgi-salue-engagement-danne-ouloto","status":"publish","type":"post","link":"https:\/\/www.africa-press.net\/cotedivoire\/politique\/dialogue-social-codidgi-salue-engagement-danne-ouloto","title":{"rendered":"Dialogue Social: CODIDGI Salue Engagement d&rsquo;Anne Ouloto"},"content":{"rendered":"<p><span style=\"color: #ff6600\"><strong>Africa-Press &#8211; C\u00f4te d&rsquo;Ivoire. <\/strong><\/span>La Coordination des Dignite\u0301 de la Direction Ge\u0301ne\u0301rale des Impo\u0302ts (CODIDGI) a exprime\u0301, le 13 aou\u0302t 2025 a\u0300 Abidjan, via une de\u0301claration publie\u0301e dont copie\u0301 est parvenue a\u0300 KOACI, sa vive reconnaissance envers le ministe\u0300re d\u2019E\u0301tat, ministe\u0300re de la Fonction publique et de la Modernisation de l\u2019Administration, pour l\u2019organisation d\u2019un se\u0301minaire de formation destine\u0301 aux Comite\u0301s Sectoriels de Dialogue Social.<\/p>\n<p>Tenue a\u0300 l\u2019E\u0301cole Normale Supe\u0301rieure (ENS), cette rencontre a re\u0301uni des participants venus renforcer leurs connaissances sur les bases juridiques et institutionnelles du dialogue social, ainsi que sur les me\u0301thodes de pre\u0301vention et de re\u0300glement des conflits professionnels. L\u2019initiative a e\u0301te\u0301 perc\u0327ue par les membres de la CODIDGI comme un signal fort en faveur d\u2019un climat de travail plus apaise\u0301 et productif au sein de l\u2019administration publique.<\/p>\n<p>Les interventions des experts Kone\u0301 Zanga, Zagi Gnagna The\u0301odore et Soro Mamadou ont marque\u0301 les esprits par la clarte\u0301 de leurs analyses et la richesse de leurs enseignements. Les participants ont salue\u0301 la capacite\u0301 des formateurs a\u0300 rendre accessibles des notions parfois complexes et a\u0300 susciter un ve\u0301ritable e\u0301change interactif.<\/p>\n<p>La CODIDGI a e\u0301galement tenu a\u0300 adresser ses remerciements a\u0300 Madame Gbetibouo Bertine, Inspecteur ge\u0301ne\u0301ral adjoint assurant l\u2019inte\u0301rim, pour son implication dans la re\u0301ussite de ce programme.<\/p>\n<p>Au nom de l\u2019organisation, Michael Dougrou, secre\u0301taire ge\u0301ne\u0301ral de l\u2019ANADGI, a souligne\u0301 que cette formation illustre parfaitement le leadership et la vision de Madame le Ministre d\u2019E\u0301tat, de\u0301termine\u0301e a\u0300 placer le dialogue social et la modernisation de l\u2019administration au c\u0153ur de son action.<\/p>\n<p><strong>Pour plus d&rsquo;informations et d&rsquo;analyses sur la <span style=\"color: #ff6600\">C\u00f4te d&rsquo;Ivoire<\/span>, suivez <span style=\"color: #ff6600\">Africa-Press<\/span><\/strong><\/p>\n","protected":false},"excerpt":{"rendered":"<p>Africa-Press &#8211; C\u00f4te d&rsquo;Ivoire. La Coordination des Dignite\u0301 de la Direction Ge\u0301ne\u0301rale des Impo\u0302ts (CODIDGI) a exprime\u0301, le 13 aou\u0302t 2025 a\u0300 Abidjan, via une de\u0301claration publie\u0301e dont copie\u0301 est parvenue a\u0300 KOACI, sa vive reconnaissance envers le ministe\u0300re d\u2019E\u0301tat, ministe\u0300re de la Fonction publique et de la Modernisation de l\u2019Administration, pour l\u2019organisation d\u2019un se\u0301minaire [&hellip;]<\/p>\n","protected":false},"author":82,"featured_media":103631,"comment_status":"open","ping_status":"closed","sticky":false,"template":"","format":"standard","meta":{"footnotes":""},"categories":[2,10],"tags":[1687,29,18466],"class_list":["post-103632","post","type-post","status-publish","format-standard","has-post-thumbnail","hentry","category-politique","category-toutes-les-actualites","tag-anne-ouloto","tag-cote-divoire","tag-dialogue-social"],"yoast_head":"<!-- This site is optimized with the Yoast SEO Premium plugin v26.1 (Yoast SEO v27.0) - https:\/\/yoast.com\/product\/yoast-seo-premium-wordpress\/ -->\n<title>Dialogue Social: CODIDGI Salue Engagement d&#039;Anne Ouloto - C\u00f4te d&#039;Ivoire<\/title>\n<meta name=\"description\" content=\"La Coordination des Dignite\u0301 de la Direction Ge\u0301ne\u0301rale des Impo\u0302ts (CODIDGI) a exprime\u0301, le 13 aou\u0302t 2025 a\u0300 Abidjan, v ...\" \/>\n<meta name=\"robots\" content=\"index, follow, max-snippet:-1, max-image-preview:large, max-video-preview:-1\" \/>\n<link rel=\"canonical\" href=\"https:\/\/www.africa-press.net\/cotedivoire\/politique\/dialogue-social-codidgi-salue-engagement-danne-ouloto\" \/>\n<meta property=\"og:locale\" content=\"fr_FR\" \/>\n<meta property=\"og:type\" content=\"article\" \/>\n<meta property=\"og:title\" content=\"Dialogue Social: CODIDGI Salue Engagement d&#039;Anne Ouloto\" \/>\n<meta property=\"og:description\" content=\"La Coordination des Dignite\u0301 de la Direction Ge\u0301ne\u0301rale des Impo\u0302ts (CODIDGI) a exprime\u0301, le 13 aou\u0302t 2025 a\u0300 Abidjan, v ...\" \/>\n<meta property=\"og:url\" content=\"https:\/\/www.africa-press.net\/cotedivoire\/politique\/dialogue-social-codidgi-salue-engagement-danne-ouloto\" \/>\n<meta property=\"og:site_name\" content=\"C\u00f4te d&#039;Ivoire\" \/>\n<meta property=\"article:published_time\" content=\"2025-08-14T15:02:55+00:00\" \/>\n<meta property=\"article:modified_time\" content=\"2025-08-14T15:18:30+00:00\" \/>\n<meta property=\"og:image\" content=\"https:\/\/static.africa-press.net\/cote\/sites\/43\/2025\/08\/sm_1755172097.189333.jpg\" \/>\n\t<meta property=\"og:image:width\" content=\"720\" \/>\n\t<meta property=\"og:image:height\" content=\"540\" \/>\n\t<meta property=\"og:image:type\" content=\"image\/jpeg\" \/>\n<meta name=\"author\" content=\"cfeditorfr\" \/>\n<meta name=\"twitter:card\" content=\"summary_large_image\" \/>\n<meta name=\"twitter:label1\" content=\"\u00c9crit par\" \/>\n\t<meta name=\"twitter:data1\" content=\"cfeditorfr\" \/>\n\t<meta name=\"twitter:label2\" content=\"Dur\u00e9e de lecture estim\u00e9e\" \/>\n\t<meta name=\"twitter:data2\" content=\"2 minutes\" \/>\n<script type=\"application\/ld+json\" class=\"yoast-schema-graph\">{\"@context\":\"https:\/\/schema.org\",\"@graph\":[{\"@type\":\"Article\",\"@id\":\"https:\/\/www.africa-press.net\/cotedivoire\/politique\/dialogue-social-codidgi-salue-engagement-danne-ouloto#article\",\"isPartOf\":{\"@id\":\"https:\/\/www.africa-press.net\/cotedivoire\/politique\/dialogue-social-codidgi-salue-engagement-danne-ouloto\"},\"author\":{\"name\":\"cfeditorfr\",\"@id\":\"https:\/\/www.africa-press.net\/cotedivoire\/#\/schema\/person\/2b1cf3cd81a31e3cd26889ca66d677f1\"},\"headline\":\"Dialogue Social: CODIDGI Salue Engagement d&rsquo;Anne Ouloto\",\"datePublished\":\"2025-08-14T15:02:55+00:00\",\"dateModified\":\"2025-08-14T15:18:30+00:00\",\"mainEntityOfPage\":{\"@id\":\"https:\/\/www.africa-press.net\/cotedivoire\/politique\/dialogue-social-codidgi-salue-engagement-danne-ouloto\"},\"wordCount\":321,\"commentCount\":0,\"image\":{\"@id\":\"https:\/\/www.africa-press.net\/cotedivoire\/politique\/dialogue-social-codidgi-salue-engagement-danne-ouloto#primaryimage\"},\"thumbnailUrl\":\"https:\/\/static.africa-press.net\/cote\/sites\/43\/2025\/08\/sm_1755172097.189333.jpg\",\"keywords\":[\"Anne Ouloto\",\"C\u00d4TE D'IVOIRE\",\"Dialogue Social\"],\"articleSection\":[\"Politique\",\"Toutes les actualit\u00e9s\"],\"inLanguage\":\"fr-FR\",\"potentialAction\":[{\"@type\":\"CommentAction\",\"name\":\"Comment\",\"target\":[\"https:\/\/www.africa-press.net\/cotedivoire\/politique\/dialogue-social-codidgi-salue-engagement-danne-ouloto#respond\"]}]},{\"@type\":\"WebPage\",\"@id\":\"https:\/\/www.africa-press.net\/cotedivoire\/politique\/dialogue-social-codidgi-salue-engagement-danne-ouloto\",\"url\":\"https:\/\/www.africa-press.net\/cotedivoire\/politique\/dialogue-social-codidgi-salue-engagement-danne-ouloto\",\"name\":\"Dialogue Social: CODIDGI Salue Engagement d'Anne Ouloto - C\u00f4te d&#039;Ivoire\",\"isPartOf\":{\"@id\":\"https:\/\/www.africa-press.net\/cotedivoire\/#website\"},\"primaryImageOfPage\":{\"@id\":\"https:\/\/www.africa-press.net\/cotedivoire\/politique\/dialogue-social-codidgi-salue-engagement-danne-ouloto#primaryimage\"},\"image\":{\"@id\":\"https:\/\/www.africa-press.net\/cotedivoire\/politique\/dialogue-social-codidgi-salue-engagement-danne-ouloto#primaryimage\"},\"thumbnailUrl\":\"https:\/\/static.africa-press.net\/cote\/sites\/43\/2025\/08\/sm_1755172097.189333.jpg\",\"datePublished\":\"2025-08-14T15:02:55+00:00\",\"dateModified\":\"2025-08-14T15:18:30+00:00\",\"author\":{\"@id\":\"https:\/\/www.africa-press.net\/cotedivoire\/#\/schema\/person\/2b1cf3cd81a31e3cd26889ca66d677f1\"},\"description\":\"La Coordination des Dignite\u0301 de la Direction Ge\u0301ne\u0301rale des Impo\u0302ts (CODIDGI) a exprime\u0301, le 13 aou\u0302t 2025 a\u0300 Abidjan, v ...\",\"breadcrumb\":{\"@id\":\"https:\/\/www.africa-press.net\/cotedivoire\/politique\/dialogue-social-codidgi-salue-engagement-danne-ouloto#breadcrumb\"},\"inLanguage\":\"fr-FR\",\"potentialAction\":[{\"@type\":\"ReadAction\",\"target\":[\"https:\/\/www.africa-press.net\/cotedivoire\/politique\/dialogue-social-codidgi-salue-engagement-danne-ouloto\"]}]},{\"@type\":\"ImageObject\",\"inLanguage\":\"fr-FR\",\"@id\":\"https:\/\/www.africa-press.net\/cotedivoire\/politique\/dialogue-social-codidgi-salue-engagement-danne-ouloto#primaryimage\",\"url\":\"https:\/\/static.africa-press.net\/cote\/sites\/43\/2025\/08\/sm_1755172097.189333.jpg\",\"contentUrl\":\"https:\/\/static.africa-press.net\/cote\/sites\/43\/2025\/08\/sm_1755172097.189333.jpg\",\"width\":720,\"height\":540,\"caption\":\"Dialogue Social: CODIDGI Salue Engagement d'Anne Ouloto\"},{\"@type\":\"BreadcrumbList\",\"@id\":\"https:\/\/www.africa-press.net\/cotedivoire\/politique\/dialogue-social-codidgi-salue-engagement-danne-ouloto#breadcrumb\",\"itemListElement\":[{\"@type\":\"ListItem\",\"position\":1,\"name\":\"Accueil\",\"item\":\"https:\/\/www.africa-press.net\/cotedivoire\/\"},{\"@type\":\"ListItem\",\"position\":2,\"name\":\"Dialogue Social: CODIDGI Salue Engagement d&#8217;Anne Ouloto\"}]},{\"@type\":\"WebSite\",\"@id\":\"https:\/\/www.africa-press.net\/cotedivoire\/#website\",\"url\":\"https:\/\/www.africa-press.net\/cotedivoire\/\",\"name\":\"C\u00f4te d&#039;Ivoire\",\"description\":\"Just another Africa News Agency Sites site\",\"potentialAction\":[{\"@type\":\"SearchAction\",\"target\":{\"@type\":\"EntryPoint\",\"urlTemplate\":\"https:\/\/www.africa-press.net\/cotedivoire\/?s={search_term_string}\"},\"query-input\":{\"@type\":\"PropertyValueSpecification\",\"valueRequired\":true,\"valueName\":\"search_term_string\"}}],\"inLanguage\":\"fr-FR\"},{\"@type\":\"Person\",\"@id\":\"https:\/\/www.africa-press.net\/cotedivoire\/#\/schema\/person\/2b1cf3cd81a31e3cd26889ca66d677f1\",\"name\":\"cfeditorfr\"}]}<\/script>\n<!-- \/ Yoast SEO Premium plugin. -->","yoast_head_json":{"title":"Dialogue Social: CODIDGI Salue Engagement d'Anne Ouloto - C\u00f4te d&#039;Ivoire","description":"La Coordination des Dignite\u0301 de la Direction Ge\u0301ne\u0301rale des Impo\u0302ts (CODIDGI) a exprime\u0301, le 13 aou\u0302t 2025 a\u0300 Abidjan, v ...","robots":{"index":"index","follow":"follow","max-snippet":"max-snippet:-1","max-image-preview":"max-image-preview:large","max-video-preview":"max-video-preview:-1"},"canonical":"https:\/\/www.africa-press.net\/cotedivoire\/politique\/dialogue-social-codidgi-salue-engagement-danne-ouloto","og_locale":"fr_FR","og_type":"article","og_title":"Dialogue Social: CODIDGI Salue Engagement d'Anne Ouloto","og_description":"La Coordination des Dignite\u0301 de la Direction Ge\u0301ne\u0301rale des Impo\u0302ts (CODIDGI) a exprime\u0301, le 13 aou\u0302t 2025 a\u0300 Abidjan, v ...","og_url":"https:\/\/www.africa-press.net\/cotedivoire\/politique\/dialogue-social-codidgi-salue-engagement-danne-ouloto","og_site_name":"C\u00f4te d&#039;Ivoire","article_published_time":"2025-08-14T15:02:55+00:00","article_modified_time":"2025-08-14T15:18:30+00:00","og_image":[{"width":720,"height":540,"url":"https:\/\/static.africa-press.net\/cote\/sites\/43\/2025\/08\/sm_1755172097.189333.jpg","type":"image\/jpeg"}],"author":"cfeditorfr","twitter_card":"summary_large_image","twitter_misc":{"\u00c9crit par":"cfeditorfr","Dur\u00e9e de lecture estim\u00e9e":"2 minutes"},"schema":{"@context":"https:\/\/schema.org","@graph":[{"@type":"Article","@id":"https:\/\/www.africa-press.net\/cotedivoire\/politique\/dialogue-social-codidgi-salue-engagement-danne-ouloto#article","isPartOf":{"@id":"https:\/\/www.africa-press.net\/cotedivoire\/politique\/dialogue-social-codidgi-salue-engagement-danne-ouloto"},"author":{"name":"cfeditorfr","@id":"https:\/\/www.africa-press.net\/cotedivoire\/#\/schema\/person\/2b1cf3cd81a31e3cd26889ca66d677f1"},"headline":"Dialogue Social: CODIDGI Salue Engagement d&rsquo;Anne Ouloto","datePublished":"2025-08-14T15:02:55+00:00","dateModified":"2025-08-14T15:18:30+00:00","mainEntityOfPage":{"@id":"https:\/\/www.africa-press.net\/cotedivoire\/politique\/dialogue-social-codidgi-salue-engagement-danne-ouloto"},"wordCount":321,"commentCount":0,"image":{"@id":"https:\/\/www.africa-press.net\/cotedivoire\/politique\/dialogue-social-codidgi-salue-engagement-danne-ouloto#primaryimage"},"thumbnailUrl":"https:\/\/static.africa-press.net\/cote\/sites\/43\/2025\/08\/sm_1755172097.189333.jpg","keywords":["Anne Ouloto","C\u00d4TE D'IVOIRE","Dialogue Social"],"articleSection":["Politique","Toutes les actualit\u00e9s"],"inLanguage":"fr-FR","potentialAction":[{"@type":"CommentAction","name":"Comment","target":["https:\/\/www.africa-press.net\/cotedivoire\/politique\/dialogue-social-codidgi-salue-engagement-danne-ouloto#respond"]}]},{"@type":"WebPage","@id":"https:\/\/www.africa-press.net\/cotedivoire\/politique\/dialogue-social-codidgi-salue-engagement-danne-ouloto","url":"https:\/\/www.africa-press.net\/cotedivoire\/politique\/dialogue-social-codidgi-salue-engagement-danne-ouloto","name":"Dialogue Social: CODIDGI Salue Engagement d'Anne Ouloto - C\u00f4te d&#039;Ivoire","isPartOf":{"@id":"https:\/\/www.africa-press.net\/cotedivoire\/#website"},"primaryImageOfPage":{"@id":"https:\/\/www.africa-press.net\/cotedivoire\/politique\/dialogue-social-codidgi-salue-engagement-danne-ouloto#primaryimage"},"image":{"@id":"https:\/\/www.africa-press.net\/cotedivoire\/politique\/dialogue-social-codidgi-salue-engagement-danne-ouloto#primaryimage"},"thumbnailUrl":"https:\/\/static.africa-press.net\/cote\/sites\/43\/2025\/08\/sm_1755172097.189333.jpg","datePublished":"2025-08-14T15:02:55+00:00","dateModified":"2025-08-14T15:18:30+00:00","author":{"@id":"https:\/\/www.africa-press.net\/cotedivoire\/#\/schema\/person\/2b1cf3cd81a31e3cd26889ca66d677f1"},"description":"La Coordination des Dignite\u0301 de la Direction Ge\u0301ne\u0301rale des Impo\u0302ts (CODIDGI) a exprime\u0301, le 13 aou\u0302t 2025 a\u0300 Abidjan, v ...","breadcrumb":{"@id":"https:\/\/www.africa-press.net\/cotedivoire\/politique\/dialogue-social-codidgi-salue-engagement-danne-ouloto#breadcrumb"},"inLanguage":"fr-FR","potentialAction":[{"@type":"ReadAction","target":["https:\/\/www.africa-press.net\/cotedivoire\/politique\/dialogue-social-codidgi-salue-engagement-danne-ouloto"]}]},{"@type":"ImageObject","inLanguage":"fr-FR","@id":"https:\/\/www.africa-press.net\/cotedivoire\/politique\/dialogue-social-codidgi-salue-engagement-danne-ouloto#primaryimage","url":"https:\/\/static.africa-press.net\/cote\/sites\/43\/2025\/08\/sm_1755172097.189333.jpg","contentUrl":"https:\/\/static.africa-press.net\/cote\/sites\/43\/2025\/08\/sm_1755172097.189333.jpg","width":720,"height":540,"caption":"Dialogue Social: CODIDGI Salue Engagement d'Anne Ouloto"},{"@type":"BreadcrumbList","@id":"https:\/\/www.africa-press.net\/cotedivoire\/politique\/dialogue-social-codidgi-salue-engagement-danne-ouloto#breadcrumb","itemListElement":[{"@type":"ListItem","position":1,"name":"Accueil","item":"https:\/\/www.africa-press.net\/cotedivoire\/"},{"@type":"ListItem","position":2,"name":"Dialogue Social: CODIDGI Salue Engagement d&#8217;Anne Ouloto"}]},{"@type":"WebSite","@id":"https:\/\/www.africa-press.net\/cotedivoire\/#website","url":"https:\/\/www.africa-press.net\/cotedivoire\/","name":"C\u00f4te d&#039;Ivoire","description":"Just another Africa News Agency Sites site","potentialAction":[{"@type":"SearchAction","target":{"@type":"EntryPoint","urlTemplate":"https:\/\/www.africa-press.net\/cotedivoire\/?s={search_term_string}"},"query-input":{"@type":"PropertyValueSpecification","valueRequired":true,"valueName":"search_term_string"}}],"inLanguage":"fr-FR"},{"@type":"Person","@id":"https:\/\/www.africa-press.net\/cotedivoire\/#\/schema\/person\/2b1cf3cd81a31e3cd26889ca66d677f1","name":"cfeditorfr"}]}},"_links":{"self":[{"href":"https:\/\/www.africa-press.net\/cotedivoire\/wp-json\/wp\/v2\/posts\/103632","targetHints":{"allow":["GET"]}}],"collection":[{"href":"https:\/\/www.africa-press.net\/cotedivoire\/wp-json\/wp\/v2\/posts"}],"about":[{"href":"https:\/\/www.africa-press.net\/cotedivoire\/wp-json\/wp\/v2\/types\/post"}],"author":[{"embeddable":true,"href":"https:\/\/www.africa-press.net\/cotedivoire\/wp-json\/wp\/v2\/users\/82"}],"replies":[{"embeddable":true,"href":"https:\/\/www.africa-press.net\/cotedivoire\/wp-json\/wp\/v2\/comments?post=103632"}],"version-history":[{"count":0,"href":"https:\/\/www.africa-press.net\/cotedivoire\/wp-json\/wp\/v2\/posts\/103632\/revisions"}],"wp:featuredmedia":[{"embeddable":true,"href":"https:\/\/www.africa-press.net\/cotedivoire\/wp-json\/wp\/v2\/media\/103631"}],"wp:attachment":[{"href":"https:\/\/www.africa-press.net\/cotedivoire\/wp-json\/wp\/v2\/media?parent=103632"}],"wp:term":[{"taxonomy":"category","embeddable":true,"href":"https:\/\/www.africa-press.net\/cotedivoire\/wp-json\/wp\/v2\/categories?post=103632"},{"taxonomy":"post_tag","embeddable":true,"href":"https:\/\/www.africa-press.net\/cotedivoire\/wp-json\/wp\/v2\/tags?post=103632"}],"curies":[{"name":"wp","href":"https:\/\/api.w.org\/{rel}","templated":true}]}}