{"id":10364,"date":"2021-07-25T16:11:41","date_gmt":"2021-07-25T16:11:41","guid":{"rendered":"https:\/\/www.africa-press.net\/cotedivoire\/?p=10364"},"modified":"2021-07-25T17:46:14","modified_gmt":"2021-07-25T17:46:14","slug":"burkina-co%cc%82te-divoire-ibrahim-ouedraogo-laureat-du-grand-prix-du-tac-2021","status":"publish","type":"post","link":"https:\/\/www.africa-press.net\/cotedivoire\/culture-et-art\/burkina-co%cc%82te-divoire-ibrahim-ouedraogo-laureat-du-grand-prix-du-tac-2021","title":{"rendered":"Burkina\/Co\u0302te d\u2019Ivoire : Ibrahim Oue\u0301draogo laure\u0301at du grand prix du TAC 2021"},"content":{"rendered":"<p><span style=\"color: #ff6600\"><strong><a href=\"https:\/\/www.africa-press.net\/\">Africa-Press<\/a> &#8211; <a href=\"https:\/\/www.africa-press.net\/cotedivoire\">C\u00f4te d&rsquo;Ivoire<\/a>. <\/strong><\/span><b>Le Pre\u0301sident fondateur du Centre de Formation Professionnelle en conduite d\u2019Engins Miniers et Sante\u0301 Se\u0301curite\u0301 au Travail (CFPEM-SST Burkina Fao), et Surintendant du Centre International de Formation aux Me\u0301tiers Miniers, BTP, Transport et Sante\u0301 se\u0301curite\u0301 au Travail (CIF-SST), Ibrahim Oue\u0301draogo, recevra le trophe\u0301e du Grand prix du Traite\u0301 d\u2019amitie\u0301 et de coope\u0301ration ivoiro-burkinabe\u0300 (TAC), a\u0300 l\u2019occasion de la 9e\u0300me confe\u0301rence au sommet du TAC qui va se tenir du 25 au 28 juillet 2021 a\u0300 Abidjan.<\/b><\/p>\n<p>Ce nouveau sacre du jeune entrepreneur burkinabe\u0300 s\u2019inscrit dans la dynamique de distinction des acteurs du de\u0301veloppement dans les secteurs d\u2019activite\u0301s dont certains leaders mettent en exergue l\u2019esprit du TAC. Il s\u2019agit notamment des ope\u0301rateurs e\u0301conomiques, des acteurs du monde agricole, des acteurs culturels et sportifs, des hommes politiques, des diplomates, des institutions internationales.<\/p>\n<p>Il faut e\u0301galement noter que Ibrahim Oue\u0301draogo avait de\u0301ja\u0300 e\u0301te\u0301 distingue\u0301 Homme mode\u0300le de l\u2019anne\u0301e 2020 par le Gouverneur de la re\u0301gion du Centre, Sibiri de Issa Oue\u0301draogo, a\u0300 l\u2019occasion de la 3e e\u0301dition des 96 Heures de la re\u0301gion du Centre.<\/p>\n<p>Chevalier de l\u2019Ordre de l\u2019Etalon en 2018, Ibrahim Oue\u0301draogo a e\u0301te\u0301 aussi laure\u0301at du Prix Panafricain des Leaders (Prix International PADEL 2019) de\u0301cerne\u0301 \u00e0 Casablanca au Maroc par la Nouvelle Vision de l\u2019Afrique (Nov\u2019Afrique), une ONG base\u0301e en Co\u0302te d\u2019Ivoire. Au Burkina, plusieurs personnalite\u0301s, dont le richissime homme d\u2019affaire, Appolinaire Compaore\u0301, et le de\u0301funt diplomate, e\u0301crivain et homme politique, Jean-Baptiste Natama, ont e\u0301te\u0301 be\u0301ne\u0301ficiaires de ce prix.<\/p>\n<p>En rappel, l\u2019Agence Nationale de la Formation Professionnelle (AGEFOP) de Co\u0302te d\u2019Ivoire et le Centre International de Formation Professionnelle aux Me\u0301tiers Miniers-BTP-Transport et Sante\u0301 Se\u0301curite\u0301 au Travail (CIF-SST) ont signe\u0301 une convention-cadre de partenariat depuis le mercredi 2 juin 2021 a\u0300 Abidjan.<\/p>\n<p>Cette convention-cadre, qui est conclue pour un an renouvelable, vise a\u0300 formaliser la collaboration entre les deux parties, en vue d\u2019assurer des formations qualifiantes, professionnelles continues ou de renforcement des capacite\u0301s au be\u0301ne\u0301fice des populations.<\/p>\n","protected":false},"excerpt":{"rendered":"<p>Africa-Press &#8211; C\u00f4te d&rsquo;Ivoire. Le Pre\u0301sident fondateur du Centre de Formation Professionnelle en conduite d\u2019Engins Miniers et Sante\u0301 Se\u0301curite\u0301 au Travail (CFPEM-SST Burkina Fao), et Surintendant du Centre International de Formation aux Me\u0301tiers Miniers, BTP, Transport et Sante\u0301 se\u0301curite\u0301 au Travail (CIF-SST), Ibrahim Oue\u0301draogo, recevra le trophe\u0301e du Grand prix du Traite\u0301 d\u2019amitie\u0301 et de [&hellip;]<\/p>\n","protected":false},"author":82,"featured_media":10363,"comment_status":"open","ping_status":"closed","sticky":false,"template":"","format":"standard","meta":{"footnotes":""},"categories":[5,11,10],"tags":[56,63,29],"class_list":["post-10364","post","type-post","status-publish","format-standard","has-post-thumbnail","hentry","category-culture-et-art","category-homepage-french","category-toutes-les-actualites","tag-africa-press","tag-africa-press-cote-divoire","tag-cote-divoire"],"yoast_head":"<!-- This site is optimized with the Yoast SEO Premium plugin v26.1 (Yoast SEO v27.0) - https:\/\/yoast.com\/product\/yoast-seo-premium-wordpress\/ -->\n<title>Burkina\/Co\u0302te d\u2019Ivoire : Ibrahim Oue\u0301draogo laure\u0301at du grand prix du TAC 2021 - C\u00f4te d&#039;Ivoire<\/title>\n<meta name=\"description\" content=\"Le Pre\u0301sident fondateur du Centre de Formation Professionnelle en conduite d\u2019Engins Miniers et Sante\u0301 Se\u0301curite\u0301 au T ...\" \/>\n<meta name=\"robots\" content=\"index, follow, max-snippet:-1, max-image-preview:large, max-video-preview:-1\" \/>\n<link rel=\"canonical\" href=\"https:\/\/www.africa-press.net\/cotedivoire\/culture-et-art\/burkina-co\u0302te-divoire-ibrahim-ouedraogo-laureat-du-grand-prix-du-tac-2021\" \/>\n<meta property=\"og:locale\" content=\"fr_FR\" \/>\n<meta property=\"og:type\" content=\"article\" \/>\n<meta property=\"og:title\" content=\"Burkina\/Co\u0302te d\u2019Ivoire : Ibrahim Oue\u0301draogo laure\u0301at du grand prix du TAC 2021\" \/>\n<meta property=\"og:description\" content=\"Le Pre\u0301sident fondateur du Centre de Formation Professionnelle en conduite d\u2019Engins Miniers et Sante\u0301 Se\u0301curite\u0301 au T ...\" \/>\n<meta property=\"og:url\" content=\"https:\/\/www.africa-press.net\/cotedivoire\/culture-et-art\/burkina-co\u0302te-divoire-ibrahim-ouedraogo-laureat-du-grand-prix-du-tac-2021\" \/>\n<meta property=\"og:site_name\" content=\"C\u00f4te d&#039;Ivoire\" \/>\n<meta property=\"article:published_time\" content=\"2021-07-25T16:11:41+00:00\" \/>\n<meta property=\"article:modified_time\" content=\"2021-07-25T17:46:14+00:00\" \/>\n<meta property=\"og:image\" content=\"https:\/\/static.africa-press.net\/cote\/sites\/43\/2021\/07\/img-60fd80c4cde6f.jpg\" \/>\n\t<meta property=\"og:image:width\" content=\"1000\" \/>\n\t<meta property=\"og:image:height\" content=\"1000\" \/>\n\t<meta property=\"og:image:type\" content=\"image\/jpeg\" \/>\n<meta name=\"author\" content=\"cfeditorfr\" \/>\n<meta name=\"twitter:card\" content=\"summary_large_image\" \/>\n<meta name=\"twitter:label1\" content=\"\u00c9crit par\" \/>\n\t<meta name=\"twitter:data1\" content=\"cfeditorfr\" \/>\n\t<meta name=\"twitter:label2\" content=\"Dur\u00e9e de lecture estim\u00e9e\" \/>\n\t<meta name=\"twitter:data2\" content=\"2 minutes\" \/>\n<script type=\"application\/ld+json\" class=\"yoast-schema-graph\">{\"@context\":\"https:\/\/schema.org\",\"@graph\":[{\"@type\":\"Article\",\"@id\":\"https:\/\/www.africa-press.net\/cotedivoire\/culture-et-art\/burkina-co%cc%82te-divoire-ibrahim-ouedraogo-laureat-du-grand-prix-du-tac-2021#article\",\"isPartOf\":{\"@id\":\"https:\/\/www.africa-press.net\/cotedivoire\/culture-et-art\/burkina-co%cc%82te-divoire-ibrahim-ouedraogo-laureat-du-grand-prix-du-tac-2021\"},\"author\":{\"name\":\"cfeditorfr\",\"@id\":\"https:\/\/www.africa-press.net\/cotedivoire\/#\/schema\/person\/2b1cf3cd81a31e3cd26889ca66d677f1\"},\"headline\":\"Burkina\/Co\u0302te d\u2019Ivoire : Ibrahim Oue\u0301draogo laure\u0301at du grand prix du TAC 2021\",\"datePublished\":\"2021-07-25T16:11:41+00:00\",\"dateModified\":\"2021-07-25T17:46:14+00:00\",\"mainEntityOfPage\":{\"@id\":\"https:\/\/www.africa-press.net\/cotedivoire\/culture-et-art\/burkina-co%cc%82te-divoire-ibrahim-ouedraogo-laureat-du-grand-prix-du-tac-2021\"},\"wordCount\":386,\"commentCount\":0,\"image\":{\"@id\":\"https:\/\/www.africa-press.net\/cotedivoire\/culture-et-art\/burkina-co%cc%82te-divoire-ibrahim-ouedraogo-laureat-du-grand-prix-du-tac-2021#primaryimage\"},\"thumbnailUrl\":\"https:\/\/static.africa-press.net\/cote\/sites\/43\/2021\/07\/img-60fd80c4cde6f.jpg\",\"keywords\":[\"Africa Press\",\"Africa Press-C\u00f4te d'Ivoire\",\"C\u00d4TE D'IVOIRE\"],\"articleSection\":[\"Culture et Art\",\"homepage-french\",\"Toutes les actualit\u00e9s\"],\"inLanguage\":\"fr-FR\",\"potentialAction\":[{\"@type\":\"CommentAction\",\"name\":\"Comment\",\"target\":[\"https:\/\/www.africa-press.net\/cotedivoire\/culture-et-art\/burkina-co%cc%82te-divoire-ibrahim-ouedraogo-laureat-du-grand-prix-du-tac-2021#respond\"]}]},{\"@type\":\"WebPage\",\"@id\":\"https:\/\/www.africa-press.net\/cotedivoire\/culture-et-art\/burkina-co%cc%82te-divoire-ibrahim-ouedraogo-laureat-du-grand-prix-du-tac-2021\",\"url\":\"https:\/\/www.africa-press.net\/cotedivoire\/culture-et-art\/burkina-co%cc%82te-divoire-ibrahim-ouedraogo-laureat-du-grand-prix-du-tac-2021\",\"name\":\"Burkina\/Co\u0302te d\u2019Ivoire : Ibrahim Oue\u0301draogo laure\u0301at du grand prix du TAC 2021 - C\u00f4te d&#039;Ivoire\",\"isPartOf\":{\"@id\":\"https:\/\/www.africa-press.net\/cotedivoire\/#website\"},\"primaryImageOfPage\":{\"@id\":\"https:\/\/www.africa-press.net\/cotedivoire\/culture-et-art\/burkina-co%cc%82te-divoire-ibrahim-ouedraogo-laureat-du-grand-prix-du-tac-2021#primaryimage\"},\"image\":{\"@id\":\"https:\/\/www.africa-press.net\/cotedivoire\/culture-et-art\/burkina-co%cc%82te-divoire-ibrahim-ouedraogo-laureat-du-grand-prix-du-tac-2021#primaryimage\"},\"thumbnailUrl\":\"https:\/\/static.africa-press.net\/cote\/sites\/43\/2021\/07\/img-60fd80c4cde6f.jpg\",\"datePublished\":\"2021-07-25T16:11:41+00:00\",\"dateModified\":\"2021-07-25T17:46:14+00:00\",\"author\":{\"@id\":\"https:\/\/www.africa-press.net\/cotedivoire\/#\/schema\/person\/2b1cf3cd81a31e3cd26889ca66d677f1\"},\"description\":\"Le Pre\u0301sident fondateur du Centre de Formation Professionnelle en conduite d\u2019Engins Miniers et Sante\u0301 Se\u0301curite\u0301 au T ...\",\"breadcrumb\":{\"@id\":\"https:\/\/www.africa-press.net\/cotedivoire\/culture-et-art\/burkina-co%cc%82te-divoire-ibrahim-ouedraogo-laureat-du-grand-prix-du-tac-2021#breadcrumb\"},\"inLanguage\":\"fr-FR\",\"potentialAction\":[{\"@type\":\"ReadAction\",\"target\":[\"https:\/\/www.africa-press.net\/cotedivoire\/culture-et-art\/burkina-co%cc%82te-divoire-ibrahim-ouedraogo-laureat-du-grand-prix-du-tac-2021\"]}]},{\"@type\":\"ImageObject\",\"inLanguage\":\"fr-FR\",\"@id\":\"https:\/\/www.africa-press.net\/cotedivoire\/culture-et-art\/burkina-co%cc%82te-divoire-ibrahim-ouedraogo-laureat-du-grand-prix-du-tac-2021#primaryimage\",\"url\":\"https:\/\/static.africa-press.net\/cote\/sites\/43\/2021\/07\/img-60fd80c4cde6f.jpg\",\"contentUrl\":\"https:\/\/static.africa-press.net\/cote\/sites\/43\/2021\/07\/img-60fd80c4cde6f.jpg\",\"width\":1000,\"height\":1000,\"caption\":\"Burkina\/Co\u0302te d\u2019Ivoire : Ibrahim Oue\u0301draogo laure\u0301at du grand prix du TAC 2021\"},{\"@type\":\"BreadcrumbList\",\"@id\":\"https:\/\/www.africa-press.net\/cotedivoire\/culture-et-art\/burkina-co%cc%82te-divoire-ibrahim-ouedraogo-laureat-du-grand-prix-du-tac-2021#breadcrumb\",\"itemListElement\":[{\"@type\":\"ListItem\",\"position\":1,\"name\":\"Accueil\",\"item\":\"https:\/\/www.africa-press.net\/cotedivoire\/\"},{\"@type\":\"ListItem\",\"position\":2,\"name\":\"Burkina\/Co\u0302te d\u2019Ivoire : Ibrahim Oue\u0301draogo laure\u0301at du grand prix du TAC 2021\"}]},{\"@type\":\"WebSite\",\"@id\":\"https:\/\/www.africa-press.net\/cotedivoire\/#website\",\"url\":\"https:\/\/www.africa-press.net\/cotedivoire\/\",\"name\":\"C\u00f4te d&#039;Ivoire\",\"description\":\"Just another Africa News Agency Sites site\",\"potentialAction\":[{\"@type\":\"SearchAction\",\"target\":{\"@type\":\"EntryPoint\",\"urlTemplate\":\"https:\/\/www.africa-press.net\/cotedivoire\/?s={search_term_string}\"},\"query-input\":{\"@type\":\"PropertyValueSpecification\",\"valueRequired\":true,\"valueName\":\"search_term_string\"}}],\"inLanguage\":\"fr-FR\"},{\"@type\":\"Person\",\"@id\":\"https:\/\/www.africa-press.net\/cotedivoire\/#\/schema\/person\/2b1cf3cd81a31e3cd26889ca66d677f1\",\"name\":\"cfeditorfr\"}]}<\/script>\n<!-- \/ Yoast SEO Premium plugin. -->","yoast_head_json":{"title":"Burkina\/Co\u0302te d\u2019Ivoire : Ibrahim Oue\u0301draogo laure\u0301at du grand prix du TAC 2021 - C\u00f4te d&#039;Ivoire","description":"Le Pre\u0301sident fondateur du Centre de Formation Professionnelle en conduite d\u2019Engins Miniers et Sante\u0301 Se\u0301curite\u0301 au T ...","robots":{"index":"index","follow":"follow","max-snippet":"max-snippet:-1","max-image-preview":"max-image-preview:large","max-video-preview":"max-video-preview:-1"},"canonical":"https:\/\/www.africa-press.net\/cotedivoire\/culture-et-art\/burkina-co\u0302te-divoire-ibrahim-ouedraogo-laureat-du-grand-prix-du-tac-2021","og_locale":"fr_FR","og_type":"article","og_title":"Burkina\/Co\u0302te d\u2019Ivoire : Ibrahim Oue\u0301draogo laure\u0301at du grand prix du TAC 2021","og_description":"Le Pre\u0301sident fondateur du Centre de Formation Professionnelle en conduite d\u2019Engins Miniers et Sante\u0301 Se\u0301curite\u0301 au T ...","og_url":"https:\/\/www.africa-press.net\/cotedivoire\/culture-et-art\/burkina-co\u0302te-divoire-ibrahim-ouedraogo-laureat-du-grand-prix-du-tac-2021","og_site_name":"C\u00f4te d&#039;Ivoire","article_published_time":"2021-07-25T16:11:41+00:00","article_modified_time":"2021-07-25T17:46:14+00:00","og_image":[{"width":1000,"height":1000,"url":"https:\/\/static.africa-press.net\/cote\/sites\/43\/2021\/07\/img-60fd80c4cde6f.jpg","type":"image\/jpeg"}],"author":"cfeditorfr","twitter_card":"summary_large_image","twitter_misc":{"\u00c9crit par":"cfeditorfr","Dur\u00e9e de lecture estim\u00e9e":"2 minutes"},"schema":{"@context":"https:\/\/schema.org","@graph":[{"@type":"Article","@id":"https:\/\/www.africa-press.net\/cotedivoire\/culture-et-art\/burkina-co%cc%82te-divoire-ibrahim-ouedraogo-laureat-du-grand-prix-du-tac-2021#article","isPartOf":{"@id":"https:\/\/www.africa-press.net\/cotedivoire\/culture-et-art\/burkina-co%cc%82te-divoire-ibrahim-ouedraogo-laureat-du-grand-prix-du-tac-2021"},"author":{"name":"cfeditorfr","@id":"https:\/\/www.africa-press.net\/cotedivoire\/#\/schema\/person\/2b1cf3cd81a31e3cd26889ca66d677f1"},"headline":"Burkina\/Co\u0302te d\u2019Ivoire : Ibrahim Oue\u0301draogo laure\u0301at du grand prix du TAC 2021","datePublished":"2021-07-25T16:11:41+00:00","dateModified":"2021-07-25T17:46:14+00:00","mainEntityOfPage":{"@id":"https:\/\/www.africa-press.net\/cotedivoire\/culture-et-art\/burkina-co%cc%82te-divoire-ibrahim-ouedraogo-laureat-du-grand-prix-du-tac-2021"},"wordCount":386,"commentCount":0,"image":{"@id":"https:\/\/www.africa-press.net\/cotedivoire\/culture-et-art\/burkina-co%cc%82te-divoire-ibrahim-ouedraogo-laureat-du-grand-prix-du-tac-2021#primaryimage"},"thumbnailUrl":"https:\/\/static.africa-press.net\/cote\/sites\/43\/2021\/07\/img-60fd80c4cde6f.jpg","keywords":["Africa Press","Africa Press-C\u00f4te d'Ivoire","C\u00d4TE D'IVOIRE"],"articleSection":["Culture et Art","homepage-french","Toutes les actualit\u00e9s"],"inLanguage":"fr-FR","potentialAction":[{"@type":"CommentAction","name":"Comment","target":["https:\/\/www.africa-press.net\/cotedivoire\/culture-et-art\/burkina-co%cc%82te-divoire-ibrahim-ouedraogo-laureat-du-grand-prix-du-tac-2021#respond"]}]},{"@type":"WebPage","@id":"https:\/\/www.africa-press.net\/cotedivoire\/culture-et-art\/burkina-co%cc%82te-divoire-ibrahim-ouedraogo-laureat-du-grand-prix-du-tac-2021","url":"https:\/\/www.africa-press.net\/cotedivoire\/culture-et-art\/burkina-co%cc%82te-divoire-ibrahim-ouedraogo-laureat-du-grand-prix-du-tac-2021","name":"Burkina\/Co\u0302te d\u2019Ivoire : Ibrahim Oue\u0301draogo laure\u0301at du grand prix du TAC 2021 - C\u00f4te d&#039;Ivoire","isPartOf":{"@id":"https:\/\/www.africa-press.net\/cotedivoire\/#website"},"primaryImageOfPage":{"@id":"https:\/\/www.africa-press.net\/cotedivoire\/culture-et-art\/burkina-co%cc%82te-divoire-ibrahim-ouedraogo-laureat-du-grand-prix-du-tac-2021#primaryimage"},"image":{"@id":"https:\/\/www.africa-press.net\/cotedivoire\/culture-et-art\/burkina-co%cc%82te-divoire-ibrahim-ouedraogo-laureat-du-grand-prix-du-tac-2021#primaryimage"},"thumbnailUrl":"https:\/\/static.africa-press.net\/cote\/sites\/43\/2021\/07\/img-60fd80c4cde6f.jpg","datePublished":"2021-07-25T16:11:41+00:00","dateModified":"2021-07-25T17:46:14+00:00","author":{"@id":"https:\/\/www.africa-press.net\/cotedivoire\/#\/schema\/person\/2b1cf3cd81a31e3cd26889ca66d677f1"},"description":"Le Pre\u0301sident fondateur du Centre de Formation Professionnelle en conduite d\u2019Engins Miniers et Sante\u0301 Se\u0301curite\u0301 au T ...","breadcrumb":{"@id":"https:\/\/www.africa-press.net\/cotedivoire\/culture-et-art\/burkina-co%cc%82te-divoire-ibrahim-ouedraogo-laureat-du-grand-prix-du-tac-2021#breadcrumb"},"inLanguage":"fr-FR","potentialAction":[{"@type":"ReadAction","target":["https:\/\/www.africa-press.net\/cotedivoire\/culture-et-art\/burkina-co%cc%82te-divoire-ibrahim-ouedraogo-laureat-du-grand-prix-du-tac-2021"]}]},{"@type":"ImageObject","inLanguage":"fr-FR","@id":"https:\/\/www.africa-press.net\/cotedivoire\/culture-et-art\/burkina-co%cc%82te-divoire-ibrahim-ouedraogo-laureat-du-grand-prix-du-tac-2021#primaryimage","url":"https:\/\/static.africa-press.net\/cote\/sites\/43\/2021\/07\/img-60fd80c4cde6f.jpg","contentUrl":"https:\/\/static.africa-press.net\/cote\/sites\/43\/2021\/07\/img-60fd80c4cde6f.jpg","width":1000,"height":1000,"caption":"Burkina\/Co\u0302te d\u2019Ivoire : Ibrahim Oue\u0301draogo laure\u0301at du grand prix du TAC 2021"},{"@type":"BreadcrumbList","@id":"https:\/\/www.africa-press.net\/cotedivoire\/culture-et-art\/burkina-co%cc%82te-divoire-ibrahim-ouedraogo-laureat-du-grand-prix-du-tac-2021#breadcrumb","itemListElement":[{"@type":"ListItem","position":1,"name":"Accueil","item":"https:\/\/www.africa-press.net\/cotedivoire\/"},{"@type":"ListItem","position":2,"name":"Burkina\/Co\u0302te d\u2019Ivoire : Ibrahim Oue\u0301draogo laure\u0301at du grand prix du TAC 2021"}]},{"@type":"WebSite","@id":"https:\/\/www.africa-press.net\/cotedivoire\/#website","url":"https:\/\/www.africa-press.net\/cotedivoire\/","name":"C\u00f4te d&#039;Ivoire","description":"Just another Africa News Agency Sites site","potentialAction":[{"@type":"SearchAction","target":{"@type":"EntryPoint","urlTemplate":"https:\/\/www.africa-press.net\/cotedivoire\/?s={search_term_string}"},"query-input":{"@type":"PropertyValueSpecification","valueRequired":true,"valueName":"search_term_string"}}],"inLanguage":"fr-FR"},{"@type":"Person","@id":"https:\/\/www.africa-press.net\/cotedivoire\/#\/schema\/person\/2b1cf3cd81a31e3cd26889ca66d677f1","name":"cfeditorfr"}]}},"_links":{"self":[{"href":"https:\/\/www.africa-press.net\/cotedivoire\/wp-json\/wp\/v2\/posts\/10364","targetHints":{"allow":["GET"]}}],"collection":[{"href":"https:\/\/www.africa-press.net\/cotedivoire\/wp-json\/wp\/v2\/posts"}],"about":[{"href":"https:\/\/www.africa-press.net\/cotedivoire\/wp-json\/wp\/v2\/types\/post"}],"author":[{"embeddable":true,"href":"https:\/\/www.africa-press.net\/cotedivoire\/wp-json\/wp\/v2\/users\/82"}],"replies":[{"embeddable":true,"href":"https:\/\/www.africa-press.net\/cotedivoire\/wp-json\/wp\/v2\/comments?post=10364"}],"version-history":[{"count":0,"href":"https:\/\/www.africa-press.net\/cotedivoire\/wp-json\/wp\/v2\/posts\/10364\/revisions"}],"wp:featuredmedia":[{"embeddable":true,"href":"https:\/\/www.africa-press.net\/cotedivoire\/wp-json\/wp\/v2\/media\/10363"}],"wp:attachment":[{"href":"https:\/\/www.africa-press.net\/cotedivoire\/wp-json\/wp\/v2\/media?parent=10364"}],"wp:term":[{"taxonomy":"category","embeddable":true,"href":"https:\/\/www.africa-press.net\/cotedivoire\/wp-json\/wp\/v2\/categories?post=10364"},{"taxonomy":"post_tag","embeddable":true,"href":"https:\/\/www.africa-press.net\/cotedivoire\/wp-json\/wp\/v2\/tags?post=10364"}],"curies":[{"name":"wp","href":"https:\/\/api.w.org\/{rel}","templated":true}]}}