{"id":103758,"date":"2025-08-17T17:05:05","date_gmt":"2025-08-17T17:05:05","guid":{"rendered":"https:\/\/www.africa-press.net\/cotedivoire\/politique\/gbagbo-defie-le-pouvoir-sur-le-4%e1%b5%89-mandat-a-yopougon"},"modified":"2025-08-17T17:27:47","modified_gmt":"2025-08-17T17:27:47","slug":"gbagbo-defie-le-pouvoir-sur-le-4%e1%b5%89-mandat-a-yopougon","status":"publish","type":"post","link":"https:\/\/www.africa-press.net\/cotedivoire\/politique\/gbagbo-defie-le-pouvoir-sur-le-4%e1%b5%89-mandat-a-yopougon","title":{"rendered":"Gbagbo D\u00e9fie Le Pouvoir Sur Le 4\u1d49 Mandat \u00c0 Yopougon"},"content":{"rendered":"<p><span style=\"color: #ff6600\"><strong>Africa-Press &#8211; C\u00f4te d&rsquo;Ivoire. <\/strong><\/span>A\u0300 Yopougon, fief de l\u2019opposition ivoirienne, l\u2019ancien pre\u0301sident Laurent Gbagbo a fait une de\u0301monstration de force politique. Devant une foule dense et visiblement acquise a\u0300 sa cause, le leader du Parti des peuples africains \u2013 Co\u0302te d\u2019Ivoire (PPA-CI) a lance\u0301 une charge virulente contre toute tentative de prolongation du mandat pre\u0301sidentiel au-dela\u0300 de la limite constitutionnelle.<\/p>\n<p>Sans jamais nommer directement le pre\u0301sident en exercice, Gbagbo a exprime\u0301 avec fermete\u0301 son refus cate\u0301gorique d\u2019un quatrie\u0300me mandat, affirmant que la Constitution ivoirienne ne permet pas un tel sce\u0301nario. \u00ab Je refuse, il n\u2019y aura pas de 4e mandat ! \u00bb, a-t-il martele\u0301, sous les applaudissements nourris d\u2019une place Ficgayo en effervescence. La phrase re\u0301sonne comme un mot d\u2019ordre, a\u0300 l\u2019heure ou\u0300 le climat politique se tend a\u0300 l\u2019approche d\u2019e\u0301lections dont sont e\u0301carte\u0301s plusieurs figures de l\u2019opposition.<\/p>\n<p>Pour un Laurent Gbagbo fatigue\u0301 par le poids de l&rsquo;age, l\u2019enjeu de\u0301passe la seule question du pouvoir: il s\u2019agit, selon lui, de de\u0301fendre l\u2019ordre constitutionnel contre ce qu\u2019il qualifie de de\u0301rive autoritaire. L&rsquo;ancien chef d\u2019E\u0301tat voit dans la perspective d\u2019un nouveau mandat pre\u0301sidentiel une violation des re\u0300gles e\u0301tablies, un coup de force institutionnel maquille\u0301 en continuite\u0301 de\u0301mocratique.<\/p>\n<p>En choisissant de tenir ce grand rassemblement a\u0300 Yopougon, quartier populaire charge\u0301 d\u2019histoire politique, le PPA-CI et ses allie\u0301s du PDCI ont voulu marquer leur territoire, me\u0302me si toujours restreint a\u0300 cette commune, et rappeler qu\u2019ils restent des acteurs incontournables du paysage politique.<\/p>\n<p>L\u2019e\u0301ve\u0301nement, au-dela\u0300 de sa porte\u0301e symbolique, cristallise un front commun de\u0301cide\u0301 a\u0300 s\u2019opposer a\u0300 toute tentative de remise en cause des fondements re\u0301publicains. Dans une atmosphe\u0300re tendue, ou\u0300 les exclusions politiques se multiplient, Gbagbo envoie un signal: le combat pour l\u2019alternance est lance\u0301 mais reste a\u0300 savoir avec quels moyens et quelle strate\u0301gie pour l&#8217;emporter face a\u0300 l&rsquo;ogre RHDP au pouvoir qui, lui parle de deuxie\u0300me mandat de la troise\u0300me Re\u0301publique (entre\u0301e en vigueur depuis novembre 2016, ndlr), et son nume\u0301ro un, candidat ine\u0301branlable, tranquillement parti a\u0300 l&rsquo;exterieur.<\/p>\n<p><strong>Pour plus d&rsquo;informations et d&rsquo;analyses sur la <span style=\"color: #ff6600\">C\u00f4te d&rsquo;Ivoire<\/span>, suivez <span style=\"color: #ff6600\">Africa-Press<\/span><\/strong><\/p>\n","protected":false},"excerpt":{"rendered":"<p>Africa-Press &#8211; C\u00f4te d&rsquo;Ivoire. A\u0300 Yopougon, fief de l\u2019opposition ivoirienne, l\u2019ancien pre\u0301sident Laurent Gbagbo a fait une de\u0301monstration de force politique. Devant une foule dense et visiblement acquise a\u0300 sa cause, le leader du Parti des peuples africains \u2013 Co\u0302te d\u2019Ivoire (PPA-CI) a lance\u0301 une charge virulente contre toute tentative de prolongation du mandat pre\u0301sidentiel [&hellip;]<\/p>\n","protected":false},"author":82,"featured_media":103756,"comment_status":"open","ping_status":"closed","sticky":false,"template":"","format":"standard","meta":{"footnotes":""},"categories":[2,10],"tags":[29,320,3500,1952,540],"class_list":["post-103758","post","type-post","status-publish","format-standard","has-post-thumbnail","hentry","category-politique","category-toutes-les-actualites","tag-cote-divoire","tag-gbagbo","tag-opposition","tag-ppa-ci","tag-yopougon"],"yoast_head":"<!-- This site is optimized with the Yoast SEO Premium plugin v26.1 (Yoast SEO v27.0) - https:\/\/yoast.com\/product\/yoast-seo-premium-wordpress\/ -->\n<title>Gbagbo D\u00e9fie Le Pouvoir Sur Le 4\u1d49 Mandat \u00c0 Yopougon - C\u00f4te d&#039;Ivoire<\/title>\n<meta name=\"description\" content=\"A\u0300 Yopougon, fief de l\u2019opposition ivoirienne, l\u2019ancien pre\u0301sident Laurent Gbagbo a fait une de\u0301monstration de force poli ...\" \/>\n<meta name=\"robots\" content=\"index, follow, max-snippet:-1, max-image-preview:large, max-video-preview:-1\" \/>\n<link rel=\"canonical\" href=\"https:\/\/www.africa-press.net\/cotedivoire\/politique\/gbagbo-defie-le-pouvoir-sur-le-4\u1d49-mandat-a-yopougon\" \/>\n<meta property=\"og:locale\" content=\"fr_FR\" \/>\n<meta property=\"og:type\" content=\"article\" \/>\n<meta property=\"og:title\" content=\"Gbagbo D\u00e9fie Le Pouvoir Sur Le 4\u1d49 Mandat \u00c0 Yopougon\" \/>\n<meta property=\"og:description\" content=\"A\u0300 Yopougon, fief de l\u2019opposition ivoirienne, l\u2019ancien pre\u0301sident Laurent Gbagbo a fait une de\u0301monstration de force poli ...\" \/>\n<meta property=\"og:url\" content=\"https:\/\/www.africa-press.net\/cotedivoire\/politique\/gbagbo-defie-le-pouvoir-sur-le-4\u1d49-mandat-a-yopougon\" \/>\n<meta property=\"og:site_name\" content=\"C\u00f4te d&#039;Ivoire\" \/>\n<meta property=\"article:published_time\" content=\"2025-08-17T17:05:05+00:00\" \/>\n<meta property=\"article:modified_time\" content=\"2025-08-17T17:27:47+00:00\" \/>\n<meta property=\"og:image\" content=\"https:\/\/static.africa-press.net\/cote\/sites\/43\/2025\/08\/sm_1755439023.158108.jpg\" \/>\n\t<meta property=\"og:image:width\" content=\"720\" \/>\n\t<meta property=\"og:image:height\" content=\"480\" \/>\n\t<meta property=\"og:image:type\" content=\"image\/jpeg\" \/>\n<meta name=\"author\" content=\"cfeditorfr\" \/>\n<meta name=\"twitter:card\" content=\"summary_large_image\" \/>\n<meta name=\"twitter:label1\" content=\"\u00c9crit par\" \/>\n\t<meta name=\"twitter:data1\" content=\"cfeditorfr\" \/>\n\t<meta name=\"twitter:label2\" content=\"Dur\u00e9e de lecture estim\u00e9e\" \/>\n\t<meta name=\"twitter:data2\" content=\"2 minutes\" \/>\n<script type=\"application\/ld+json\" class=\"yoast-schema-graph\">{\"@context\":\"https:\/\/schema.org\",\"@graph\":[{\"@type\":\"Article\",\"@id\":\"https:\/\/www.africa-press.net\/cotedivoire\/politique\/gbagbo-defie-le-pouvoir-sur-le-4%e1%b5%89-mandat-a-yopougon#article\",\"isPartOf\":{\"@id\":\"https:\/\/www.africa-press.net\/cotedivoire\/politique\/gbagbo-defie-le-pouvoir-sur-le-4%e1%b5%89-mandat-a-yopougon\"},\"author\":{\"name\":\"cfeditorfr\",\"@id\":\"https:\/\/www.africa-press.net\/cotedivoire\/#\/schema\/person\/2b1cf3cd81a31e3cd26889ca66d677f1\"},\"headline\":\"Gbagbo D\u00e9fie Le Pouvoir Sur Le 4\u1d49 Mandat \u00c0 Yopougon\",\"datePublished\":\"2025-08-17T17:05:05+00:00\",\"dateModified\":\"2025-08-17T17:27:47+00:00\",\"mainEntityOfPage\":{\"@id\":\"https:\/\/www.africa-press.net\/cotedivoire\/politique\/gbagbo-defie-le-pouvoir-sur-le-4%e1%b5%89-mandat-a-yopougon\"},\"wordCount\":409,\"commentCount\":0,\"image\":{\"@id\":\"https:\/\/www.africa-press.net\/cotedivoire\/politique\/gbagbo-defie-le-pouvoir-sur-le-4%e1%b5%89-mandat-a-yopougon#primaryimage\"},\"thumbnailUrl\":\"https:\/\/static.africa-press.net\/cote\/sites\/43\/2025\/08\/sm_1755439023.158108.jpg\",\"keywords\":[\"C\u00d4TE D'IVOIRE\",\"Gbagbo\",\"opposition\",\"PPA-CI\",\"Yopougon\"],\"articleSection\":[\"Politique\",\"Toutes les actualit\u00e9s\"],\"inLanguage\":\"fr-FR\",\"potentialAction\":[{\"@type\":\"CommentAction\",\"name\":\"Comment\",\"target\":[\"https:\/\/www.africa-press.net\/cotedivoire\/politique\/gbagbo-defie-le-pouvoir-sur-le-4%e1%b5%89-mandat-a-yopougon#respond\"]}]},{\"@type\":\"WebPage\",\"@id\":\"https:\/\/www.africa-press.net\/cotedivoire\/politique\/gbagbo-defie-le-pouvoir-sur-le-4%e1%b5%89-mandat-a-yopougon\",\"url\":\"https:\/\/www.africa-press.net\/cotedivoire\/politique\/gbagbo-defie-le-pouvoir-sur-le-4%e1%b5%89-mandat-a-yopougon\",\"name\":\"Gbagbo D\u00e9fie Le Pouvoir Sur Le 4\u1d49 Mandat \u00c0 Yopougon - C\u00f4te d&#039;Ivoire\",\"isPartOf\":{\"@id\":\"https:\/\/www.africa-press.net\/cotedivoire\/#website\"},\"primaryImageOfPage\":{\"@id\":\"https:\/\/www.africa-press.net\/cotedivoire\/politique\/gbagbo-defie-le-pouvoir-sur-le-4%e1%b5%89-mandat-a-yopougon#primaryimage\"},\"image\":{\"@id\":\"https:\/\/www.africa-press.net\/cotedivoire\/politique\/gbagbo-defie-le-pouvoir-sur-le-4%e1%b5%89-mandat-a-yopougon#primaryimage\"},\"thumbnailUrl\":\"https:\/\/static.africa-press.net\/cote\/sites\/43\/2025\/08\/sm_1755439023.158108.jpg\",\"datePublished\":\"2025-08-17T17:05:05+00:00\",\"dateModified\":\"2025-08-17T17:27:47+00:00\",\"author\":{\"@id\":\"https:\/\/www.africa-press.net\/cotedivoire\/#\/schema\/person\/2b1cf3cd81a31e3cd26889ca66d677f1\"},\"description\":\"A\u0300 Yopougon, fief de l\u2019opposition ivoirienne, l\u2019ancien pre\u0301sident Laurent Gbagbo a fait une de\u0301monstration de force poli ...\",\"breadcrumb\":{\"@id\":\"https:\/\/www.africa-press.net\/cotedivoire\/politique\/gbagbo-defie-le-pouvoir-sur-le-4%e1%b5%89-mandat-a-yopougon#breadcrumb\"},\"inLanguage\":\"fr-FR\",\"potentialAction\":[{\"@type\":\"ReadAction\",\"target\":[\"https:\/\/www.africa-press.net\/cotedivoire\/politique\/gbagbo-defie-le-pouvoir-sur-le-4%e1%b5%89-mandat-a-yopougon\"]}]},{\"@type\":\"ImageObject\",\"inLanguage\":\"fr-FR\",\"@id\":\"https:\/\/www.africa-press.net\/cotedivoire\/politique\/gbagbo-defie-le-pouvoir-sur-le-4%e1%b5%89-mandat-a-yopougon#primaryimage\",\"url\":\"https:\/\/static.africa-press.net\/cote\/sites\/43\/2025\/08\/sm_1755439023.158108.jpg\",\"contentUrl\":\"https:\/\/static.africa-press.net\/cote\/sites\/43\/2025\/08\/sm_1755439023.158108.jpg\",\"width\":720,\"height\":480,\"caption\":\"Gbagbo D\u00e9fie Le Pouvoir Sur Le 4\u1d49 Mandat \u00c0 Yopougon\"},{\"@type\":\"BreadcrumbList\",\"@id\":\"https:\/\/www.africa-press.net\/cotedivoire\/politique\/gbagbo-defie-le-pouvoir-sur-le-4%e1%b5%89-mandat-a-yopougon#breadcrumb\",\"itemListElement\":[{\"@type\":\"ListItem\",\"position\":1,\"name\":\"Accueil\",\"item\":\"https:\/\/www.africa-press.net\/cotedivoire\/\"},{\"@type\":\"ListItem\",\"position\":2,\"name\":\"Gbagbo D\u00e9fie Le Pouvoir Sur Le 4\u1d49 Mandat \u00c0 Yopougon\"}]},{\"@type\":\"WebSite\",\"@id\":\"https:\/\/www.africa-press.net\/cotedivoire\/#website\",\"url\":\"https:\/\/www.africa-press.net\/cotedivoire\/\",\"name\":\"C\u00f4te d&#039;Ivoire\",\"description\":\"Just another Africa News Agency Sites site\",\"potentialAction\":[{\"@type\":\"SearchAction\",\"target\":{\"@type\":\"EntryPoint\",\"urlTemplate\":\"https:\/\/www.africa-press.net\/cotedivoire\/?s={search_term_string}\"},\"query-input\":{\"@type\":\"PropertyValueSpecification\",\"valueRequired\":true,\"valueName\":\"search_term_string\"}}],\"inLanguage\":\"fr-FR\"},{\"@type\":\"Person\",\"@id\":\"https:\/\/www.africa-press.net\/cotedivoire\/#\/schema\/person\/2b1cf3cd81a31e3cd26889ca66d677f1\",\"name\":\"cfeditorfr\"}]}<\/script>\n<!-- \/ Yoast SEO Premium plugin. -->","yoast_head_json":{"title":"Gbagbo D\u00e9fie Le Pouvoir Sur Le 4\u1d49 Mandat \u00c0 Yopougon - C\u00f4te d&#039;Ivoire","description":"A\u0300 Yopougon, fief de l\u2019opposition ivoirienne, l\u2019ancien pre\u0301sident Laurent Gbagbo a fait une de\u0301monstration de force poli ...","robots":{"index":"index","follow":"follow","max-snippet":"max-snippet:-1","max-image-preview":"max-image-preview:large","max-video-preview":"max-video-preview:-1"},"canonical":"https:\/\/www.africa-press.net\/cotedivoire\/politique\/gbagbo-defie-le-pouvoir-sur-le-4\u1d49-mandat-a-yopougon","og_locale":"fr_FR","og_type":"article","og_title":"Gbagbo D\u00e9fie Le Pouvoir Sur Le 4\u1d49 Mandat \u00c0 Yopougon","og_description":"A\u0300 Yopougon, fief de l\u2019opposition ivoirienne, l\u2019ancien pre\u0301sident Laurent Gbagbo a fait une de\u0301monstration de force poli ...","og_url":"https:\/\/www.africa-press.net\/cotedivoire\/politique\/gbagbo-defie-le-pouvoir-sur-le-4\u1d49-mandat-a-yopougon","og_site_name":"C\u00f4te d&#039;Ivoire","article_published_time":"2025-08-17T17:05:05+00:00","article_modified_time":"2025-08-17T17:27:47+00:00","og_image":[{"width":720,"height":480,"url":"https:\/\/static.africa-press.net\/cote\/sites\/43\/2025\/08\/sm_1755439023.158108.jpg","type":"image\/jpeg"}],"author":"cfeditorfr","twitter_card":"summary_large_image","twitter_misc":{"\u00c9crit par":"cfeditorfr","Dur\u00e9e de lecture estim\u00e9e":"2 minutes"},"schema":{"@context":"https:\/\/schema.org","@graph":[{"@type":"Article","@id":"https:\/\/www.africa-press.net\/cotedivoire\/politique\/gbagbo-defie-le-pouvoir-sur-le-4%e1%b5%89-mandat-a-yopougon#article","isPartOf":{"@id":"https:\/\/www.africa-press.net\/cotedivoire\/politique\/gbagbo-defie-le-pouvoir-sur-le-4%e1%b5%89-mandat-a-yopougon"},"author":{"name":"cfeditorfr","@id":"https:\/\/www.africa-press.net\/cotedivoire\/#\/schema\/person\/2b1cf3cd81a31e3cd26889ca66d677f1"},"headline":"Gbagbo D\u00e9fie Le Pouvoir Sur Le 4\u1d49 Mandat \u00c0 Yopougon","datePublished":"2025-08-17T17:05:05+00:00","dateModified":"2025-08-17T17:27:47+00:00","mainEntityOfPage":{"@id":"https:\/\/www.africa-press.net\/cotedivoire\/politique\/gbagbo-defie-le-pouvoir-sur-le-4%e1%b5%89-mandat-a-yopougon"},"wordCount":409,"commentCount":0,"image":{"@id":"https:\/\/www.africa-press.net\/cotedivoire\/politique\/gbagbo-defie-le-pouvoir-sur-le-4%e1%b5%89-mandat-a-yopougon#primaryimage"},"thumbnailUrl":"https:\/\/static.africa-press.net\/cote\/sites\/43\/2025\/08\/sm_1755439023.158108.jpg","keywords":["C\u00d4TE D'IVOIRE","Gbagbo","opposition","PPA-CI","Yopougon"],"articleSection":["Politique","Toutes les actualit\u00e9s"],"inLanguage":"fr-FR","potentialAction":[{"@type":"CommentAction","name":"Comment","target":["https:\/\/www.africa-press.net\/cotedivoire\/politique\/gbagbo-defie-le-pouvoir-sur-le-4%e1%b5%89-mandat-a-yopougon#respond"]}]},{"@type":"WebPage","@id":"https:\/\/www.africa-press.net\/cotedivoire\/politique\/gbagbo-defie-le-pouvoir-sur-le-4%e1%b5%89-mandat-a-yopougon","url":"https:\/\/www.africa-press.net\/cotedivoire\/politique\/gbagbo-defie-le-pouvoir-sur-le-4%e1%b5%89-mandat-a-yopougon","name":"Gbagbo D\u00e9fie Le Pouvoir Sur Le 4\u1d49 Mandat \u00c0 Yopougon - C\u00f4te d&#039;Ivoire","isPartOf":{"@id":"https:\/\/www.africa-press.net\/cotedivoire\/#website"},"primaryImageOfPage":{"@id":"https:\/\/www.africa-press.net\/cotedivoire\/politique\/gbagbo-defie-le-pouvoir-sur-le-4%e1%b5%89-mandat-a-yopougon#primaryimage"},"image":{"@id":"https:\/\/www.africa-press.net\/cotedivoire\/politique\/gbagbo-defie-le-pouvoir-sur-le-4%e1%b5%89-mandat-a-yopougon#primaryimage"},"thumbnailUrl":"https:\/\/static.africa-press.net\/cote\/sites\/43\/2025\/08\/sm_1755439023.158108.jpg","datePublished":"2025-08-17T17:05:05+00:00","dateModified":"2025-08-17T17:27:47+00:00","author":{"@id":"https:\/\/www.africa-press.net\/cotedivoire\/#\/schema\/person\/2b1cf3cd81a31e3cd26889ca66d677f1"},"description":"A\u0300 Yopougon, fief de l\u2019opposition ivoirienne, l\u2019ancien pre\u0301sident Laurent Gbagbo a fait une de\u0301monstration de force poli ...","breadcrumb":{"@id":"https:\/\/www.africa-press.net\/cotedivoire\/politique\/gbagbo-defie-le-pouvoir-sur-le-4%e1%b5%89-mandat-a-yopougon#breadcrumb"},"inLanguage":"fr-FR","potentialAction":[{"@type":"ReadAction","target":["https:\/\/www.africa-press.net\/cotedivoire\/politique\/gbagbo-defie-le-pouvoir-sur-le-4%e1%b5%89-mandat-a-yopougon"]}]},{"@type":"ImageObject","inLanguage":"fr-FR","@id":"https:\/\/www.africa-press.net\/cotedivoire\/politique\/gbagbo-defie-le-pouvoir-sur-le-4%e1%b5%89-mandat-a-yopougon#primaryimage","url":"https:\/\/static.africa-press.net\/cote\/sites\/43\/2025\/08\/sm_1755439023.158108.jpg","contentUrl":"https:\/\/static.africa-press.net\/cote\/sites\/43\/2025\/08\/sm_1755439023.158108.jpg","width":720,"height":480,"caption":"Gbagbo D\u00e9fie Le Pouvoir Sur Le 4\u1d49 Mandat \u00c0 Yopougon"},{"@type":"BreadcrumbList","@id":"https:\/\/www.africa-press.net\/cotedivoire\/politique\/gbagbo-defie-le-pouvoir-sur-le-4%e1%b5%89-mandat-a-yopougon#breadcrumb","itemListElement":[{"@type":"ListItem","position":1,"name":"Accueil","item":"https:\/\/www.africa-press.net\/cotedivoire\/"},{"@type":"ListItem","position":2,"name":"Gbagbo D\u00e9fie Le Pouvoir Sur Le 4\u1d49 Mandat \u00c0 Yopougon"}]},{"@type":"WebSite","@id":"https:\/\/www.africa-press.net\/cotedivoire\/#website","url":"https:\/\/www.africa-press.net\/cotedivoire\/","name":"C\u00f4te d&#039;Ivoire","description":"Just another Africa News Agency Sites site","potentialAction":[{"@type":"SearchAction","target":{"@type":"EntryPoint","urlTemplate":"https:\/\/www.africa-press.net\/cotedivoire\/?s={search_term_string}"},"query-input":{"@type":"PropertyValueSpecification","valueRequired":true,"valueName":"search_term_string"}}],"inLanguage":"fr-FR"},{"@type":"Person","@id":"https:\/\/www.africa-press.net\/cotedivoire\/#\/schema\/person\/2b1cf3cd81a31e3cd26889ca66d677f1","name":"cfeditorfr"}]}},"_links":{"self":[{"href":"https:\/\/www.africa-press.net\/cotedivoire\/wp-json\/wp\/v2\/posts\/103758","targetHints":{"allow":["GET"]}}],"collection":[{"href":"https:\/\/www.africa-press.net\/cotedivoire\/wp-json\/wp\/v2\/posts"}],"about":[{"href":"https:\/\/www.africa-press.net\/cotedivoire\/wp-json\/wp\/v2\/types\/post"}],"author":[{"embeddable":true,"href":"https:\/\/www.africa-press.net\/cotedivoire\/wp-json\/wp\/v2\/users\/82"}],"replies":[{"embeddable":true,"href":"https:\/\/www.africa-press.net\/cotedivoire\/wp-json\/wp\/v2\/comments?post=103758"}],"version-history":[{"count":0,"href":"https:\/\/www.africa-press.net\/cotedivoire\/wp-json\/wp\/v2\/posts\/103758\/revisions"}],"wp:featuredmedia":[{"embeddable":true,"href":"https:\/\/www.africa-press.net\/cotedivoire\/wp-json\/wp\/v2\/media\/103756"}],"wp:attachment":[{"href":"https:\/\/www.africa-press.net\/cotedivoire\/wp-json\/wp\/v2\/media?parent=103758"}],"wp:term":[{"taxonomy":"category","embeddable":true,"href":"https:\/\/www.africa-press.net\/cotedivoire\/wp-json\/wp\/v2\/categories?post=103758"},{"taxonomy":"post_tag","embeddable":true,"href":"https:\/\/www.africa-press.net\/cotedivoire\/wp-json\/wp\/v2\/tags?post=103758"}],"curies":[{"name":"wp","href":"https:\/\/api.w.org\/{rel}","templated":true}]}}