{"id":10383,"date":"2021-07-26T12:49:33","date_gmt":"2021-07-26T12:49:33","guid":{"rendered":"https:\/\/www.africa-press.net\/cotedivoire\/?p=10383"},"modified":"2021-07-26T17:47:57","modified_gmt":"2021-07-26T17:47:57","slug":"declaration-de-eds-relative-au-seminaire-sur-le-programme-numerique-de-lassemblee-parlementaire-de-la-francophonie","status":"publish","type":"post","link":"https:\/\/www.africa-press.net\/cotedivoire\/politique\/declaration-de-eds-relative-au-seminaire-sur-le-programme-numerique-de-lassemblee-parlementaire-de-la-francophonie","title":{"rendered":"D\u00e9claration de EDS relative au  s\u00e9minaire sur le programme num\u00e9rique de l\u2019assembl\u00e9e parlementaire de la francophonie"},"content":{"rendered":"<p><span style=\"color: #ff6600\"><strong><a href=\"https:\/\/www.africa-press.net\/\">Africa-Press<\/a> &#8211; <a href=\"https:\/\/www.africa-press.net\/cotedivoire\">C\u00f4te d&rsquo;Ivoire<\/a>. <\/strong><\/span>1. Le jeudi 22 juillet 2021, le pr\u00e9sident de EDS et Vice-pr\u00e9sident de l\u2019Assembl\u00e9e Nationale\u060c<\/p>\n<p>le Professeur Georges Armand OUEGNIN, au nom de Monsieur Amadou SOUMAHORO,Pr\u00e9sident de ladite Institution et pr\u00e9sident de l\u2019Assembl\u00e9e Parlementaire de la Francophonie\u060ca ouvert le s\u00e9minaire Parlementaire du Programme Num\u00e9rique de L\u2019Assembl\u00e9e Parlementaire de la Francophonie(APF), \u00e0 la rotonde de l\u2019Assembl\u00e9e nationale de C\u00f4te d\u2019Ivoire sur le th\u00e8me : \u00bbLa lutte contre la d\u00e9sinformation et l\u2019incitation au conflit : Le r\u00f4le du parlementaire \u00bb.<\/p>\n<p>2.La plateforme politique EDS dont le pr\u00e9sident Laurent GBAGBO est le R\u00e9f\u00e9rent\u060ctout en se rejouissant de cette opportunit\u00e9 offerte par le pr\u00e9sident de l\u2019Assembl\u00e9e Nationale se f\u00e9licite de cette rencontre de qualit\u00e9 qui a \u00e9t\u00e9 cl\u00f4tur\u00e9e le vendredi 23 juillet 2021 par l\u2019honorable Bruno Fuchs ,d\u00e9put\u00e9 Fran\u00e7ais , Vice Pr\u00e9sident de l\u2019Assemblee Parlementaire de la Francophonie<\/p>\n<p>3. EDS f\u00e9licite le pr\u00e9sident de l\u2019Assembl\u00e9e Nationale pour avoir d\u00e9sign\u00e9 un parlementaire de l\u2019opposition pour le repr\u00e9senter \u00e0 cet important seminaire \u06d4<\/p>\n<p>4.EDS note que cette initiative du pr\u00e9sident de l\u2019Assembl\u00e9e Nationale intervient \u00e0 quelques jours de la rencontre historique du 27 juillet entre les pr\u00e9sidents Laurent GBAGBO et Allassane OUATTARA\u060c rencontre dont les r\u00e9sultats sont attendus avec impatience par le valeureux peuple Ivoirien dans la perspective de la Reconciliation nationale vraie .<\/p>\n<p>5.EDS exhorte tous les acteurs politiques \u00e0 s\u2019inspirer de l\u2019acte fort pos\u00e9 par le pr\u00e9sident de l\u2019Assembl\u00e9e Nationale pour l\u2019av\u00e8nement d\u2019une Paix durable gage de l\u2019avenir lumineux de la C\u00f4te d \u2018Ivoire notre patrimoine commun.<\/p>\n<p>&nbsp;<\/p>\n","protected":false},"excerpt":{"rendered":"<p>Africa-Press &#8211; C\u00f4te d&rsquo;Ivoire. 1. Le jeudi 22 juillet 2021, le pr\u00e9sident de EDS et Vice-pr\u00e9sident de l\u2019Assembl\u00e9e Nationale\u060c le Professeur Georges Armand OUEGNIN, au nom de Monsieur Amadou SOUMAHORO,Pr\u00e9sident de ladite Institution et pr\u00e9sident de l\u2019Assembl\u00e9e Parlementaire de la Francophonie\u060ca ouvert le s\u00e9minaire Parlementaire du Programme Num\u00e9rique de L\u2019Assembl\u00e9e Parlementaire de la Francophonie(APF), \u00e0 [&hellip;]<\/p>\n","protected":false},"author":82,"featured_media":10382,"comment_status":"open","ping_status":"closed","sticky":false,"template":"","format":"standard","meta":{"footnotes":""},"categories":[11,2,20,10],"tags":[56,63,29],"class_list":["post-10383","post","type-post","status-publish","format-standard","has-post-thumbnail","hentry","category-homepage-french","category-politique","category-top-nouvelles","category-toutes-les-actualites","tag-africa-press","tag-africa-press-cote-divoire","tag-cote-divoire"],"yoast_head":"<!-- This site is optimized with the Yoast SEO Premium plugin v26.1 (Yoast SEO v27.0) - https:\/\/yoast.com\/product\/yoast-seo-premium-wordpress\/ -->\n<title>D\u00e9claration de EDS relative au s\u00e9minaire sur le programme num\u00e9rique de l\u2019assembl\u00e9e parlementaire de la francophonie - C\u00f4te d&#039;Ivoire<\/title>\n<meta name=\"description\" content=\"1. Le jeudi 22 juillet 2021, le pr\u00e9sident de EDS et Vice-pr\u00e9sident de l\u2019Assembl\u00e9e Nationale\u060c le Professeur Georges Arma ...\" \/>\n<meta name=\"robots\" content=\"index, follow, max-snippet:-1, max-image-preview:large, max-video-preview:-1\" \/>\n<link rel=\"canonical\" href=\"https:\/\/www.africa-press.net\/cotedivoire\/politique\/declaration-de-eds-relative-au-seminaire-sur-le-programme-numerique-de-lassemblee-parlementaire-de-la-francophonie\" \/>\n<meta property=\"og:locale\" content=\"fr_FR\" \/>\n<meta property=\"og:type\" content=\"article\" \/>\n<meta property=\"og:title\" content=\"D\u00e9claration de EDS relative au s\u00e9minaire sur le programme num\u00e9rique de l\u2019assembl\u00e9e parlementaire de la francophonie\" \/>\n<meta property=\"og:description\" content=\"1. Le jeudi 22 juillet 2021, le pr\u00e9sident de EDS et Vice-pr\u00e9sident de l\u2019Assembl\u00e9e Nationale\u060c le Professeur Georges Arma ...\" \/>\n<meta property=\"og:url\" content=\"https:\/\/www.africa-press.net\/cotedivoire\/politique\/declaration-de-eds-relative-au-seminaire-sur-le-programme-numerique-de-lassemblee-parlementaire-de-la-francophonie\" \/>\n<meta property=\"og:site_name\" content=\"C\u00f4te d&#039;Ivoire\" \/>\n<meta property=\"article:published_time\" content=\"2021-07-26T12:49:33+00:00\" \/>\n<meta property=\"article:modified_time\" content=\"2021-07-26T17:47:57+00:00\" \/>\n<meta property=\"og:image\" content=\"https:\/\/static.africa-press.net\/cote\/sites\/43\/2021\/07\/img-60feae25aff0d.jpg\" \/>\n\t<meta property=\"og:image:width\" content=\"720\" \/>\n\t<meta property=\"og:image:height\" content=\"530\" \/>\n\t<meta property=\"og:image:type\" content=\"image\/jpeg\" \/>\n<meta name=\"author\" content=\"cfeditorfr\" \/>\n<meta name=\"twitter:card\" content=\"summary_large_image\" \/>\n<meta name=\"twitter:label1\" content=\"\u00c9crit par\" \/>\n\t<meta name=\"twitter:data1\" content=\"cfeditorfr\" \/>\n\t<meta name=\"twitter:label2\" content=\"Dur\u00e9e de lecture estim\u00e9e\" \/>\n\t<meta name=\"twitter:data2\" content=\"1 minute\" \/>\n<script type=\"application\/ld+json\" class=\"yoast-schema-graph\">{\"@context\":\"https:\/\/schema.org\",\"@graph\":[{\"@type\":\"Article\",\"@id\":\"https:\/\/www.africa-press.net\/cotedivoire\/politique\/declaration-de-eds-relative-au-seminaire-sur-le-programme-numerique-de-lassemblee-parlementaire-de-la-francophonie#article\",\"isPartOf\":{\"@id\":\"https:\/\/www.africa-press.net\/cotedivoire\/politique\/declaration-de-eds-relative-au-seminaire-sur-le-programme-numerique-de-lassemblee-parlementaire-de-la-francophonie\"},\"author\":{\"name\":\"cfeditorfr\",\"@id\":\"https:\/\/www.africa-press.net\/cotedivoire\/#\/schema\/person\/2b1cf3cd81a31e3cd26889ca66d677f1\"},\"headline\":\"D\u00e9claration de EDS relative au s\u00e9minaire sur le programme num\u00e9rique de l\u2019assembl\u00e9e parlementaire de la francophonie\",\"datePublished\":\"2021-07-26T12:49:33+00:00\",\"dateModified\":\"2021-07-26T17:47:57+00:00\",\"mainEntityOfPage\":{\"@id\":\"https:\/\/www.africa-press.net\/cotedivoire\/politique\/declaration-de-eds-relative-au-seminaire-sur-le-programme-numerique-de-lassemblee-parlementaire-de-la-francophonie\"},\"wordCount\":314,\"commentCount\":0,\"image\":{\"@id\":\"https:\/\/www.africa-press.net\/cotedivoire\/politique\/declaration-de-eds-relative-au-seminaire-sur-le-programme-numerique-de-lassemblee-parlementaire-de-la-francophonie#primaryimage\"},\"thumbnailUrl\":\"https:\/\/static.africa-press.net\/cote\/sites\/43\/2021\/07\/img-60feae25aff0d.jpg\",\"keywords\":[\"Africa Press\",\"Africa Press-C\u00f4te d'Ivoire\",\"C\u00d4TE D'IVOIRE\"],\"articleSection\":[\"homepage-french\",\"Politique\",\"Top Nouvelles\",\"Toutes les actualit\u00e9s\"],\"inLanguage\":\"fr-FR\",\"potentialAction\":[{\"@type\":\"CommentAction\",\"name\":\"Comment\",\"target\":[\"https:\/\/www.africa-press.net\/cotedivoire\/politique\/declaration-de-eds-relative-au-seminaire-sur-le-programme-numerique-de-lassemblee-parlementaire-de-la-francophonie#respond\"]}]},{\"@type\":\"WebPage\",\"@id\":\"https:\/\/www.africa-press.net\/cotedivoire\/politique\/declaration-de-eds-relative-au-seminaire-sur-le-programme-numerique-de-lassemblee-parlementaire-de-la-francophonie\",\"url\":\"https:\/\/www.africa-press.net\/cotedivoire\/politique\/declaration-de-eds-relative-au-seminaire-sur-le-programme-numerique-de-lassemblee-parlementaire-de-la-francophonie\",\"name\":\"D\u00e9claration de EDS relative au s\u00e9minaire sur le programme num\u00e9rique de l\u2019assembl\u00e9e parlementaire de la francophonie - C\u00f4te d&#039;Ivoire\",\"isPartOf\":{\"@id\":\"https:\/\/www.africa-press.net\/cotedivoire\/#website\"},\"primaryImageOfPage\":{\"@id\":\"https:\/\/www.africa-press.net\/cotedivoire\/politique\/declaration-de-eds-relative-au-seminaire-sur-le-programme-numerique-de-lassemblee-parlementaire-de-la-francophonie#primaryimage\"},\"image\":{\"@id\":\"https:\/\/www.africa-press.net\/cotedivoire\/politique\/declaration-de-eds-relative-au-seminaire-sur-le-programme-numerique-de-lassemblee-parlementaire-de-la-francophonie#primaryimage\"},\"thumbnailUrl\":\"https:\/\/static.africa-press.net\/cote\/sites\/43\/2021\/07\/img-60feae25aff0d.jpg\",\"datePublished\":\"2021-07-26T12:49:33+00:00\",\"dateModified\":\"2021-07-26T17:47:57+00:00\",\"author\":{\"@id\":\"https:\/\/www.africa-press.net\/cotedivoire\/#\/schema\/person\/2b1cf3cd81a31e3cd26889ca66d677f1\"},\"description\":\"1. Le jeudi 22 juillet 2021, le pr\u00e9sident de EDS et Vice-pr\u00e9sident de l\u2019Assembl\u00e9e Nationale\u060c le Professeur Georges Arma ...\",\"breadcrumb\":{\"@id\":\"https:\/\/www.africa-press.net\/cotedivoire\/politique\/declaration-de-eds-relative-au-seminaire-sur-le-programme-numerique-de-lassemblee-parlementaire-de-la-francophonie#breadcrumb\"},\"inLanguage\":\"fr-FR\",\"potentialAction\":[{\"@type\":\"ReadAction\",\"target\":[\"https:\/\/www.africa-press.net\/cotedivoire\/politique\/declaration-de-eds-relative-au-seminaire-sur-le-programme-numerique-de-lassemblee-parlementaire-de-la-francophonie\"]}]},{\"@type\":\"ImageObject\",\"inLanguage\":\"fr-FR\",\"@id\":\"https:\/\/www.africa-press.net\/cotedivoire\/politique\/declaration-de-eds-relative-au-seminaire-sur-le-programme-numerique-de-lassemblee-parlementaire-de-la-francophonie#primaryimage\",\"url\":\"https:\/\/static.africa-press.net\/cote\/sites\/43\/2021\/07\/img-60feae25aff0d.jpg\",\"contentUrl\":\"https:\/\/static.africa-press.net\/cote\/sites\/43\/2021\/07\/img-60feae25aff0d.jpg\",\"width\":720,\"height\":530,\"caption\":\"D\u00e9claration de EDS relative au s\u00e9minaire sur le programme num\u00e9rique de l\u2019assembl\u00e9e parlementaire de la francophonie\"},{\"@type\":\"BreadcrumbList\",\"@id\":\"https:\/\/www.africa-press.net\/cotedivoire\/politique\/declaration-de-eds-relative-au-seminaire-sur-le-programme-numerique-de-lassemblee-parlementaire-de-la-francophonie#breadcrumb\",\"itemListElement\":[{\"@type\":\"ListItem\",\"position\":1,\"name\":\"Accueil\",\"item\":\"https:\/\/www.africa-press.net\/cotedivoire\/\"},{\"@type\":\"ListItem\",\"position\":2,\"name\":\"D\u00e9claration de EDS relative au s\u00e9minaire sur le programme num\u00e9rique de l\u2019assembl\u00e9e parlementaire de la francophonie\"}]},{\"@type\":\"WebSite\",\"@id\":\"https:\/\/www.africa-press.net\/cotedivoire\/#website\",\"url\":\"https:\/\/www.africa-press.net\/cotedivoire\/\",\"name\":\"C\u00f4te d&#039;Ivoire\",\"description\":\"Just another Africa News Agency Sites site\",\"potentialAction\":[{\"@type\":\"SearchAction\",\"target\":{\"@type\":\"EntryPoint\",\"urlTemplate\":\"https:\/\/www.africa-press.net\/cotedivoire\/?s={search_term_string}\"},\"query-input\":{\"@type\":\"PropertyValueSpecification\",\"valueRequired\":true,\"valueName\":\"search_term_string\"}}],\"inLanguage\":\"fr-FR\"},{\"@type\":\"Person\",\"@id\":\"https:\/\/www.africa-press.net\/cotedivoire\/#\/schema\/person\/2b1cf3cd81a31e3cd26889ca66d677f1\",\"name\":\"cfeditorfr\"}]}<\/script>\n<!-- \/ Yoast SEO Premium plugin. -->","yoast_head_json":{"title":"D\u00e9claration de EDS relative au s\u00e9minaire sur le programme num\u00e9rique de l\u2019assembl\u00e9e parlementaire de la francophonie - C\u00f4te d&#039;Ivoire","description":"1. Le jeudi 22 juillet 2021, le pr\u00e9sident de EDS et Vice-pr\u00e9sident de l\u2019Assembl\u00e9e Nationale\u060c le Professeur Georges Arma ...","robots":{"index":"index","follow":"follow","max-snippet":"max-snippet:-1","max-image-preview":"max-image-preview:large","max-video-preview":"max-video-preview:-1"},"canonical":"https:\/\/www.africa-press.net\/cotedivoire\/politique\/declaration-de-eds-relative-au-seminaire-sur-le-programme-numerique-de-lassemblee-parlementaire-de-la-francophonie","og_locale":"fr_FR","og_type":"article","og_title":"D\u00e9claration de EDS relative au s\u00e9minaire sur le programme num\u00e9rique de l\u2019assembl\u00e9e parlementaire de la francophonie","og_description":"1. Le jeudi 22 juillet 2021, le pr\u00e9sident de EDS et Vice-pr\u00e9sident de l\u2019Assembl\u00e9e Nationale\u060c le Professeur Georges Arma ...","og_url":"https:\/\/www.africa-press.net\/cotedivoire\/politique\/declaration-de-eds-relative-au-seminaire-sur-le-programme-numerique-de-lassemblee-parlementaire-de-la-francophonie","og_site_name":"C\u00f4te d&#039;Ivoire","article_published_time":"2021-07-26T12:49:33+00:00","article_modified_time":"2021-07-26T17:47:57+00:00","og_image":[{"width":720,"height":530,"url":"https:\/\/static.africa-press.net\/cote\/sites\/43\/2021\/07\/img-60feae25aff0d.jpg","type":"image\/jpeg"}],"author":"cfeditorfr","twitter_card":"summary_large_image","twitter_misc":{"\u00c9crit par":"cfeditorfr","Dur\u00e9e de lecture estim\u00e9e":"1 minute"},"schema":{"@context":"https:\/\/schema.org","@graph":[{"@type":"Article","@id":"https:\/\/www.africa-press.net\/cotedivoire\/politique\/declaration-de-eds-relative-au-seminaire-sur-le-programme-numerique-de-lassemblee-parlementaire-de-la-francophonie#article","isPartOf":{"@id":"https:\/\/www.africa-press.net\/cotedivoire\/politique\/declaration-de-eds-relative-au-seminaire-sur-le-programme-numerique-de-lassemblee-parlementaire-de-la-francophonie"},"author":{"name":"cfeditorfr","@id":"https:\/\/www.africa-press.net\/cotedivoire\/#\/schema\/person\/2b1cf3cd81a31e3cd26889ca66d677f1"},"headline":"D\u00e9claration de EDS relative au s\u00e9minaire sur le programme num\u00e9rique de l\u2019assembl\u00e9e parlementaire de la francophonie","datePublished":"2021-07-26T12:49:33+00:00","dateModified":"2021-07-26T17:47:57+00:00","mainEntityOfPage":{"@id":"https:\/\/www.africa-press.net\/cotedivoire\/politique\/declaration-de-eds-relative-au-seminaire-sur-le-programme-numerique-de-lassemblee-parlementaire-de-la-francophonie"},"wordCount":314,"commentCount":0,"image":{"@id":"https:\/\/www.africa-press.net\/cotedivoire\/politique\/declaration-de-eds-relative-au-seminaire-sur-le-programme-numerique-de-lassemblee-parlementaire-de-la-francophonie#primaryimage"},"thumbnailUrl":"https:\/\/static.africa-press.net\/cote\/sites\/43\/2021\/07\/img-60feae25aff0d.jpg","keywords":["Africa Press","Africa Press-C\u00f4te d'Ivoire","C\u00d4TE D'IVOIRE"],"articleSection":["homepage-french","Politique","Top Nouvelles","Toutes les actualit\u00e9s"],"inLanguage":"fr-FR","potentialAction":[{"@type":"CommentAction","name":"Comment","target":["https:\/\/www.africa-press.net\/cotedivoire\/politique\/declaration-de-eds-relative-au-seminaire-sur-le-programme-numerique-de-lassemblee-parlementaire-de-la-francophonie#respond"]}]},{"@type":"WebPage","@id":"https:\/\/www.africa-press.net\/cotedivoire\/politique\/declaration-de-eds-relative-au-seminaire-sur-le-programme-numerique-de-lassemblee-parlementaire-de-la-francophonie","url":"https:\/\/www.africa-press.net\/cotedivoire\/politique\/declaration-de-eds-relative-au-seminaire-sur-le-programme-numerique-de-lassemblee-parlementaire-de-la-francophonie","name":"D\u00e9claration de EDS relative au s\u00e9minaire sur le programme num\u00e9rique de l\u2019assembl\u00e9e parlementaire de la francophonie - C\u00f4te d&#039;Ivoire","isPartOf":{"@id":"https:\/\/www.africa-press.net\/cotedivoire\/#website"},"primaryImageOfPage":{"@id":"https:\/\/www.africa-press.net\/cotedivoire\/politique\/declaration-de-eds-relative-au-seminaire-sur-le-programme-numerique-de-lassemblee-parlementaire-de-la-francophonie#primaryimage"},"image":{"@id":"https:\/\/www.africa-press.net\/cotedivoire\/politique\/declaration-de-eds-relative-au-seminaire-sur-le-programme-numerique-de-lassemblee-parlementaire-de-la-francophonie#primaryimage"},"thumbnailUrl":"https:\/\/static.africa-press.net\/cote\/sites\/43\/2021\/07\/img-60feae25aff0d.jpg","datePublished":"2021-07-26T12:49:33+00:00","dateModified":"2021-07-26T17:47:57+00:00","author":{"@id":"https:\/\/www.africa-press.net\/cotedivoire\/#\/schema\/person\/2b1cf3cd81a31e3cd26889ca66d677f1"},"description":"1. Le jeudi 22 juillet 2021, le pr\u00e9sident de EDS et Vice-pr\u00e9sident de l\u2019Assembl\u00e9e Nationale\u060c le Professeur Georges Arma ...","breadcrumb":{"@id":"https:\/\/www.africa-press.net\/cotedivoire\/politique\/declaration-de-eds-relative-au-seminaire-sur-le-programme-numerique-de-lassemblee-parlementaire-de-la-francophonie#breadcrumb"},"inLanguage":"fr-FR","potentialAction":[{"@type":"ReadAction","target":["https:\/\/www.africa-press.net\/cotedivoire\/politique\/declaration-de-eds-relative-au-seminaire-sur-le-programme-numerique-de-lassemblee-parlementaire-de-la-francophonie"]}]},{"@type":"ImageObject","inLanguage":"fr-FR","@id":"https:\/\/www.africa-press.net\/cotedivoire\/politique\/declaration-de-eds-relative-au-seminaire-sur-le-programme-numerique-de-lassemblee-parlementaire-de-la-francophonie#primaryimage","url":"https:\/\/static.africa-press.net\/cote\/sites\/43\/2021\/07\/img-60feae25aff0d.jpg","contentUrl":"https:\/\/static.africa-press.net\/cote\/sites\/43\/2021\/07\/img-60feae25aff0d.jpg","width":720,"height":530,"caption":"D\u00e9claration de EDS relative au s\u00e9minaire sur le programme num\u00e9rique de l\u2019assembl\u00e9e parlementaire de la francophonie"},{"@type":"BreadcrumbList","@id":"https:\/\/www.africa-press.net\/cotedivoire\/politique\/declaration-de-eds-relative-au-seminaire-sur-le-programme-numerique-de-lassemblee-parlementaire-de-la-francophonie#breadcrumb","itemListElement":[{"@type":"ListItem","position":1,"name":"Accueil","item":"https:\/\/www.africa-press.net\/cotedivoire\/"},{"@type":"ListItem","position":2,"name":"D\u00e9claration de EDS relative au s\u00e9minaire sur le programme num\u00e9rique de l\u2019assembl\u00e9e parlementaire de la francophonie"}]},{"@type":"WebSite","@id":"https:\/\/www.africa-press.net\/cotedivoire\/#website","url":"https:\/\/www.africa-press.net\/cotedivoire\/","name":"C\u00f4te d&#039;Ivoire","description":"Just another Africa News Agency Sites site","potentialAction":[{"@type":"SearchAction","target":{"@type":"EntryPoint","urlTemplate":"https:\/\/www.africa-press.net\/cotedivoire\/?s={search_term_string}"},"query-input":{"@type":"PropertyValueSpecification","valueRequired":true,"valueName":"search_term_string"}}],"inLanguage":"fr-FR"},{"@type":"Person","@id":"https:\/\/www.africa-press.net\/cotedivoire\/#\/schema\/person\/2b1cf3cd81a31e3cd26889ca66d677f1","name":"cfeditorfr"}]}},"_links":{"self":[{"href":"https:\/\/www.africa-press.net\/cotedivoire\/wp-json\/wp\/v2\/posts\/10383","targetHints":{"allow":["GET"]}}],"collection":[{"href":"https:\/\/www.africa-press.net\/cotedivoire\/wp-json\/wp\/v2\/posts"}],"about":[{"href":"https:\/\/www.africa-press.net\/cotedivoire\/wp-json\/wp\/v2\/types\/post"}],"author":[{"embeddable":true,"href":"https:\/\/www.africa-press.net\/cotedivoire\/wp-json\/wp\/v2\/users\/82"}],"replies":[{"embeddable":true,"href":"https:\/\/www.africa-press.net\/cotedivoire\/wp-json\/wp\/v2\/comments?post=10383"}],"version-history":[{"count":0,"href":"https:\/\/www.africa-press.net\/cotedivoire\/wp-json\/wp\/v2\/posts\/10383\/revisions"}],"wp:featuredmedia":[{"embeddable":true,"href":"https:\/\/www.africa-press.net\/cotedivoire\/wp-json\/wp\/v2\/media\/10382"}],"wp:attachment":[{"href":"https:\/\/www.africa-press.net\/cotedivoire\/wp-json\/wp\/v2\/media?parent=10383"}],"wp:term":[{"taxonomy":"category","embeddable":true,"href":"https:\/\/www.africa-press.net\/cotedivoire\/wp-json\/wp\/v2\/categories?post=10383"},{"taxonomy":"post_tag","embeddable":true,"href":"https:\/\/www.africa-press.net\/cotedivoire\/wp-json\/wp\/v2\/tags?post=10383"}],"curies":[{"name":"wp","href":"https:\/\/api.w.org\/{rel}","templated":true}]}}