{"id":10386,"date":"2021-07-26T12:53:12","date_gmt":"2021-07-26T12:53:12","guid":{"rendered":"https:\/\/www.africa-press.net\/cotedivoire\/?p=10386"},"modified":"2021-07-26T17:48:05","modified_gmt":"2021-07-26T17:48:05","slug":"luniversite-lorougnon-guede-de-daloa-a-enfin-son-guichet-emploi-jeunes","status":"publish","type":"post","link":"https:\/\/www.africa-press.net\/cotedivoire\/economie\/luniversite-lorougnon-guede-de-daloa-a-enfin-son-guichet-emploi-jeunes","title":{"rendered":"L\u2019Universit\u00e9 Lorougnon Gu\u00e9d\u00e9 de Daloa a enfin son Guichet emploi jeunes"},"content":{"rendered":"<p><span style=\"color: #ff6600\"><strong><a href=\"https:\/\/www.africa-press.net\/\">Africa-Press<\/a> &#8211; <a href=\"https:\/\/www.africa-press.net\/cotedivoire\">C\u00f4te d&rsquo;Ivoire<\/a>. <\/strong><\/span>Le Premier Ministre ivoirien, Patrick Achi, qui a proc\u00e9d\u00e9 le 24 juillet 2021, \u00e0 l\u2019ouverture du Guichet emploi jeunes de l\u2019Universit\u00e9 Jean Lorougnon Gu\u00e9d\u00e9 de Daloa, a invit\u00e9 les \u00e9tudiants \u00e0 bien se former pour \u00eatre comp\u00e9titifs sur le march\u00e9 de l\u2019emploi.<\/p>\n<p>\u00ab Aujourd\u2019hui plus que jamais, l\u2019\u00e9volution de la technologie va faire de l\u2019homme, de sa mati\u00e8re grise, la chose la plus importante et la plus valoris\u00e9e qui soit. Ce combat-l\u00e0, c\u2019est celui que le Pr\u00e9sident de la R\u00e9publique a d\u00e9cid\u00e9 de mener. De faire en sorte que dans les dix ans \u00e0 venir la C\u00f4te d\u2019Ivoire soit class\u00e9e parmi les pays qui ont le meilleur capital humain en Afrique et dans le monde. Afin que les jeunes aient acc\u00e8s \u00e0 des emplois non seulement ici, mais \u00e9galement \u00e0 partir d\u2019ici, ailleurs dans le monde\u2026 \u00bb, a d\u00e9clar\u00e9 Patrick Achi.<\/p>\n<p>Le Chef du gouvernement a rassur\u00e9 les \u00e9tudiants que l\u2019Etat fera sa part en investissant dans les universit\u00e9s, en am\u00e9liorant leurs conditions de travail, en leur donnant les moyens d\u2019acc\u00e8s \u00e0 la connaissance. \u00ab Vous serez en comp\u00e9tition avec le monde\u2026 Vous pouvez avoir toutes les ambitions et la seule limite au r\u00eave que vous avez, c\u2019est vous-m\u00eames et personne d\u2019autre. Si vous avez foi en vous, \u00eates disciplin\u00e9s, rigoureux et travailleurs, vous r\u00e9ussirez \u00bb, a-t-il conseill\u00e9.<\/p>\n<p>Pour le ministre de la Promotion de la Jeunesse, de l\u2019Insertion professionnelle et du Service Civique, Mamadou Tour\u00e9, la politique de d\u00e9centralisation des guichets emploi sur les campus universitaires vise, entre autres, \u00e0 assurer un bon maillage territorial dans la d\u00e9livrance des services publics d\u2019emploi, une \u00e9galit\u00e9 d\u2019acc\u00e8s \u00e0 l\u2019offre de services de l\u2019Agence Emploi Jeunes et une prise en charge efficace des jeunes.<\/p>\n<p>&nbsp;<\/p>\n","protected":false},"excerpt":{"rendered":"<p>Africa-Press &#8211; C\u00f4te d&rsquo;Ivoire. Le Premier Ministre ivoirien, Patrick Achi, qui a proc\u00e9d\u00e9 le 24 juillet 2021, \u00e0 l\u2019ouverture du Guichet emploi jeunes de l\u2019Universit\u00e9 Jean Lorougnon Gu\u00e9d\u00e9 de Daloa, a invit\u00e9 les \u00e9tudiants \u00e0 bien se former pour \u00eatre comp\u00e9titifs sur le march\u00e9 de l\u2019emploi. \u00ab Aujourd\u2019hui plus que jamais, l\u2019\u00e9volution de la technologie [&hellip;]<\/p>\n","protected":false},"author":82,"featured_media":10385,"comment_status":"open","ping_status":"closed","sticky":false,"template":"","format":"standard","meta":{"footnotes":""},"categories":[3,11,10],"tags":[56,63,29],"class_list":["post-10386","post","type-post","status-publish","format-standard","has-post-thumbnail","hentry","category-economie","category-homepage-french","category-toutes-les-actualites","tag-africa-press","tag-africa-press-cote-divoire","tag-cote-divoire"],"yoast_head":"<!-- This site is optimized with the Yoast SEO Premium plugin v26.1 (Yoast SEO v27.0) - https:\/\/yoast.com\/product\/yoast-seo-premium-wordpress\/ -->\n<title>L\u2019Universit\u00e9 Lorougnon Gu\u00e9d\u00e9 de Daloa a enfin son Guichet emploi jeunes - C\u00f4te d&#039;Ivoire<\/title>\n<meta name=\"description\" content=\"Le Premier Ministre ivoirien, Patrick Achi, qui a proc\u00e9d\u00e9 le 24 juillet 2021, \u00e0 l\u2019ouverture du Guichet emploi jeunes de ...\" \/>\n<meta name=\"robots\" content=\"index, follow, max-snippet:-1, max-image-preview:large, max-video-preview:-1\" \/>\n<link rel=\"canonical\" href=\"https:\/\/www.africa-press.net\/cotedivoire\/economie\/luniversite-lorougnon-guede-de-daloa-a-enfin-son-guichet-emploi-jeunes\" \/>\n<meta property=\"og:locale\" content=\"fr_FR\" \/>\n<meta property=\"og:type\" content=\"article\" \/>\n<meta property=\"og:title\" content=\"L\u2019Universit\u00e9 Lorougnon Gu\u00e9d\u00e9 de Daloa a enfin son Guichet emploi jeunes\" \/>\n<meta property=\"og:description\" content=\"Le Premier Ministre ivoirien, Patrick Achi, qui a proc\u00e9d\u00e9 le 24 juillet 2021, \u00e0 l\u2019ouverture du Guichet emploi jeunes de ...\" \/>\n<meta property=\"og:url\" content=\"https:\/\/www.africa-press.net\/cotedivoire\/economie\/luniversite-lorougnon-guede-de-daloa-a-enfin-son-guichet-emploi-jeunes\" \/>\n<meta property=\"og:site_name\" content=\"C\u00f4te d&#039;Ivoire\" \/>\n<meta property=\"article:published_time\" content=\"2021-07-26T12:53:12+00:00\" \/>\n<meta property=\"article:modified_time\" content=\"2021-07-26T17:48:05+00:00\" \/>\n<meta property=\"og:image\" content=\"https:\/\/static.africa-press.net\/cote\/sites\/43\/2021\/07\/img-60feae4a16ecb.jpg\" \/>\n\t<meta property=\"og:image:width\" content=\"1920\" \/>\n\t<meta property=\"og:image:height\" content=\"1272\" \/>\n\t<meta property=\"og:image:type\" content=\"image\/jpeg\" \/>\n<meta name=\"author\" content=\"cfeditorfr\" \/>\n<meta name=\"twitter:card\" content=\"summary_large_image\" \/>\n<meta name=\"twitter:label1\" content=\"\u00c9crit par\" \/>\n\t<meta name=\"twitter:data1\" content=\"cfeditorfr\" \/>\n\t<meta name=\"twitter:label2\" content=\"Dur\u00e9e de lecture estim\u00e9e\" \/>\n\t<meta name=\"twitter:data2\" content=\"2 minutes\" \/>\n<script type=\"application\/ld+json\" class=\"yoast-schema-graph\">{\"@context\":\"https:\/\/schema.org\",\"@graph\":[{\"@type\":\"Article\",\"@id\":\"https:\/\/www.africa-press.net\/cotedivoire\/economie\/luniversite-lorougnon-guede-de-daloa-a-enfin-son-guichet-emploi-jeunes#article\",\"isPartOf\":{\"@id\":\"https:\/\/www.africa-press.net\/cotedivoire\/economie\/luniversite-lorougnon-guede-de-daloa-a-enfin-son-guichet-emploi-jeunes\"},\"author\":{\"name\":\"cfeditorfr\",\"@id\":\"https:\/\/www.africa-press.net\/cotedivoire\/#\/schema\/person\/2b1cf3cd81a31e3cd26889ca66d677f1\"},\"headline\":\"L\u2019Universit\u00e9 Lorougnon Gu\u00e9d\u00e9 de Daloa a enfin son Guichet emploi jeunes\",\"datePublished\":\"2021-07-26T12:53:12+00:00\",\"dateModified\":\"2021-07-26T17:48:05+00:00\",\"mainEntityOfPage\":{\"@id\":\"https:\/\/www.africa-press.net\/cotedivoire\/economie\/luniversite-lorougnon-guede-de-daloa-a-enfin-son-guichet-emploi-jeunes\"},\"wordCount\":329,\"commentCount\":0,\"image\":{\"@id\":\"https:\/\/www.africa-press.net\/cotedivoire\/economie\/luniversite-lorougnon-guede-de-daloa-a-enfin-son-guichet-emploi-jeunes#primaryimage\"},\"thumbnailUrl\":\"https:\/\/static.africa-press.net\/cote\/sites\/43\/2021\/07\/img-60feae4a16ecb.jpg\",\"keywords\":[\"Africa Press\",\"Africa Press-C\u00f4te d'Ivoire\",\"C\u00d4TE D'IVOIRE\"],\"articleSection\":[\"\u00c9conomie\",\"homepage-french\",\"Toutes les actualit\u00e9s\"],\"inLanguage\":\"fr-FR\",\"potentialAction\":[{\"@type\":\"CommentAction\",\"name\":\"Comment\",\"target\":[\"https:\/\/www.africa-press.net\/cotedivoire\/economie\/luniversite-lorougnon-guede-de-daloa-a-enfin-son-guichet-emploi-jeunes#respond\"]}]},{\"@type\":\"WebPage\",\"@id\":\"https:\/\/www.africa-press.net\/cotedivoire\/economie\/luniversite-lorougnon-guede-de-daloa-a-enfin-son-guichet-emploi-jeunes\",\"url\":\"https:\/\/www.africa-press.net\/cotedivoire\/economie\/luniversite-lorougnon-guede-de-daloa-a-enfin-son-guichet-emploi-jeunes\",\"name\":\"L\u2019Universit\u00e9 Lorougnon Gu\u00e9d\u00e9 de Daloa a enfin son Guichet emploi jeunes - C\u00f4te d&#039;Ivoire\",\"isPartOf\":{\"@id\":\"https:\/\/www.africa-press.net\/cotedivoire\/#website\"},\"primaryImageOfPage\":{\"@id\":\"https:\/\/www.africa-press.net\/cotedivoire\/economie\/luniversite-lorougnon-guede-de-daloa-a-enfin-son-guichet-emploi-jeunes#primaryimage\"},\"image\":{\"@id\":\"https:\/\/www.africa-press.net\/cotedivoire\/economie\/luniversite-lorougnon-guede-de-daloa-a-enfin-son-guichet-emploi-jeunes#primaryimage\"},\"thumbnailUrl\":\"https:\/\/static.africa-press.net\/cote\/sites\/43\/2021\/07\/img-60feae4a16ecb.jpg\",\"datePublished\":\"2021-07-26T12:53:12+00:00\",\"dateModified\":\"2021-07-26T17:48:05+00:00\",\"author\":{\"@id\":\"https:\/\/www.africa-press.net\/cotedivoire\/#\/schema\/person\/2b1cf3cd81a31e3cd26889ca66d677f1\"},\"description\":\"Le Premier Ministre ivoirien, Patrick Achi, qui a proc\u00e9d\u00e9 le 24 juillet 2021, \u00e0 l\u2019ouverture du Guichet emploi jeunes de ...\",\"breadcrumb\":{\"@id\":\"https:\/\/www.africa-press.net\/cotedivoire\/economie\/luniversite-lorougnon-guede-de-daloa-a-enfin-son-guichet-emploi-jeunes#breadcrumb\"},\"inLanguage\":\"fr-FR\",\"potentialAction\":[{\"@type\":\"ReadAction\",\"target\":[\"https:\/\/www.africa-press.net\/cotedivoire\/economie\/luniversite-lorougnon-guede-de-daloa-a-enfin-son-guichet-emploi-jeunes\"]}]},{\"@type\":\"ImageObject\",\"inLanguage\":\"fr-FR\",\"@id\":\"https:\/\/www.africa-press.net\/cotedivoire\/economie\/luniversite-lorougnon-guede-de-daloa-a-enfin-son-guichet-emploi-jeunes#primaryimage\",\"url\":\"https:\/\/static.africa-press.net\/cote\/sites\/43\/2021\/07\/img-60feae4a16ecb.jpg\",\"contentUrl\":\"https:\/\/static.africa-press.net\/cote\/sites\/43\/2021\/07\/img-60feae4a16ecb.jpg\",\"width\":1920,\"height\":1272,\"caption\":\"L\u2019Universit\u00e9 Lorougnon Gu\u00e9d\u00e9 de Daloa a enfin son Guichet emploi jeunes\"},{\"@type\":\"BreadcrumbList\",\"@id\":\"https:\/\/www.africa-press.net\/cotedivoire\/economie\/luniversite-lorougnon-guede-de-daloa-a-enfin-son-guichet-emploi-jeunes#breadcrumb\",\"itemListElement\":[{\"@type\":\"ListItem\",\"position\":1,\"name\":\"Accueil\",\"item\":\"https:\/\/www.africa-press.net\/cotedivoire\/\"},{\"@type\":\"ListItem\",\"position\":2,\"name\":\"L\u2019Universit\u00e9 Lorougnon Gu\u00e9d\u00e9 de Daloa a enfin son Guichet emploi jeunes\"}]},{\"@type\":\"WebSite\",\"@id\":\"https:\/\/www.africa-press.net\/cotedivoire\/#website\",\"url\":\"https:\/\/www.africa-press.net\/cotedivoire\/\",\"name\":\"C\u00f4te d&#039;Ivoire\",\"description\":\"Just another Africa News Agency Sites site\",\"potentialAction\":[{\"@type\":\"SearchAction\",\"target\":{\"@type\":\"EntryPoint\",\"urlTemplate\":\"https:\/\/www.africa-press.net\/cotedivoire\/?s={search_term_string}\"},\"query-input\":{\"@type\":\"PropertyValueSpecification\",\"valueRequired\":true,\"valueName\":\"search_term_string\"}}],\"inLanguage\":\"fr-FR\"},{\"@type\":\"Person\",\"@id\":\"https:\/\/www.africa-press.net\/cotedivoire\/#\/schema\/person\/2b1cf3cd81a31e3cd26889ca66d677f1\",\"name\":\"cfeditorfr\"}]}<\/script>\n<!-- \/ Yoast SEO Premium plugin. -->","yoast_head_json":{"title":"L\u2019Universit\u00e9 Lorougnon Gu\u00e9d\u00e9 de Daloa a enfin son Guichet emploi jeunes - C\u00f4te d&#039;Ivoire","description":"Le Premier Ministre ivoirien, Patrick Achi, qui a proc\u00e9d\u00e9 le 24 juillet 2021, \u00e0 l\u2019ouverture du Guichet emploi jeunes de ...","robots":{"index":"index","follow":"follow","max-snippet":"max-snippet:-1","max-image-preview":"max-image-preview:large","max-video-preview":"max-video-preview:-1"},"canonical":"https:\/\/www.africa-press.net\/cotedivoire\/economie\/luniversite-lorougnon-guede-de-daloa-a-enfin-son-guichet-emploi-jeunes","og_locale":"fr_FR","og_type":"article","og_title":"L\u2019Universit\u00e9 Lorougnon Gu\u00e9d\u00e9 de Daloa a enfin son Guichet emploi jeunes","og_description":"Le Premier Ministre ivoirien, Patrick Achi, qui a proc\u00e9d\u00e9 le 24 juillet 2021, \u00e0 l\u2019ouverture du Guichet emploi jeunes de ...","og_url":"https:\/\/www.africa-press.net\/cotedivoire\/economie\/luniversite-lorougnon-guede-de-daloa-a-enfin-son-guichet-emploi-jeunes","og_site_name":"C\u00f4te d&#039;Ivoire","article_published_time":"2021-07-26T12:53:12+00:00","article_modified_time":"2021-07-26T17:48:05+00:00","og_image":[{"width":1920,"height":1272,"url":"https:\/\/static.africa-press.net\/cote\/sites\/43\/2021\/07\/img-60feae4a16ecb.jpg","type":"image\/jpeg"}],"author":"cfeditorfr","twitter_card":"summary_large_image","twitter_misc":{"\u00c9crit par":"cfeditorfr","Dur\u00e9e de lecture estim\u00e9e":"2 minutes"},"schema":{"@context":"https:\/\/schema.org","@graph":[{"@type":"Article","@id":"https:\/\/www.africa-press.net\/cotedivoire\/economie\/luniversite-lorougnon-guede-de-daloa-a-enfin-son-guichet-emploi-jeunes#article","isPartOf":{"@id":"https:\/\/www.africa-press.net\/cotedivoire\/economie\/luniversite-lorougnon-guede-de-daloa-a-enfin-son-guichet-emploi-jeunes"},"author":{"name":"cfeditorfr","@id":"https:\/\/www.africa-press.net\/cotedivoire\/#\/schema\/person\/2b1cf3cd81a31e3cd26889ca66d677f1"},"headline":"L\u2019Universit\u00e9 Lorougnon Gu\u00e9d\u00e9 de Daloa a enfin son Guichet emploi jeunes","datePublished":"2021-07-26T12:53:12+00:00","dateModified":"2021-07-26T17:48:05+00:00","mainEntityOfPage":{"@id":"https:\/\/www.africa-press.net\/cotedivoire\/economie\/luniversite-lorougnon-guede-de-daloa-a-enfin-son-guichet-emploi-jeunes"},"wordCount":329,"commentCount":0,"image":{"@id":"https:\/\/www.africa-press.net\/cotedivoire\/economie\/luniversite-lorougnon-guede-de-daloa-a-enfin-son-guichet-emploi-jeunes#primaryimage"},"thumbnailUrl":"https:\/\/static.africa-press.net\/cote\/sites\/43\/2021\/07\/img-60feae4a16ecb.jpg","keywords":["Africa Press","Africa Press-C\u00f4te d'Ivoire","C\u00d4TE D'IVOIRE"],"articleSection":["\u00c9conomie","homepage-french","Toutes les actualit\u00e9s"],"inLanguage":"fr-FR","potentialAction":[{"@type":"CommentAction","name":"Comment","target":["https:\/\/www.africa-press.net\/cotedivoire\/economie\/luniversite-lorougnon-guede-de-daloa-a-enfin-son-guichet-emploi-jeunes#respond"]}]},{"@type":"WebPage","@id":"https:\/\/www.africa-press.net\/cotedivoire\/economie\/luniversite-lorougnon-guede-de-daloa-a-enfin-son-guichet-emploi-jeunes","url":"https:\/\/www.africa-press.net\/cotedivoire\/economie\/luniversite-lorougnon-guede-de-daloa-a-enfin-son-guichet-emploi-jeunes","name":"L\u2019Universit\u00e9 Lorougnon Gu\u00e9d\u00e9 de Daloa a enfin son Guichet emploi jeunes - C\u00f4te d&#039;Ivoire","isPartOf":{"@id":"https:\/\/www.africa-press.net\/cotedivoire\/#website"},"primaryImageOfPage":{"@id":"https:\/\/www.africa-press.net\/cotedivoire\/economie\/luniversite-lorougnon-guede-de-daloa-a-enfin-son-guichet-emploi-jeunes#primaryimage"},"image":{"@id":"https:\/\/www.africa-press.net\/cotedivoire\/economie\/luniversite-lorougnon-guede-de-daloa-a-enfin-son-guichet-emploi-jeunes#primaryimage"},"thumbnailUrl":"https:\/\/static.africa-press.net\/cote\/sites\/43\/2021\/07\/img-60feae4a16ecb.jpg","datePublished":"2021-07-26T12:53:12+00:00","dateModified":"2021-07-26T17:48:05+00:00","author":{"@id":"https:\/\/www.africa-press.net\/cotedivoire\/#\/schema\/person\/2b1cf3cd81a31e3cd26889ca66d677f1"},"description":"Le Premier Ministre ivoirien, Patrick Achi, qui a proc\u00e9d\u00e9 le 24 juillet 2021, \u00e0 l\u2019ouverture du Guichet emploi jeunes de ...","breadcrumb":{"@id":"https:\/\/www.africa-press.net\/cotedivoire\/economie\/luniversite-lorougnon-guede-de-daloa-a-enfin-son-guichet-emploi-jeunes#breadcrumb"},"inLanguage":"fr-FR","potentialAction":[{"@type":"ReadAction","target":["https:\/\/www.africa-press.net\/cotedivoire\/economie\/luniversite-lorougnon-guede-de-daloa-a-enfin-son-guichet-emploi-jeunes"]}]},{"@type":"ImageObject","inLanguage":"fr-FR","@id":"https:\/\/www.africa-press.net\/cotedivoire\/economie\/luniversite-lorougnon-guede-de-daloa-a-enfin-son-guichet-emploi-jeunes#primaryimage","url":"https:\/\/static.africa-press.net\/cote\/sites\/43\/2021\/07\/img-60feae4a16ecb.jpg","contentUrl":"https:\/\/static.africa-press.net\/cote\/sites\/43\/2021\/07\/img-60feae4a16ecb.jpg","width":1920,"height":1272,"caption":"L\u2019Universit\u00e9 Lorougnon Gu\u00e9d\u00e9 de Daloa a enfin son Guichet emploi jeunes"},{"@type":"BreadcrumbList","@id":"https:\/\/www.africa-press.net\/cotedivoire\/economie\/luniversite-lorougnon-guede-de-daloa-a-enfin-son-guichet-emploi-jeunes#breadcrumb","itemListElement":[{"@type":"ListItem","position":1,"name":"Accueil","item":"https:\/\/www.africa-press.net\/cotedivoire\/"},{"@type":"ListItem","position":2,"name":"L\u2019Universit\u00e9 Lorougnon Gu\u00e9d\u00e9 de Daloa a enfin son Guichet emploi jeunes"}]},{"@type":"WebSite","@id":"https:\/\/www.africa-press.net\/cotedivoire\/#website","url":"https:\/\/www.africa-press.net\/cotedivoire\/","name":"C\u00f4te d&#039;Ivoire","description":"Just another Africa News Agency Sites site","potentialAction":[{"@type":"SearchAction","target":{"@type":"EntryPoint","urlTemplate":"https:\/\/www.africa-press.net\/cotedivoire\/?s={search_term_string}"},"query-input":{"@type":"PropertyValueSpecification","valueRequired":true,"valueName":"search_term_string"}}],"inLanguage":"fr-FR"},{"@type":"Person","@id":"https:\/\/www.africa-press.net\/cotedivoire\/#\/schema\/person\/2b1cf3cd81a31e3cd26889ca66d677f1","name":"cfeditorfr"}]}},"_links":{"self":[{"href":"https:\/\/www.africa-press.net\/cotedivoire\/wp-json\/wp\/v2\/posts\/10386","targetHints":{"allow":["GET"]}}],"collection":[{"href":"https:\/\/www.africa-press.net\/cotedivoire\/wp-json\/wp\/v2\/posts"}],"about":[{"href":"https:\/\/www.africa-press.net\/cotedivoire\/wp-json\/wp\/v2\/types\/post"}],"author":[{"embeddable":true,"href":"https:\/\/www.africa-press.net\/cotedivoire\/wp-json\/wp\/v2\/users\/82"}],"replies":[{"embeddable":true,"href":"https:\/\/www.africa-press.net\/cotedivoire\/wp-json\/wp\/v2\/comments?post=10386"}],"version-history":[{"count":0,"href":"https:\/\/www.africa-press.net\/cotedivoire\/wp-json\/wp\/v2\/posts\/10386\/revisions"}],"wp:featuredmedia":[{"embeddable":true,"href":"https:\/\/www.africa-press.net\/cotedivoire\/wp-json\/wp\/v2\/media\/10385"}],"wp:attachment":[{"href":"https:\/\/www.africa-press.net\/cotedivoire\/wp-json\/wp\/v2\/media?parent=10386"}],"wp:term":[{"taxonomy":"category","embeddable":true,"href":"https:\/\/www.africa-press.net\/cotedivoire\/wp-json\/wp\/v2\/categories?post=10386"},{"taxonomy":"post_tag","embeddable":true,"href":"https:\/\/www.africa-press.net\/cotedivoire\/wp-json\/wp\/v2\/tags?post=10386"}],"curies":[{"name":"wp","href":"https:\/\/api.w.org\/{rel}","templated":true}]}}