{"id":103912,"date":"2025-08-20T16:32:50","date_gmt":"2025-08-20T16:32:50","guid":{"rendered":"https:\/\/www.africa-press.net\/cotedivoire\/politique\/ppa-ci-deces-du-fils-du-coordinateur-regional"},"modified":"2025-08-20T17:48:16","modified_gmt":"2025-08-20T17:48:16","slug":"ppa-ci-deces-du-fils-du-coordinateur-regional","status":"publish","type":"post","link":"https:\/\/www.africa-press.net\/cotedivoire\/parties\/ppa-ci-deces-du-fils-du-coordinateur-regional","title":{"rendered":"PPA-CI D\u00e9c\u00e8s du Fils du Coordinateur R\u00e9gional"},"content":{"rendered":"<p><span style=\"color: #ff6600\"><strong>Africa-Press &#8211; C\u00f4te d&rsquo;Ivoire. <\/strong><\/span>La grande famille du PPA-CI a e\u0301te\u0301 frappe\u0301e par le deuil avec le de\u0301ce\u0300s de Marc Herve\u0301 Aman Elogne, fils du Coordinateur re\u0301gional du Sud-Comoe\u0301, Aman Kadjo, survenu le 2 aou\u0302t 2025 a\u0300 l\u2019a\u0302ge de 43 ans. Le mardi 19 aou\u0302t, une forte de\u0301le\u0301gation du parti s\u2019est rendue a\u0300 son domicile pour lui te\u0301moigner soutien et compassion en ces moments douloureux.<\/p>\n<p>Conduite par le professeur Georges-Armand Oue\u0301gnin, vice-pre\u0301sident de l\u2019Assemble\u0301e nationale et vice-pre\u0301sident exe\u0301cutif du PPA-CI charge\u0301 du District de la Comoe\u0301, la de\u0301le\u0301gation a transmis les condole\u0301ances du pre\u0301sident Laurent Gbagbo a\u0300 l\u2019ensemble de la famille e\u0301plore\u0301e. A\u0300 travers la voix du professeur Ndouba Valentin, porte-parole de la mission, le parti a rappele\u0301 que ce deuil n\u2019e\u0301tait pas seulement celui d\u2019une famille mais celui de toute une communaute\u0301 militante.<\/p>\n<p>Prenant la parole, Georges-Armand Oue\u0301gnin a salue\u0301 l\u2019engagement et le sens du devoir d\u2019Aman Kadjo, qui, malgre\u0301 la maladie de son fils, n\u2019avait pas cesse\u0301 d\u2019e\u0302tre pre\u0301sent sur le terrain pour assurer le succe\u0300s du parrainage de Laurent Gbagbo. Selon lui, cette abne\u0301gation force le respect et me\u0301rite reconnaissance. \u00ab En ce moment de peine, nous sommes unis a\u0300 lui, a\u0300 sa famille et au Sud-Comoe\u0301. Le pre\u0301sident Laurent Gbagbo dit yako a\u0300 tous \u00bb, a-t-il de\u0301clare\u0301.<\/p>\n<p>La de\u0301le\u0301gation, compose\u0301e de cadres, de responsables fe\u0301de\u0301raux, de membres de la ligue des femmes et de repre\u0301sentants e\u0301lectoraux, a promis d\u2019accompagner le coordinateur a\u0300 chaque e\u0301tape des obse\u0300ques. La communaute\u0301 militante se retrouvera de nouveau le jeudi 21 aou\u0302t pour la veille\u0301e religieuse, puis le samedi 23 aou\u0302t a\u0300 Ebikro-Ndakro, dans la sous-pre\u0301fecture de Yaou, ou\u0300 aura lieu l\u2019inhumation.<\/p>\n<p><strong>Pour plus d&rsquo;informations et d&rsquo;analyses sur la <span style=\"color: #ff6600\">C\u00f4te d&rsquo;Ivoire<\/span>, suivez <span style=\"color: #ff6600\">Africa-Press<\/span><\/strong><\/p>\n","protected":false},"excerpt":{"rendered":"<p>Africa-Press &#8211; C\u00f4te d&rsquo;Ivoire. La grande famille du PPA-CI a e\u0301te\u0301 frappe\u0301e par le deuil avec le de\u0301ce\u0300s de Marc Herve\u0301 Aman Elogne, fils du Coordinateur re\u0301gional du Sud-Comoe\u0301, Aman Kadjo, survenu le 2 aou\u0302t 2025 a\u0300 l\u2019a\u0302ge de 43 ans. Le mardi 19 aou\u0302t, une forte de\u0301le\u0301gation du parti s\u2019est rendue a\u0300 son domicile [&hellip;]<\/p>\n","protected":false},"author":82,"featured_media":103911,"comment_status":"open","ping_status":"closed","sticky":false,"template":"","format":"standard","meta":{"footnotes":""},"categories":[4,10],"tags":[2795,29,1712,320,1952],"class_list":["post-103912","post","type-post","status-publish","format-standard","has-post-thumbnail","hentry","category-parties","category-toutes-les-actualites","tag-comoe","tag-cote-divoire","tag-delegation","tag-gbagbo","tag-ppa-ci"],"yoast_head":"<!-- This site is optimized with the Yoast SEO Premium plugin v26.1 (Yoast SEO v27.0) - https:\/\/yoast.com\/product\/yoast-seo-premium-wordpress\/ -->\n<title>PPA-CI D\u00e9c\u00e8s du Fils du Coordinateur R\u00e9gional - C\u00f4te d&#039;Ivoire<\/title>\n<meta name=\"description\" content=\"La grande famille du PPA-CI a e\u0301te\u0301 frappe\u0301e par le deuil avec le de\u0301ce\u0300s de Marc Herve\u0301 Aman Elogne, fils du Coordinate ...\" \/>\n<meta name=\"robots\" content=\"index, follow, max-snippet:-1, max-image-preview:large, max-video-preview:-1\" \/>\n<link rel=\"canonical\" href=\"https:\/\/www.africa-press.net\/cotedivoire\/parties\/ppa-ci-deces-du-fils-du-coordinateur-regional\" \/>\n<meta property=\"og:locale\" content=\"fr_FR\" \/>\n<meta property=\"og:type\" content=\"article\" \/>\n<meta property=\"og:title\" content=\"PPA-CI D\u00e9c\u00e8s du Fils du Coordinateur R\u00e9gional\" \/>\n<meta property=\"og:description\" content=\"La grande famille du PPA-CI a e\u0301te\u0301 frappe\u0301e par le deuil avec le de\u0301ce\u0300s de Marc Herve\u0301 Aman Elogne, fils du Coordinate ...\" \/>\n<meta property=\"og:url\" content=\"https:\/\/www.africa-press.net\/cotedivoire\/parties\/ppa-ci-deces-du-fils-du-coordinateur-regional\" \/>\n<meta property=\"og:site_name\" content=\"C\u00f4te d&#039;Ivoire\" \/>\n<meta property=\"article:published_time\" content=\"2025-08-20T16:32:50+00:00\" \/>\n<meta property=\"article:modified_time\" content=\"2025-08-20T17:48:16+00:00\" \/>\n<meta property=\"og:image\" content=\"https:\/\/static.africa-press.net\/cote\/sites\/43\/2025\/08\/sm_1755699465.754678.jpg\" \/>\n\t<meta property=\"og:image:width\" content=\"720\" \/>\n\t<meta property=\"og:image:height\" content=\"364\" \/>\n\t<meta property=\"og:image:type\" content=\"image\/jpeg\" \/>\n<meta name=\"author\" content=\"cfeditorfr\" \/>\n<meta name=\"twitter:card\" content=\"summary_large_image\" \/>\n<meta name=\"twitter:label1\" content=\"\u00c9crit par\" \/>\n\t<meta name=\"twitter:data1\" content=\"cfeditorfr\" \/>\n\t<meta name=\"twitter:label2\" content=\"Dur\u00e9e de lecture estim\u00e9e\" \/>\n\t<meta name=\"twitter:data2\" content=\"2 minutes\" \/>\n<script type=\"application\/ld+json\" class=\"yoast-schema-graph\">{\"@context\":\"https:\/\/schema.org\",\"@graph\":[{\"@type\":\"Article\",\"@id\":\"https:\/\/www.africa-press.net\/cotedivoire\/parties\/ppa-ci-deces-du-fils-du-coordinateur-regional#article\",\"isPartOf\":{\"@id\":\"https:\/\/www.africa-press.net\/cotedivoire\/parties\/ppa-ci-deces-du-fils-du-coordinateur-regional\"},\"author\":{\"name\":\"cfeditorfr\",\"@id\":\"https:\/\/www.africa-press.net\/cotedivoire\/#\/schema\/person\/2b1cf3cd81a31e3cd26889ca66d677f1\"},\"headline\":\"PPA-CI D\u00e9c\u00e8s du Fils du Coordinateur R\u00e9gional\",\"datePublished\":\"2025-08-20T16:32:50+00:00\",\"dateModified\":\"2025-08-20T17:48:16+00:00\",\"mainEntityOfPage\":{\"@id\":\"https:\/\/www.africa-press.net\/cotedivoire\/parties\/ppa-ci-deces-du-fils-du-coordinateur-regional\"},\"wordCount\":346,\"commentCount\":0,\"image\":{\"@id\":\"https:\/\/www.africa-press.net\/cotedivoire\/parties\/ppa-ci-deces-du-fils-du-coordinateur-regional#primaryimage\"},\"thumbnailUrl\":\"https:\/\/static.africa-press.net\/cote\/sites\/43\/2025\/08\/sm_1755699465.754678.jpg\",\"keywords\":[\"Como\u00e9\",\"C\u00d4TE D'IVOIRE\",\"d\u00e9l\u00e9gation\",\"Gbagbo\",\"PPA-CI\"],\"articleSection\":[\"Parties\",\"Toutes les actualit\u00e9s\"],\"inLanguage\":\"fr-FR\",\"potentialAction\":[{\"@type\":\"CommentAction\",\"name\":\"Comment\",\"target\":[\"https:\/\/www.africa-press.net\/cotedivoire\/parties\/ppa-ci-deces-du-fils-du-coordinateur-regional#respond\"]}]},{\"@type\":\"WebPage\",\"@id\":\"https:\/\/www.africa-press.net\/cotedivoire\/parties\/ppa-ci-deces-du-fils-du-coordinateur-regional\",\"url\":\"https:\/\/www.africa-press.net\/cotedivoire\/parties\/ppa-ci-deces-du-fils-du-coordinateur-regional\",\"name\":\"PPA-CI D\u00e9c\u00e8s du Fils du Coordinateur R\u00e9gional - C\u00f4te d&#039;Ivoire\",\"isPartOf\":{\"@id\":\"https:\/\/www.africa-press.net\/cotedivoire\/#website\"},\"primaryImageOfPage\":{\"@id\":\"https:\/\/www.africa-press.net\/cotedivoire\/parties\/ppa-ci-deces-du-fils-du-coordinateur-regional#primaryimage\"},\"image\":{\"@id\":\"https:\/\/www.africa-press.net\/cotedivoire\/parties\/ppa-ci-deces-du-fils-du-coordinateur-regional#primaryimage\"},\"thumbnailUrl\":\"https:\/\/static.africa-press.net\/cote\/sites\/43\/2025\/08\/sm_1755699465.754678.jpg\",\"datePublished\":\"2025-08-20T16:32:50+00:00\",\"dateModified\":\"2025-08-20T17:48:16+00:00\",\"author\":{\"@id\":\"https:\/\/www.africa-press.net\/cotedivoire\/#\/schema\/person\/2b1cf3cd81a31e3cd26889ca66d677f1\"},\"description\":\"La grande famille du PPA-CI a e\u0301te\u0301 frappe\u0301e par le deuil avec le de\u0301ce\u0300s de Marc Herve\u0301 Aman Elogne, fils du Coordinate ...\",\"breadcrumb\":{\"@id\":\"https:\/\/www.africa-press.net\/cotedivoire\/parties\/ppa-ci-deces-du-fils-du-coordinateur-regional#breadcrumb\"},\"inLanguage\":\"fr-FR\",\"potentialAction\":[{\"@type\":\"ReadAction\",\"target\":[\"https:\/\/www.africa-press.net\/cotedivoire\/parties\/ppa-ci-deces-du-fils-du-coordinateur-regional\"]}]},{\"@type\":\"ImageObject\",\"inLanguage\":\"fr-FR\",\"@id\":\"https:\/\/www.africa-press.net\/cotedivoire\/parties\/ppa-ci-deces-du-fils-du-coordinateur-regional#primaryimage\",\"url\":\"https:\/\/static.africa-press.net\/cote\/sites\/43\/2025\/08\/sm_1755699465.754678.jpg\",\"contentUrl\":\"https:\/\/static.africa-press.net\/cote\/sites\/43\/2025\/08\/sm_1755699465.754678.jpg\",\"width\":720,\"height\":364,\"caption\":\"PPA-CI D\u00e9c\u00e8s du Fils du Coordinateur R\u00e9gional\"},{\"@type\":\"BreadcrumbList\",\"@id\":\"https:\/\/www.africa-press.net\/cotedivoire\/parties\/ppa-ci-deces-du-fils-du-coordinateur-regional#breadcrumb\",\"itemListElement\":[{\"@type\":\"ListItem\",\"position\":1,\"name\":\"Accueil\",\"item\":\"https:\/\/www.africa-press.net\/cotedivoire\/\"},{\"@type\":\"ListItem\",\"position\":2,\"name\":\"PPA-CI D\u00e9c\u00e8s du Fils du Coordinateur R\u00e9gional\"}]},{\"@type\":\"WebSite\",\"@id\":\"https:\/\/www.africa-press.net\/cotedivoire\/#website\",\"url\":\"https:\/\/www.africa-press.net\/cotedivoire\/\",\"name\":\"C\u00f4te d&#039;Ivoire\",\"description\":\"Just another Africa News Agency Sites site\",\"potentialAction\":[{\"@type\":\"SearchAction\",\"target\":{\"@type\":\"EntryPoint\",\"urlTemplate\":\"https:\/\/www.africa-press.net\/cotedivoire\/?s={search_term_string}\"},\"query-input\":{\"@type\":\"PropertyValueSpecification\",\"valueRequired\":true,\"valueName\":\"search_term_string\"}}],\"inLanguage\":\"fr-FR\"},{\"@type\":\"Person\",\"@id\":\"https:\/\/www.africa-press.net\/cotedivoire\/#\/schema\/person\/2b1cf3cd81a31e3cd26889ca66d677f1\",\"name\":\"cfeditorfr\"}]}<\/script>\n<!-- \/ Yoast SEO Premium plugin. -->","yoast_head_json":{"title":"PPA-CI D\u00e9c\u00e8s du Fils du Coordinateur R\u00e9gional - C\u00f4te d&#039;Ivoire","description":"La grande famille du PPA-CI a e\u0301te\u0301 frappe\u0301e par le deuil avec le de\u0301ce\u0300s de Marc Herve\u0301 Aman Elogne, fils du Coordinate ...","robots":{"index":"index","follow":"follow","max-snippet":"max-snippet:-1","max-image-preview":"max-image-preview:large","max-video-preview":"max-video-preview:-1"},"canonical":"https:\/\/www.africa-press.net\/cotedivoire\/parties\/ppa-ci-deces-du-fils-du-coordinateur-regional","og_locale":"fr_FR","og_type":"article","og_title":"PPA-CI D\u00e9c\u00e8s du Fils du Coordinateur R\u00e9gional","og_description":"La grande famille du PPA-CI a e\u0301te\u0301 frappe\u0301e par le deuil avec le de\u0301ce\u0300s de Marc Herve\u0301 Aman Elogne, fils du Coordinate ...","og_url":"https:\/\/www.africa-press.net\/cotedivoire\/parties\/ppa-ci-deces-du-fils-du-coordinateur-regional","og_site_name":"C\u00f4te d&#039;Ivoire","article_published_time":"2025-08-20T16:32:50+00:00","article_modified_time":"2025-08-20T17:48:16+00:00","og_image":[{"width":720,"height":364,"url":"https:\/\/static.africa-press.net\/cote\/sites\/43\/2025\/08\/sm_1755699465.754678.jpg","type":"image\/jpeg"}],"author":"cfeditorfr","twitter_card":"summary_large_image","twitter_misc":{"\u00c9crit par":"cfeditorfr","Dur\u00e9e de lecture estim\u00e9e":"2 minutes"},"schema":{"@context":"https:\/\/schema.org","@graph":[{"@type":"Article","@id":"https:\/\/www.africa-press.net\/cotedivoire\/parties\/ppa-ci-deces-du-fils-du-coordinateur-regional#article","isPartOf":{"@id":"https:\/\/www.africa-press.net\/cotedivoire\/parties\/ppa-ci-deces-du-fils-du-coordinateur-regional"},"author":{"name":"cfeditorfr","@id":"https:\/\/www.africa-press.net\/cotedivoire\/#\/schema\/person\/2b1cf3cd81a31e3cd26889ca66d677f1"},"headline":"PPA-CI D\u00e9c\u00e8s du Fils du Coordinateur R\u00e9gional","datePublished":"2025-08-20T16:32:50+00:00","dateModified":"2025-08-20T17:48:16+00:00","mainEntityOfPage":{"@id":"https:\/\/www.africa-press.net\/cotedivoire\/parties\/ppa-ci-deces-du-fils-du-coordinateur-regional"},"wordCount":346,"commentCount":0,"image":{"@id":"https:\/\/www.africa-press.net\/cotedivoire\/parties\/ppa-ci-deces-du-fils-du-coordinateur-regional#primaryimage"},"thumbnailUrl":"https:\/\/static.africa-press.net\/cote\/sites\/43\/2025\/08\/sm_1755699465.754678.jpg","keywords":["Como\u00e9","C\u00d4TE D'IVOIRE","d\u00e9l\u00e9gation","Gbagbo","PPA-CI"],"articleSection":["Parties","Toutes les actualit\u00e9s"],"inLanguage":"fr-FR","potentialAction":[{"@type":"CommentAction","name":"Comment","target":["https:\/\/www.africa-press.net\/cotedivoire\/parties\/ppa-ci-deces-du-fils-du-coordinateur-regional#respond"]}]},{"@type":"WebPage","@id":"https:\/\/www.africa-press.net\/cotedivoire\/parties\/ppa-ci-deces-du-fils-du-coordinateur-regional","url":"https:\/\/www.africa-press.net\/cotedivoire\/parties\/ppa-ci-deces-du-fils-du-coordinateur-regional","name":"PPA-CI D\u00e9c\u00e8s du Fils du Coordinateur R\u00e9gional - C\u00f4te d&#039;Ivoire","isPartOf":{"@id":"https:\/\/www.africa-press.net\/cotedivoire\/#website"},"primaryImageOfPage":{"@id":"https:\/\/www.africa-press.net\/cotedivoire\/parties\/ppa-ci-deces-du-fils-du-coordinateur-regional#primaryimage"},"image":{"@id":"https:\/\/www.africa-press.net\/cotedivoire\/parties\/ppa-ci-deces-du-fils-du-coordinateur-regional#primaryimage"},"thumbnailUrl":"https:\/\/static.africa-press.net\/cote\/sites\/43\/2025\/08\/sm_1755699465.754678.jpg","datePublished":"2025-08-20T16:32:50+00:00","dateModified":"2025-08-20T17:48:16+00:00","author":{"@id":"https:\/\/www.africa-press.net\/cotedivoire\/#\/schema\/person\/2b1cf3cd81a31e3cd26889ca66d677f1"},"description":"La grande famille du PPA-CI a e\u0301te\u0301 frappe\u0301e par le deuil avec le de\u0301ce\u0300s de Marc Herve\u0301 Aman Elogne, fils du Coordinate ...","breadcrumb":{"@id":"https:\/\/www.africa-press.net\/cotedivoire\/parties\/ppa-ci-deces-du-fils-du-coordinateur-regional#breadcrumb"},"inLanguage":"fr-FR","potentialAction":[{"@type":"ReadAction","target":["https:\/\/www.africa-press.net\/cotedivoire\/parties\/ppa-ci-deces-du-fils-du-coordinateur-regional"]}]},{"@type":"ImageObject","inLanguage":"fr-FR","@id":"https:\/\/www.africa-press.net\/cotedivoire\/parties\/ppa-ci-deces-du-fils-du-coordinateur-regional#primaryimage","url":"https:\/\/static.africa-press.net\/cote\/sites\/43\/2025\/08\/sm_1755699465.754678.jpg","contentUrl":"https:\/\/static.africa-press.net\/cote\/sites\/43\/2025\/08\/sm_1755699465.754678.jpg","width":720,"height":364,"caption":"PPA-CI D\u00e9c\u00e8s du Fils du Coordinateur R\u00e9gional"},{"@type":"BreadcrumbList","@id":"https:\/\/www.africa-press.net\/cotedivoire\/parties\/ppa-ci-deces-du-fils-du-coordinateur-regional#breadcrumb","itemListElement":[{"@type":"ListItem","position":1,"name":"Accueil","item":"https:\/\/www.africa-press.net\/cotedivoire\/"},{"@type":"ListItem","position":2,"name":"PPA-CI D\u00e9c\u00e8s du Fils du Coordinateur R\u00e9gional"}]},{"@type":"WebSite","@id":"https:\/\/www.africa-press.net\/cotedivoire\/#website","url":"https:\/\/www.africa-press.net\/cotedivoire\/","name":"C\u00f4te d&#039;Ivoire","description":"Just another Africa News Agency Sites site","potentialAction":[{"@type":"SearchAction","target":{"@type":"EntryPoint","urlTemplate":"https:\/\/www.africa-press.net\/cotedivoire\/?s={search_term_string}"},"query-input":{"@type":"PropertyValueSpecification","valueRequired":true,"valueName":"search_term_string"}}],"inLanguage":"fr-FR"},{"@type":"Person","@id":"https:\/\/www.africa-press.net\/cotedivoire\/#\/schema\/person\/2b1cf3cd81a31e3cd26889ca66d677f1","name":"cfeditorfr"}]}},"_links":{"self":[{"href":"https:\/\/www.africa-press.net\/cotedivoire\/wp-json\/wp\/v2\/posts\/103912","targetHints":{"allow":["GET"]}}],"collection":[{"href":"https:\/\/www.africa-press.net\/cotedivoire\/wp-json\/wp\/v2\/posts"}],"about":[{"href":"https:\/\/www.africa-press.net\/cotedivoire\/wp-json\/wp\/v2\/types\/post"}],"author":[{"embeddable":true,"href":"https:\/\/www.africa-press.net\/cotedivoire\/wp-json\/wp\/v2\/users\/82"}],"replies":[{"embeddable":true,"href":"https:\/\/www.africa-press.net\/cotedivoire\/wp-json\/wp\/v2\/comments?post=103912"}],"version-history":[{"count":0,"href":"https:\/\/www.africa-press.net\/cotedivoire\/wp-json\/wp\/v2\/posts\/103912\/revisions"}],"wp:featuredmedia":[{"embeddable":true,"href":"https:\/\/www.africa-press.net\/cotedivoire\/wp-json\/wp\/v2\/media\/103911"}],"wp:attachment":[{"href":"https:\/\/www.africa-press.net\/cotedivoire\/wp-json\/wp\/v2\/media?parent=103912"}],"wp:term":[{"taxonomy":"category","embeddable":true,"href":"https:\/\/www.africa-press.net\/cotedivoire\/wp-json\/wp\/v2\/categories?post=103912"},{"taxonomy":"post_tag","embeddable":true,"href":"https:\/\/www.africa-press.net\/cotedivoire\/wp-json\/wp\/v2\/tags?post=103912"}],"curies":[{"name":"wp","href":"https:\/\/api.w.org\/{rel}","templated":true}]}}