{"id":103921,"date":"2025-08-20T16:33:54","date_gmt":"2025-08-20T16:33:54","guid":{"rendered":"https:\/\/www.africa-press.net\/cotedivoire\/politique\/abidjan-sinspire-dankara-pour-transport-aerien"},"modified":"2025-08-20T17:48:56","modified_gmt":"2025-08-20T17:48:56","slug":"abidjan-sinspire-dankara-pour-transport-aerien","status":"publish","type":"post","link":"https:\/\/www.africa-press.net\/cotedivoire\/politique\/abidjan-sinspire-dankara-pour-transport-aerien","title":{"rendered":"Abidjan S&rsquo;inspire d&rsquo;Ankara pour Transport A\u00e9rien"},"content":{"rendered":"<p><span style=\"color: #ff6600\"><strong>Africa-Press &#8211; C\u00f4te d&rsquo;Ivoire. <\/strong><\/span>Le Ministre des Transports, Amadou Kone\u0301, est en visite de travail en Turquie pour le renforcement de la coope\u0301ration bilate\u0301rale en matie\u0300re de Transporte\u0301 ae\u0301rien et de Mobilite\u0301 urbaine.<\/p>\n<p>Cette visite qui se tient du 16 au 21 aou\u0302t 2025 est l&rsquo;occasion pour Amadou Kone\u0301 et ses collaborateurs d&rsquo;e\u0301changer avec des partenaires techniques et financiers internationaux, en vue de soutenir l\u2019e\u0301mergence d\u2019un syste\u0300me de transport performant, connecte\u0301 et compe\u0301titif au service de l\u2019ambition ivoirienne particulie\u0300rement dans le domaine ae\u0301rien et de la mobilite\u0301, rapporte une note du Ministe\u0300re des Transports.<\/p>\n<p>Le choix d\u2019Istanbul, plateforme strate\u0301gique de l\u2019aviation mondiale et vitrine d\u2019un savoir-faire prouve\u0301 en matie\u0300re de mobilite\u0301 intelligente, illustre la volonte\u0301 des autorite\u0301s ivoiriennes de s\u2019inspirer des meilleures pratiques mondiales, tout en ba\u0302tissant des coope\u0301rations concre\u0300tes.<\/p>\n<p>La mission marque donc une e\u0301tape de\u0301terminante dans l\u2019ouverture du pays a\u0300 de nouvelles alliances internationales. Elle s\u2019inscrit dans la vision du Pre\u0301sident de la Re\u0301publique, SEM. Alassane Ouattara, dans le cadre du de\u0301veloppement inclusif et durable de notre pays.<\/p>\n<p>Cette visite intervient dans un contexte marque\u0301 par la croissance continue du trafic ae\u0301rien ivoirien et l\u2019ambition d\u2019e\u0301tendre les liaisons internationales, avec l\u2019introduction de nouvelles destinations intercontinentales.<\/p>\n<p>Cela constitue une priorite\u0301 strate\u0301gique pour l\u2019E\u0301tat de Co\u0302te d\u2019Ivoire, qui entend renforcer la compe\u0301titivite\u0301 de l\u2019ae\u0301roport international Fe\u0301lix Houphoue\u0308t-Boigny d\u2019Abidjan et soutenir l\u2019expansion d\u2019Air Co\u0302te d\u2019Ivoire a\u0300 l\u2019e\u0301chelle mondiale, en de\u0301veloppant tout un e\u0301cosyste\u0300me ae\u0301ronautique inte\u0301gre\u0301, cre\u0301ateur d\u2019emplois et de valeur ajoute\u0301e.<\/p>\n<p>Pre\u0301cisons que les retombe\u0301es attendues de cette visite se traduiront par des accords, des projets pilotes et des transferts d\u2019expertises, informe-t-on.<\/p>\n<p><strong>Pour plus d&rsquo;informations et d&rsquo;analyses sur la <span style=\"color: #ff6600\">C\u00f4te d&rsquo;Ivoire<\/span>, suivez <span style=\"color: #ff6600\">Africa-Press<\/span><\/strong><\/p>\n","protected":false},"excerpt":{"rendered":"<p>Africa-Press &#8211; C\u00f4te d&rsquo;Ivoire. Le Ministre des Transports, Amadou Kone\u0301, est en visite de travail en Turquie pour le renforcement de la coope\u0301ration bilate\u0301rale en matie\u0300re de Transporte\u0301 ae\u0301rien et de Mobilite\u0301 urbaine. Cette visite qui se tient du 16 au 21 aou\u0302t 2025 est l&rsquo;occasion pour Amadou Kone\u0301 et ses collaborateurs d&rsquo;e\u0301changer avec des [&hellip;]<\/p>\n","protected":false},"author":82,"featured_media":103920,"comment_status":"open","ping_status":"closed","sticky":false,"template":"","format":"standard","meta":{"footnotes":""},"categories":[2,20,10],"tags":[6439,38,390,13270,29,15076,2218],"class_list":["post-103921","post","type-post","status-publish","format-standard","has-post-thumbnail","hentry","category-politique","category-top-nouvelles","category-toutes-les-actualites","tag-aerien","tag-alassane-ouattara","tag-amadou-kone","tag-ankara","tag-cote-divoire","tag-mobilite-urbaine","tag-transport"],"yoast_head":"<!-- This site is optimized with the Yoast SEO Premium plugin v26.1 (Yoast SEO v27.0) - https:\/\/yoast.com\/product\/yoast-seo-premium-wordpress\/ -->\n<title>Abidjan S&#039;inspire d&#039;Ankara pour Transport A\u00e9rien - C\u00f4te d&#039;Ivoire<\/title>\n<meta name=\"description\" content=\"Le Ministre des Transports, Amadou Kone\u0301, est en visite de travail en Turquie pour le renforcement de la coope\u0301ration bi ...\" \/>\n<meta name=\"robots\" content=\"index, follow, max-snippet:-1, max-image-preview:large, max-video-preview:-1\" \/>\n<link rel=\"canonical\" href=\"https:\/\/www.africa-press.net\/cotedivoire\/politique\/abidjan-sinspire-dankara-pour-transport-aerien\" \/>\n<meta property=\"og:locale\" content=\"fr_FR\" \/>\n<meta property=\"og:type\" content=\"article\" \/>\n<meta property=\"og:title\" content=\"Abidjan S&#039;inspire d&#039;Ankara pour Transport A\u00e9rien\" \/>\n<meta property=\"og:description\" content=\"Le Ministre des Transports, Amadou Kone\u0301, est en visite de travail en Turquie pour le renforcement de la coope\u0301ration bi ...\" \/>\n<meta property=\"og:url\" content=\"https:\/\/www.africa-press.net\/cotedivoire\/politique\/abidjan-sinspire-dankara-pour-transport-aerien\" \/>\n<meta property=\"og:site_name\" content=\"C\u00f4te d&#039;Ivoire\" \/>\n<meta property=\"article:published_time\" content=\"2025-08-20T16:33:54+00:00\" \/>\n<meta property=\"article:modified_time\" content=\"2025-08-20T17:48:56+00:00\" \/>\n<meta property=\"og:image\" content=\"https:\/\/static.africa-press.net\/cote\/sites\/43\/2025\/08\/sm_1755699506.896289.jpg\" \/>\n\t<meta property=\"og:image:width\" content=\"720\" \/>\n\t<meta property=\"og:image:height\" content=\"507\" \/>\n\t<meta property=\"og:image:type\" content=\"image\/jpeg\" \/>\n<meta name=\"author\" content=\"cfeditorfr\" \/>\n<meta name=\"twitter:card\" content=\"summary_large_image\" \/>\n<meta name=\"twitter:label1\" content=\"\u00c9crit par\" \/>\n\t<meta name=\"twitter:data1\" content=\"cfeditorfr\" \/>\n\t<meta name=\"twitter:label2\" content=\"Dur\u00e9e de lecture estim\u00e9e\" \/>\n\t<meta name=\"twitter:data2\" content=\"2 minutes\" \/>\n<script type=\"application\/ld+json\" class=\"yoast-schema-graph\">{\"@context\":\"https:\/\/schema.org\",\"@graph\":[{\"@type\":\"Article\",\"@id\":\"https:\/\/www.africa-press.net\/cotedivoire\/politique\/abidjan-sinspire-dankara-pour-transport-aerien#article\",\"isPartOf\":{\"@id\":\"https:\/\/www.africa-press.net\/cotedivoire\/politique\/abidjan-sinspire-dankara-pour-transport-aerien\"},\"author\":{\"name\":\"cfeditorfr\",\"@id\":\"https:\/\/www.africa-press.net\/cotedivoire\/#\/schema\/person\/2b1cf3cd81a31e3cd26889ca66d677f1\"},\"headline\":\"Abidjan S&rsquo;inspire d&rsquo;Ankara pour Transport A\u00e9rien\",\"datePublished\":\"2025-08-20T16:33:54+00:00\",\"dateModified\":\"2025-08-20T17:48:56+00:00\",\"mainEntityOfPage\":{\"@id\":\"https:\/\/www.africa-press.net\/cotedivoire\/politique\/abidjan-sinspire-dankara-pour-transport-aerien\"},\"wordCount\":351,\"commentCount\":0,\"image\":{\"@id\":\"https:\/\/www.africa-press.net\/cotedivoire\/politique\/abidjan-sinspire-dankara-pour-transport-aerien#primaryimage\"},\"thumbnailUrl\":\"https:\/\/static.africa-press.net\/cote\/sites\/43\/2025\/08\/sm_1755699506.896289.jpg\",\"keywords\":[\"a\u00e9rien\",\"Alassane Ouattara\",\"Amadou Kon\u00e9\",\"Ankara\",\"C\u00d4TE D'IVOIRE\",\"Mobilit\u00e9 urbaine\",\"transport\"],\"articleSection\":[\"Politique\",\"Top Nouvelles\",\"Toutes les actualit\u00e9s\"],\"inLanguage\":\"fr-FR\",\"potentialAction\":[{\"@type\":\"CommentAction\",\"name\":\"Comment\",\"target\":[\"https:\/\/www.africa-press.net\/cotedivoire\/politique\/abidjan-sinspire-dankara-pour-transport-aerien#respond\"]}]},{\"@type\":\"WebPage\",\"@id\":\"https:\/\/www.africa-press.net\/cotedivoire\/politique\/abidjan-sinspire-dankara-pour-transport-aerien\",\"url\":\"https:\/\/www.africa-press.net\/cotedivoire\/politique\/abidjan-sinspire-dankara-pour-transport-aerien\",\"name\":\"Abidjan S'inspire d'Ankara pour Transport A\u00e9rien - C\u00f4te d&#039;Ivoire\",\"isPartOf\":{\"@id\":\"https:\/\/www.africa-press.net\/cotedivoire\/#website\"},\"primaryImageOfPage\":{\"@id\":\"https:\/\/www.africa-press.net\/cotedivoire\/politique\/abidjan-sinspire-dankara-pour-transport-aerien#primaryimage\"},\"image\":{\"@id\":\"https:\/\/www.africa-press.net\/cotedivoire\/politique\/abidjan-sinspire-dankara-pour-transport-aerien#primaryimage\"},\"thumbnailUrl\":\"https:\/\/static.africa-press.net\/cote\/sites\/43\/2025\/08\/sm_1755699506.896289.jpg\",\"datePublished\":\"2025-08-20T16:33:54+00:00\",\"dateModified\":\"2025-08-20T17:48:56+00:00\",\"author\":{\"@id\":\"https:\/\/www.africa-press.net\/cotedivoire\/#\/schema\/person\/2b1cf3cd81a31e3cd26889ca66d677f1\"},\"description\":\"Le Ministre des Transports, Amadou Kone\u0301, est en visite de travail en Turquie pour le renforcement de la coope\u0301ration bi ...\",\"breadcrumb\":{\"@id\":\"https:\/\/www.africa-press.net\/cotedivoire\/politique\/abidjan-sinspire-dankara-pour-transport-aerien#breadcrumb\"},\"inLanguage\":\"fr-FR\",\"potentialAction\":[{\"@type\":\"ReadAction\",\"target\":[\"https:\/\/www.africa-press.net\/cotedivoire\/politique\/abidjan-sinspire-dankara-pour-transport-aerien\"]}]},{\"@type\":\"ImageObject\",\"inLanguage\":\"fr-FR\",\"@id\":\"https:\/\/www.africa-press.net\/cotedivoire\/politique\/abidjan-sinspire-dankara-pour-transport-aerien#primaryimage\",\"url\":\"https:\/\/static.africa-press.net\/cote\/sites\/43\/2025\/08\/sm_1755699506.896289.jpg\",\"contentUrl\":\"https:\/\/static.africa-press.net\/cote\/sites\/43\/2025\/08\/sm_1755699506.896289.jpg\",\"width\":720,\"height\":507,\"caption\":\"Abidjan S'inspire d'Ankara pour Transport A\u00e9rien\"},{\"@type\":\"BreadcrumbList\",\"@id\":\"https:\/\/www.africa-press.net\/cotedivoire\/politique\/abidjan-sinspire-dankara-pour-transport-aerien#breadcrumb\",\"itemListElement\":[{\"@type\":\"ListItem\",\"position\":1,\"name\":\"Accueil\",\"item\":\"https:\/\/www.africa-press.net\/cotedivoire\/\"},{\"@type\":\"ListItem\",\"position\":2,\"name\":\"Abidjan S&#8217;inspire d&#8217;Ankara pour Transport A\u00e9rien\"}]},{\"@type\":\"WebSite\",\"@id\":\"https:\/\/www.africa-press.net\/cotedivoire\/#website\",\"url\":\"https:\/\/www.africa-press.net\/cotedivoire\/\",\"name\":\"C\u00f4te d&#039;Ivoire\",\"description\":\"Just another Africa News Agency Sites site\",\"potentialAction\":[{\"@type\":\"SearchAction\",\"target\":{\"@type\":\"EntryPoint\",\"urlTemplate\":\"https:\/\/www.africa-press.net\/cotedivoire\/?s={search_term_string}\"},\"query-input\":{\"@type\":\"PropertyValueSpecification\",\"valueRequired\":true,\"valueName\":\"search_term_string\"}}],\"inLanguage\":\"fr-FR\"},{\"@type\":\"Person\",\"@id\":\"https:\/\/www.africa-press.net\/cotedivoire\/#\/schema\/person\/2b1cf3cd81a31e3cd26889ca66d677f1\",\"name\":\"cfeditorfr\"}]}<\/script>\n<!-- \/ Yoast SEO Premium plugin. -->","yoast_head_json":{"title":"Abidjan S'inspire d'Ankara pour Transport A\u00e9rien - C\u00f4te d&#039;Ivoire","description":"Le Ministre des Transports, Amadou Kone\u0301, est en visite de travail en Turquie pour le renforcement de la coope\u0301ration bi ...","robots":{"index":"index","follow":"follow","max-snippet":"max-snippet:-1","max-image-preview":"max-image-preview:large","max-video-preview":"max-video-preview:-1"},"canonical":"https:\/\/www.africa-press.net\/cotedivoire\/politique\/abidjan-sinspire-dankara-pour-transport-aerien","og_locale":"fr_FR","og_type":"article","og_title":"Abidjan S'inspire d'Ankara pour Transport A\u00e9rien","og_description":"Le Ministre des Transports, Amadou Kone\u0301, est en visite de travail en Turquie pour le renforcement de la coope\u0301ration bi ...","og_url":"https:\/\/www.africa-press.net\/cotedivoire\/politique\/abidjan-sinspire-dankara-pour-transport-aerien","og_site_name":"C\u00f4te d&#039;Ivoire","article_published_time":"2025-08-20T16:33:54+00:00","article_modified_time":"2025-08-20T17:48:56+00:00","og_image":[{"width":720,"height":507,"url":"https:\/\/static.africa-press.net\/cote\/sites\/43\/2025\/08\/sm_1755699506.896289.jpg","type":"image\/jpeg"}],"author":"cfeditorfr","twitter_card":"summary_large_image","twitter_misc":{"\u00c9crit par":"cfeditorfr","Dur\u00e9e de lecture estim\u00e9e":"2 minutes"},"schema":{"@context":"https:\/\/schema.org","@graph":[{"@type":"Article","@id":"https:\/\/www.africa-press.net\/cotedivoire\/politique\/abidjan-sinspire-dankara-pour-transport-aerien#article","isPartOf":{"@id":"https:\/\/www.africa-press.net\/cotedivoire\/politique\/abidjan-sinspire-dankara-pour-transport-aerien"},"author":{"name":"cfeditorfr","@id":"https:\/\/www.africa-press.net\/cotedivoire\/#\/schema\/person\/2b1cf3cd81a31e3cd26889ca66d677f1"},"headline":"Abidjan S&rsquo;inspire d&rsquo;Ankara pour Transport A\u00e9rien","datePublished":"2025-08-20T16:33:54+00:00","dateModified":"2025-08-20T17:48:56+00:00","mainEntityOfPage":{"@id":"https:\/\/www.africa-press.net\/cotedivoire\/politique\/abidjan-sinspire-dankara-pour-transport-aerien"},"wordCount":351,"commentCount":0,"image":{"@id":"https:\/\/www.africa-press.net\/cotedivoire\/politique\/abidjan-sinspire-dankara-pour-transport-aerien#primaryimage"},"thumbnailUrl":"https:\/\/static.africa-press.net\/cote\/sites\/43\/2025\/08\/sm_1755699506.896289.jpg","keywords":["a\u00e9rien","Alassane Ouattara","Amadou Kon\u00e9","Ankara","C\u00d4TE D'IVOIRE","Mobilit\u00e9 urbaine","transport"],"articleSection":["Politique","Top Nouvelles","Toutes les actualit\u00e9s"],"inLanguage":"fr-FR","potentialAction":[{"@type":"CommentAction","name":"Comment","target":["https:\/\/www.africa-press.net\/cotedivoire\/politique\/abidjan-sinspire-dankara-pour-transport-aerien#respond"]}]},{"@type":"WebPage","@id":"https:\/\/www.africa-press.net\/cotedivoire\/politique\/abidjan-sinspire-dankara-pour-transport-aerien","url":"https:\/\/www.africa-press.net\/cotedivoire\/politique\/abidjan-sinspire-dankara-pour-transport-aerien","name":"Abidjan S'inspire d'Ankara pour Transport A\u00e9rien - C\u00f4te d&#039;Ivoire","isPartOf":{"@id":"https:\/\/www.africa-press.net\/cotedivoire\/#website"},"primaryImageOfPage":{"@id":"https:\/\/www.africa-press.net\/cotedivoire\/politique\/abidjan-sinspire-dankara-pour-transport-aerien#primaryimage"},"image":{"@id":"https:\/\/www.africa-press.net\/cotedivoire\/politique\/abidjan-sinspire-dankara-pour-transport-aerien#primaryimage"},"thumbnailUrl":"https:\/\/static.africa-press.net\/cote\/sites\/43\/2025\/08\/sm_1755699506.896289.jpg","datePublished":"2025-08-20T16:33:54+00:00","dateModified":"2025-08-20T17:48:56+00:00","author":{"@id":"https:\/\/www.africa-press.net\/cotedivoire\/#\/schema\/person\/2b1cf3cd81a31e3cd26889ca66d677f1"},"description":"Le Ministre des Transports, Amadou Kone\u0301, est en visite de travail en Turquie pour le renforcement de la coope\u0301ration bi ...","breadcrumb":{"@id":"https:\/\/www.africa-press.net\/cotedivoire\/politique\/abidjan-sinspire-dankara-pour-transport-aerien#breadcrumb"},"inLanguage":"fr-FR","potentialAction":[{"@type":"ReadAction","target":["https:\/\/www.africa-press.net\/cotedivoire\/politique\/abidjan-sinspire-dankara-pour-transport-aerien"]}]},{"@type":"ImageObject","inLanguage":"fr-FR","@id":"https:\/\/www.africa-press.net\/cotedivoire\/politique\/abidjan-sinspire-dankara-pour-transport-aerien#primaryimage","url":"https:\/\/static.africa-press.net\/cote\/sites\/43\/2025\/08\/sm_1755699506.896289.jpg","contentUrl":"https:\/\/static.africa-press.net\/cote\/sites\/43\/2025\/08\/sm_1755699506.896289.jpg","width":720,"height":507,"caption":"Abidjan S'inspire d'Ankara pour Transport A\u00e9rien"},{"@type":"BreadcrumbList","@id":"https:\/\/www.africa-press.net\/cotedivoire\/politique\/abidjan-sinspire-dankara-pour-transport-aerien#breadcrumb","itemListElement":[{"@type":"ListItem","position":1,"name":"Accueil","item":"https:\/\/www.africa-press.net\/cotedivoire\/"},{"@type":"ListItem","position":2,"name":"Abidjan S&#8217;inspire d&#8217;Ankara pour Transport A\u00e9rien"}]},{"@type":"WebSite","@id":"https:\/\/www.africa-press.net\/cotedivoire\/#website","url":"https:\/\/www.africa-press.net\/cotedivoire\/","name":"C\u00f4te d&#039;Ivoire","description":"Just another Africa News Agency Sites site","potentialAction":[{"@type":"SearchAction","target":{"@type":"EntryPoint","urlTemplate":"https:\/\/www.africa-press.net\/cotedivoire\/?s={search_term_string}"},"query-input":{"@type":"PropertyValueSpecification","valueRequired":true,"valueName":"search_term_string"}}],"inLanguage":"fr-FR"},{"@type":"Person","@id":"https:\/\/www.africa-press.net\/cotedivoire\/#\/schema\/person\/2b1cf3cd81a31e3cd26889ca66d677f1","name":"cfeditorfr"}]}},"_links":{"self":[{"href":"https:\/\/www.africa-press.net\/cotedivoire\/wp-json\/wp\/v2\/posts\/103921","targetHints":{"allow":["GET"]}}],"collection":[{"href":"https:\/\/www.africa-press.net\/cotedivoire\/wp-json\/wp\/v2\/posts"}],"about":[{"href":"https:\/\/www.africa-press.net\/cotedivoire\/wp-json\/wp\/v2\/types\/post"}],"author":[{"embeddable":true,"href":"https:\/\/www.africa-press.net\/cotedivoire\/wp-json\/wp\/v2\/users\/82"}],"replies":[{"embeddable":true,"href":"https:\/\/www.africa-press.net\/cotedivoire\/wp-json\/wp\/v2\/comments?post=103921"}],"version-history":[{"count":0,"href":"https:\/\/www.africa-press.net\/cotedivoire\/wp-json\/wp\/v2\/posts\/103921\/revisions"}],"wp:featuredmedia":[{"embeddable":true,"href":"https:\/\/www.africa-press.net\/cotedivoire\/wp-json\/wp\/v2\/media\/103920"}],"wp:attachment":[{"href":"https:\/\/www.africa-press.net\/cotedivoire\/wp-json\/wp\/v2\/media?parent=103921"}],"wp:term":[{"taxonomy":"category","embeddable":true,"href":"https:\/\/www.africa-press.net\/cotedivoire\/wp-json\/wp\/v2\/categories?post=103921"},{"taxonomy":"post_tag","embeddable":true,"href":"https:\/\/www.africa-press.net\/cotedivoire\/wp-json\/wp\/v2\/tags?post=103921"}],"curies":[{"name":"wp","href":"https:\/\/api.w.org\/{rel}","templated":true}]}}