{"id":10407,"date":"2021-07-26T17:33:45","date_gmt":"2021-07-26T17:33:45","guid":{"rendered":"https:\/\/www.africa-press.net\/cotedivoire\/?p=10407"},"modified":"2021-07-26T17:49:10","modified_gmt":"2021-07-26T17:49:10","slug":"tidjane-thiam-clap-de-fin-dans-laffaire-qui-avait-cause-son-depart-de-credit-suisse","status":"publish","type":"post","link":"https:\/\/www.africa-press.net\/cotedivoire\/dossiers\/tidjane-thiam-clap-de-fin-dans-laffaire-qui-avait-cause-son-depart-de-credit-suisse","title":{"rendered":"Tidjane Thiam\u00a0: clap de fin dans l\u2019affaire qui avait caus\u00e9 son d\u00e9part de Credit Suisse\u00a0?"},"content":{"rendered":"<p><span style=\"color: #ff6600\"><strong><a href=\"https:\/\/www.africa-press.net\/\">Africa-Press<\/a> &#8211; <a href=\"https:\/\/www.africa-press.net\/cotedivoire\">C\u00f4te d&rsquo;Ivoire<\/a>. <\/strong><\/span>La banque a trouv\u00e9 un accord extrajudiciaire aux poursuites p\u00e9nales de l\u2019affaire Khan, \u00e0 l\u2019origine du d\u00e9part du franco-ivoirien. C\u2019est un feuilleton rocambolesque qui a trouv\u00e9 son issue le dimanche 25 juillet 2021. Credit Suisse est parvenu \u00e0 un accord \u00e0 l\u2019amiable avec \u00ab toutes les personnes impliqu\u00e9es \u00bb dans l\u2019affaire qui a \u00e9branl\u00e9 le colosse helv\u00e8te en septembre 2019. Celle-ci concernait la filature pr\u00e9sum\u00e9e de son ex-star de la gestion de fortune, Iqbal Khan, et de Peter Goerke, alors responsable du personnel.<\/p>\n<p>Outre l\u2019image de l\u2019institution financi\u00e8re zurichoise, cette histoire de surveillance avait fini par \u00e9corner la r\u00e9putation de son directeur g\u00e9n\u00e9ral de l\u2019\u00e9poque, le banquier franco-ivoirien Tidjane Thiam.<\/p>\n<p>Ce dernier \u2013 qui a restructur\u00e9 Credit Suisse au cours de son mandat, au prix de fortes pertes durant les trois premi\u00e8res ann\u00e9es de son plan \u2013 avait \u00e9t\u00e9 contraint de d\u00e9missionner d\u00e9but 2020. Son d\u00e9part \u00e9tait intervenu le 14 f\u00e9vrier, juste apr\u00e8s avoir pr\u00e9sent\u00e9 de solides r\u00e9sultats annuels avec des b\u00e9n\u00e9fices au plus haut depuis 2010.<\/p>\n<p>Pour rappel, l\u2019ann\u00e9e qui a imm\u00e9diatement suivi son d\u00e9part s\u2019est r\u00e9v\u00e9l\u00e9e moins faste. Credit Suisse a subi un recul de plus de 20 % de son b\u00e9n\u00e9fice net, principalement en raison d\u2019une hausse des provisions pour pertes sur cr\u00e9dit, de provisions pour litiges majeurs et d\u2019une d\u00e9pr\u00e9ciation du hedge fund York.<\/p>\n","protected":false},"excerpt":{"rendered":"<p>Africa-Press &#8211; C\u00f4te d&rsquo;Ivoire. La banque a trouv\u00e9 un accord extrajudiciaire aux poursuites p\u00e9nales de l\u2019affaire Khan, \u00e0 l\u2019origine du d\u00e9part du franco-ivoirien. C\u2019est un feuilleton rocambolesque qui a trouv\u00e9 son issue le dimanche 25 juillet 2021. Credit Suisse est parvenu \u00e0 un accord \u00e0 l\u2019amiable avec \u00ab toutes les personnes impliqu\u00e9es \u00bb dans l\u2019affaire [&hellip;]<\/p>\n","protected":false},"author":82,"featured_media":10406,"comment_status":"open","ping_status":"closed","sticky":false,"template":"","format":"standard","meta":{"footnotes":""},"categories":[7,11,20,10],"tags":[56,63,29],"class_list":["post-10407","post","type-post","status-publish","format-standard","has-post-thumbnail","hentry","category-dossiers","category-homepage-french","category-top-nouvelles","category-toutes-les-actualites","tag-africa-press","tag-africa-press-cote-divoire","tag-cote-divoire"],"yoast_head":"<!-- This site is optimized with the Yoast SEO Premium plugin v26.1 (Yoast SEO v27.0) - https:\/\/yoast.com\/product\/yoast-seo-premium-wordpress\/ -->\n<title>Tidjane Thiam\u00a0: clap de fin dans l\u2019affaire qui avait caus\u00e9 son d\u00e9part de Credit Suisse\u00a0? - C\u00f4te d&#039;Ivoire<\/title>\n<meta name=\"description\" content=\"La banque a trouv\u00e9 un accord extrajudiciaire aux poursuites p\u00e9nales de l\u2019affaire Khan, \u00e0 l\u2019origine du d\u00e9part du franco-i ...\" \/>\n<meta name=\"robots\" content=\"index, follow, max-snippet:-1, max-image-preview:large, max-video-preview:-1\" \/>\n<link rel=\"canonical\" href=\"https:\/\/www.africa-press.net\/cotedivoire\/dossiers\/tidjane-thiam-clap-de-fin-dans-laffaire-qui-avait-cause-son-depart-de-credit-suisse\" \/>\n<meta property=\"og:locale\" content=\"fr_FR\" \/>\n<meta property=\"og:type\" content=\"article\" \/>\n<meta property=\"og:title\" content=\"Tidjane Thiam\u00a0: clap de fin dans l\u2019affaire qui avait caus\u00e9 son d\u00e9part de Credit Suisse\u00a0?\" \/>\n<meta property=\"og:description\" content=\"La banque a trouv\u00e9 un accord extrajudiciaire aux poursuites p\u00e9nales de l\u2019affaire Khan, \u00e0 l\u2019origine du d\u00e9part du franco-i ...\" \/>\n<meta property=\"og:url\" content=\"https:\/\/www.africa-press.net\/cotedivoire\/dossiers\/tidjane-thiam-clap-de-fin-dans-laffaire-qui-avait-cause-son-depart-de-credit-suisse\" \/>\n<meta property=\"og:site_name\" content=\"C\u00f4te d&#039;Ivoire\" \/>\n<meta property=\"article:published_time\" content=\"2021-07-26T17:33:45+00:00\" \/>\n<meta property=\"article:modified_time\" content=\"2021-07-26T17:49:10+00:00\" \/>\n<meta property=\"og:image\" content=\"https:\/\/static.africa-press.net\/cote\/sites\/43\/2021\/07\/img-60fef0c0cef85.jpg\" \/>\n\t<meta property=\"og:image:width\" content=\"720\" \/>\n\t<meta property=\"og:image:height\" content=\"360\" \/>\n\t<meta property=\"og:image:type\" content=\"image\/jpeg\" \/>\n<meta name=\"author\" content=\"cfeditorfr\" \/>\n<meta name=\"twitter:card\" content=\"summary_large_image\" \/>\n<meta name=\"twitter:label1\" content=\"\u00c9crit par\" \/>\n\t<meta name=\"twitter:data1\" content=\"cfeditorfr\" \/>\n\t<meta name=\"twitter:label2\" content=\"Dur\u00e9e de lecture estim\u00e9e\" \/>\n\t<meta name=\"twitter:data2\" content=\"1 minute\" \/>\n<script type=\"application\/ld+json\" class=\"yoast-schema-graph\">{\"@context\":\"https:\/\/schema.org\",\"@graph\":[{\"@type\":\"Article\",\"@id\":\"https:\/\/www.africa-press.net\/cotedivoire\/dossiers\/tidjane-thiam-clap-de-fin-dans-laffaire-qui-avait-cause-son-depart-de-credit-suisse#article\",\"isPartOf\":{\"@id\":\"https:\/\/www.africa-press.net\/cotedivoire\/dossiers\/tidjane-thiam-clap-de-fin-dans-laffaire-qui-avait-cause-son-depart-de-credit-suisse\"},\"author\":{\"name\":\"cfeditorfr\",\"@id\":\"https:\/\/www.africa-press.net\/cotedivoire\/#\/schema\/person\/2b1cf3cd81a31e3cd26889ca66d677f1\"},\"headline\":\"Tidjane Thiam\u00a0: clap de fin dans l\u2019affaire qui avait caus\u00e9 son d\u00e9part de Credit Suisse\u00a0?\",\"datePublished\":\"2021-07-26T17:33:45+00:00\",\"dateModified\":\"2021-07-26T17:49:10+00:00\",\"mainEntityOfPage\":{\"@id\":\"https:\/\/www.africa-press.net\/cotedivoire\/dossiers\/tidjane-thiam-clap-de-fin-dans-laffaire-qui-avait-cause-son-depart-de-credit-suisse\"},\"wordCount\":270,\"commentCount\":0,\"image\":{\"@id\":\"https:\/\/www.africa-press.net\/cotedivoire\/dossiers\/tidjane-thiam-clap-de-fin-dans-laffaire-qui-avait-cause-son-depart-de-credit-suisse#primaryimage\"},\"thumbnailUrl\":\"https:\/\/static.africa-press.net\/cote\/sites\/43\/2021\/07\/img-60fef0c0cef85.jpg\",\"keywords\":[\"Africa Press\",\"Africa Press-C\u00f4te d'Ivoire\",\"C\u00d4TE D'IVOIRE\"],\"articleSection\":[\"Dossiers\",\"homepage-french\",\"Top Nouvelles\",\"Toutes les actualit\u00e9s\"],\"inLanguage\":\"fr-FR\",\"potentialAction\":[{\"@type\":\"CommentAction\",\"name\":\"Comment\",\"target\":[\"https:\/\/www.africa-press.net\/cotedivoire\/dossiers\/tidjane-thiam-clap-de-fin-dans-laffaire-qui-avait-cause-son-depart-de-credit-suisse#respond\"]}]},{\"@type\":\"WebPage\",\"@id\":\"https:\/\/www.africa-press.net\/cotedivoire\/dossiers\/tidjane-thiam-clap-de-fin-dans-laffaire-qui-avait-cause-son-depart-de-credit-suisse\",\"url\":\"https:\/\/www.africa-press.net\/cotedivoire\/dossiers\/tidjane-thiam-clap-de-fin-dans-laffaire-qui-avait-cause-son-depart-de-credit-suisse\",\"name\":\"Tidjane Thiam\u00a0: clap de fin dans l\u2019affaire qui avait caus\u00e9 son d\u00e9part de Credit Suisse\u00a0? - C\u00f4te d&#039;Ivoire\",\"isPartOf\":{\"@id\":\"https:\/\/www.africa-press.net\/cotedivoire\/#website\"},\"primaryImageOfPage\":{\"@id\":\"https:\/\/www.africa-press.net\/cotedivoire\/dossiers\/tidjane-thiam-clap-de-fin-dans-laffaire-qui-avait-cause-son-depart-de-credit-suisse#primaryimage\"},\"image\":{\"@id\":\"https:\/\/www.africa-press.net\/cotedivoire\/dossiers\/tidjane-thiam-clap-de-fin-dans-laffaire-qui-avait-cause-son-depart-de-credit-suisse#primaryimage\"},\"thumbnailUrl\":\"https:\/\/static.africa-press.net\/cote\/sites\/43\/2021\/07\/img-60fef0c0cef85.jpg\",\"datePublished\":\"2021-07-26T17:33:45+00:00\",\"dateModified\":\"2021-07-26T17:49:10+00:00\",\"author\":{\"@id\":\"https:\/\/www.africa-press.net\/cotedivoire\/#\/schema\/person\/2b1cf3cd81a31e3cd26889ca66d677f1\"},\"description\":\"La banque a trouv\u00e9 un accord extrajudiciaire aux poursuites p\u00e9nales de l\u2019affaire Khan, \u00e0 l\u2019origine du d\u00e9part du franco-i ...\",\"breadcrumb\":{\"@id\":\"https:\/\/www.africa-press.net\/cotedivoire\/dossiers\/tidjane-thiam-clap-de-fin-dans-laffaire-qui-avait-cause-son-depart-de-credit-suisse#breadcrumb\"},\"inLanguage\":\"fr-FR\",\"potentialAction\":[{\"@type\":\"ReadAction\",\"target\":[\"https:\/\/www.africa-press.net\/cotedivoire\/dossiers\/tidjane-thiam-clap-de-fin-dans-laffaire-qui-avait-cause-son-depart-de-credit-suisse\"]}]},{\"@type\":\"ImageObject\",\"inLanguage\":\"fr-FR\",\"@id\":\"https:\/\/www.africa-press.net\/cotedivoire\/dossiers\/tidjane-thiam-clap-de-fin-dans-laffaire-qui-avait-cause-son-depart-de-credit-suisse#primaryimage\",\"url\":\"https:\/\/static.africa-press.net\/cote\/sites\/43\/2021\/07\/img-60fef0c0cef85.jpg\",\"contentUrl\":\"https:\/\/static.africa-press.net\/cote\/sites\/43\/2021\/07\/img-60fef0c0cef85.jpg\",\"width\":720,\"height\":360,\"caption\":\"Tidjane Thiam\u00a0: clap de fin dans l\u2019affaire qui avait caus\u00e9 son d\u00e9part de Credit Suisse\u00a0?\"},{\"@type\":\"BreadcrumbList\",\"@id\":\"https:\/\/www.africa-press.net\/cotedivoire\/dossiers\/tidjane-thiam-clap-de-fin-dans-laffaire-qui-avait-cause-son-depart-de-credit-suisse#breadcrumb\",\"itemListElement\":[{\"@type\":\"ListItem\",\"position\":1,\"name\":\"Accueil\",\"item\":\"https:\/\/www.africa-press.net\/cotedivoire\/\"},{\"@type\":\"ListItem\",\"position\":2,\"name\":\"Tidjane Thiam\u00a0: clap de fin dans l\u2019affaire qui avait caus\u00e9 son d\u00e9part de Credit Suisse\u00a0?\"}]},{\"@type\":\"WebSite\",\"@id\":\"https:\/\/www.africa-press.net\/cotedivoire\/#website\",\"url\":\"https:\/\/www.africa-press.net\/cotedivoire\/\",\"name\":\"C\u00f4te d&#039;Ivoire\",\"description\":\"Just another Africa News Agency Sites site\",\"potentialAction\":[{\"@type\":\"SearchAction\",\"target\":{\"@type\":\"EntryPoint\",\"urlTemplate\":\"https:\/\/www.africa-press.net\/cotedivoire\/?s={search_term_string}\"},\"query-input\":{\"@type\":\"PropertyValueSpecification\",\"valueRequired\":true,\"valueName\":\"search_term_string\"}}],\"inLanguage\":\"fr-FR\"},{\"@type\":\"Person\",\"@id\":\"https:\/\/www.africa-press.net\/cotedivoire\/#\/schema\/person\/2b1cf3cd81a31e3cd26889ca66d677f1\",\"name\":\"cfeditorfr\"}]}<\/script>\n<!-- \/ Yoast SEO Premium plugin. -->","yoast_head_json":{"title":"Tidjane Thiam\u00a0: clap de fin dans l\u2019affaire qui avait caus\u00e9 son d\u00e9part de Credit Suisse\u00a0? - C\u00f4te d&#039;Ivoire","description":"La banque a trouv\u00e9 un accord extrajudiciaire aux poursuites p\u00e9nales de l\u2019affaire Khan, \u00e0 l\u2019origine du d\u00e9part du franco-i ...","robots":{"index":"index","follow":"follow","max-snippet":"max-snippet:-1","max-image-preview":"max-image-preview:large","max-video-preview":"max-video-preview:-1"},"canonical":"https:\/\/www.africa-press.net\/cotedivoire\/dossiers\/tidjane-thiam-clap-de-fin-dans-laffaire-qui-avait-cause-son-depart-de-credit-suisse","og_locale":"fr_FR","og_type":"article","og_title":"Tidjane Thiam\u00a0: clap de fin dans l\u2019affaire qui avait caus\u00e9 son d\u00e9part de Credit Suisse\u00a0?","og_description":"La banque a trouv\u00e9 un accord extrajudiciaire aux poursuites p\u00e9nales de l\u2019affaire Khan, \u00e0 l\u2019origine du d\u00e9part du franco-i ...","og_url":"https:\/\/www.africa-press.net\/cotedivoire\/dossiers\/tidjane-thiam-clap-de-fin-dans-laffaire-qui-avait-cause-son-depart-de-credit-suisse","og_site_name":"C\u00f4te d&#039;Ivoire","article_published_time":"2021-07-26T17:33:45+00:00","article_modified_time":"2021-07-26T17:49:10+00:00","og_image":[{"width":720,"height":360,"url":"https:\/\/static.africa-press.net\/cote\/sites\/43\/2021\/07\/img-60fef0c0cef85.jpg","type":"image\/jpeg"}],"author":"cfeditorfr","twitter_card":"summary_large_image","twitter_misc":{"\u00c9crit par":"cfeditorfr","Dur\u00e9e de lecture estim\u00e9e":"1 minute"},"schema":{"@context":"https:\/\/schema.org","@graph":[{"@type":"Article","@id":"https:\/\/www.africa-press.net\/cotedivoire\/dossiers\/tidjane-thiam-clap-de-fin-dans-laffaire-qui-avait-cause-son-depart-de-credit-suisse#article","isPartOf":{"@id":"https:\/\/www.africa-press.net\/cotedivoire\/dossiers\/tidjane-thiam-clap-de-fin-dans-laffaire-qui-avait-cause-son-depart-de-credit-suisse"},"author":{"name":"cfeditorfr","@id":"https:\/\/www.africa-press.net\/cotedivoire\/#\/schema\/person\/2b1cf3cd81a31e3cd26889ca66d677f1"},"headline":"Tidjane Thiam\u00a0: clap de fin dans l\u2019affaire qui avait caus\u00e9 son d\u00e9part de Credit Suisse\u00a0?","datePublished":"2021-07-26T17:33:45+00:00","dateModified":"2021-07-26T17:49:10+00:00","mainEntityOfPage":{"@id":"https:\/\/www.africa-press.net\/cotedivoire\/dossiers\/tidjane-thiam-clap-de-fin-dans-laffaire-qui-avait-cause-son-depart-de-credit-suisse"},"wordCount":270,"commentCount":0,"image":{"@id":"https:\/\/www.africa-press.net\/cotedivoire\/dossiers\/tidjane-thiam-clap-de-fin-dans-laffaire-qui-avait-cause-son-depart-de-credit-suisse#primaryimage"},"thumbnailUrl":"https:\/\/static.africa-press.net\/cote\/sites\/43\/2021\/07\/img-60fef0c0cef85.jpg","keywords":["Africa Press","Africa Press-C\u00f4te d'Ivoire","C\u00d4TE D'IVOIRE"],"articleSection":["Dossiers","homepage-french","Top Nouvelles","Toutes les actualit\u00e9s"],"inLanguage":"fr-FR","potentialAction":[{"@type":"CommentAction","name":"Comment","target":["https:\/\/www.africa-press.net\/cotedivoire\/dossiers\/tidjane-thiam-clap-de-fin-dans-laffaire-qui-avait-cause-son-depart-de-credit-suisse#respond"]}]},{"@type":"WebPage","@id":"https:\/\/www.africa-press.net\/cotedivoire\/dossiers\/tidjane-thiam-clap-de-fin-dans-laffaire-qui-avait-cause-son-depart-de-credit-suisse","url":"https:\/\/www.africa-press.net\/cotedivoire\/dossiers\/tidjane-thiam-clap-de-fin-dans-laffaire-qui-avait-cause-son-depart-de-credit-suisse","name":"Tidjane Thiam\u00a0: clap de fin dans l\u2019affaire qui avait caus\u00e9 son d\u00e9part de Credit Suisse\u00a0? - C\u00f4te d&#039;Ivoire","isPartOf":{"@id":"https:\/\/www.africa-press.net\/cotedivoire\/#website"},"primaryImageOfPage":{"@id":"https:\/\/www.africa-press.net\/cotedivoire\/dossiers\/tidjane-thiam-clap-de-fin-dans-laffaire-qui-avait-cause-son-depart-de-credit-suisse#primaryimage"},"image":{"@id":"https:\/\/www.africa-press.net\/cotedivoire\/dossiers\/tidjane-thiam-clap-de-fin-dans-laffaire-qui-avait-cause-son-depart-de-credit-suisse#primaryimage"},"thumbnailUrl":"https:\/\/static.africa-press.net\/cote\/sites\/43\/2021\/07\/img-60fef0c0cef85.jpg","datePublished":"2021-07-26T17:33:45+00:00","dateModified":"2021-07-26T17:49:10+00:00","author":{"@id":"https:\/\/www.africa-press.net\/cotedivoire\/#\/schema\/person\/2b1cf3cd81a31e3cd26889ca66d677f1"},"description":"La banque a trouv\u00e9 un accord extrajudiciaire aux poursuites p\u00e9nales de l\u2019affaire Khan, \u00e0 l\u2019origine du d\u00e9part du franco-i ...","breadcrumb":{"@id":"https:\/\/www.africa-press.net\/cotedivoire\/dossiers\/tidjane-thiam-clap-de-fin-dans-laffaire-qui-avait-cause-son-depart-de-credit-suisse#breadcrumb"},"inLanguage":"fr-FR","potentialAction":[{"@type":"ReadAction","target":["https:\/\/www.africa-press.net\/cotedivoire\/dossiers\/tidjane-thiam-clap-de-fin-dans-laffaire-qui-avait-cause-son-depart-de-credit-suisse"]}]},{"@type":"ImageObject","inLanguage":"fr-FR","@id":"https:\/\/www.africa-press.net\/cotedivoire\/dossiers\/tidjane-thiam-clap-de-fin-dans-laffaire-qui-avait-cause-son-depart-de-credit-suisse#primaryimage","url":"https:\/\/static.africa-press.net\/cote\/sites\/43\/2021\/07\/img-60fef0c0cef85.jpg","contentUrl":"https:\/\/static.africa-press.net\/cote\/sites\/43\/2021\/07\/img-60fef0c0cef85.jpg","width":720,"height":360,"caption":"Tidjane Thiam\u00a0: clap de fin dans l\u2019affaire qui avait caus\u00e9 son d\u00e9part de Credit Suisse\u00a0?"},{"@type":"BreadcrumbList","@id":"https:\/\/www.africa-press.net\/cotedivoire\/dossiers\/tidjane-thiam-clap-de-fin-dans-laffaire-qui-avait-cause-son-depart-de-credit-suisse#breadcrumb","itemListElement":[{"@type":"ListItem","position":1,"name":"Accueil","item":"https:\/\/www.africa-press.net\/cotedivoire\/"},{"@type":"ListItem","position":2,"name":"Tidjane Thiam\u00a0: clap de fin dans l\u2019affaire qui avait caus\u00e9 son d\u00e9part de Credit Suisse\u00a0?"}]},{"@type":"WebSite","@id":"https:\/\/www.africa-press.net\/cotedivoire\/#website","url":"https:\/\/www.africa-press.net\/cotedivoire\/","name":"C\u00f4te d&#039;Ivoire","description":"Just another Africa News Agency Sites site","potentialAction":[{"@type":"SearchAction","target":{"@type":"EntryPoint","urlTemplate":"https:\/\/www.africa-press.net\/cotedivoire\/?s={search_term_string}"},"query-input":{"@type":"PropertyValueSpecification","valueRequired":true,"valueName":"search_term_string"}}],"inLanguage":"fr-FR"},{"@type":"Person","@id":"https:\/\/www.africa-press.net\/cotedivoire\/#\/schema\/person\/2b1cf3cd81a31e3cd26889ca66d677f1","name":"cfeditorfr"}]}},"_links":{"self":[{"href":"https:\/\/www.africa-press.net\/cotedivoire\/wp-json\/wp\/v2\/posts\/10407","targetHints":{"allow":["GET"]}}],"collection":[{"href":"https:\/\/www.africa-press.net\/cotedivoire\/wp-json\/wp\/v2\/posts"}],"about":[{"href":"https:\/\/www.africa-press.net\/cotedivoire\/wp-json\/wp\/v2\/types\/post"}],"author":[{"embeddable":true,"href":"https:\/\/www.africa-press.net\/cotedivoire\/wp-json\/wp\/v2\/users\/82"}],"replies":[{"embeddable":true,"href":"https:\/\/www.africa-press.net\/cotedivoire\/wp-json\/wp\/v2\/comments?post=10407"}],"version-history":[{"count":0,"href":"https:\/\/www.africa-press.net\/cotedivoire\/wp-json\/wp\/v2\/posts\/10407\/revisions"}],"wp:featuredmedia":[{"embeddable":true,"href":"https:\/\/www.africa-press.net\/cotedivoire\/wp-json\/wp\/v2\/media\/10406"}],"wp:attachment":[{"href":"https:\/\/www.africa-press.net\/cotedivoire\/wp-json\/wp\/v2\/media?parent=10407"}],"wp:term":[{"taxonomy":"category","embeddable":true,"href":"https:\/\/www.africa-press.net\/cotedivoire\/wp-json\/wp\/v2\/categories?post=10407"},{"taxonomy":"post_tag","embeddable":true,"href":"https:\/\/www.africa-press.net\/cotedivoire\/wp-json\/wp\/v2\/tags?post=10407"}],"curies":[{"name":"wp","href":"https:\/\/api.w.org\/{rel}","templated":true}]}}