{"id":10410,"date":"2021-07-26T17:39:59","date_gmt":"2021-07-26T17:39:59","guid":{"rendered":"https:\/\/www.africa-press.net\/cotedivoire\/?p=10410"},"modified":"2021-07-26T17:49:16","modified_gmt":"2021-07-26T17:49:16","slug":"cote-divoire-passation-de-charges-chez-lider-ente-dr-kraidi-et-monique-gbekia","status":"publish","type":"post","link":"https:\/\/www.africa-press.net\/cotedivoire\/politique\/cote-divoire-passation-de-charges-chez-lider-ente-dr-kraidi-et-monique-gbekia","title":{"rendered":"Passation de charges chez Lider ente Dr Kraidi et Monique Gb\u00e9kia"},"content":{"rendered":"<p><span style=\"color: #ff6600\"><strong><a href=\"https:\/\/www.africa-press.net\/\">Africa-Press<\/a> &#8211; <a href=\"https:\/\/www.africa-press.net\/cotedivoire\">C\u00f4te d&rsquo;Ivoire<\/a>. <\/strong><\/span>Docteur Roch Omer Kraidi est officiellement le nouveau pr\u00e9sident de Libert\u00e9 et d\u00e9mocratie pour la R\u00e9publique (LIDER). La c\u00e9r\u00e9monie de la passation de charges entre lui et Mme Monique Gb\u00e9kia, la pr\u00e9sidente sortante du parti a eu lieu le samedi 24 juillet dernier, au si\u00e8ge dudit parti \u00e0 la Riviera Golf.<\/p>\n<p>Apr\u00e8s avoir c\u00e9d\u00e9 les commandes de LIDER \u00e0 son successeur, Mme Monique Gb\u00e9kia a pris l\u2019engagement de se mettre \u00e0 la disposition de la nouvelle \u00e9quipe dirigeante pour continuer \u00e0 servir le parti non sans avoir souhait\u00e9 bon vent \u00e0 son successeur. Docteur Roch Omer Kraidi d\u00e8s l\u2019entame de son propos a f\u00e9licit\u00e9 Monique Gb\u00e9kia pour le travail abattu. \u00ab Je sais que je peux compter sur vous. Vous avez d\u00e9montr\u00e9 votre engagement sinc\u00e8re et franc pour la cause de LIDER. A preuve, vous avez fait face \u00e0 la dissidence avec t\u00e9m\u00e9rit\u00e9 \u00bb, a-t-il indiqu\u00e9. Au cours de cette c\u00e9r\u00e9monie, le nouveau president du parti fond\u00e9 par le professeur Mamadou Koulibaly a dans une note de cadrage d\u00e9fini les missions de chacun de ses collaborateurs pour les d\u00e9fis \u00e0venir. \u00ab Vous les vice-pr\u00e9sidents, vous avez aussi la responsabilit\u00e9 d\u2019assurer la promotion du Parti et de son positionnement sur la sc\u00e8ne politique nationale et internationale. En ce qui concerne la d\u00e9l\u00e9gation g\u00e9n\u00e9rale qui est la cheville ouvri\u00e8re de tout le dispositif du parti, elle doit mettre en \u0153uvre toutes les actions du parti au niveau : organisation, fonctionnement, communication, mobilisation, implantation et expansion, Financement.<\/p>\n<p>Quant aux d\u00e9l\u00e9gations nationales, elles ont pour mission d\u2019\u00e9laborer et mettre en \u0153uvre le projet de soci\u00e9t\u00e9 du Parti. Elles doivent \u00eatre des forces de propositions, produire des recherches scientifiques sur les probl\u00e8mes d\u2019ordre g\u00e9n\u00e9ral et les Secr\u00e9taires permanents : M\u00e9moire du Parti, ils doivent aider toutes les instances du Parti \u00bb, a-t-il fait savoir. Selon docteur Roch Omer Kraidi, cette nouvelle \u00e9quipe a pour mission essentielle d\u2019aider le parti \u00e0 atteindre les perspectives issues de son 4\u00e8me Congr\u00e8s ordinaire. \u00ab Il s\u2019agit notamment d\u2019assurer la promotion du Parti en obtenant 31 086 militants \u00e0 l\u2019horizon 2026 en mettant un dispositif d\u2019implantation \u00e0 travers le pays. Et aussi de faire l\u2019apologie du fondateur du parti, le professeur Koulibaly Mamadou en qui nous nous reconnaissons toujours. Nous sommes ses disciples et allons toujours travailler afin qu\u2019il devienne le pr\u00e9sident de la R\u00e9publique de C\u00f4te d\u2019Ivoire pour le plus grand bien des ivoiriens \u00bb, a-t-il pour clore son propos.<\/p>\n<p>Rappelons \u00e0 toutes fins utiles que Docteur Roch Omer Kraidi qui succ\u00e8de \u00e0 Monique Gb\u00e9kia est le 3\u00e8me pr\u00e9sident depuis la cr\u00e9ation de ce parti. Le mandat du pr\u00e9sident passe de 3 \u00e0 5 ans comme d\u00e9cid\u00e9 lors du dernier congr\u00e8s.<\/p>\n<p>&nbsp;<\/p>\n","protected":false},"excerpt":{"rendered":"<p>Africa-Press &#8211; C\u00f4te d&rsquo;Ivoire. Docteur Roch Omer Kraidi est officiellement le nouveau pr\u00e9sident de Libert\u00e9 et d\u00e9mocratie pour la R\u00e9publique (LIDER). La c\u00e9r\u00e9monie de la passation de charges entre lui et Mme Monique Gb\u00e9kia, la pr\u00e9sidente sortante du parti a eu lieu le samedi 24 juillet dernier, au si\u00e8ge dudit parti \u00e0 la Riviera Golf. [&hellip;]<\/p>\n","protected":false},"author":82,"featured_media":10409,"comment_status":"open","ping_status":"closed","sticky":false,"template":"","format":"standard","meta":{"footnotes":""},"categories":[11,2,20,10],"tags":[56,63,29],"class_list":["post-10410","post","type-post","status-publish","format-standard","has-post-thumbnail","hentry","category-homepage-french","category-politique","category-top-nouvelles","category-toutes-les-actualites","tag-africa-press","tag-africa-press-cote-divoire","tag-cote-divoire"],"yoast_head":"<!-- This site is optimized with the Yoast SEO Premium plugin v26.1 (Yoast SEO v27.0) - https:\/\/yoast.com\/product\/yoast-seo-premium-wordpress\/ -->\n<title>Passation de charges chez Lider ente Dr Kraidi et Monique Gb\u00e9kia - C\u00f4te d&#039;Ivoire<\/title>\n<meta name=\"description\" content=\"Docteur Roch Omer Kraidi est officiellement le nouveau pr\u00e9sident de Libert\u00e9 et d\u00e9mocratie pour la R\u00e9publique (LIDER). La ...\" \/>\n<meta name=\"robots\" content=\"index, follow, max-snippet:-1, max-image-preview:large, max-video-preview:-1\" \/>\n<link rel=\"canonical\" href=\"https:\/\/www.africa-press.net\/cotedivoire\/politique\/cote-divoire-passation-de-charges-chez-lider-ente-dr-kraidi-et-monique-gbekia\" \/>\n<meta property=\"og:locale\" content=\"fr_FR\" \/>\n<meta property=\"og:type\" content=\"article\" \/>\n<meta property=\"og:title\" content=\"Passation de charges chez Lider ente Dr Kraidi et Monique Gb\u00e9kia\" \/>\n<meta property=\"og:description\" content=\"Docteur Roch Omer Kraidi est officiellement le nouveau pr\u00e9sident de Libert\u00e9 et d\u00e9mocratie pour la R\u00e9publique (LIDER). La ...\" \/>\n<meta property=\"og:url\" content=\"https:\/\/www.africa-press.net\/cotedivoire\/politique\/cote-divoire-passation-de-charges-chez-lider-ente-dr-kraidi-et-monique-gbekia\" \/>\n<meta property=\"og:site_name\" content=\"C\u00f4te d&#039;Ivoire\" \/>\n<meta property=\"article:published_time\" content=\"2021-07-26T17:39:59+00:00\" \/>\n<meta property=\"article:modified_time\" content=\"2021-07-26T17:49:16+00:00\" \/>\n<meta property=\"og:image\" content=\"https:\/\/static.africa-press.net\/cote\/sites\/43\/2021\/07\/img-60fef144a3407.jpg\" \/>\n\t<meta property=\"og:image:width\" content=\"1049\" \/>\n\t<meta property=\"og:image:height\" content=\"863\" \/>\n\t<meta property=\"og:image:type\" content=\"image\/jpeg\" \/>\n<meta name=\"author\" content=\"cfeditorfr\" \/>\n<meta name=\"twitter:card\" content=\"summary_large_image\" \/>\n<meta name=\"twitter:label1\" content=\"\u00c9crit par\" \/>\n\t<meta name=\"twitter:data1\" content=\"cfeditorfr\" \/>\n\t<meta name=\"twitter:label2\" content=\"Dur\u00e9e de lecture estim\u00e9e\" \/>\n\t<meta name=\"twitter:data2\" content=\"2 minutes\" \/>\n<script type=\"application\/ld+json\" class=\"yoast-schema-graph\">{\"@context\":\"https:\/\/schema.org\",\"@graph\":[{\"@type\":\"Article\",\"@id\":\"https:\/\/www.africa-press.net\/cotedivoire\/politique\/cote-divoire-passation-de-charges-chez-lider-ente-dr-kraidi-et-monique-gbekia#article\",\"isPartOf\":{\"@id\":\"https:\/\/www.africa-press.net\/cotedivoire\/politique\/cote-divoire-passation-de-charges-chez-lider-ente-dr-kraidi-et-monique-gbekia\"},\"author\":{\"name\":\"cfeditorfr\",\"@id\":\"https:\/\/www.africa-press.net\/cotedivoire\/#\/schema\/person\/2b1cf3cd81a31e3cd26889ca66d677f1\"},\"headline\":\"Passation de charges chez Lider ente Dr Kraidi et Monique Gb\u00e9kia\",\"datePublished\":\"2021-07-26T17:39:59+00:00\",\"dateModified\":\"2021-07-26T17:49:16+00:00\",\"mainEntityOfPage\":{\"@id\":\"https:\/\/www.africa-press.net\/cotedivoire\/politique\/cote-divoire-passation-de-charges-chez-lider-ente-dr-kraidi-et-monique-gbekia\"},\"wordCount\":496,\"commentCount\":0,\"image\":{\"@id\":\"https:\/\/www.africa-press.net\/cotedivoire\/politique\/cote-divoire-passation-de-charges-chez-lider-ente-dr-kraidi-et-monique-gbekia#primaryimage\"},\"thumbnailUrl\":\"https:\/\/static.africa-press.net\/cote\/sites\/43\/2021\/07\/img-60fef144a3407.jpg\",\"keywords\":[\"Africa Press\",\"Africa Press-C\u00f4te d'Ivoire\",\"C\u00d4TE D'IVOIRE\"],\"articleSection\":[\"homepage-french\",\"Politique\",\"Top Nouvelles\",\"Toutes les actualit\u00e9s\"],\"inLanguage\":\"fr-FR\",\"potentialAction\":[{\"@type\":\"CommentAction\",\"name\":\"Comment\",\"target\":[\"https:\/\/www.africa-press.net\/cotedivoire\/politique\/cote-divoire-passation-de-charges-chez-lider-ente-dr-kraidi-et-monique-gbekia#respond\"]}]},{\"@type\":\"WebPage\",\"@id\":\"https:\/\/www.africa-press.net\/cotedivoire\/politique\/cote-divoire-passation-de-charges-chez-lider-ente-dr-kraidi-et-monique-gbekia\",\"url\":\"https:\/\/www.africa-press.net\/cotedivoire\/politique\/cote-divoire-passation-de-charges-chez-lider-ente-dr-kraidi-et-monique-gbekia\",\"name\":\"Passation de charges chez Lider ente Dr Kraidi et Monique Gb\u00e9kia - C\u00f4te d&#039;Ivoire\",\"isPartOf\":{\"@id\":\"https:\/\/www.africa-press.net\/cotedivoire\/#website\"},\"primaryImageOfPage\":{\"@id\":\"https:\/\/www.africa-press.net\/cotedivoire\/politique\/cote-divoire-passation-de-charges-chez-lider-ente-dr-kraidi-et-monique-gbekia#primaryimage\"},\"image\":{\"@id\":\"https:\/\/www.africa-press.net\/cotedivoire\/politique\/cote-divoire-passation-de-charges-chez-lider-ente-dr-kraidi-et-monique-gbekia#primaryimage\"},\"thumbnailUrl\":\"https:\/\/static.africa-press.net\/cote\/sites\/43\/2021\/07\/img-60fef144a3407.jpg\",\"datePublished\":\"2021-07-26T17:39:59+00:00\",\"dateModified\":\"2021-07-26T17:49:16+00:00\",\"author\":{\"@id\":\"https:\/\/www.africa-press.net\/cotedivoire\/#\/schema\/person\/2b1cf3cd81a31e3cd26889ca66d677f1\"},\"description\":\"Docteur Roch Omer Kraidi est officiellement le nouveau pr\u00e9sident de Libert\u00e9 et d\u00e9mocratie pour la R\u00e9publique (LIDER). La ...\",\"breadcrumb\":{\"@id\":\"https:\/\/www.africa-press.net\/cotedivoire\/politique\/cote-divoire-passation-de-charges-chez-lider-ente-dr-kraidi-et-monique-gbekia#breadcrumb\"},\"inLanguage\":\"fr-FR\",\"potentialAction\":[{\"@type\":\"ReadAction\",\"target\":[\"https:\/\/www.africa-press.net\/cotedivoire\/politique\/cote-divoire-passation-de-charges-chez-lider-ente-dr-kraidi-et-monique-gbekia\"]}]},{\"@type\":\"ImageObject\",\"inLanguage\":\"fr-FR\",\"@id\":\"https:\/\/www.africa-press.net\/cotedivoire\/politique\/cote-divoire-passation-de-charges-chez-lider-ente-dr-kraidi-et-monique-gbekia#primaryimage\",\"url\":\"https:\/\/static.africa-press.net\/cote\/sites\/43\/2021\/07\/img-60fef144a3407.jpg\",\"contentUrl\":\"https:\/\/static.africa-press.net\/cote\/sites\/43\/2021\/07\/img-60fef144a3407.jpg\",\"width\":1049,\"height\":863,\"caption\":\"C\u00f4te-d\u2019Ivoire: Passation de charges chez Lider ente Dr Kraidi et Monique Gb\u00e9kia\"},{\"@type\":\"BreadcrumbList\",\"@id\":\"https:\/\/www.africa-press.net\/cotedivoire\/politique\/cote-divoire-passation-de-charges-chez-lider-ente-dr-kraidi-et-monique-gbekia#breadcrumb\",\"itemListElement\":[{\"@type\":\"ListItem\",\"position\":1,\"name\":\"Accueil\",\"item\":\"https:\/\/www.africa-press.net\/cotedivoire\/\"},{\"@type\":\"ListItem\",\"position\":2,\"name\":\"Passation de charges chez Lider ente Dr Kraidi et Monique Gb\u00e9kia\"}]},{\"@type\":\"WebSite\",\"@id\":\"https:\/\/www.africa-press.net\/cotedivoire\/#website\",\"url\":\"https:\/\/www.africa-press.net\/cotedivoire\/\",\"name\":\"C\u00f4te d&#039;Ivoire\",\"description\":\"Just another Africa News Agency Sites site\",\"potentialAction\":[{\"@type\":\"SearchAction\",\"target\":{\"@type\":\"EntryPoint\",\"urlTemplate\":\"https:\/\/www.africa-press.net\/cotedivoire\/?s={search_term_string}\"},\"query-input\":{\"@type\":\"PropertyValueSpecification\",\"valueRequired\":true,\"valueName\":\"search_term_string\"}}],\"inLanguage\":\"fr-FR\"},{\"@type\":\"Person\",\"@id\":\"https:\/\/www.africa-press.net\/cotedivoire\/#\/schema\/person\/2b1cf3cd81a31e3cd26889ca66d677f1\",\"name\":\"cfeditorfr\"}]}<\/script>\n<!-- \/ Yoast SEO Premium plugin. -->","yoast_head_json":{"title":"Passation de charges chez Lider ente Dr Kraidi et Monique Gb\u00e9kia - C\u00f4te d&#039;Ivoire","description":"Docteur Roch Omer Kraidi est officiellement le nouveau pr\u00e9sident de Libert\u00e9 et d\u00e9mocratie pour la R\u00e9publique (LIDER). La ...","robots":{"index":"index","follow":"follow","max-snippet":"max-snippet:-1","max-image-preview":"max-image-preview:large","max-video-preview":"max-video-preview:-1"},"canonical":"https:\/\/www.africa-press.net\/cotedivoire\/politique\/cote-divoire-passation-de-charges-chez-lider-ente-dr-kraidi-et-monique-gbekia","og_locale":"fr_FR","og_type":"article","og_title":"Passation de charges chez Lider ente Dr Kraidi et Monique Gb\u00e9kia","og_description":"Docteur Roch Omer Kraidi est officiellement le nouveau pr\u00e9sident de Libert\u00e9 et d\u00e9mocratie pour la R\u00e9publique (LIDER). La ...","og_url":"https:\/\/www.africa-press.net\/cotedivoire\/politique\/cote-divoire-passation-de-charges-chez-lider-ente-dr-kraidi-et-monique-gbekia","og_site_name":"C\u00f4te d&#039;Ivoire","article_published_time":"2021-07-26T17:39:59+00:00","article_modified_time":"2021-07-26T17:49:16+00:00","og_image":[{"width":1049,"height":863,"url":"https:\/\/static.africa-press.net\/cote\/sites\/43\/2021\/07\/img-60fef144a3407.jpg","type":"image\/jpeg"}],"author":"cfeditorfr","twitter_card":"summary_large_image","twitter_misc":{"\u00c9crit par":"cfeditorfr","Dur\u00e9e de lecture estim\u00e9e":"2 minutes"},"schema":{"@context":"https:\/\/schema.org","@graph":[{"@type":"Article","@id":"https:\/\/www.africa-press.net\/cotedivoire\/politique\/cote-divoire-passation-de-charges-chez-lider-ente-dr-kraidi-et-monique-gbekia#article","isPartOf":{"@id":"https:\/\/www.africa-press.net\/cotedivoire\/politique\/cote-divoire-passation-de-charges-chez-lider-ente-dr-kraidi-et-monique-gbekia"},"author":{"name":"cfeditorfr","@id":"https:\/\/www.africa-press.net\/cotedivoire\/#\/schema\/person\/2b1cf3cd81a31e3cd26889ca66d677f1"},"headline":"Passation de charges chez Lider ente Dr Kraidi et Monique Gb\u00e9kia","datePublished":"2021-07-26T17:39:59+00:00","dateModified":"2021-07-26T17:49:16+00:00","mainEntityOfPage":{"@id":"https:\/\/www.africa-press.net\/cotedivoire\/politique\/cote-divoire-passation-de-charges-chez-lider-ente-dr-kraidi-et-monique-gbekia"},"wordCount":496,"commentCount":0,"image":{"@id":"https:\/\/www.africa-press.net\/cotedivoire\/politique\/cote-divoire-passation-de-charges-chez-lider-ente-dr-kraidi-et-monique-gbekia#primaryimage"},"thumbnailUrl":"https:\/\/static.africa-press.net\/cote\/sites\/43\/2021\/07\/img-60fef144a3407.jpg","keywords":["Africa Press","Africa Press-C\u00f4te d'Ivoire","C\u00d4TE D'IVOIRE"],"articleSection":["homepage-french","Politique","Top Nouvelles","Toutes les actualit\u00e9s"],"inLanguage":"fr-FR","potentialAction":[{"@type":"CommentAction","name":"Comment","target":["https:\/\/www.africa-press.net\/cotedivoire\/politique\/cote-divoire-passation-de-charges-chez-lider-ente-dr-kraidi-et-monique-gbekia#respond"]}]},{"@type":"WebPage","@id":"https:\/\/www.africa-press.net\/cotedivoire\/politique\/cote-divoire-passation-de-charges-chez-lider-ente-dr-kraidi-et-monique-gbekia","url":"https:\/\/www.africa-press.net\/cotedivoire\/politique\/cote-divoire-passation-de-charges-chez-lider-ente-dr-kraidi-et-monique-gbekia","name":"Passation de charges chez Lider ente Dr Kraidi et Monique Gb\u00e9kia - C\u00f4te d&#039;Ivoire","isPartOf":{"@id":"https:\/\/www.africa-press.net\/cotedivoire\/#website"},"primaryImageOfPage":{"@id":"https:\/\/www.africa-press.net\/cotedivoire\/politique\/cote-divoire-passation-de-charges-chez-lider-ente-dr-kraidi-et-monique-gbekia#primaryimage"},"image":{"@id":"https:\/\/www.africa-press.net\/cotedivoire\/politique\/cote-divoire-passation-de-charges-chez-lider-ente-dr-kraidi-et-monique-gbekia#primaryimage"},"thumbnailUrl":"https:\/\/static.africa-press.net\/cote\/sites\/43\/2021\/07\/img-60fef144a3407.jpg","datePublished":"2021-07-26T17:39:59+00:00","dateModified":"2021-07-26T17:49:16+00:00","author":{"@id":"https:\/\/www.africa-press.net\/cotedivoire\/#\/schema\/person\/2b1cf3cd81a31e3cd26889ca66d677f1"},"description":"Docteur Roch Omer Kraidi est officiellement le nouveau pr\u00e9sident de Libert\u00e9 et d\u00e9mocratie pour la R\u00e9publique (LIDER). La ...","breadcrumb":{"@id":"https:\/\/www.africa-press.net\/cotedivoire\/politique\/cote-divoire-passation-de-charges-chez-lider-ente-dr-kraidi-et-monique-gbekia#breadcrumb"},"inLanguage":"fr-FR","potentialAction":[{"@type":"ReadAction","target":["https:\/\/www.africa-press.net\/cotedivoire\/politique\/cote-divoire-passation-de-charges-chez-lider-ente-dr-kraidi-et-monique-gbekia"]}]},{"@type":"ImageObject","inLanguage":"fr-FR","@id":"https:\/\/www.africa-press.net\/cotedivoire\/politique\/cote-divoire-passation-de-charges-chez-lider-ente-dr-kraidi-et-monique-gbekia#primaryimage","url":"https:\/\/static.africa-press.net\/cote\/sites\/43\/2021\/07\/img-60fef144a3407.jpg","contentUrl":"https:\/\/static.africa-press.net\/cote\/sites\/43\/2021\/07\/img-60fef144a3407.jpg","width":1049,"height":863,"caption":"C\u00f4te-d\u2019Ivoire: Passation de charges chez Lider ente Dr Kraidi et Monique Gb\u00e9kia"},{"@type":"BreadcrumbList","@id":"https:\/\/www.africa-press.net\/cotedivoire\/politique\/cote-divoire-passation-de-charges-chez-lider-ente-dr-kraidi-et-monique-gbekia#breadcrumb","itemListElement":[{"@type":"ListItem","position":1,"name":"Accueil","item":"https:\/\/www.africa-press.net\/cotedivoire\/"},{"@type":"ListItem","position":2,"name":"Passation de charges chez Lider ente Dr Kraidi et Monique Gb\u00e9kia"}]},{"@type":"WebSite","@id":"https:\/\/www.africa-press.net\/cotedivoire\/#website","url":"https:\/\/www.africa-press.net\/cotedivoire\/","name":"C\u00f4te d&#039;Ivoire","description":"Just another Africa News Agency Sites site","potentialAction":[{"@type":"SearchAction","target":{"@type":"EntryPoint","urlTemplate":"https:\/\/www.africa-press.net\/cotedivoire\/?s={search_term_string}"},"query-input":{"@type":"PropertyValueSpecification","valueRequired":true,"valueName":"search_term_string"}}],"inLanguage":"fr-FR"},{"@type":"Person","@id":"https:\/\/www.africa-press.net\/cotedivoire\/#\/schema\/person\/2b1cf3cd81a31e3cd26889ca66d677f1","name":"cfeditorfr"}]}},"_links":{"self":[{"href":"https:\/\/www.africa-press.net\/cotedivoire\/wp-json\/wp\/v2\/posts\/10410","targetHints":{"allow":["GET"]}}],"collection":[{"href":"https:\/\/www.africa-press.net\/cotedivoire\/wp-json\/wp\/v2\/posts"}],"about":[{"href":"https:\/\/www.africa-press.net\/cotedivoire\/wp-json\/wp\/v2\/types\/post"}],"author":[{"embeddable":true,"href":"https:\/\/www.africa-press.net\/cotedivoire\/wp-json\/wp\/v2\/users\/82"}],"replies":[{"embeddable":true,"href":"https:\/\/www.africa-press.net\/cotedivoire\/wp-json\/wp\/v2\/comments?post=10410"}],"version-history":[{"count":0,"href":"https:\/\/www.africa-press.net\/cotedivoire\/wp-json\/wp\/v2\/posts\/10410\/revisions"}],"wp:featuredmedia":[{"embeddable":true,"href":"https:\/\/www.africa-press.net\/cotedivoire\/wp-json\/wp\/v2\/media\/10409"}],"wp:attachment":[{"href":"https:\/\/www.africa-press.net\/cotedivoire\/wp-json\/wp\/v2\/media?parent=10410"}],"wp:term":[{"taxonomy":"category","embeddable":true,"href":"https:\/\/www.africa-press.net\/cotedivoire\/wp-json\/wp\/v2\/categories?post=10410"},{"taxonomy":"post_tag","embeddable":true,"href":"https:\/\/www.africa-press.net\/cotedivoire\/wp-json\/wp\/v2\/tags?post=10410"}],"curies":[{"name":"wp","href":"https:\/\/api.w.org\/{rel}","templated":true}]}}