{"id":104123,"date":"2025-08-23T17:10:45","date_gmt":"2025-08-23T17:10:45","guid":{"rendered":"https:\/\/www.africa-press.net\/cotedivoire\/politique\/affi-nguessan-se-lance-pour-tourner-la-page-ouattara"},"modified":"2025-08-23T17:22:51","modified_gmt":"2025-08-23T17:22:51","slug":"affi-nguessan-se-lance-pour-tourner-la-page-ouattara","status":"publish","type":"post","link":"https:\/\/www.africa-press.net\/cotedivoire\/politique\/affi-nguessan-se-lance-pour-tourner-la-page-ouattara","title":{"rendered":"Affi N&rsquo;Guessan Se Lance Pour Tourner La Page Ouattara"},"content":{"rendered":"<p><span style=\"color: #ff6600\"><strong>Africa-Press &#8211; C\u00f4te d&rsquo;Ivoire. <\/strong><\/span>Le Front Populaire Ivoirien (FPI) est de\u0301sormais en course pour la pre\u0301sidentielle d\u2019octobre 2025. Ce vendredi, son pre\u0301sident, Pascal Affi N\u2019Guessan, a officiellement de\u0301pose\u0301 son dossier de candidature au sie\u0300ge de la Commission E\u0301lectorale Inde\u0301pendante (CEI), situe\u0301 aux Deux-Plateaux, a\u0300 Cocody.<\/p>\n<p>Accompagne\u0301 d&rsquo;une importante de\u0301le\u0301gation compose\u0301e de cadres du parti, de militants, de sympathisants et de de\u0301mocrates, Affi N\u2019Guessan a voulu donner un caracte\u0300re solennel a\u0300 cette e\u0301tape majeure du processus e\u0301lectoral.<\/p>\n<p>\u00ab Nous sommes tre\u0300s heureux d\u2019e\u0302tre ici, me\u0302me si, comme vous le savez, nous avons, a\u0300 certains moments, mis en doute votre le\u0301gitimite\u0301. Mais nous sommes des re\u0301publicains. Tant que ni la loi ni les institutions n\u2019ont change\u0301, nous avons le devoir de travailler avec les structures en place \u00bb, a-t-il de\u0301clare\u0301 a\u0300 l\u2019endroit des responsables de la CEI.<\/p>\n<p>Le Secre\u0301taire permanent de la CEI, Kouame\u0301 Adjoumani, a salue\u0301 la de\u0301marche du candidat et rappele\u0301 les obligations le\u0301gales encadrant le de\u0301po\u0302t des candidatures. Il a notamment de\u0301taille\u0301 les pie\u0300ces exige\u0301es par le Code e\u0301lectoral, parmi lesquelles, la de\u0301claration personnelle de candidature, l\u2019acte de naissance, le certificat de nationalite\u0301, l\u2019extrait de casier judiciaire, l\u2019attestation fiscale, le rec\u0327u de cautionnement de 50 millions de francs CFA, la lettre d\u2019investiture du parti, les fiches de parrainage et les photographies officielles destine\u0301es au bulletin unique de vote.<\/p>\n<p>\u00ab La CEI est tenue de transmettre les dossiers au Conseil constitutionnel dans un de\u0301lai de 72 heures, conforme\u0301ment aux dispositions re\u0301glementaires \u00bb, a pre\u0301cise\u0301 M. Adjoumani, insistant sur la rigueur et la transparence du processus.<\/p>\n<p>Une fois son re\u0301ce\u0301pisse\u0301 en main, Pascal Affi N\u2019Guessan s\u2019est exprime\u0301 devant la presse avec fermete\u0301. Il a d\u2019abord remercie\u0301 les citoyens qui lui ont accorde\u0301 leur parrainage, avant de de\u0301voiler les grandes lignes de son engagement politique.<\/p>\n<p>\u00ab L\u2019e\u0301lection de 2025 est capitale pour la Co\u0302te d\u2019Ivoire. Il s\u2019agit de mettre fin au re\u0300gne de M. Alassane Ouattara, marque\u0301 par l\u2019inse\u0301curite\u0301, la corruption, les violations des droits de l\u2019homme et la pauvrete\u0301 ge\u0301ne\u0301ralise\u0301e \u00bb, a-t-il martele\u0301.<\/p>\n<p>Le candidat du FPI a aussi re\u0301ite\u0301re\u0301 son opposition a\u0300 un e\u0301ventuel quatrie\u0300me mandat du pre\u0301sident sortant: \u00ab Il n\u2019y aura pas de quatrie\u0300me mandat pour M. Ouattara. Ce serait une catastrophe pour notre pays. Nous l\u2019avons dit en 2020 et nous le re\u0301pe\u0301tons aujourd\u2019hui: son troisie\u0300me mandat e\u0301tait anticonstitutionnel, un quatrie\u0300me est tout simplement inacceptable. \u00bb<\/p>\n<p>A\u0300 un peu plus de deux mois du scrutin pre\u0301vu le 25 octobre 2025, cette de\u0301claration de candidature marque une nouvelle e\u0301tape dans l\u2019escalade politique. Affi N\u2019Guessan appelle a\u0300 une coalition des forces de l\u2019opposition pour \u00ab libe\u0301rer la Co\u0302te d\u2019Ivoire \u00bb d\u2019un pouvoir qu\u2019il qualifie d\u2019\u00ab use\u0301 et autoritaire \u00bb.<\/p>\n<p>L\u2019ancien Premier ministre promet une campagne de terrain, axe\u0301e sur la proximite\u0301 avec les populations, et une alternance politique pour, selon ses mots, \u00ab redonner espoir au peuple ivoirien \u00bb.<\/p>\n<p>Le compte a\u0300 rebours est de\u0301sormais lance\u0301 pour un scrutin qui s\u2019annonce de\u0301terminant pour l\u2019avenir politique du pays.<\/p>\n<p><strong>Pour plus d&rsquo;informations et d&rsquo;analyses sur la <span style=\"color: #ff6600\">C\u00f4te d&rsquo;Ivoire<\/span>, suivez <span style=\"color: #ff6600\">Africa-Press<\/span><\/strong><\/p>\n","protected":false},"excerpt":{"rendered":"<p>Africa-Press &#8211; C\u00f4te d&rsquo;Ivoire. Le Front Populaire Ivoirien (FPI) est de\u0301sormais en course pour la pre\u0301sidentielle d\u2019octobre 2025. Ce vendredi, son pre\u0301sident, Pascal Affi N\u2019Guessan, a officiellement de\u0301pose\u0301 son dossier de candidature au sie\u0300ge de la Commission E\u0301lectorale Inde\u0301pendante (CEI), situe\u0301 aux Deux-Plateaux, a\u0300 Cocody. Accompagne\u0301 d&rsquo;une importante de\u0301le\u0301gation compose\u0301e de cadres du parti, de [&hellip;]<\/p>\n","protected":false},"author":82,"featured_media":104122,"comment_status":"open","ping_status":"closed","sticky":false,"template":"","format":"standard","meta":{"footnotes":""},"categories":[2,10],"tags":[38,745,1316,29,7509,41,360,7257,3500,9146,60,742],"class_list":["post-104123","post","type-post","status-publish","format-standard","has-post-thumbnail","hentry","category-politique","category-toutes-les-actualites","tag-alassane-ouattara","tag-candidature","tag-cei","tag-cote-divoire","tag-democratie","tag-elections","tag-fpi","tag-ivoirienne","tag-opposition","tag-pascal-affi-nguessan-3","tag-politique","tag-presidentielle-2025"],"yoast_head":"<!-- This site is optimized with the Yoast SEO Premium plugin v26.1 (Yoast SEO v27.0) - https:\/\/yoast.com\/product\/yoast-seo-premium-wordpress\/ -->\n<title>Affi N&#039;Guessan Se Lance Pour Tourner La Page Ouattara - C\u00f4te d&#039;Ivoire<\/title>\n<meta name=\"description\" content=\"Le Front Populaire Ivoirien (FPI) est de\u0301sormais en course pour la pre\u0301sidentielle d\u2019octobre 2025. Ce vendredi, son pre\u0301 ...\" \/>\n<meta name=\"robots\" content=\"index, follow, max-snippet:-1, max-image-preview:large, max-video-preview:-1\" \/>\n<link rel=\"canonical\" href=\"https:\/\/www.africa-press.net\/cotedivoire\/politique\/affi-nguessan-se-lance-pour-tourner-la-page-ouattara\" \/>\n<meta property=\"og:locale\" content=\"fr_FR\" \/>\n<meta property=\"og:type\" content=\"article\" \/>\n<meta property=\"og:title\" content=\"Affi N&#039;Guessan Se Lance Pour Tourner La Page Ouattara\" \/>\n<meta property=\"og:description\" content=\"Le Front Populaire Ivoirien (FPI) est de\u0301sormais en course pour la pre\u0301sidentielle d\u2019octobre 2025. Ce vendredi, son pre\u0301 ...\" \/>\n<meta property=\"og:url\" content=\"https:\/\/www.africa-press.net\/cotedivoire\/politique\/affi-nguessan-se-lance-pour-tourner-la-page-ouattara\" \/>\n<meta property=\"og:site_name\" content=\"C\u00f4te d&#039;Ivoire\" \/>\n<meta property=\"article:published_time\" content=\"2025-08-23T17:10:45+00:00\" \/>\n<meta property=\"article:modified_time\" content=\"2025-08-23T17:22:51+00:00\" \/>\n<meta property=\"og:image\" content=\"https:\/\/static.africa-press.net\/cote\/sites\/43\/2025\/08\/sm_1755957152.586.jpg\" \/>\n\t<meta property=\"og:image:width\" content=\"720\" \/>\n\t<meta property=\"og:image:height\" content=\"414\" \/>\n\t<meta property=\"og:image:type\" content=\"image\/jpeg\" \/>\n<meta name=\"author\" content=\"cfeditorfr\" \/>\n<meta name=\"twitter:card\" content=\"summary_large_image\" \/>\n<meta name=\"twitter:label1\" content=\"\u00c9crit par\" \/>\n\t<meta name=\"twitter:data1\" content=\"cfeditorfr\" \/>\n\t<meta name=\"twitter:label2\" content=\"Dur\u00e9e de lecture estim\u00e9e\" \/>\n\t<meta name=\"twitter:data2\" content=\"3 minutes\" \/>\n<script type=\"application\/ld+json\" class=\"yoast-schema-graph\">{\"@context\":\"https:\/\/schema.org\",\"@graph\":[{\"@type\":\"Article\",\"@id\":\"https:\/\/www.africa-press.net\/cotedivoire\/politique\/affi-nguessan-se-lance-pour-tourner-la-page-ouattara#article\",\"isPartOf\":{\"@id\":\"https:\/\/www.africa-press.net\/cotedivoire\/politique\/affi-nguessan-se-lance-pour-tourner-la-page-ouattara\"},\"author\":{\"name\":\"cfeditorfr\",\"@id\":\"https:\/\/www.africa-press.net\/cotedivoire\/#\/schema\/person\/2b1cf3cd81a31e3cd26889ca66d677f1\"},\"headline\":\"Affi N&rsquo;Guessan Se Lance Pour Tourner La Page Ouattara\",\"datePublished\":\"2025-08-23T17:10:45+00:00\",\"dateModified\":\"2025-08-23T17:22:51+00:00\",\"mainEntityOfPage\":{\"@id\":\"https:\/\/www.africa-press.net\/cotedivoire\/politique\/affi-nguessan-se-lance-pour-tourner-la-page-ouattara\"},\"wordCount\":591,\"commentCount\":0,\"image\":{\"@id\":\"https:\/\/www.africa-press.net\/cotedivoire\/politique\/affi-nguessan-se-lance-pour-tourner-la-page-ouattara#primaryimage\"},\"thumbnailUrl\":\"https:\/\/static.africa-press.net\/cote\/sites\/43\/2025\/08\/sm_1755957152.586.jpg\",\"keywords\":[\"Alassane Ouattara\",\"candidature\",\"Cei\",\"C\u00d4TE D'IVOIRE\",\"D\u00e9mocratie\",\"\u00c9lections\",\"FPI\",\"ivoirienne\",\"opposition\",\"Pascal Affi N\u2019Guessan\",\"Politique\",\"pr\u00e9sidentielle 2025\"],\"articleSection\":[\"Politique\",\"Toutes les actualit\u00e9s\"],\"inLanguage\":\"fr-FR\",\"potentialAction\":[{\"@type\":\"CommentAction\",\"name\":\"Comment\",\"target\":[\"https:\/\/www.africa-press.net\/cotedivoire\/politique\/affi-nguessan-se-lance-pour-tourner-la-page-ouattara#respond\"]}]},{\"@type\":\"WebPage\",\"@id\":\"https:\/\/www.africa-press.net\/cotedivoire\/politique\/affi-nguessan-se-lance-pour-tourner-la-page-ouattara\",\"url\":\"https:\/\/www.africa-press.net\/cotedivoire\/politique\/affi-nguessan-se-lance-pour-tourner-la-page-ouattara\",\"name\":\"Affi N'Guessan Se Lance Pour Tourner La Page Ouattara - C\u00f4te d&#039;Ivoire\",\"isPartOf\":{\"@id\":\"https:\/\/www.africa-press.net\/cotedivoire\/#website\"},\"primaryImageOfPage\":{\"@id\":\"https:\/\/www.africa-press.net\/cotedivoire\/politique\/affi-nguessan-se-lance-pour-tourner-la-page-ouattara#primaryimage\"},\"image\":{\"@id\":\"https:\/\/www.africa-press.net\/cotedivoire\/politique\/affi-nguessan-se-lance-pour-tourner-la-page-ouattara#primaryimage\"},\"thumbnailUrl\":\"https:\/\/static.africa-press.net\/cote\/sites\/43\/2025\/08\/sm_1755957152.586.jpg\",\"datePublished\":\"2025-08-23T17:10:45+00:00\",\"dateModified\":\"2025-08-23T17:22:51+00:00\",\"author\":{\"@id\":\"https:\/\/www.africa-press.net\/cotedivoire\/#\/schema\/person\/2b1cf3cd81a31e3cd26889ca66d677f1\"},\"description\":\"Le Front Populaire Ivoirien (FPI) est de\u0301sormais en course pour la pre\u0301sidentielle d\u2019octobre 2025. Ce vendredi, son pre\u0301 ...\",\"breadcrumb\":{\"@id\":\"https:\/\/www.africa-press.net\/cotedivoire\/politique\/affi-nguessan-se-lance-pour-tourner-la-page-ouattara#breadcrumb\"},\"inLanguage\":\"fr-FR\",\"potentialAction\":[{\"@type\":\"ReadAction\",\"target\":[\"https:\/\/www.africa-press.net\/cotedivoire\/politique\/affi-nguessan-se-lance-pour-tourner-la-page-ouattara\"]}]},{\"@type\":\"ImageObject\",\"inLanguage\":\"fr-FR\",\"@id\":\"https:\/\/www.africa-press.net\/cotedivoire\/politique\/affi-nguessan-se-lance-pour-tourner-la-page-ouattara#primaryimage\",\"url\":\"https:\/\/static.africa-press.net\/cote\/sites\/43\/2025\/08\/sm_1755957152.586.jpg\",\"contentUrl\":\"https:\/\/static.africa-press.net\/cote\/sites\/43\/2025\/08\/sm_1755957152.586.jpg\",\"width\":720,\"height\":414,\"caption\":\"Affi N'Guessan Se Lance Pour Tourner La Page Ouattara\"},{\"@type\":\"BreadcrumbList\",\"@id\":\"https:\/\/www.africa-press.net\/cotedivoire\/politique\/affi-nguessan-se-lance-pour-tourner-la-page-ouattara#breadcrumb\",\"itemListElement\":[{\"@type\":\"ListItem\",\"position\":1,\"name\":\"Accueil\",\"item\":\"https:\/\/www.africa-press.net\/cotedivoire\/\"},{\"@type\":\"ListItem\",\"position\":2,\"name\":\"Affi N&#8217;Guessan Se Lance Pour Tourner La Page Ouattara\"}]},{\"@type\":\"WebSite\",\"@id\":\"https:\/\/www.africa-press.net\/cotedivoire\/#website\",\"url\":\"https:\/\/www.africa-press.net\/cotedivoire\/\",\"name\":\"C\u00f4te d&#039;Ivoire\",\"description\":\"Just another Africa News Agency Sites site\",\"potentialAction\":[{\"@type\":\"SearchAction\",\"target\":{\"@type\":\"EntryPoint\",\"urlTemplate\":\"https:\/\/www.africa-press.net\/cotedivoire\/?s={search_term_string}\"},\"query-input\":{\"@type\":\"PropertyValueSpecification\",\"valueRequired\":true,\"valueName\":\"search_term_string\"}}],\"inLanguage\":\"fr-FR\"},{\"@type\":\"Person\",\"@id\":\"https:\/\/www.africa-press.net\/cotedivoire\/#\/schema\/person\/2b1cf3cd81a31e3cd26889ca66d677f1\",\"name\":\"cfeditorfr\"}]}<\/script>\n<!-- \/ Yoast SEO Premium plugin. -->","yoast_head_json":{"title":"Affi N'Guessan Se Lance Pour Tourner La Page Ouattara - C\u00f4te d&#039;Ivoire","description":"Le Front Populaire Ivoirien (FPI) est de\u0301sormais en course pour la pre\u0301sidentielle d\u2019octobre 2025. Ce vendredi, son pre\u0301 ...","robots":{"index":"index","follow":"follow","max-snippet":"max-snippet:-1","max-image-preview":"max-image-preview:large","max-video-preview":"max-video-preview:-1"},"canonical":"https:\/\/www.africa-press.net\/cotedivoire\/politique\/affi-nguessan-se-lance-pour-tourner-la-page-ouattara","og_locale":"fr_FR","og_type":"article","og_title":"Affi N'Guessan Se Lance Pour Tourner La Page Ouattara","og_description":"Le Front Populaire Ivoirien (FPI) est de\u0301sormais en course pour la pre\u0301sidentielle d\u2019octobre 2025. Ce vendredi, son pre\u0301 ...","og_url":"https:\/\/www.africa-press.net\/cotedivoire\/politique\/affi-nguessan-se-lance-pour-tourner-la-page-ouattara","og_site_name":"C\u00f4te d&#039;Ivoire","article_published_time":"2025-08-23T17:10:45+00:00","article_modified_time":"2025-08-23T17:22:51+00:00","og_image":[{"width":720,"height":414,"url":"https:\/\/static.africa-press.net\/cote\/sites\/43\/2025\/08\/sm_1755957152.586.jpg","type":"image\/jpeg"}],"author":"cfeditorfr","twitter_card":"summary_large_image","twitter_misc":{"\u00c9crit par":"cfeditorfr","Dur\u00e9e de lecture estim\u00e9e":"3 minutes"},"schema":{"@context":"https:\/\/schema.org","@graph":[{"@type":"Article","@id":"https:\/\/www.africa-press.net\/cotedivoire\/politique\/affi-nguessan-se-lance-pour-tourner-la-page-ouattara#article","isPartOf":{"@id":"https:\/\/www.africa-press.net\/cotedivoire\/politique\/affi-nguessan-se-lance-pour-tourner-la-page-ouattara"},"author":{"name":"cfeditorfr","@id":"https:\/\/www.africa-press.net\/cotedivoire\/#\/schema\/person\/2b1cf3cd81a31e3cd26889ca66d677f1"},"headline":"Affi N&rsquo;Guessan Se Lance Pour Tourner La Page Ouattara","datePublished":"2025-08-23T17:10:45+00:00","dateModified":"2025-08-23T17:22:51+00:00","mainEntityOfPage":{"@id":"https:\/\/www.africa-press.net\/cotedivoire\/politique\/affi-nguessan-se-lance-pour-tourner-la-page-ouattara"},"wordCount":591,"commentCount":0,"image":{"@id":"https:\/\/www.africa-press.net\/cotedivoire\/politique\/affi-nguessan-se-lance-pour-tourner-la-page-ouattara#primaryimage"},"thumbnailUrl":"https:\/\/static.africa-press.net\/cote\/sites\/43\/2025\/08\/sm_1755957152.586.jpg","keywords":["Alassane Ouattara","candidature","Cei","C\u00d4TE D'IVOIRE","D\u00e9mocratie","\u00c9lections","FPI","ivoirienne","opposition","Pascal Affi N\u2019Guessan","Politique","pr\u00e9sidentielle 2025"],"articleSection":["Politique","Toutes les actualit\u00e9s"],"inLanguage":"fr-FR","potentialAction":[{"@type":"CommentAction","name":"Comment","target":["https:\/\/www.africa-press.net\/cotedivoire\/politique\/affi-nguessan-se-lance-pour-tourner-la-page-ouattara#respond"]}]},{"@type":"WebPage","@id":"https:\/\/www.africa-press.net\/cotedivoire\/politique\/affi-nguessan-se-lance-pour-tourner-la-page-ouattara","url":"https:\/\/www.africa-press.net\/cotedivoire\/politique\/affi-nguessan-se-lance-pour-tourner-la-page-ouattara","name":"Affi N'Guessan Se Lance Pour Tourner La Page Ouattara - C\u00f4te d&#039;Ivoire","isPartOf":{"@id":"https:\/\/www.africa-press.net\/cotedivoire\/#website"},"primaryImageOfPage":{"@id":"https:\/\/www.africa-press.net\/cotedivoire\/politique\/affi-nguessan-se-lance-pour-tourner-la-page-ouattara#primaryimage"},"image":{"@id":"https:\/\/www.africa-press.net\/cotedivoire\/politique\/affi-nguessan-se-lance-pour-tourner-la-page-ouattara#primaryimage"},"thumbnailUrl":"https:\/\/static.africa-press.net\/cote\/sites\/43\/2025\/08\/sm_1755957152.586.jpg","datePublished":"2025-08-23T17:10:45+00:00","dateModified":"2025-08-23T17:22:51+00:00","author":{"@id":"https:\/\/www.africa-press.net\/cotedivoire\/#\/schema\/person\/2b1cf3cd81a31e3cd26889ca66d677f1"},"description":"Le Front Populaire Ivoirien (FPI) est de\u0301sormais en course pour la pre\u0301sidentielle d\u2019octobre 2025. Ce vendredi, son pre\u0301 ...","breadcrumb":{"@id":"https:\/\/www.africa-press.net\/cotedivoire\/politique\/affi-nguessan-se-lance-pour-tourner-la-page-ouattara#breadcrumb"},"inLanguage":"fr-FR","potentialAction":[{"@type":"ReadAction","target":["https:\/\/www.africa-press.net\/cotedivoire\/politique\/affi-nguessan-se-lance-pour-tourner-la-page-ouattara"]}]},{"@type":"ImageObject","inLanguage":"fr-FR","@id":"https:\/\/www.africa-press.net\/cotedivoire\/politique\/affi-nguessan-se-lance-pour-tourner-la-page-ouattara#primaryimage","url":"https:\/\/static.africa-press.net\/cote\/sites\/43\/2025\/08\/sm_1755957152.586.jpg","contentUrl":"https:\/\/static.africa-press.net\/cote\/sites\/43\/2025\/08\/sm_1755957152.586.jpg","width":720,"height":414,"caption":"Affi N'Guessan Se Lance Pour Tourner La Page Ouattara"},{"@type":"BreadcrumbList","@id":"https:\/\/www.africa-press.net\/cotedivoire\/politique\/affi-nguessan-se-lance-pour-tourner-la-page-ouattara#breadcrumb","itemListElement":[{"@type":"ListItem","position":1,"name":"Accueil","item":"https:\/\/www.africa-press.net\/cotedivoire\/"},{"@type":"ListItem","position":2,"name":"Affi N&#8217;Guessan Se Lance Pour Tourner La Page Ouattara"}]},{"@type":"WebSite","@id":"https:\/\/www.africa-press.net\/cotedivoire\/#website","url":"https:\/\/www.africa-press.net\/cotedivoire\/","name":"C\u00f4te d&#039;Ivoire","description":"Just another Africa News Agency Sites site","potentialAction":[{"@type":"SearchAction","target":{"@type":"EntryPoint","urlTemplate":"https:\/\/www.africa-press.net\/cotedivoire\/?s={search_term_string}"},"query-input":{"@type":"PropertyValueSpecification","valueRequired":true,"valueName":"search_term_string"}}],"inLanguage":"fr-FR"},{"@type":"Person","@id":"https:\/\/www.africa-press.net\/cotedivoire\/#\/schema\/person\/2b1cf3cd81a31e3cd26889ca66d677f1","name":"cfeditorfr"}]}},"_links":{"self":[{"href":"https:\/\/www.africa-press.net\/cotedivoire\/wp-json\/wp\/v2\/posts\/104123","targetHints":{"allow":["GET"]}}],"collection":[{"href":"https:\/\/www.africa-press.net\/cotedivoire\/wp-json\/wp\/v2\/posts"}],"about":[{"href":"https:\/\/www.africa-press.net\/cotedivoire\/wp-json\/wp\/v2\/types\/post"}],"author":[{"embeddable":true,"href":"https:\/\/www.africa-press.net\/cotedivoire\/wp-json\/wp\/v2\/users\/82"}],"replies":[{"embeddable":true,"href":"https:\/\/www.africa-press.net\/cotedivoire\/wp-json\/wp\/v2\/comments?post=104123"}],"version-history":[{"count":0,"href":"https:\/\/www.africa-press.net\/cotedivoire\/wp-json\/wp\/v2\/posts\/104123\/revisions"}],"wp:featuredmedia":[{"embeddable":true,"href":"https:\/\/www.africa-press.net\/cotedivoire\/wp-json\/wp\/v2\/media\/104122"}],"wp:attachment":[{"href":"https:\/\/www.africa-press.net\/cotedivoire\/wp-json\/wp\/v2\/media?parent=104123"}],"wp:term":[{"taxonomy":"category","embeddable":true,"href":"https:\/\/www.africa-press.net\/cotedivoire\/wp-json\/wp\/v2\/categories?post=104123"},{"taxonomy":"post_tag","embeddable":true,"href":"https:\/\/www.africa-press.net\/cotedivoire\/wp-json\/wp\/v2\/tags?post=104123"}],"curies":[{"name":"wp","href":"https:\/\/api.w.org\/{rel}","templated":true}]}}