{"id":104162,"date":"2025-08-24T19:58:45","date_gmt":"2025-08-24T19:58:45","guid":{"rendered":"https:\/\/www.africa-press.net\/cotedivoire\/politique\/mobilisation-du-mja-rhdp-pour-alassane-ouattara"},"modified":"2025-08-24T20:08:32","modified_gmt":"2025-08-24T20:08:32","slug":"mobilisation-du-mja-rhdp-pour-alassane-ouattara","status":"publish","type":"post","link":"https:\/\/www.africa-press.net\/cotedivoire\/politique\/mobilisation-du-mja-rhdp-pour-alassane-ouattara","title":{"rendered":"Mobilisation du MJA-RHDP pour Alassane Ouattara"},"content":{"rendered":"<p><span style=\"color: #ff6600\"><strong>Africa-Press &#8211; C\u00f4te d&rsquo;Ivoire. <\/strong><\/span>Dans une atmosphe\u0300re empreinte de de\u0301termination et de ferveur politique, le Mouvement des Jeunes Atchan RHDP (MJA-RHDP) a tenu une importante confe\u0301rence de presse ce dimanche 24 aou\u0302t 2025 au sie\u0300ge du RHDP a\u0300 Marcory. Cette rencontre visait a\u0300 mobiliser l\u2019ensemble du peuple Atchan autour de la candidature du Pre\u0301sident Alassane Ouattara a\u0300 l\u2019e\u0301lection pre\u0301sidentielle pre\u0301vue en octobre 2025.<\/p>\n<p>Sous la conduite de son pre\u0301sident, Jean-Hugues Aliman Akre\u0301, et avec le soutien actif de Djama Dibi Antoine, Conseiller du Premier Ministre et Parrain du mouvement, ainsi que de Le\u0301gue\u0301 Loba Patrice, Conseiller a\u0300 la Mairie de Songon et Co-parrain, le MJA-RHDP a lance\u0301 un vibrant appel a\u0300 l\u2019unite\u0301, a\u0300 la mobilisation et a\u0300 l\u2019adhe\u0301sion massive au projet politique du RHDP.<\/p>\n<p>\u00ab Le MJA-RHDP est un mouvement de soutien a\u0300 la politique nationale du RHDP afin de diffuser le message du Pre\u0301sident Alassane Ouattara, un message de paix, de cohe\u0301sion sociale et de de\u0301veloppement dans les 60 villages Atchan du District d\u2019Abidjan \u00bb, a rappele\u0301 Aliman Akre\u0301.<\/p>\n<p>Depuis sa ce\u0301re\u0301monie officielle de pre\u0301sentation tenue le 2 novembre 2024 au sie\u0300ge du parti a\u0300 la rue Lepic, parraine\u0301e par l\u2019Ambassadeur E\u0301ric Taba, Chef du Protocole de la Pre\u0301sidence, et honore\u0301e par la pre\u0301sence de AbdoulKarim Ouattara, DGA de la LONACI, le MJA-RHDP a engage\u0301 de nombreuses tourne\u0301es pour installer ses coordinations dans toutes les communes du District d\u2019Abidjan.<\/p>\n<p>L\u2019objectif, sensibiliser, informer et rallier la jeunesse Atchan a\u0300 la vision du RHDP, porte\u0301e par un Pre\u0301sident Alassane Ouattara pre\u0301sente\u0301 comme garant de la stabilite\u0301, du de\u0301veloppement et de la paix sociale.<\/p>\n<p>Le point culminant de cette confe\u0301rence de presse fut sans doute l\u2019appel solennel a\u0300 la mobilisation populaire du mardi 26 aou\u0302t 2025, date pre\u0301vue pour le de\u0301po\u0302t de candidature officielle de S.E.M. Alassane Ouattara au sie\u0300ge de la Commission E\u0301lectorale Inde\u0301pendante (CEI).<\/p>\n<p>\u00ab Tout le peuple Atchan doit se mobiliser massivement de\u0300s 8h pour accompagner notre candidat. L\u2019heure est a\u0300 l\u2019action. L\u2019heure est a\u0300 l\u2019engagement pour la stabilite\u0301 du pays \u00bb, a martele\u0301 le pre\u0301sident du MJA-RHDP.<\/p>\n<p>Faisant re\u0301fe\u0301rence aux traumatismes e\u0301lectoraux que traverse la jeunesse ivoirienne a\u0300 chaque scrutin, Jean-Hugues Aliman Akre\u0301 a rappele\u0301 une citation poignante de Nelson Mandela: \u00ab Rien ne re\u0301ve\u0300le mieux l\u2019a\u0302me d\u2019une socie\u0301te\u0301 que la fac\u0327on dont elle traite ses enfants \u00bb.<\/p>\n<p>Le MJA-RHDP se positionne ainsi comme un acteur strate\u0301gique du RHDP dans le District d\u2019Abidjan, affirmant sa volonte\u0301 de contribuer activement a\u0300 la reconduction du Pre\u0301sident Alassane Ouattara a\u0300 la te\u0302te du pays.<\/p>\n<p>Conscient des de\u0301fis se\u0301curitaires et e\u0301conomiques qui pe\u0300sent sur la Co\u0302te d\u2019Ivoire et la sous-re\u0301gion, le mouvement estime que la stabilite\u0301 est le socle fondamental sur lequel reposera l\u2019avenir du pays. Et pour cela, seul le Pre\u0301sident Alassane Ouattara incarne, selon eux, l\u2019homme de la situation.<\/p>\n<p>\u00ab Nous savons qu\u2019il est possible de faire changer les choses si le peuple Atchan est conscient du progre\u0300s du District d\u2019Abidjan que nous a servi le Pre\u0301sident Alassane Ouattara \u00bb, a conclu le pre\u0301sident du mouvement.<\/p>\n<p><strong>Pour plus d&rsquo;informations et d&rsquo;analyses sur la <span style=\"color: #ff6600\">C\u00f4te d&rsquo;Ivoire<\/span>, suivez <span style=\"color: #ff6600\">Africa-Press<\/span><\/strong><\/p>\n","protected":false},"excerpt":{"rendered":"<p>Africa-Press &#8211; C\u00f4te d&rsquo;Ivoire. Dans une atmosphe\u0300re empreinte de de\u0301termination et de ferveur politique, le Mouvement des Jeunes Atchan RHDP (MJA-RHDP) a tenu une importante confe\u0301rence de presse ce dimanche 24 aou\u0302t 2025 au sie\u0300ge du RHDP a\u0300 Marcory. Cette rencontre visait a\u0300 mobiliser l\u2019ensemble du peuple Atchan autour de la candidature du Pre\u0301sident Alassane [&hellip;]<\/p>\n","protected":false},"author":82,"featured_media":104161,"comment_status":"open","ping_status":"closed","sticky":false,"template":"","format":"standard","meta":{"footnotes":""},"categories":[2,10],"tags":[18559,38,29,41,18557,7054,2548,18558],"class_list":["post-104162","post","type-post","status-publish","format-standard","has-post-thumbnail","hentry","category-politique","category-toutes-les-actualites","tag-abidjan-2025","tag-alassane-ouattara","tag-cote-divoire","tag-elections","tag-jeunesse-atchan","tag-mobilisation","tag-presidentielles","tag-rhdp-mja"],"yoast_head":"<!-- This site is optimized with the Yoast SEO Premium plugin v26.1 (Yoast SEO v27.0) - https:\/\/yoast.com\/product\/yoast-seo-premium-wordpress\/ -->\n<title>Mobilisation du MJA-RHDP pour Alassane Ouattara - C\u00f4te d&#039;Ivoire<\/title>\n<meta name=\"description\" content=\"Dans une atmosphe\u0300re empreinte de de\u0301termination et de ferveur politique, le Mouvement des Jeunes Atchan RHDP (MJA-RHDP) ...\" \/>\n<meta name=\"robots\" content=\"index, follow, max-snippet:-1, max-image-preview:large, max-video-preview:-1\" \/>\n<link rel=\"canonical\" href=\"https:\/\/www.africa-press.net\/cotedivoire\/politique\/mobilisation-du-mja-rhdp-pour-alassane-ouattara\" \/>\n<meta property=\"og:locale\" content=\"fr_FR\" \/>\n<meta property=\"og:type\" content=\"article\" \/>\n<meta property=\"og:title\" content=\"Mobilisation du MJA-RHDP pour Alassane Ouattara\" \/>\n<meta property=\"og:description\" content=\"Dans une atmosphe\u0300re empreinte de de\u0301termination et de ferveur politique, le Mouvement des Jeunes Atchan RHDP (MJA-RHDP) ...\" \/>\n<meta property=\"og:url\" content=\"https:\/\/www.africa-press.net\/cotedivoire\/politique\/mobilisation-du-mja-rhdp-pour-alassane-ouattara\" \/>\n<meta property=\"og:site_name\" content=\"C\u00f4te d&#039;Ivoire\" \/>\n<meta property=\"article:published_time\" content=\"2025-08-24T19:58:45+00:00\" \/>\n<meta property=\"article:modified_time\" content=\"2025-08-24T20:08:32+00:00\" \/>\n<meta property=\"og:image\" content=\"https:\/\/static.africa-press.net\/cote\/sites\/43\/2025\/08\/sm_1756053493.193745.jpg\" \/>\n\t<meta property=\"og:image:width\" content=\"720\" \/>\n\t<meta property=\"og:image:height\" content=\"405\" \/>\n\t<meta property=\"og:image:type\" content=\"image\/jpeg\" \/>\n<meta name=\"author\" content=\"cfeditorfr\" \/>\n<meta name=\"twitter:card\" content=\"summary_large_image\" \/>\n<meta name=\"twitter:label1\" content=\"\u00c9crit par\" \/>\n\t<meta name=\"twitter:data1\" content=\"cfeditorfr\" \/>\n\t<meta name=\"twitter:label2\" content=\"Dur\u00e9e de lecture estim\u00e9e\" \/>\n\t<meta name=\"twitter:data2\" content=\"3 minutes\" \/>\n<script type=\"application\/ld+json\" class=\"yoast-schema-graph\">{\"@context\":\"https:\/\/schema.org\",\"@graph\":[{\"@type\":\"Article\",\"@id\":\"https:\/\/www.africa-press.net\/cotedivoire\/politique\/mobilisation-du-mja-rhdp-pour-alassane-ouattara#article\",\"isPartOf\":{\"@id\":\"https:\/\/www.africa-press.net\/cotedivoire\/politique\/mobilisation-du-mja-rhdp-pour-alassane-ouattara\"},\"author\":{\"name\":\"cfeditorfr\",\"@id\":\"https:\/\/www.africa-press.net\/cotedivoire\/#\/schema\/person\/2b1cf3cd81a31e3cd26889ca66d677f1\"},\"headline\":\"Mobilisation du MJA-RHDP pour Alassane Ouattara\",\"datePublished\":\"2025-08-24T19:58:45+00:00\",\"dateModified\":\"2025-08-24T20:08:32+00:00\",\"mainEntityOfPage\":{\"@id\":\"https:\/\/www.africa-press.net\/cotedivoire\/politique\/mobilisation-du-mja-rhdp-pour-alassane-ouattara\"},\"wordCount\":586,\"commentCount\":0,\"image\":{\"@id\":\"https:\/\/www.africa-press.net\/cotedivoire\/politique\/mobilisation-du-mja-rhdp-pour-alassane-ouattara#primaryimage\"},\"thumbnailUrl\":\"https:\/\/static.africa-press.net\/cote\/sites\/43\/2025\/08\/sm_1756053493.193745.jpg\",\"keywords\":[\"Abidjan 2025\",\"Alassane Ouattara\",\"C\u00d4TE D'IVOIRE\",\"\u00c9lections\",\"Jeunesse Atchan\",\"mobilisation\",\"pr\u00e9sidentielles\",\"RHDP-MJA\"],\"articleSection\":[\"Politique\",\"Toutes les actualit\u00e9s\"],\"inLanguage\":\"fr-FR\",\"potentialAction\":[{\"@type\":\"CommentAction\",\"name\":\"Comment\",\"target\":[\"https:\/\/www.africa-press.net\/cotedivoire\/politique\/mobilisation-du-mja-rhdp-pour-alassane-ouattara#respond\"]}]},{\"@type\":\"WebPage\",\"@id\":\"https:\/\/www.africa-press.net\/cotedivoire\/politique\/mobilisation-du-mja-rhdp-pour-alassane-ouattara\",\"url\":\"https:\/\/www.africa-press.net\/cotedivoire\/politique\/mobilisation-du-mja-rhdp-pour-alassane-ouattara\",\"name\":\"Mobilisation du MJA-RHDP pour Alassane Ouattara - C\u00f4te d&#039;Ivoire\",\"isPartOf\":{\"@id\":\"https:\/\/www.africa-press.net\/cotedivoire\/#website\"},\"primaryImageOfPage\":{\"@id\":\"https:\/\/www.africa-press.net\/cotedivoire\/politique\/mobilisation-du-mja-rhdp-pour-alassane-ouattara#primaryimage\"},\"image\":{\"@id\":\"https:\/\/www.africa-press.net\/cotedivoire\/politique\/mobilisation-du-mja-rhdp-pour-alassane-ouattara#primaryimage\"},\"thumbnailUrl\":\"https:\/\/static.africa-press.net\/cote\/sites\/43\/2025\/08\/sm_1756053493.193745.jpg\",\"datePublished\":\"2025-08-24T19:58:45+00:00\",\"dateModified\":\"2025-08-24T20:08:32+00:00\",\"author\":{\"@id\":\"https:\/\/www.africa-press.net\/cotedivoire\/#\/schema\/person\/2b1cf3cd81a31e3cd26889ca66d677f1\"},\"description\":\"Dans une atmosphe\u0300re empreinte de de\u0301termination et de ferveur politique, le Mouvement des Jeunes Atchan RHDP (MJA-RHDP) ...\",\"breadcrumb\":{\"@id\":\"https:\/\/www.africa-press.net\/cotedivoire\/politique\/mobilisation-du-mja-rhdp-pour-alassane-ouattara#breadcrumb\"},\"inLanguage\":\"fr-FR\",\"potentialAction\":[{\"@type\":\"ReadAction\",\"target\":[\"https:\/\/www.africa-press.net\/cotedivoire\/politique\/mobilisation-du-mja-rhdp-pour-alassane-ouattara\"]}]},{\"@type\":\"ImageObject\",\"inLanguage\":\"fr-FR\",\"@id\":\"https:\/\/www.africa-press.net\/cotedivoire\/politique\/mobilisation-du-mja-rhdp-pour-alassane-ouattara#primaryimage\",\"url\":\"https:\/\/static.africa-press.net\/cote\/sites\/43\/2025\/08\/sm_1756053493.193745.jpg\",\"contentUrl\":\"https:\/\/static.africa-press.net\/cote\/sites\/43\/2025\/08\/sm_1756053493.193745.jpg\",\"width\":720,\"height\":405,\"caption\":\"Mobilisation du MJA-RHDP pour Alassane Ouattara\"},{\"@type\":\"BreadcrumbList\",\"@id\":\"https:\/\/www.africa-press.net\/cotedivoire\/politique\/mobilisation-du-mja-rhdp-pour-alassane-ouattara#breadcrumb\",\"itemListElement\":[{\"@type\":\"ListItem\",\"position\":1,\"name\":\"Accueil\",\"item\":\"https:\/\/www.africa-press.net\/cotedivoire\/\"},{\"@type\":\"ListItem\",\"position\":2,\"name\":\"Mobilisation du MJA-RHDP pour Alassane Ouattara\"}]},{\"@type\":\"WebSite\",\"@id\":\"https:\/\/www.africa-press.net\/cotedivoire\/#website\",\"url\":\"https:\/\/www.africa-press.net\/cotedivoire\/\",\"name\":\"C\u00f4te d&#039;Ivoire\",\"description\":\"Just another Africa News Agency Sites site\",\"potentialAction\":[{\"@type\":\"SearchAction\",\"target\":{\"@type\":\"EntryPoint\",\"urlTemplate\":\"https:\/\/www.africa-press.net\/cotedivoire\/?s={search_term_string}\"},\"query-input\":{\"@type\":\"PropertyValueSpecification\",\"valueRequired\":true,\"valueName\":\"search_term_string\"}}],\"inLanguage\":\"fr-FR\"},{\"@type\":\"Person\",\"@id\":\"https:\/\/www.africa-press.net\/cotedivoire\/#\/schema\/person\/2b1cf3cd81a31e3cd26889ca66d677f1\",\"name\":\"cfeditorfr\"}]}<\/script>\n<!-- \/ Yoast SEO Premium plugin. -->","yoast_head_json":{"title":"Mobilisation du MJA-RHDP pour Alassane Ouattara - C\u00f4te d&#039;Ivoire","description":"Dans une atmosphe\u0300re empreinte de de\u0301termination et de ferveur politique, le Mouvement des Jeunes Atchan RHDP (MJA-RHDP) ...","robots":{"index":"index","follow":"follow","max-snippet":"max-snippet:-1","max-image-preview":"max-image-preview:large","max-video-preview":"max-video-preview:-1"},"canonical":"https:\/\/www.africa-press.net\/cotedivoire\/politique\/mobilisation-du-mja-rhdp-pour-alassane-ouattara","og_locale":"fr_FR","og_type":"article","og_title":"Mobilisation du MJA-RHDP pour Alassane Ouattara","og_description":"Dans une atmosphe\u0300re empreinte de de\u0301termination et de ferveur politique, le Mouvement des Jeunes Atchan RHDP (MJA-RHDP) ...","og_url":"https:\/\/www.africa-press.net\/cotedivoire\/politique\/mobilisation-du-mja-rhdp-pour-alassane-ouattara","og_site_name":"C\u00f4te d&#039;Ivoire","article_published_time":"2025-08-24T19:58:45+00:00","article_modified_time":"2025-08-24T20:08:32+00:00","og_image":[{"width":720,"height":405,"url":"https:\/\/static.africa-press.net\/cote\/sites\/43\/2025\/08\/sm_1756053493.193745.jpg","type":"image\/jpeg"}],"author":"cfeditorfr","twitter_card":"summary_large_image","twitter_misc":{"\u00c9crit par":"cfeditorfr","Dur\u00e9e de lecture estim\u00e9e":"3 minutes"},"schema":{"@context":"https:\/\/schema.org","@graph":[{"@type":"Article","@id":"https:\/\/www.africa-press.net\/cotedivoire\/politique\/mobilisation-du-mja-rhdp-pour-alassane-ouattara#article","isPartOf":{"@id":"https:\/\/www.africa-press.net\/cotedivoire\/politique\/mobilisation-du-mja-rhdp-pour-alassane-ouattara"},"author":{"name":"cfeditorfr","@id":"https:\/\/www.africa-press.net\/cotedivoire\/#\/schema\/person\/2b1cf3cd81a31e3cd26889ca66d677f1"},"headline":"Mobilisation du MJA-RHDP pour Alassane Ouattara","datePublished":"2025-08-24T19:58:45+00:00","dateModified":"2025-08-24T20:08:32+00:00","mainEntityOfPage":{"@id":"https:\/\/www.africa-press.net\/cotedivoire\/politique\/mobilisation-du-mja-rhdp-pour-alassane-ouattara"},"wordCount":586,"commentCount":0,"image":{"@id":"https:\/\/www.africa-press.net\/cotedivoire\/politique\/mobilisation-du-mja-rhdp-pour-alassane-ouattara#primaryimage"},"thumbnailUrl":"https:\/\/static.africa-press.net\/cote\/sites\/43\/2025\/08\/sm_1756053493.193745.jpg","keywords":["Abidjan 2025","Alassane Ouattara","C\u00d4TE D'IVOIRE","\u00c9lections","Jeunesse Atchan","mobilisation","pr\u00e9sidentielles","RHDP-MJA"],"articleSection":["Politique","Toutes les actualit\u00e9s"],"inLanguage":"fr-FR","potentialAction":[{"@type":"CommentAction","name":"Comment","target":["https:\/\/www.africa-press.net\/cotedivoire\/politique\/mobilisation-du-mja-rhdp-pour-alassane-ouattara#respond"]}]},{"@type":"WebPage","@id":"https:\/\/www.africa-press.net\/cotedivoire\/politique\/mobilisation-du-mja-rhdp-pour-alassane-ouattara","url":"https:\/\/www.africa-press.net\/cotedivoire\/politique\/mobilisation-du-mja-rhdp-pour-alassane-ouattara","name":"Mobilisation du MJA-RHDP pour Alassane Ouattara - C\u00f4te d&#039;Ivoire","isPartOf":{"@id":"https:\/\/www.africa-press.net\/cotedivoire\/#website"},"primaryImageOfPage":{"@id":"https:\/\/www.africa-press.net\/cotedivoire\/politique\/mobilisation-du-mja-rhdp-pour-alassane-ouattara#primaryimage"},"image":{"@id":"https:\/\/www.africa-press.net\/cotedivoire\/politique\/mobilisation-du-mja-rhdp-pour-alassane-ouattara#primaryimage"},"thumbnailUrl":"https:\/\/static.africa-press.net\/cote\/sites\/43\/2025\/08\/sm_1756053493.193745.jpg","datePublished":"2025-08-24T19:58:45+00:00","dateModified":"2025-08-24T20:08:32+00:00","author":{"@id":"https:\/\/www.africa-press.net\/cotedivoire\/#\/schema\/person\/2b1cf3cd81a31e3cd26889ca66d677f1"},"description":"Dans une atmosphe\u0300re empreinte de de\u0301termination et de ferveur politique, le Mouvement des Jeunes Atchan RHDP (MJA-RHDP) ...","breadcrumb":{"@id":"https:\/\/www.africa-press.net\/cotedivoire\/politique\/mobilisation-du-mja-rhdp-pour-alassane-ouattara#breadcrumb"},"inLanguage":"fr-FR","potentialAction":[{"@type":"ReadAction","target":["https:\/\/www.africa-press.net\/cotedivoire\/politique\/mobilisation-du-mja-rhdp-pour-alassane-ouattara"]}]},{"@type":"ImageObject","inLanguage":"fr-FR","@id":"https:\/\/www.africa-press.net\/cotedivoire\/politique\/mobilisation-du-mja-rhdp-pour-alassane-ouattara#primaryimage","url":"https:\/\/static.africa-press.net\/cote\/sites\/43\/2025\/08\/sm_1756053493.193745.jpg","contentUrl":"https:\/\/static.africa-press.net\/cote\/sites\/43\/2025\/08\/sm_1756053493.193745.jpg","width":720,"height":405,"caption":"Mobilisation du MJA-RHDP pour Alassane Ouattara"},{"@type":"BreadcrumbList","@id":"https:\/\/www.africa-press.net\/cotedivoire\/politique\/mobilisation-du-mja-rhdp-pour-alassane-ouattara#breadcrumb","itemListElement":[{"@type":"ListItem","position":1,"name":"Accueil","item":"https:\/\/www.africa-press.net\/cotedivoire\/"},{"@type":"ListItem","position":2,"name":"Mobilisation du MJA-RHDP pour Alassane Ouattara"}]},{"@type":"WebSite","@id":"https:\/\/www.africa-press.net\/cotedivoire\/#website","url":"https:\/\/www.africa-press.net\/cotedivoire\/","name":"C\u00f4te d&#039;Ivoire","description":"Just another Africa News Agency Sites site","potentialAction":[{"@type":"SearchAction","target":{"@type":"EntryPoint","urlTemplate":"https:\/\/www.africa-press.net\/cotedivoire\/?s={search_term_string}"},"query-input":{"@type":"PropertyValueSpecification","valueRequired":true,"valueName":"search_term_string"}}],"inLanguage":"fr-FR"},{"@type":"Person","@id":"https:\/\/www.africa-press.net\/cotedivoire\/#\/schema\/person\/2b1cf3cd81a31e3cd26889ca66d677f1","name":"cfeditorfr"}]}},"_links":{"self":[{"href":"https:\/\/www.africa-press.net\/cotedivoire\/wp-json\/wp\/v2\/posts\/104162","targetHints":{"allow":["GET"]}}],"collection":[{"href":"https:\/\/www.africa-press.net\/cotedivoire\/wp-json\/wp\/v2\/posts"}],"about":[{"href":"https:\/\/www.africa-press.net\/cotedivoire\/wp-json\/wp\/v2\/types\/post"}],"author":[{"embeddable":true,"href":"https:\/\/www.africa-press.net\/cotedivoire\/wp-json\/wp\/v2\/users\/82"}],"replies":[{"embeddable":true,"href":"https:\/\/www.africa-press.net\/cotedivoire\/wp-json\/wp\/v2\/comments?post=104162"}],"version-history":[{"count":0,"href":"https:\/\/www.africa-press.net\/cotedivoire\/wp-json\/wp\/v2\/posts\/104162\/revisions"}],"wp:featuredmedia":[{"embeddable":true,"href":"https:\/\/www.africa-press.net\/cotedivoire\/wp-json\/wp\/v2\/media\/104161"}],"wp:attachment":[{"href":"https:\/\/www.africa-press.net\/cotedivoire\/wp-json\/wp\/v2\/media?parent=104162"}],"wp:term":[{"taxonomy":"category","embeddable":true,"href":"https:\/\/www.africa-press.net\/cotedivoire\/wp-json\/wp\/v2\/categories?post=104162"},{"taxonomy":"post_tag","embeddable":true,"href":"https:\/\/www.africa-press.net\/cotedivoire\/wp-json\/wp\/v2\/tags?post=104162"}],"curies":[{"name":"wp","href":"https:\/\/api.w.org\/{rel}","templated":true}]}}