{"id":104176,"date":"2025-08-25T14:42:22","date_gmt":"2025-08-25T14:42:22","guid":{"rendered":"https:\/\/www.africa-press.net\/cotedivoire\/politique\/nzianouan-lancement-festival-miklowo-pour-unir-jeunesse"},"modified":"2025-08-25T14:59:17","modified_gmt":"2025-08-25T14:59:17","slug":"nzianouan-lancement-festival-miklowo-pour-unir-jeunesse","status":"publish","type":"post","link":"https:\/\/www.africa-press.net\/cotedivoire\/culture-et-art\/nzianouan-lancement-festival-miklowo-pour-unir-jeunesse","title":{"rendered":"N&rsquo;Zianouan Lancement Festival Mikl\u00f4w\u00f4 Pour Unir Jeunesse"},"content":{"rendered":"<p><span style=\"color: #ff6600\"><strong>Africa-Press &#8211; C\u00f4te d&rsquo;Ivoire. <\/strong><\/span>La localite\u0301 de N\u2019Zianouan, situe\u0301e a\u0300 une vingtaine de kilome\u0300tres de Tiassale\u0301 et a\u0300 120 km d\u2019Abidjan, a franchi un cap important dans la valorisation de son patrimoine. Le dimanche 24 aou\u0302t 2025, elle a lance\u0301 la toute premie\u0300re e\u0301dition du Festival N\u2019Zianouan Miklo\u0302wo\u0302 (FEN\u2019ZI), autour du the\u0300me: \u00ab Jeunesse et entrepreneuriat, facteur de cohe\u0301sion sociale \u00bb.<\/p>\n<p>Place\u0301 sous le haut patronage du ministre de la Sante\u0301, de l\u2019Hygie\u0300ne publique et de la Couverture Maladie Universelle, Pierre N\u2019Gou Dimba, ce nouvel e\u0301ve\u0301nement culturel et e\u0301conomique vise a\u0300 promouvoir les richesses culturelles, touristiques et humaines de la re\u0301gion.<\/p>\n<p>La ce\u0301re\u0301monie d\u2019ouverture, marque\u0301e par une forte mobilisation populaire, s\u2019est tenue en pre\u0301sence de nombreuses autorite\u0301s politiques, administratives, coutumie\u0300res et d\u2019invite\u0301s venus d\u2019horizons divers.<\/p>\n<p>Pour Jacques Ibrahim Diallo, commissaire ge\u0301ne\u0301ral du FEN\u2019ZI, ce festival se veut bien plus qu\u2019un simple rassemblement festif: \u00ab Le FEN\u2019ZI est une aventure humaine et sociale. Il offre une tribune d\u2019expression, d\u2019e\u0301changes et d\u2019inspiration pour la jeunesse et l\u2019ensemble de la population. \u00bb<\/p>\n<p>Son message de remerciement a\u0300 la population a souligne\u0301 l\u2019adhe\u0301sion massive des habitants, te\u0301moignant d\u2019un re\u0301el engouement pour cette initiative ine\u0301dite.<\/p>\n<p>Le pays invite\u0301 d\u2019honneur pour cette premie\u0300re e\u0301dition e\u0301tait le Burkina Faso, repre\u0301sente\u0301 par une de\u0301le\u0301gation conduite par Kabore\u0301 Daouda, repre\u0301sentant du consul adjoint Tema Bationo.<\/p>\n<p>Ce dernier a salue\u0301 la fraternite\u0301 entre les deux peuples: \u00ab Notre pre\u0301sence a\u0300 N\u2019Zianouan refle\u0300te la solidarite\u0301 et les liens profonds entre la Co\u0302te d\u2019Ivoire et le Burkina Faso. J\u2019invite tous les Burkinabe\u0300 vivant ici a\u0300 renforcer cette belle cohabitation. \u00bb<\/p>\n<p>Repre\u0301sentant le ministre Pierre N\u2019Gou Dimba, Isidore Koffi, Directeur ge\u0301ne\u0301ral adjoint de la Sante\u0301, a exprime\u0301 la reconnaissance du ministe\u0300re envers tous les acteurs implique\u0301s dans l\u2019organisation. Il a aussi encourage\u0301 les communaute\u0301s locales a\u0300 continuer de cultiver un climat de paix, de cohe\u0301sion sociale et de vivre-ensemble.<\/p>\n<p>La ce\u0301re\u0301monie d\u2019ouverture s\u2019est conclue par la traditionnelle coupure de ruban, marquant le lancement officiel du festival. Des prestations musicales, des danses traditionnelles et des expositions artisanales ont anime\u0301 cette premie\u0300re journe\u0301e festive.<\/p>\n<p>Le Festival N\u2019Zianouan Miklo\u0302wo\u0302 se de\u0301roulera jusqu\u2019au 30 aou\u0302t 2025. Il ambitionne de devenir un rendez-vous annuel incontournable, consacre\u0301 a\u0300 la promotion de la jeunesse, a\u0300 l\u2019entrepreneuriat local et a\u0300 la mise en valeur du riche patrimoine culturel de N\u2019Zianouan.<\/p>\n<p><strong>Pour plus d&rsquo;informations et d&rsquo;analyses sur la <span style=\"color: #ff6600\">C\u00f4te d&rsquo;Ivoire<\/span>, suivez <span style=\"color: #ff6600\">Africa-Press<\/span><\/strong><\/p>\n","protected":false},"excerpt":{"rendered":"<p>Africa-Press &#8211; C\u00f4te d&rsquo;Ivoire. La localite\u0301 de N\u2019Zianouan, situe\u0301e a\u0300 une vingtaine de kilome\u0300tres de Tiassale\u0301 et a\u0300 120 km d\u2019Abidjan, a franchi un cap important dans la valorisation de son patrimoine. Le dimanche 24 aou\u0302t 2025, elle a lance\u0301 la toute premie\u0300re e\u0301dition du Festival N\u2019Zianouan Miklo\u0302wo\u0302 (FEN\u2019ZI), autour du the\u0300me: \u00ab Jeunesse et [&hellip;]<\/p>\n","protected":false},"author":82,"featured_media":104175,"comment_status":"open","ping_status":"closed","sticky":false,"template":"","format":"standard","meta":{"footnotes":""},"categories":[5,10],"tags":[115,3107,29,18561,2943,18560,2307,2611,7817,7882,427,2846],"class_list":["post-104176","post","type-post","status-publish","format-standard","has-post-thumbnail","hentry","category-culture-et-art","category-toutes-les-actualites","tag-burkina-faso","tag-cohesion","tag-cote-divoire","tag-culture-ivoirienne","tag-entrepreneuriat","tag-fenzi-2025","tag-festival","tag-jeunesse","tag-local","tag-nzianouan","tag-patrimoine","tag-sociale"],"yoast_head":"<!-- This site is optimized with the Yoast SEO Premium plugin v26.1 (Yoast SEO v27.0) - https:\/\/yoast.com\/product\/yoast-seo-premium-wordpress\/ -->\n<title>N&#039;Zianouan Lancement Festival Mikl\u00f4w\u00f4 Pour Unir Jeunesse - C\u00f4te d&#039;Ivoire<\/title>\n<meta name=\"description\" content=\"La localite\u0301 de N\u2019Zianouan, situe\u0301e a\u0300 une vingtaine de kilome\u0300tres de Tiassale\u0301 et a\u0300 120 km d\u2019Abidjan, a franchi un ca ...\" \/>\n<meta name=\"robots\" content=\"index, follow, max-snippet:-1, max-image-preview:large, max-video-preview:-1\" \/>\n<link rel=\"canonical\" href=\"https:\/\/www.africa-press.net\/cotedivoire\/culture-et-art\/nzianouan-lancement-festival-miklowo-pour-unir-jeunesse\" \/>\n<meta property=\"og:locale\" content=\"fr_FR\" \/>\n<meta property=\"og:type\" content=\"article\" \/>\n<meta property=\"og:title\" content=\"N&#039;Zianouan Lancement Festival Mikl\u00f4w\u00f4 Pour Unir Jeunesse\" \/>\n<meta property=\"og:description\" content=\"La localite\u0301 de N\u2019Zianouan, situe\u0301e a\u0300 une vingtaine de kilome\u0300tres de Tiassale\u0301 et a\u0300 120 km d\u2019Abidjan, a franchi un ca ...\" \/>\n<meta property=\"og:url\" content=\"https:\/\/www.africa-press.net\/cotedivoire\/culture-et-art\/nzianouan-lancement-festival-miklowo-pour-unir-jeunesse\" \/>\n<meta property=\"og:site_name\" content=\"C\u00f4te d&#039;Ivoire\" \/>\n<meta property=\"article:published_time\" content=\"2025-08-25T14:42:22+00:00\" \/>\n<meta property=\"article:modified_time\" content=\"2025-08-25T14:59:17+00:00\" \/>\n<meta property=\"og:image\" content=\"https:\/\/static.africa-press.net\/cote\/sites\/43\/2025\/08\/sm_1756121252.95182.jpg\" \/>\n\t<meta property=\"og:image:width\" content=\"720\" \/>\n\t<meta property=\"og:image:height\" content=\"480\" \/>\n\t<meta property=\"og:image:type\" content=\"image\/jpeg\" \/>\n<meta name=\"author\" content=\"cfeditorfr\" \/>\n<meta name=\"twitter:card\" content=\"summary_large_image\" \/>\n<meta name=\"twitter:label1\" content=\"\u00c9crit par\" \/>\n\t<meta name=\"twitter:data1\" content=\"cfeditorfr\" \/>\n\t<meta name=\"twitter:label2\" content=\"Dur\u00e9e de lecture estim\u00e9e\" \/>\n\t<meta name=\"twitter:data2\" content=\"2 minutes\" \/>\n<script type=\"application\/ld+json\" class=\"yoast-schema-graph\">{\"@context\":\"https:\/\/schema.org\",\"@graph\":[{\"@type\":\"Article\",\"@id\":\"https:\/\/www.africa-press.net\/cotedivoire\/culture-et-art\/nzianouan-lancement-festival-miklowo-pour-unir-jeunesse#article\",\"isPartOf\":{\"@id\":\"https:\/\/www.africa-press.net\/cotedivoire\/culture-et-art\/nzianouan-lancement-festival-miklowo-pour-unir-jeunesse\"},\"author\":{\"name\":\"cfeditorfr\",\"@id\":\"https:\/\/www.africa-press.net\/cotedivoire\/#\/schema\/person\/2b1cf3cd81a31e3cd26889ca66d677f1\"},\"headline\":\"N&rsquo;Zianouan Lancement Festival Mikl\u00f4w\u00f4 Pour Unir Jeunesse\",\"datePublished\":\"2025-08-25T14:42:22+00:00\",\"dateModified\":\"2025-08-25T14:59:17+00:00\",\"mainEntityOfPage\":{\"@id\":\"https:\/\/www.africa-press.net\/cotedivoire\/culture-et-art\/nzianouan-lancement-festival-miklowo-pour-unir-jeunesse\"},\"wordCount\":476,\"commentCount\":0,\"image\":{\"@id\":\"https:\/\/www.africa-press.net\/cotedivoire\/culture-et-art\/nzianouan-lancement-festival-miklowo-pour-unir-jeunesse#primaryimage\"},\"thumbnailUrl\":\"https:\/\/static.africa-press.net\/cote\/sites\/43\/2025\/08\/sm_1756121252.95182.jpg\",\"keywords\":[\"Burkina Faso\",\"coh\u00e9sion\",\"C\u00d4TE D'IVOIRE\",\"culture ivoirienne\",\"entrepreneuriat\",\"FEN'ZI 2025\",\"Festival\",\"jeunesse\",\"local\",\"N'Zianouan\",\"patrimoine\",\"sociale\"],\"articleSection\":[\"Culture et Art\",\"Toutes les actualit\u00e9s\"],\"inLanguage\":\"fr-FR\",\"potentialAction\":[{\"@type\":\"CommentAction\",\"name\":\"Comment\",\"target\":[\"https:\/\/www.africa-press.net\/cotedivoire\/culture-et-art\/nzianouan-lancement-festival-miklowo-pour-unir-jeunesse#respond\"]}]},{\"@type\":\"WebPage\",\"@id\":\"https:\/\/www.africa-press.net\/cotedivoire\/culture-et-art\/nzianouan-lancement-festival-miklowo-pour-unir-jeunesse\",\"url\":\"https:\/\/www.africa-press.net\/cotedivoire\/culture-et-art\/nzianouan-lancement-festival-miklowo-pour-unir-jeunesse\",\"name\":\"N'Zianouan Lancement Festival Mikl\u00f4w\u00f4 Pour Unir Jeunesse - C\u00f4te d&#039;Ivoire\",\"isPartOf\":{\"@id\":\"https:\/\/www.africa-press.net\/cotedivoire\/#website\"},\"primaryImageOfPage\":{\"@id\":\"https:\/\/www.africa-press.net\/cotedivoire\/culture-et-art\/nzianouan-lancement-festival-miklowo-pour-unir-jeunesse#primaryimage\"},\"image\":{\"@id\":\"https:\/\/www.africa-press.net\/cotedivoire\/culture-et-art\/nzianouan-lancement-festival-miklowo-pour-unir-jeunesse#primaryimage\"},\"thumbnailUrl\":\"https:\/\/static.africa-press.net\/cote\/sites\/43\/2025\/08\/sm_1756121252.95182.jpg\",\"datePublished\":\"2025-08-25T14:42:22+00:00\",\"dateModified\":\"2025-08-25T14:59:17+00:00\",\"author\":{\"@id\":\"https:\/\/www.africa-press.net\/cotedivoire\/#\/schema\/person\/2b1cf3cd81a31e3cd26889ca66d677f1\"},\"description\":\"La localite\u0301 de N\u2019Zianouan, situe\u0301e a\u0300 une vingtaine de kilome\u0300tres de Tiassale\u0301 et a\u0300 120 km d\u2019Abidjan, a franchi un ca ...\",\"breadcrumb\":{\"@id\":\"https:\/\/www.africa-press.net\/cotedivoire\/culture-et-art\/nzianouan-lancement-festival-miklowo-pour-unir-jeunesse#breadcrumb\"},\"inLanguage\":\"fr-FR\",\"potentialAction\":[{\"@type\":\"ReadAction\",\"target\":[\"https:\/\/www.africa-press.net\/cotedivoire\/culture-et-art\/nzianouan-lancement-festival-miklowo-pour-unir-jeunesse\"]}]},{\"@type\":\"ImageObject\",\"inLanguage\":\"fr-FR\",\"@id\":\"https:\/\/www.africa-press.net\/cotedivoire\/culture-et-art\/nzianouan-lancement-festival-miklowo-pour-unir-jeunesse#primaryimage\",\"url\":\"https:\/\/static.africa-press.net\/cote\/sites\/43\/2025\/08\/sm_1756121252.95182.jpg\",\"contentUrl\":\"https:\/\/static.africa-press.net\/cote\/sites\/43\/2025\/08\/sm_1756121252.95182.jpg\",\"width\":720,\"height\":480,\"caption\":\"N'Zianouan Lancement Festival Mikl\u00f4w\u00f4 Pour Unir Jeunesse\"},{\"@type\":\"BreadcrumbList\",\"@id\":\"https:\/\/www.africa-press.net\/cotedivoire\/culture-et-art\/nzianouan-lancement-festival-miklowo-pour-unir-jeunesse#breadcrumb\",\"itemListElement\":[{\"@type\":\"ListItem\",\"position\":1,\"name\":\"Accueil\",\"item\":\"https:\/\/www.africa-press.net\/cotedivoire\/\"},{\"@type\":\"ListItem\",\"position\":2,\"name\":\"N&#8217;Zianouan Lancement Festival Mikl\u00f4w\u00f4 Pour Unir Jeunesse\"}]},{\"@type\":\"WebSite\",\"@id\":\"https:\/\/www.africa-press.net\/cotedivoire\/#website\",\"url\":\"https:\/\/www.africa-press.net\/cotedivoire\/\",\"name\":\"C\u00f4te d&#039;Ivoire\",\"description\":\"Just another Africa News Agency Sites site\",\"potentialAction\":[{\"@type\":\"SearchAction\",\"target\":{\"@type\":\"EntryPoint\",\"urlTemplate\":\"https:\/\/www.africa-press.net\/cotedivoire\/?s={search_term_string}\"},\"query-input\":{\"@type\":\"PropertyValueSpecification\",\"valueRequired\":true,\"valueName\":\"search_term_string\"}}],\"inLanguage\":\"fr-FR\"},{\"@type\":\"Person\",\"@id\":\"https:\/\/www.africa-press.net\/cotedivoire\/#\/schema\/person\/2b1cf3cd81a31e3cd26889ca66d677f1\",\"name\":\"cfeditorfr\"}]}<\/script>\n<!-- \/ Yoast SEO Premium plugin. -->","yoast_head_json":{"title":"N'Zianouan Lancement Festival Mikl\u00f4w\u00f4 Pour Unir Jeunesse - C\u00f4te d&#039;Ivoire","description":"La localite\u0301 de N\u2019Zianouan, situe\u0301e a\u0300 une vingtaine de kilome\u0300tres de Tiassale\u0301 et a\u0300 120 km d\u2019Abidjan, a franchi un ca ...","robots":{"index":"index","follow":"follow","max-snippet":"max-snippet:-1","max-image-preview":"max-image-preview:large","max-video-preview":"max-video-preview:-1"},"canonical":"https:\/\/www.africa-press.net\/cotedivoire\/culture-et-art\/nzianouan-lancement-festival-miklowo-pour-unir-jeunesse","og_locale":"fr_FR","og_type":"article","og_title":"N'Zianouan Lancement Festival Mikl\u00f4w\u00f4 Pour Unir Jeunesse","og_description":"La localite\u0301 de N\u2019Zianouan, situe\u0301e a\u0300 une vingtaine de kilome\u0300tres de Tiassale\u0301 et a\u0300 120 km d\u2019Abidjan, a franchi un ca ...","og_url":"https:\/\/www.africa-press.net\/cotedivoire\/culture-et-art\/nzianouan-lancement-festival-miklowo-pour-unir-jeunesse","og_site_name":"C\u00f4te d&#039;Ivoire","article_published_time":"2025-08-25T14:42:22+00:00","article_modified_time":"2025-08-25T14:59:17+00:00","og_image":[{"width":720,"height":480,"url":"https:\/\/static.africa-press.net\/cote\/sites\/43\/2025\/08\/sm_1756121252.95182.jpg","type":"image\/jpeg"}],"author":"cfeditorfr","twitter_card":"summary_large_image","twitter_misc":{"\u00c9crit par":"cfeditorfr","Dur\u00e9e de lecture estim\u00e9e":"2 minutes"},"schema":{"@context":"https:\/\/schema.org","@graph":[{"@type":"Article","@id":"https:\/\/www.africa-press.net\/cotedivoire\/culture-et-art\/nzianouan-lancement-festival-miklowo-pour-unir-jeunesse#article","isPartOf":{"@id":"https:\/\/www.africa-press.net\/cotedivoire\/culture-et-art\/nzianouan-lancement-festival-miklowo-pour-unir-jeunesse"},"author":{"name":"cfeditorfr","@id":"https:\/\/www.africa-press.net\/cotedivoire\/#\/schema\/person\/2b1cf3cd81a31e3cd26889ca66d677f1"},"headline":"N&rsquo;Zianouan Lancement Festival Mikl\u00f4w\u00f4 Pour Unir Jeunesse","datePublished":"2025-08-25T14:42:22+00:00","dateModified":"2025-08-25T14:59:17+00:00","mainEntityOfPage":{"@id":"https:\/\/www.africa-press.net\/cotedivoire\/culture-et-art\/nzianouan-lancement-festival-miklowo-pour-unir-jeunesse"},"wordCount":476,"commentCount":0,"image":{"@id":"https:\/\/www.africa-press.net\/cotedivoire\/culture-et-art\/nzianouan-lancement-festival-miklowo-pour-unir-jeunesse#primaryimage"},"thumbnailUrl":"https:\/\/static.africa-press.net\/cote\/sites\/43\/2025\/08\/sm_1756121252.95182.jpg","keywords":["Burkina Faso","coh\u00e9sion","C\u00d4TE D'IVOIRE","culture ivoirienne","entrepreneuriat","FEN'ZI 2025","Festival","jeunesse","local","N'Zianouan","patrimoine","sociale"],"articleSection":["Culture et Art","Toutes les actualit\u00e9s"],"inLanguage":"fr-FR","potentialAction":[{"@type":"CommentAction","name":"Comment","target":["https:\/\/www.africa-press.net\/cotedivoire\/culture-et-art\/nzianouan-lancement-festival-miklowo-pour-unir-jeunesse#respond"]}]},{"@type":"WebPage","@id":"https:\/\/www.africa-press.net\/cotedivoire\/culture-et-art\/nzianouan-lancement-festival-miklowo-pour-unir-jeunesse","url":"https:\/\/www.africa-press.net\/cotedivoire\/culture-et-art\/nzianouan-lancement-festival-miklowo-pour-unir-jeunesse","name":"N'Zianouan Lancement Festival Mikl\u00f4w\u00f4 Pour Unir Jeunesse - C\u00f4te d&#039;Ivoire","isPartOf":{"@id":"https:\/\/www.africa-press.net\/cotedivoire\/#website"},"primaryImageOfPage":{"@id":"https:\/\/www.africa-press.net\/cotedivoire\/culture-et-art\/nzianouan-lancement-festival-miklowo-pour-unir-jeunesse#primaryimage"},"image":{"@id":"https:\/\/www.africa-press.net\/cotedivoire\/culture-et-art\/nzianouan-lancement-festival-miklowo-pour-unir-jeunesse#primaryimage"},"thumbnailUrl":"https:\/\/static.africa-press.net\/cote\/sites\/43\/2025\/08\/sm_1756121252.95182.jpg","datePublished":"2025-08-25T14:42:22+00:00","dateModified":"2025-08-25T14:59:17+00:00","author":{"@id":"https:\/\/www.africa-press.net\/cotedivoire\/#\/schema\/person\/2b1cf3cd81a31e3cd26889ca66d677f1"},"description":"La localite\u0301 de N\u2019Zianouan, situe\u0301e a\u0300 une vingtaine de kilome\u0300tres de Tiassale\u0301 et a\u0300 120 km d\u2019Abidjan, a franchi un ca ...","breadcrumb":{"@id":"https:\/\/www.africa-press.net\/cotedivoire\/culture-et-art\/nzianouan-lancement-festival-miklowo-pour-unir-jeunesse#breadcrumb"},"inLanguage":"fr-FR","potentialAction":[{"@type":"ReadAction","target":["https:\/\/www.africa-press.net\/cotedivoire\/culture-et-art\/nzianouan-lancement-festival-miklowo-pour-unir-jeunesse"]}]},{"@type":"ImageObject","inLanguage":"fr-FR","@id":"https:\/\/www.africa-press.net\/cotedivoire\/culture-et-art\/nzianouan-lancement-festival-miklowo-pour-unir-jeunesse#primaryimage","url":"https:\/\/static.africa-press.net\/cote\/sites\/43\/2025\/08\/sm_1756121252.95182.jpg","contentUrl":"https:\/\/static.africa-press.net\/cote\/sites\/43\/2025\/08\/sm_1756121252.95182.jpg","width":720,"height":480,"caption":"N'Zianouan Lancement Festival Mikl\u00f4w\u00f4 Pour Unir Jeunesse"},{"@type":"BreadcrumbList","@id":"https:\/\/www.africa-press.net\/cotedivoire\/culture-et-art\/nzianouan-lancement-festival-miklowo-pour-unir-jeunesse#breadcrumb","itemListElement":[{"@type":"ListItem","position":1,"name":"Accueil","item":"https:\/\/www.africa-press.net\/cotedivoire\/"},{"@type":"ListItem","position":2,"name":"N&#8217;Zianouan Lancement Festival Mikl\u00f4w\u00f4 Pour Unir Jeunesse"}]},{"@type":"WebSite","@id":"https:\/\/www.africa-press.net\/cotedivoire\/#website","url":"https:\/\/www.africa-press.net\/cotedivoire\/","name":"C\u00f4te d&#039;Ivoire","description":"Just another Africa News Agency Sites site","potentialAction":[{"@type":"SearchAction","target":{"@type":"EntryPoint","urlTemplate":"https:\/\/www.africa-press.net\/cotedivoire\/?s={search_term_string}"},"query-input":{"@type":"PropertyValueSpecification","valueRequired":true,"valueName":"search_term_string"}}],"inLanguage":"fr-FR"},{"@type":"Person","@id":"https:\/\/www.africa-press.net\/cotedivoire\/#\/schema\/person\/2b1cf3cd81a31e3cd26889ca66d677f1","name":"cfeditorfr"}]}},"_links":{"self":[{"href":"https:\/\/www.africa-press.net\/cotedivoire\/wp-json\/wp\/v2\/posts\/104176","targetHints":{"allow":["GET"]}}],"collection":[{"href":"https:\/\/www.africa-press.net\/cotedivoire\/wp-json\/wp\/v2\/posts"}],"about":[{"href":"https:\/\/www.africa-press.net\/cotedivoire\/wp-json\/wp\/v2\/types\/post"}],"author":[{"embeddable":true,"href":"https:\/\/www.africa-press.net\/cotedivoire\/wp-json\/wp\/v2\/users\/82"}],"replies":[{"embeddable":true,"href":"https:\/\/www.africa-press.net\/cotedivoire\/wp-json\/wp\/v2\/comments?post=104176"}],"version-history":[{"count":0,"href":"https:\/\/www.africa-press.net\/cotedivoire\/wp-json\/wp\/v2\/posts\/104176\/revisions"}],"wp:featuredmedia":[{"embeddable":true,"href":"https:\/\/www.africa-press.net\/cotedivoire\/wp-json\/wp\/v2\/media\/104175"}],"wp:attachment":[{"href":"https:\/\/www.africa-press.net\/cotedivoire\/wp-json\/wp\/v2\/media?parent=104176"}],"wp:term":[{"taxonomy":"category","embeddable":true,"href":"https:\/\/www.africa-press.net\/cotedivoire\/wp-json\/wp\/v2\/categories?post=104176"},{"taxonomy":"post_tag","embeddable":true,"href":"https:\/\/www.africa-press.net\/cotedivoire\/wp-json\/wp\/v2\/tags?post=104176"}],"curies":[{"name":"wp","href":"https:\/\/api.w.org\/{rel}","templated":true}]}}