{"id":104286,"date":"2025-08-27T19:23:05","date_gmt":"2025-08-27T19:23:05","guid":{"rendered":"https:\/\/www.africa-press.net\/cotedivoire\/politique\/ouattara-le-houphouet-boigny-des-temps-modernes"},"modified":"2025-08-27T19:43:08","modified_gmt":"2025-08-27T19:43:08","slug":"ouattara-le-houphouet-boigny-des-temps-modernes","status":"publish","type":"post","link":"https:\/\/www.africa-press.net\/cotedivoire\/politique\/ouattara-le-houphouet-boigny-des-temps-modernes","title":{"rendered":"Ouattara, Le Houphou\u00ebt-Boigny des Temps Modernes"},"content":{"rendered":"<p><span style=\"color: #ff6600\"><strong>Africa-Press &#8211; C\u00f4te d&rsquo;Ivoire. <\/strong><\/span>Venus e\u0302tre te\u0301moins privile\u0301gie\u0301s du nouvel engagement d\u2019Alassane Ouattara, candidat a\u0300 sa propre succession, des cadres du RHDP ont exprime\u0301, ce mardi 26 aou\u0302t, leur satisfaction et leur soutien au pre\u0301sident sortant.<\/p>\n<p>Pour les militants venus nombreux de toutes les communes du district d\u2019Abidjan et de l\u2019inte\u0301rieur du pays, cette candidature est celle de \u00ab l\u2019espoir, de la continuite\u0301 et du de\u0301veloppement \u00bb.<\/p>\n<p>Au premier rang des soutiens, Kone\u0301 The\u0301four, ancien proche de Guillaume Soro, ne cache pas son enthousiasme.<\/p>\n<p>\u00ab Ce matin, nous sommes la\u0300 pour te\u0301moigner notre affection et notre soutien au pre\u0301sident Alassane Ouattara \u00bb, lance-t-il d\u2019une voix vibrante.<\/p>\n<p>Pour lui, l\u2019annonce de cette candidature est un ve\u0301ritable \u00ab sacrifice \u00bb pour consolider la paix et le de\u0301veloppement du pays.<\/p>\n<p>\u00ab Lors du deuxie\u0300me congre\u0300s, nous l\u2019avions supplie\u0301 de se repre\u0301senter. Il avait pris du recul avant d\u2019accepter, et cette annonce a libe\u0301re\u0301 tout un peuple. Aujourd\u2019hui, nous sommes convaincus qu\u2019il est le Houphoue\u0308t-Boigny des temps modernes, le pre\u0301sident du de\u0301veloppement, du partage et de la paix \u00bb, marte\u0300le celui qui fut un adversaire coriace de feu Hamed Bakayoko lors des municipales de 2020 a\u0300 Abobo.<\/p>\n<p>Interroge\u0301 sur son divorce de\u0301finitif avec son ancien camp politique, The\u0301four tranche sans de\u0301tour: \u00ab Depuis le 19 mars 2025, lorsque j\u2019ai de\u0301clare\u0301 mon retour au RHDP, je travaille uniquement pour la re\u0301e\u0301lection du pre\u0301sident Alassane Ouattara et pour renforcer ce grand parti \u00bb, affirme-t-il.<\/p>\n<p>Pour d\u2019autres militants, ce de\u0301po\u0302t de candidature n\u2019est pas seulement une formalite\u0301 administrative, mais \u00ab un moment historique \u00bb.<\/p>\n<p>Ouattara Siaka, permanent au sie\u0300ge du parti a\u0300 la rue Lepic, re\u0301sume le sentiment ge\u0301ne\u0301ral: \u00ab Nous sommes ici pour accompagner notre candidat dans une e\u0301tape de\u0301cisive. Sa candidature est la meilleure, celle de la continuite\u0301 et du de\u0301veloppement. Depuis 6 heures du matin, nous sommes mobilise\u0301s pour e\u0302tre te\u0301moins de ce de\u0301po\u0302t, le de\u0301po\u0302t de la cohe\u0301sion et du de\u0301veloppement \u00bb, souligne-t-il, insistant sur le respect des re\u0300gles de\u0301mocratiques, avant d\u2019appeler a\u0300 des e\u0301lections apaise\u0301es.<\/p>\n<p>\u00ab En de\u0301mocratie, il y a toujours un perdant et un gagnant. On respecte les re\u0300gles. Il ne faut pas e\u0301couter les pyromanes. Nous devons tous e\u0302tre des pompiers pour pre\u0301server cette Co\u0302te d\u2019Ivoire qui est belle et qui fait notre fierte\u0301 \u00bb, recommande Ouattara Siaka.<\/p>\n<p>Pendant toute la dure\u0301e du passage du candidat Ouattara, les militants de son parti scandaient des slogans en faveur de leur \u00ab champion \u00bb.<\/p>\n<p>Pour beaucoup, Ouattara incarne la stabilite\u0301 et le progre\u0300s e\u0301conomique du pays. Entre banderoles et cris de joie, le de\u0301po\u0302t de candidature s\u2019est transforme\u0301 en ve\u0301ritable de\u0301monstration de force du RHDP, bien de\u0301cide\u0301 a\u0300 conserver les re\u0302nes du pouvoir lors du scrutin pre\u0301vu le 25 octobre prochain.<\/p>\n<p>Avec cette officialisation, la bataille e\u0301lectorale est de\u0301sormais lance\u0301e, me\u0302me si Ouattara qui file tout droit vers un nouveau mandat, n&rsquo;a, au constat, vraiment pas grand chose en face..Dans une Co\u0302te d&rsquo;Ivoire en croissance, paix, se\u0301curite\u0301, stabilite\u0301 et continuite\u0301 semblent satisfaire a\u0300 grande e\u0301chelle.<\/p>\n<p><strong>Pour plus d&rsquo;informations et d&rsquo;analyses sur la <span style=\"color: #ff6600\">C\u00f4te d&rsquo;Ivoire<\/span>, suivez <span style=\"color: #ff6600\">Africa-Press<\/span><\/strong><\/p>\n","protected":false},"excerpt":{"rendered":"<p>Africa-Press &#8211; C\u00f4te d&rsquo;Ivoire. Venus e\u0302tre te\u0301moins privile\u0301gie\u0301s du nouvel engagement d\u2019Alassane Ouattara, candidat a\u0300 sa propre succession, des cadres du RHDP ont exprime\u0301, ce mardi 26 aou\u0302t, leur satisfaction et leur soutien au pre\u0301sident sortant. Pour les militants venus nombreux de toutes les communes du district d\u2019Abidjan et de l\u2019inte\u0301rieur du pays, cette candidature [&hellip;]<\/p>\n","protected":false},"author":82,"featured_media":104285,"comment_status":"open","ping_status":"closed","sticky":false,"template":"","format":"standard","meta":{"footnotes":""},"categories":[2,10],"tags":[9840,745,29,1583,41,7257,18591,600,60,371],"class_list":["post-104286","post","type-post","status-publish","format-standard","has-post-thumbnail","hentry","category-politique","category-toutes-les-actualites","tag-apaisees","tag-candidature","tag-cote-divoire","tag-developpement","tag-elections","tag-ivoirienne","tag-ouattara-2025","tag-paix","tag-politique","tag-rhdp"],"yoast_head":"<!-- This site is optimized with the Yoast SEO Premium plugin v26.1 (Yoast SEO v27.0) - https:\/\/yoast.com\/product\/yoast-seo-premium-wordpress\/ -->\n<title>Ouattara, Le Houphou\u00ebt-Boigny des Temps Modernes - C\u00f4te d&#039;Ivoire<\/title>\n<meta name=\"description\" content=\"Venus e\u0302tre te\u0301moins privile\u0301gie\u0301s du nouvel engagement d\u2019Alassane Ouattara, candidat a\u0300 sa propre succession, des cadre ...\" \/>\n<meta name=\"robots\" content=\"index, follow, max-snippet:-1, max-image-preview:large, max-video-preview:-1\" \/>\n<link rel=\"canonical\" href=\"https:\/\/www.africa-press.net\/cotedivoire\/politique\/ouattara-le-houphouet-boigny-des-temps-modernes\" \/>\n<meta property=\"og:locale\" content=\"fr_FR\" \/>\n<meta property=\"og:type\" content=\"article\" \/>\n<meta property=\"og:title\" content=\"Ouattara, Le Houphou\u00ebt-Boigny des Temps Modernes\" \/>\n<meta property=\"og:description\" content=\"Venus e\u0302tre te\u0301moins privile\u0301gie\u0301s du nouvel engagement d\u2019Alassane Ouattara, candidat a\u0300 sa propre succession, des cadre ...\" \/>\n<meta property=\"og:url\" content=\"https:\/\/www.africa-press.net\/cotedivoire\/politique\/ouattara-le-houphouet-boigny-des-temps-modernes\" \/>\n<meta property=\"og:site_name\" content=\"C\u00f4te d&#039;Ivoire\" \/>\n<meta property=\"article:published_time\" content=\"2025-08-27T19:23:05+00:00\" \/>\n<meta property=\"article:modified_time\" content=\"2025-08-27T19:43:08+00:00\" \/>\n<meta property=\"og:image\" content=\"https:\/\/static.africa-press.net\/cote\/sites\/43\/2025\/08\/sm_1756311157.223474.jpg\" \/>\n\t<meta property=\"og:image:width\" content=\"720\" \/>\n\t<meta property=\"og:image:height\" content=\"364\" \/>\n\t<meta property=\"og:image:type\" content=\"image\/jpeg\" \/>\n<meta name=\"author\" content=\"cfeditorfr\" \/>\n<meta name=\"twitter:card\" content=\"summary_large_image\" \/>\n<meta name=\"twitter:label1\" content=\"\u00c9crit par\" \/>\n\t<meta name=\"twitter:data1\" content=\"cfeditorfr\" \/>\n\t<meta name=\"twitter:label2\" content=\"Dur\u00e9e de lecture estim\u00e9e\" \/>\n\t<meta name=\"twitter:data2\" content=\"3 minutes\" \/>\n<script type=\"application\/ld+json\" class=\"yoast-schema-graph\">{\"@context\":\"https:\/\/schema.org\",\"@graph\":[{\"@type\":\"Article\",\"@id\":\"https:\/\/www.africa-press.net\/cotedivoire\/politique\/ouattara-le-houphouet-boigny-des-temps-modernes#article\",\"isPartOf\":{\"@id\":\"https:\/\/www.africa-press.net\/cotedivoire\/politique\/ouattara-le-houphouet-boigny-des-temps-modernes\"},\"author\":{\"name\":\"cfeditorfr\",\"@id\":\"https:\/\/www.africa-press.net\/cotedivoire\/#\/schema\/person\/2b1cf3cd81a31e3cd26889ca66d677f1\"},\"headline\":\"Ouattara, Le Houphou\u00ebt-Boigny des Temps Modernes\",\"datePublished\":\"2025-08-27T19:23:05+00:00\",\"dateModified\":\"2025-08-27T19:43:08+00:00\",\"mainEntityOfPage\":{\"@id\":\"https:\/\/www.africa-press.net\/cotedivoire\/politique\/ouattara-le-houphouet-boigny-des-temps-modernes\"},\"wordCount\":586,\"commentCount\":0,\"image\":{\"@id\":\"https:\/\/www.africa-press.net\/cotedivoire\/politique\/ouattara-le-houphouet-boigny-des-temps-modernes#primaryimage\"},\"thumbnailUrl\":\"https:\/\/static.africa-press.net\/cote\/sites\/43\/2025\/08\/sm_1756311157.223474.jpg\",\"keywords\":[\"apais\u00e9es\",\"candidature\",\"C\u00d4TE D'IVOIRE\",\"d\u00e9veloppement\",\"\u00c9lections\",\"ivoirienne\",\"Ouattara 2025\",\"paix\",\"Politique\",\"RHDP\"],\"articleSection\":[\"Politique\",\"Toutes les actualit\u00e9s\"],\"inLanguage\":\"fr-FR\",\"potentialAction\":[{\"@type\":\"CommentAction\",\"name\":\"Comment\",\"target\":[\"https:\/\/www.africa-press.net\/cotedivoire\/politique\/ouattara-le-houphouet-boigny-des-temps-modernes#respond\"]}]},{\"@type\":\"WebPage\",\"@id\":\"https:\/\/www.africa-press.net\/cotedivoire\/politique\/ouattara-le-houphouet-boigny-des-temps-modernes\",\"url\":\"https:\/\/www.africa-press.net\/cotedivoire\/politique\/ouattara-le-houphouet-boigny-des-temps-modernes\",\"name\":\"Ouattara, Le Houphou\u00ebt-Boigny des Temps Modernes - C\u00f4te d&#039;Ivoire\",\"isPartOf\":{\"@id\":\"https:\/\/www.africa-press.net\/cotedivoire\/#website\"},\"primaryImageOfPage\":{\"@id\":\"https:\/\/www.africa-press.net\/cotedivoire\/politique\/ouattara-le-houphouet-boigny-des-temps-modernes#primaryimage\"},\"image\":{\"@id\":\"https:\/\/www.africa-press.net\/cotedivoire\/politique\/ouattara-le-houphouet-boigny-des-temps-modernes#primaryimage\"},\"thumbnailUrl\":\"https:\/\/static.africa-press.net\/cote\/sites\/43\/2025\/08\/sm_1756311157.223474.jpg\",\"datePublished\":\"2025-08-27T19:23:05+00:00\",\"dateModified\":\"2025-08-27T19:43:08+00:00\",\"author\":{\"@id\":\"https:\/\/www.africa-press.net\/cotedivoire\/#\/schema\/person\/2b1cf3cd81a31e3cd26889ca66d677f1\"},\"description\":\"Venus e\u0302tre te\u0301moins privile\u0301gie\u0301s du nouvel engagement d\u2019Alassane Ouattara, candidat a\u0300 sa propre succession, des cadre ...\",\"breadcrumb\":{\"@id\":\"https:\/\/www.africa-press.net\/cotedivoire\/politique\/ouattara-le-houphouet-boigny-des-temps-modernes#breadcrumb\"},\"inLanguage\":\"fr-FR\",\"potentialAction\":[{\"@type\":\"ReadAction\",\"target\":[\"https:\/\/www.africa-press.net\/cotedivoire\/politique\/ouattara-le-houphouet-boigny-des-temps-modernes\"]}]},{\"@type\":\"ImageObject\",\"inLanguage\":\"fr-FR\",\"@id\":\"https:\/\/www.africa-press.net\/cotedivoire\/politique\/ouattara-le-houphouet-boigny-des-temps-modernes#primaryimage\",\"url\":\"https:\/\/static.africa-press.net\/cote\/sites\/43\/2025\/08\/sm_1756311157.223474.jpg\",\"contentUrl\":\"https:\/\/static.africa-press.net\/cote\/sites\/43\/2025\/08\/sm_1756311157.223474.jpg\",\"width\":720,\"height\":364,\"caption\":\"Ouattara, Le Houphou\u00ebt-Boigny des Temps Modernes\"},{\"@type\":\"BreadcrumbList\",\"@id\":\"https:\/\/www.africa-press.net\/cotedivoire\/politique\/ouattara-le-houphouet-boigny-des-temps-modernes#breadcrumb\",\"itemListElement\":[{\"@type\":\"ListItem\",\"position\":1,\"name\":\"Accueil\",\"item\":\"https:\/\/www.africa-press.net\/cotedivoire\/\"},{\"@type\":\"ListItem\",\"position\":2,\"name\":\"Ouattara, Le Houphou\u00ebt-Boigny des Temps Modernes\"}]},{\"@type\":\"WebSite\",\"@id\":\"https:\/\/www.africa-press.net\/cotedivoire\/#website\",\"url\":\"https:\/\/www.africa-press.net\/cotedivoire\/\",\"name\":\"C\u00f4te d&#039;Ivoire\",\"description\":\"Just another Africa News Agency Sites site\",\"potentialAction\":[{\"@type\":\"SearchAction\",\"target\":{\"@type\":\"EntryPoint\",\"urlTemplate\":\"https:\/\/www.africa-press.net\/cotedivoire\/?s={search_term_string}\"},\"query-input\":{\"@type\":\"PropertyValueSpecification\",\"valueRequired\":true,\"valueName\":\"search_term_string\"}}],\"inLanguage\":\"fr-FR\"},{\"@type\":\"Person\",\"@id\":\"https:\/\/www.africa-press.net\/cotedivoire\/#\/schema\/person\/2b1cf3cd81a31e3cd26889ca66d677f1\",\"name\":\"cfeditorfr\"}]}<\/script>\n<!-- \/ Yoast SEO Premium plugin. -->","yoast_head_json":{"title":"Ouattara, Le Houphou\u00ebt-Boigny des Temps Modernes - C\u00f4te d&#039;Ivoire","description":"Venus e\u0302tre te\u0301moins privile\u0301gie\u0301s du nouvel engagement d\u2019Alassane Ouattara, candidat a\u0300 sa propre succession, des cadre ...","robots":{"index":"index","follow":"follow","max-snippet":"max-snippet:-1","max-image-preview":"max-image-preview:large","max-video-preview":"max-video-preview:-1"},"canonical":"https:\/\/www.africa-press.net\/cotedivoire\/politique\/ouattara-le-houphouet-boigny-des-temps-modernes","og_locale":"fr_FR","og_type":"article","og_title":"Ouattara, Le Houphou\u00ebt-Boigny des Temps Modernes","og_description":"Venus e\u0302tre te\u0301moins privile\u0301gie\u0301s du nouvel engagement d\u2019Alassane Ouattara, candidat a\u0300 sa propre succession, des cadre ...","og_url":"https:\/\/www.africa-press.net\/cotedivoire\/politique\/ouattara-le-houphouet-boigny-des-temps-modernes","og_site_name":"C\u00f4te d&#039;Ivoire","article_published_time":"2025-08-27T19:23:05+00:00","article_modified_time":"2025-08-27T19:43:08+00:00","og_image":[{"width":720,"height":364,"url":"https:\/\/static.africa-press.net\/cote\/sites\/43\/2025\/08\/sm_1756311157.223474.jpg","type":"image\/jpeg"}],"author":"cfeditorfr","twitter_card":"summary_large_image","twitter_misc":{"\u00c9crit par":"cfeditorfr","Dur\u00e9e de lecture estim\u00e9e":"3 minutes"},"schema":{"@context":"https:\/\/schema.org","@graph":[{"@type":"Article","@id":"https:\/\/www.africa-press.net\/cotedivoire\/politique\/ouattara-le-houphouet-boigny-des-temps-modernes#article","isPartOf":{"@id":"https:\/\/www.africa-press.net\/cotedivoire\/politique\/ouattara-le-houphouet-boigny-des-temps-modernes"},"author":{"name":"cfeditorfr","@id":"https:\/\/www.africa-press.net\/cotedivoire\/#\/schema\/person\/2b1cf3cd81a31e3cd26889ca66d677f1"},"headline":"Ouattara, Le Houphou\u00ebt-Boigny des Temps Modernes","datePublished":"2025-08-27T19:23:05+00:00","dateModified":"2025-08-27T19:43:08+00:00","mainEntityOfPage":{"@id":"https:\/\/www.africa-press.net\/cotedivoire\/politique\/ouattara-le-houphouet-boigny-des-temps-modernes"},"wordCount":586,"commentCount":0,"image":{"@id":"https:\/\/www.africa-press.net\/cotedivoire\/politique\/ouattara-le-houphouet-boigny-des-temps-modernes#primaryimage"},"thumbnailUrl":"https:\/\/static.africa-press.net\/cote\/sites\/43\/2025\/08\/sm_1756311157.223474.jpg","keywords":["apais\u00e9es","candidature","C\u00d4TE D'IVOIRE","d\u00e9veloppement","\u00c9lections","ivoirienne","Ouattara 2025","paix","Politique","RHDP"],"articleSection":["Politique","Toutes les actualit\u00e9s"],"inLanguage":"fr-FR","potentialAction":[{"@type":"CommentAction","name":"Comment","target":["https:\/\/www.africa-press.net\/cotedivoire\/politique\/ouattara-le-houphouet-boigny-des-temps-modernes#respond"]}]},{"@type":"WebPage","@id":"https:\/\/www.africa-press.net\/cotedivoire\/politique\/ouattara-le-houphouet-boigny-des-temps-modernes","url":"https:\/\/www.africa-press.net\/cotedivoire\/politique\/ouattara-le-houphouet-boigny-des-temps-modernes","name":"Ouattara, Le Houphou\u00ebt-Boigny des Temps Modernes - C\u00f4te d&#039;Ivoire","isPartOf":{"@id":"https:\/\/www.africa-press.net\/cotedivoire\/#website"},"primaryImageOfPage":{"@id":"https:\/\/www.africa-press.net\/cotedivoire\/politique\/ouattara-le-houphouet-boigny-des-temps-modernes#primaryimage"},"image":{"@id":"https:\/\/www.africa-press.net\/cotedivoire\/politique\/ouattara-le-houphouet-boigny-des-temps-modernes#primaryimage"},"thumbnailUrl":"https:\/\/static.africa-press.net\/cote\/sites\/43\/2025\/08\/sm_1756311157.223474.jpg","datePublished":"2025-08-27T19:23:05+00:00","dateModified":"2025-08-27T19:43:08+00:00","author":{"@id":"https:\/\/www.africa-press.net\/cotedivoire\/#\/schema\/person\/2b1cf3cd81a31e3cd26889ca66d677f1"},"description":"Venus e\u0302tre te\u0301moins privile\u0301gie\u0301s du nouvel engagement d\u2019Alassane Ouattara, candidat a\u0300 sa propre succession, des cadre ...","breadcrumb":{"@id":"https:\/\/www.africa-press.net\/cotedivoire\/politique\/ouattara-le-houphouet-boigny-des-temps-modernes#breadcrumb"},"inLanguage":"fr-FR","potentialAction":[{"@type":"ReadAction","target":["https:\/\/www.africa-press.net\/cotedivoire\/politique\/ouattara-le-houphouet-boigny-des-temps-modernes"]}]},{"@type":"ImageObject","inLanguage":"fr-FR","@id":"https:\/\/www.africa-press.net\/cotedivoire\/politique\/ouattara-le-houphouet-boigny-des-temps-modernes#primaryimage","url":"https:\/\/static.africa-press.net\/cote\/sites\/43\/2025\/08\/sm_1756311157.223474.jpg","contentUrl":"https:\/\/static.africa-press.net\/cote\/sites\/43\/2025\/08\/sm_1756311157.223474.jpg","width":720,"height":364,"caption":"Ouattara, Le Houphou\u00ebt-Boigny des Temps Modernes"},{"@type":"BreadcrumbList","@id":"https:\/\/www.africa-press.net\/cotedivoire\/politique\/ouattara-le-houphouet-boigny-des-temps-modernes#breadcrumb","itemListElement":[{"@type":"ListItem","position":1,"name":"Accueil","item":"https:\/\/www.africa-press.net\/cotedivoire\/"},{"@type":"ListItem","position":2,"name":"Ouattara, Le Houphou\u00ebt-Boigny des Temps Modernes"}]},{"@type":"WebSite","@id":"https:\/\/www.africa-press.net\/cotedivoire\/#website","url":"https:\/\/www.africa-press.net\/cotedivoire\/","name":"C\u00f4te d&#039;Ivoire","description":"Just another Africa News Agency Sites site","potentialAction":[{"@type":"SearchAction","target":{"@type":"EntryPoint","urlTemplate":"https:\/\/www.africa-press.net\/cotedivoire\/?s={search_term_string}"},"query-input":{"@type":"PropertyValueSpecification","valueRequired":true,"valueName":"search_term_string"}}],"inLanguage":"fr-FR"},{"@type":"Person","@id":"https:\/\/www.africa-press.net\/cotedivoire\/#\/schema\/person\/2b1cf3cd81a31e3cd26889ca66d677f1","name":"cfeditorfr"}]}},"_links":{"self":[{"href":"https:\/\/www.africa-press.net\/cotedivoire\/wp-json\/wp\/v2\/posts\/104286","targetHints":{"allow":["GET"]}}],"collection":[{"href":"https:\/\/www.africa-press.net\/cotedivoire\/wp-json\/wp\/v2\/posts"}],"about":[{"href":"https:\/\/www.africa-press.net\/cotedivoire\/wp-json\/wp\/v2\/types\/post"}],"author":[{"embeddable":true,"href":"https:\/\/www.africa-press.net\/cotedivoire\/wp-json\/wp\/v2\/users\/82"}],"replies":[{"embeddable":true,"href":"https:\/\/www.africa-press.net\/cotedivoire\/wp-json\/wp\/v2\/comments?post=104286"}],"version-history":[{"count":0,"href":"https:\/\/www.africa-press.net\/cotedivoire\/wp-json\/wp\/v2\/posts\/104286\/revisions"}],"wp:featuredmedia":[{"embeddable":true,"href":"https:\/\/www.africa-press.net\/cotedivoire\/wp-json\/wp\/v2\/media\/104285"}],"wp:attachment":[{"href":"https:\/\/www.africa-press.net\/cotedivoire\/wp-json\/wp\/v2\/media?parent=104286"}],"wp:term":[{"taxonomy":"category","embeddable":true,"href":"https:\/\/www.africa-press.net\/cotedivoire\/wp-json\/wp\/v2\/categories?post=104286"},{"taxonomy":"post_tag","embeddable":true,"href":"https:\/\/www.africa-press.net\/cotedivoire\/wp-json\/wp\/v2\/tags?post=104286"}],"curies":[{"name":"wp","href":"https:\/\/api.w.org\/{rel}","templated":true}]}}