{"id":10432,"date":"2021-07-27T13:22:08","date_gmt":"2021-07-27T13:22:08","guid":{"rendered":"https:\/\/www.africa-press.net\/cotedivoire\/?p=10432"},"modified":"2021-07-27T19:14:40","modified_gmt":"2021-07-27T19:14:40","slug":"rencontre-entre-alassane-ouattara-et-laurent-gbagbo-la-derniere-fois-quils-se-sont-vus","status":"publish","type":"post","link":"https:\/\/www.africa-press.net\/cotedivoire\/dossiers\/rencontre-entre-alassane-ouattara-et-laurent-gbagbo-la-derniere-fois-quils-se-sont-vus","title":{"rendered":"Rencontre entre Alassane Ouattara et Laurent Gbagbo : la derni\u00e8re fois qu\u2019ils se sont vus"},"content":{"rendered":"<p><span style=\"color: #ff6600\"><strong><a href=\"https:\/\/www.africa-press.net\/\">Africa-Press<\/a> &#8211; <a href=\"https:\/\/www.africa-press.net\/cotedivoire\">C\u00f4te d&rsquo;Ivoire<\/a>. <\/strong><\/span>Alassane Ouattara re\u00e7oit Laurent Gbagbo le 27 juillet. La derni\u00e8re fois que les deux hommes se sont rencontr\u00e9s, c\u2019\u00e9tait le 25 novembre 2010, \u00e0 l\u2019occasion d\u2019un d\u00e9bat t\u00e9l\u00e9vis\u00e9 sans concession avant le second tour de la pr\u00e9sidentielle. Retour sur une rencontre tout aussi historique.<\/p>\n<p>Rendez-vous \u00e9tait donn\u00e9 le 25 novembre 2010, \u00e0 21h sur la RTI. \u00c0 21h01, le journaliste Pascal Aka Brou est en direct sur les petits \u00e9crans. Ce soir-l\u00e0, les rues sont calmes \u00e0 Abidjan. Les Ivoiriens attendent avec impatience le face-\u00e0-face entre Laurent Gbagbo, candidat FPI \u00e0 sa propre succession, et Alassane Ouattara du RDR, soutenu par le RHDP. Une premi\u00e8re dans l\u2019histoire du pays.<\/p>\n<p>Sur le plateau, Pascal Aka Brou a le ton solennel. Il salue les deux concurrents et \u00e9gr\u00e8ne les r\u00e8gles d\u2019un d\u00e9bat dont la tenue \u00e9tait incertaine jusqu\u2019\u00e0 la derni\u00e8re minute. \u00ab Nous n\u2019\u00e9tions pas s\u00fbrs que les deux candidats allaient \u00eatre pr\u00e9sents, se souvient-il. La rumeur avait couru que Alassane Ouattara ne viendrait pas car il n\u2019appr\u00e9ciait pas la position debout qui avait \u00e9t\u00e9 demand\u00e9e. Laurent Gbagbo, lui, est arriv\u00e9 en avance et \u00e9tait au maquillage.<\/p>\n<p>Puis, dix minutes avant le d\u00e9but de l\u2019\u00e9mission, Alassane Ouattara est arriv\u00e9, d\u00e9j\u00e0 maquill\u00e9. \u00bb Une rumeur qui, aujourd\u2019hui encore, fait sourire dans l\u2019entourage du pr\u00e9sident. \u00ab Il se disait qu\u2019il avait mal au dos et qu\u2019il ne pourrait pas tenir la dur\u00e9e du d\u00e9bat. Il a prouv\u00e9 le contraire. Le pr\u00e9sident n\u2019avait aucun souci avec cette consigne \u00bb, d\u00e9ment un de ses proches.<\/p>\n<p>Dans la salle, les \u00e9quipes des deux candidats sont pr\u00e9sentes. Elles ont eu une semaine pour pr\u00e9parer ce rendez-vous, \u00e0 l\u2019initiative du Conseil national de la communication audiovisuelle (CNCA). Un pool r\u00e9unissant la t\u00e9l\u00e9vision nationale ainsi que le minist\u00e8re de la Communication avait pr\u00e9par\u00e9 minutieusement le d\u00e9roul\u00e9 ainsi que les questions \u00e0 aborder. Cinq th\u00e8mes avaient \u00e9t\u00e9 retenus : la politique nationale, la d\u00e9fense et la s\u00e9curit\u00e9, l\u2019\u00e9conomie, la politique \u00e9trang\u00e8re et les questions de soci\u00e9t\u00e9. Dur\u00e9e des \u00e9changes : deux heures et quinze minutes.<\/p>\n<p><b>\u00a0<\/b><\/p>\n","protected":false},"excerpt":{"rendered":"<p>Africa-Press &#8211; C\u00f4te d&rsquo;Ivoire. Alassane Ouattara re\u00e7oit Laurent Gbagbo le 27 juillet. La derni\u00e8re fois que les deux hommes se sont rencontr\u00e9s, c\u2019\u00e9tait le 25 novembre 2010, \u00e0 l\u2019occasion d\u2019un d\u00e9bat t\u00e9l\u00e9vis\u00e9 sans concession avant le second tour de la pr\u00e9sidentielle. Retour sur une rencontre tout aussi historique. Rendez-vous \u00e9tait donn\u00e9 le 25 novembre 2010, [&hellip;]<\/p>\n","protected":false},"author":82,"featured_media":10431,"comment_status":"open","ping_status":"closed","sticky":false,"template":"","format":"standard","meta":{"footnotes":""},"categories":[7,11,10],"tags":[56,63,29],"class_list":["post-10432","post","type-post","status-publish","format-standard","has-post-thumbnail","hentry","category-dossiers","category-homepage-french","category-toutes-les-actualites","tag-africa-press","tag-africa-press-cote-divoire","tag-cote-divoire"],"yoast_head":"<!-- This site is optimized with the Yoast SEO Premium plugin v26.1 (Yoast SEO v27.0) - https:\/\/yoast.com\/product\/yoast-seo-premium-wordpress\/ -->\n<title>Rencontre entre Alassane Ouattara et Laurent Gbagbo : la derni\u00e8re fois qu\u2019ils se sont vus - C\u00f4te d&#039;Ivoire<\/title>\n<meta name=\"description\" content=\"Alassane Ouattara re\u00e7oit Laurent Gbagbo le 27 juillet. La derni\u00e8re fois que les deux hommes se sont rencontr\u00e9s, c\u2019\u00e9tait ...\" \/>\n<meta name=\"robots\" content=\"index, follow, max-snippet:-1, max-image-preview:large, max-video-preview:-1\" \/>\n<link rel=\"canonical\" href=\"https:\/\/www.africa-press.net\/cotedivoire\/dossiers\/rencontre-entre-alassane-ouattara-et-laurent-gbagbo-la-derniere-fois-quils-se-sont-vus\" \/>\n<meta property=\"og:locale\" content=\"fr_FR\" \/>\n<meta property=\"og:type\" content=\"article\" \/>\n<meta property=\"og:title\" content=\"Rencontre entre Alassane Ouattara et Laurent Gbagbo : la derni\u00e8re fois qu\u2019ils se sont vus\" \/>\n<meta property=\"og:description\" content=\"Alassane Ouattara re\u00e7oit Laurent Gbagbo le 27 juillet. La derni\u00e8re fois que les deux hommes se sont rencontr\u00e9s, c\u2019\u00e9tait ...\" \/>\n<meta property=\"og:url\" content=\"https:\/\/www.africa-press.net\/cotedivoire\/dossiers\/rencontre-entre-alassane-ouattara-et-laurent-gbagbo-la-derniere-fois-quils-se-sont-vus\" \/>\n<meta property=\"og:site_name\" content=\"C\u00f4te d&#039;Ivoire\" \/>\n<meta property=\"article:published_time\" content=\"2021-07-27T13:22:08+00:00\" \/>\n<meta property=\"article:modified_time\" content=\"2021-07-27T19:14:40+00:00\" \/>\n<meta property=\"og:image\" content=\"https:\/\/static.africa-press.net\/cote\/sites\/43\/2021\/07\/img-610001309a41d.jpg\" \/>\n\t<meta property=\"og:image:width\" content=\"720\" \/>\n\t<meta property=\"og:image:height\" content=\"360\" \/>\n\t<meta property=\"og:image:type\" content=\"image\/jpeg\" \/>\n<meta name=\"author\" content=\"cfeditorfr\" \/>\n<meta name=\"twitter:card\" content=\"summary_large_image\" \/>\n<meta name=\"twitter:label1\" content=\"\u00c9crit par\" \/>\n\t<meta name=\"twitter:data1\" content=\"cfeditorfr\" \/>\n\t<meta name=\"twitter:label2\" content=\"Dur\u00e9e de lecture estim\u00e9e\" \/>\n\t<meta name=\"twitter:data2\" content=\"2 minutes\" \/>\n<script type=\"application\/ld+json\" class=\"yoast-schema-graph\">{\"@context\":\"https:\/\/schema.org\",\"@graph\":[{\"@type\":\"Article\",\"@id\":\"https:\/\/www.africa-press.net\/cotedivoire\/dossiers\/rencontre-entre-alassane-ouattara-et-laurent-gbagbo-la-derniere-fois-quils-se-sont-vus#article\",\"isPartOf\":{\"@id\":\"https:\/\/www.africa-press.net\/cotedivoire\/dossiers\/rencontre-entre-alassane-ouattara-et-laurent-gbagbo-la-derniere-fois-quils-se-sont-vus\"},\"author\":{\"name\":\"cfeditorfr\",\"@id\":\"https:\/\/www.africa-press.net\/cotedivoire\/#\/schema\/person\/2b1cf3cd81a31e3cd26889ca66d677f1\"},\"headline\":\"Rencontre entre Alassane Ouattara et Laurent Gbagbo : la derni\u00e8re fois qu\u2019ils se sont vus\",\"datePublished\":\"2021-07-27T13:22:08+00:00\",\"dateModified\":\"2021-07-27T19:14:40+00:00\",\"mainEntityOfPage\":{\"@id\":\"https:\/\/www.africa-press.net\/cotedivoire\/dossiers\/rencontre-entre-alassane-ouattara-et-laurent-gbagbo-la-derniere-fois-quils-se-sont-vus\"},\"wordCount\":391,\"commentCount\":0,\"image\":{\"@id\":\"https:\/\/www.africa-press.net\/cotedivoire\/dossiers\/rencontre-entre-alassane-ouattara-et-laurent-gbagbo-la-derniere-fois-quils-se-sont-vus#primaryimage\"},\"thumbnailUrl\":\"https:\/\/static.africa-press.net\/cote\/sites\/43\/2021\/07\/img-610001309a41d.jpg\",\"keywords\":[\"Africa Press\",\"Africa Press-C\u00f4te d'Ivoire\",\"C\u00d4TE D'IVOIRE\"],\"articleSection\":[\"Dossiers\",\"homepage-french\",\"Toutes les actualit\u00e9s\"],\"inLanguage\":\"fr-FR\",\"potentialAction\":[{\"@type\":\"CommentAction\",\"name\":\"Comment\",\"target\":[\"https:\/\/www.africa-press.net\/cotedivoire\/dossiers\/rencontre-entre-alassane-ouattara-et-laurent-gbagbo-la-derniere-fois-quils-se-sont-vus#respond\"]}]},{\"@type\":\"WebPage\",\"@id\":\"https:\/\/www.africa-press.net\/cotedivoire\/dossiers\/rencontre-entre-alassane-ouattara-et-laurent-gbagbo-la-derniere-fois-quils-se-sont-vus\",\"url\":\"https:\/\/www.africa-press.net\/cotedivoire\/dossiers\/rencontre-entre-alassane-ouattara-et-laurent-gbagbo-la-derniere-fois-quils-se-sont-vus\",\"name\":\"Rencontre entre Alassane Ouattara et Laurent Gbagbo : la derni\u00e8re fois qu\u2019ils se sont vus - C\u00f4te d&#039;Ivoire\",\"isPartOf\":{\"@id\":\"https:\/\/www.africa-press.net\/cotedivoire\/#website\"},\"primaryImageOfPage\":{\"@id\":\"https:\/\/www.africa-press.net\/cotedivoire\/dossiers\/rencontre-entre-alassane-ouattara-et-laurent-gbagbo-la-derniere-fois-quils-se-sont-vus#primaryimage\"},\"image\":{\"@id\":\"https:\/\/www.africa-press.net\/cotedivoire\/dossiers\/rencontre-entre-alassane-ouattara-et-laurent-gbagbo-la-derniere-fois-quils-se-sont-vus#primaryimage\"},\"thumbnailUrl\":\"https:\/\/static.africa-press.net\/cote\/sites\/43\/2021\/07\/img-610001309a41d.jpg\",\"datePublished\":\"2021-07-27T13:22:08+00:00\",\"dateModified\":\"2021-07-27T19:14:40+00:00\",\"author\":{\"@id\":\"https:\/\/www.africa-press.net\/cotedivoire\/#\/schema\/person\/2b1cf3cd81a31e3cd26889ca66d677f1\"},\"description\":\"Alassane Ouattara re\u00e7oit Laurent Gbagbo le 27 juillet. La derni\u00e8re fois que les deux hommes se sont rencontr\u00e9s, c\u2019\u00e9tait ...\",\"breadcrumb\":{\"@id\":\"https:\/\/www.africa-press.net\/cotedivoire\/dossiers\/rencontre-entre-alassane-ouattara-et-laurent-gbagbo-la-derniere-fois-quils-se-sont-vus#breadcrumb\"},\"inLanguage\":\"fr-FR\",\"potentialAction\":[{\"@type\":\"ReadAction\",\"target\":[\"https:\/\/www.africa-press.net\/cotedivoire\/dossiers\/rencontre-entre-alassane-ouattara-et-laurent-gbagbo-la-derniere-fois-quils-se-sont-vus\"]}]},{\"@type\":\"ImageObject\",\"inLanguage\":\"fr-FR\",\"@id\":\"https:\/\/www.africa-press.net\/cotedivoire\/dossiers\/rencontre-entre-alassane-ouattara-et-laurent-gbagbo-la-derniere-fois-quils-se-sont-vus#primaryimage\",\"url\":\"https:\/\/static.africa-press.net\/cote\/sites\/43\/2021\/07\/img-610001309a41d.jpg\",\"contentUrl\":\"https:\/\/static.africa-press.net\/cote\/sites\/43\/2021\/07\/img-610001309a41d.jpg\",\"width\":720,\"height\":360,\"caption\":\"Rencontre entre Alassane Ouattara et Laurent Gbagbo : la derni\u00e8re fois qu\u2019ils se sont vus\"},{\"@type\":\"BreadcrumbList\",\"@id\":\"https:\/\/www.africa-press.net\/cotedivoire\/dossiers\/rencontre-entre-alassane-ouattara-et-laurent-gbagbo-la-derniere-fois-quils-se-sont-vus#breadcrumb\",\"itemListElement\":[{\"@type\":\"ListItem\",\"position\":1,\"name\":\"Accueil\",\"item\":\"https:\/\/www.africa-press.net\/cotedivoire\/\"},{\"@type\":\"ListItem\",\"position\":2,\"name\":\"Rencontre entre Alassane Ouattara et Laurent Gbagbo : la derni\u00e8re fois qu\u2019ils se sont vus\"}]},{\"@type\":\"WebSite\",\"@id\":\"https:\/\/www.africa-press.net\/cotedivoire\/#website\",\"url\":\"https:\/\/www.africa-press.net\/cotedivoire\/\",\"name\":\"C\u00f4te d&#039;Ivoire\",\"description\":\"Just another Africa News Agency Sites site\",\"potentialAction\":[{\"@type\":\"SearchAction\",\"target\":{\"@type\":\"EntryPoint\",\"urlTemplate\":\"https:\/\/www.africa-press.net\/cotedivoire\/?s={search_term_string}\"},\"query-input\":{\"@type\":\"PropertyValueSpecification\",\"valueRequired\":true,\"valueName\":\"search_term_string\"}}],\"inLanguage\":\"fr-FR\"},{\"@type\":\"Person\",\"@id\":\"https:\/\/www.africa-press.net\/cotedivoire\/#\/schema\/person\/2b1cf3cd81a31e3cd26889ca66d677f1\",\"name\":\"cfeditorfr\"}]}<\/script>\n<!-- \/ Yoast SEO Premium plugin. -->","yoast_head_json":{"title":"Rencontre entre Alassane Ouattara et Laurent Gbagbo : la derni\u00e8re fois qu\u2019ils se sont vus - C\u00f4te d&#039;Ivoire","description":"Alassane Ouattara re\u00e7oit Laurent Gbagbo le 27 juillet. La derni\u00e8re fois que les deux hommes se sont rencontr\u00e9s, c\u2019\u00e9tait ...","robots":{"index":"index","follow":"follow","max-snippet":"max-snippet:-1","max-image-preview":"max-image-preview:large","max-video-preview":"max-video-preview:-1"},"canonical":"https:\/\/www.africa-press.net\/cotedivoire\/dossiers\/rencontre-entre-alassane-ouattara-et-laurent-gbagbo-la-derniere-fois-quils-se-sont-vus","og_locale":"fr_FR","og_type":"article","og_title":"Rencontre entre Alassane Ouattara et Laurent Gbagbo : la derni\u00e8re fois qu\u2019ils se sont vus","og_description":"Alassane Ouattara re\u00e7oit Laurent Gbagbo le 27 juillet. La derni\u00e8re fois que les deux hommes se sont rencontr\u00e9s, c\u2019\u00e9tait ...","og_url":"https:\/\/www.africa-press.net\/cotedivoire\/dossiers\/rencontre-entre-alassane-ouattara-et-laurent-gbagbo-la-derniere-fois-quils-se-sont-vus","og_site_name":"C\u00f4te d&#039;Ivoire","article_published_time":"2021-07-27T13:22:08+00:00","article_modified_time":"2021-07-27T19:14:40+00:00","og_image":[{"width":720,"height":360,"url":"https:\/\/static.africa-press.net\/cote\/sites\/43\/2021\/07\/img-610001309a41d.jpg","type":"image\/jpeg"}],"author":"cfeditorfr","twitter_card":"summary_large_image","twitter_misc":{"\u00c9crit par":"cfeditorfr","Dur\u00e9e de lecture estim\u00e9e":"2 minutes"},"schema":{"@context":"https:\/\/schema.org","@graph":[{"@type":"Article","@id":"https:\/\/www.africa-press.net\/cotedivoire\/dossiers\/rencontre-entre-alassane-ouattara-et-laurent-gbagbo-la-derniere-fois-quils-se-sont-vus#article","isPartOf":{"@id":"https:\/\/www.africa-press.net\/cotedivoire\/dossiers\/rencontre-entre-alassane-ouattara-et-laurent-gbagbo-la-derniere-fois-quils-se-sont-vus"},"author":{"name":"cfeditorfr","@id":"https:\/\/www.africa-press.net\/cotedivoire\/#\/schema\/person\/2b1cf3cd81a31e3cd26889ca66d677f1"},"headline":"Rencontre entre Alassane Ouattara et Laurent Gbagbo : la derni\u00e8re fois qu\u2019ils se sont vus","datePublished":"2021-07-27T13:22:08+00:00","dateModified":"2021-07-27T19:14:40+00:00","mainEntityOfPage":{"@id":"https:\/\/www.africa-press.net\/cotedivoire\/dossiers\/rencontre-entre-alassane-ouattara-et-laurent-gbagbo-la-derniere-fois-quils-se-sont-vus"},"wordCount":391,"commentCount":0,"image":{"@id":"https:\/\/www.africa-press.net\/cotedivoire\/dossiers\/rencontre-entre-alassane-ouattara-et-laurent-gbagbo-la-derniere-fois-quils-se-sont-vus#primaryimage"},"thumbnailUrl":"https:\/\/static.africa-press.net\/cote\/sites\/43\/2021\/07\/img-610001309a41d.jpg","keywords":["Africa Press","Africa Press-C\u00f4te d'Ivoire","C\u00d4TE D'IVOIRE"],"articleSection":["Dossiers","homepage-french","Toutes les actualit\u00e9s"],"inLanguage":"fr-FR","potentialAction":[{"@type":"CommentAction","name":"Comment","target":["https:\/\/www.africa-press.net\/cotedivoire\/dossiers\/rencontre-entre-alassane-ouattara-et-laurent-gbagbo-la-derniere-fois-quils-se-sont-vus#respond"]}]},{"@type":"WebPage","@id":"https:\/\/www.africa-press.net\/cotedivoire\/dossiers\/rencontre-entre-alassane-ouattara-et-laurent-gbagbo-la-derniere-fois-quils-se-sont-vus","url":"https:\/\/www.africa-press.net\/cotedivoire\/dossiers\/rencontre-entre-alassane-ouattara-et-laurent-gbagbo-la-derniere-fois-quils-se-sont-vus","name":"Rencontre entre Alassane Ouattara et Laurent Gbagbo : la derni\u00e8re fois qu\u2019ils se sont vus - C\u00f4te d&#039;Ivoire","isPartOf":{"@id":"https:\/\/www.africa-press.net\/cotedivoire\/#website"},"primaryImageOfPage":{"@id":"https:\/\/www.africa-press.net\/cotedivoire\/dossiers\/rencontre-entre-alassane-ouattara-et-laurent-gbagbo-la-derniere-fois-quils-se-sont-vus#primaryimage"},"image":{"@id":"https:\/\/www.africa-press.net\/cotedivoire\/dossiers\/rencontre-entre-alassane-ouattara-et-laurent-gbagbo-la-derniere-fois-quils-se-sont-vus#primaryimage"},"thumbnailUrl":"https:\/\/static.africa-press.net\/cote\/sites\/43\/2021\/07\/img-610001309a41d.jpg","datePublished":"2021-07-27T13:22:08+00:00","dateModified":"2021-07-27T19:14:40+00:00","author":{"@id":"https:\/\/www.africa-press.net\/cotedivoire\/#\/schema\/person\/2b1cf3cd81a31e3cd26889ca66d677f1"},"description":"Alassane Ouattara re\u00e7oit Laurent Gbagbo le 27 juillet. La derni\u00e8re fois que les deux hommes se sont rencontr\u00e9s, c\u2019\u00e9tait ...","breadcrumb":{"@id":"https:\/\/www.africa-press.net\/cotedivoire\/dossiers\/rencontre-entre-alassane-ouattara-et-laurent-gbagbo-la-derniere-fois-quils-se-sont-vus#breadcrumb"},"inLanguage":"fr-FR","potentialAction":[{"@type":"ReadAction","target":["https:\/\/www.africa-press.net\/cotedivoire\/dossiers\/rencontre-entre-alassane-ouattara-et-laurent-gbagbo-la-derniere-fois-quils-se-sont-vus"]}]},{"@type":"ImageObject","inLanguage":"fr-FR","@id":"https:\/\/www.africa-press.net\/cotedivoire\/dossiers\/rencontre-entre-alassane-ouattara-et-laurent-gbagbo-la-derniere-fois-quils-se-sont-vus#primaryimage","url":"https:\/\/static.africa-press.net\/cote\/sites\/43\/2021\/07\/img-610001309a41d.jpg","contentUrl":"https:\/\/static.africa-press.net\/cote\/sites\/43\/2021\/07\/img-610001309a41d.jpg","width":720,"height":360,"caption":"Rencontre entre Alassane Ouattara et Laurent Gbagbo : la derni\u00e8re fois qu\u2019ils se sont vus"},{"@type":"BreadcrumbList","@id":"https:\/\/www.africa-press.net\/cotedivoire\/dossiers\/rencontre-entre-alassane-ouattara-et-laurent-gbagbo-la-derniere-fois-quils-se-sont-vus#breadcrumb","itemListElement":[{"@type":"ListItem","position":1,"name":"Accueil","item":"https:\/\/www.africa-press.net\/cotedivoire\/"},{"@type":"ListItem","position":2,"name":"Rencontre entre Alassane Ouattara et Laurent Gbagbo : la derni\u00e8re fois qu\u2019ils se sont vus"}]},{"@type":"WebSite","@id":"https:\/\/www.africa-press.net\/cotedivoire\/#website","url":"https:\/\/www.africa-press.net\/cotedivoire\/","name":"C\u00f4te d&#039;Ivoire","description":"Just another Africa News Agency Sites site","potentialAction":[{"@type":"SearchAction","target":{"@type":"EntryPoint","urlTemplate":"https:\/\/www.africa-press.net\/cotedivoire\/?s={search_term_string}"},"query-input":{"@type":"PropertyValueSpecification","valueRequired":true,"valueName":"search_term_string"}}],"inLanguage":"fr-FR"},{"@type":"Person","@id":"https:\/\/www.africa-press.net\/cotedivoire\/#\/schema\/person\/2b1cf3cd81a31e3cd26889ca66d677f1","name":"cfeditorfr"}]}},"_links":{"self":[{"href":"https:\/\/www.africa-press.net\/cotedivoire\/wp-json\/wp\/v2\/posts\/10432","targetHints":{"allow":["GET"]}}],"collection":[{"href":"https:\/\/www.africa-press.net\/cotedivoire\/wp-json\/wp\/v2\/posts"}],"about":[{"href":"https:\/\/www.africa-press.net\/cotedivoire\/wp-json\/wp\/v2\/types\/post"}],"author":[{"embeddable":true,"href":"https:\/\/www.africa-press.net\/cotedivoire\/wp-json\/wp\/v2\/users\/82"}],"replies":[{"embeddable":true,"href":"https:\/\/www.africa-press.net\/cotedivoire\/wp-json\/wp\/v2\/comments?post=10432"}],"version-history":[{"count":0,"href":"https:\/\/www.africa-press.net\/cotedivoire\/wp-json\/wp\/v2\/posts\/10432\/revisions"}],"wp:featuredmedia":[{"embeddable":true,"href":"https:\/\/www.africa-press.net\/cotedivoire\/wp-json\/wp\/v2\/media\/10431"}],"wp:attachment":[{"href":"https:\/\/www.africa-press.net\/cotedivoire\/wp-json\/wp\/v2\/media?parent=10432"}],"wp:term":[{"taxonomy":"category","embeddable":true,"href":"https:\/\/www.africa-press.net\/cotedivoire\/wp-json\/wp\/v2\/categories?post=10432"},{"taxonomy":"post_tag","embeddable":true,"href":"https:\/\/www.africa-press.net\/cotedivoire\/wp-json\/wp\/v2\/tags?post=10432"}],"curies":[{"name":"wp","href":"https:\/\/api.w.org\/{rel}","templated":true}]}}