{"id":104340,"date":"2025-08-28T19:44:56","date_gmt":"2025-08-28T19:44:56","guid":{"rendered":"https:\/\/www.africa-press.net\/cotedivoire\/politique\/sidi-ould-tah-prete-serment-comme-president-du-bad"},"modified":"2025-08-28T19:50:27","modified_gmt":"2025-08-28T19:50:27","slug":"sidi-ould-tah-prete-serment-comme-president-du-bad","status":"publish","type":"post","link":"https:\/\/www.africa-press.net\/cotedivoire\/economie\/sidi-ould-tah-prete-serment-comme-president-du-bad","title":{"rendered":"Sidi Ould Tah Pr\u00eate Serment Comme Pr\u00e9sident du BAD"},"content":{"rendered":"<p><span style=\"color: #ff6600\"><strong>Africa-Press &#8211; C\u00f4te d&rsquo;Ivoire. <\/strong><\/span>Elu le 29 mai 2025 a\u0300 Abidjan par le Conseil des gouverneurs de la Banque africaine de de\u0301veloppement (BAD), le Mauritanien Sidi Ould Tah, devrait pre\u0302ter serment le lundi 1er septembre 2025 a\u0300 Abidjan, a-t-on appris de sources concordantes.<\/p>\n<p>Pour rappel, son e\u0301lection s\u2019e\u0301tait de\u0301roule\u0301e dans le cadre des 60e Assemble\u0301es annuelles de la BAD. Sidi Ould Tah avait alors succe\u0301de\u0301 au Nige\u0301rian Akinwumi Adesina pour un mandat de cinq ans.<\/p>\n<p>Il avait e\u0301te\u0301 e\u0301lu au terme de trois tours de scrutin, Sidi Ould Tah a obtenu 76,18 % des voix, devanc\u0327ant le Zambien Samuel Maimbo (20,26 %) et le Se\u0301ne\u0301galais Amadou Hott (3,55 %). Le Tchadien Mahamat Abbas Tolli et la Sud-Africaine Swazi Tshabalala ont e\u0301te\u0301 e\u0301limine\u0301s aux premiers tours.<\/p>\n<p>Notons que, en plus du soutien son pre\u0301sident Mohamed Ould Ghazouani, il avait e\u0301te\u0301 e\u0301galement be\u0301ne\u0301ficie de celui du pre\u0301sident ivoirien, Alassane Ouattara.<\/p>\n<p>Fort de plus de 30 ans d\u2019expe\u0301rience dans les domaines de l\u2019e\u0301conomie, de la finance et du de\u0301veloppement rural, Sidi Ould Tah occupait jusqu\u2019alors la direction de la Banque arabe pour le de\u0301veloppement e\u0301conomique en Afrique (BADEA), ou\u0300 il a modernise\u0301 l\u2019institution et renforce\u0301 son ro\u0302le en Afrique.<\/p>\n<p>Docteur en e\u0301conomie du de\u0301veloppement, inge\u0301nieur agronome et diplo\u0302me\u0301 en gestion de projets, il a aussi exerce\u0301 des fonctions ministe\u0301rielles en Mauritanie et conseille\u0301 le Premier ministre et le pre\u0301sident de la Re\u0301publique. Son parcours et sa vision ont convaincu les actionnaires africains et non-africains, qui voient en lui un trait d\u2019union entre l\u2019Afrique et le monde arabe.<\/p>\n<p><strong>Pour plus d&rsquo;informations et d&rsquo;analyses sur la <span style=\"color: #ff6600\">C\u00f4te d&rsquo;Ivoire<\/span>, suivez <span style=\"color: #ff6600\">Africa-Press<\/span><\/strong><\/p>\n","protected":false},"excerpt":{"rendered":"<p>Africa-Press &#8211; C\u00f4te d&rsquo;Ivoire. Elu le 29 mai 2025 a\u0300 Abidjan par le Conseil des gouverneurs de la Banque africaine de de\u0301veloppement (BAD), le Mauritanien Sidi Ould Tah, devrait pre\u0302ter serment le lundi 1er septembre 2025 a\u0300 Abidjan, a-t-on appris de sources concordantes. Pour rappel, son e\u0301lection s\u2019e\u0301tait de\u0301roule\u0301e dans le cadre des 60e Assemble\u0301es [&hellip;]<\/p>\n","protected":false},"author":82,"featured_media":104339,"comment_status":"open","ping_status":"closed","sticky":false,"template":"","format":"standard","meta":{"footnotes":""},"categories":[3,10],"tags":[30,2978,875,29,14358,727,7967,7966,14908],"class_list":["post-104340","post","type-post","status-publish","format-standard","has-post-thumbnail","hentry","category-economie","category-toutes-les-actualites","tag-abidjan","tag-akinwumi-adesina","tag-bad","tag-cote-divoire","tag-mohamed-ould-ghazouani","tag-ouattara","tag-prestation","tag-serment","tag-sidi-ould-tah"],"yoast_head":"<!-- This site is optimized with the Yoast SEO Premium plugin v26.1 (Yoast SEO v27.0) - https:\/\/yoast.com\/product\/yoast-seo-premium-wordpress\/ -->\n<title>Sidi Ould Tah Pr\u00eate Serment Comme Pr\u00e9sident du BAD - C\u00f4te d&#039;Ivoire<\/title>\n<meta name=\"description\" content=\"Elu le 29 mai 2025 a\u0300 Abidjan par le Conseil des gouverneurs de la Banque africaine de de\u0301veloppement (BAD), le Mauritan ...\" \/>\n<meta name=\"robots\" content=\"index, follow, max-snippet:-1, max-image-preview:large, max-video-preview:-1\" \/>\n<link rel=\"canonical\" href=\"https:\/\/www.africa-press.net\/cotedivoire\/economie\/sidi-ould-tah-prete-serment-comme-president-du-bad\" \/>\n<meta property=\"og:locale\" content=\"fr_FR\" \/>\n<meta property=\"og:type\" content=\"article\" \/>\n<meta property=\"og:title\" content=\"Sidi Ould Tah Pr\u00eate Serment Comme Pr\u00e9sident du BAD\" \/>\n<meta property=\"og:description\" content=\"Elu le 29 mai 2025 a\u0300 Abidjan par le Conseil des gouverneurs de la Banque africaine de de\u0301veloppement (BAD), le Mauritan ...\" \/>\n<meta property=\"og:url\" content=\"https:\/\/www.africa-press.net\/cotedivoire\/economie\/sidi-ould-tah-prete-serment-comme-president-du-bad\" \/>\n<meta property=\"og:site_name\" content=\"C\u00f4te d&#039;Ivoire\" \/>\n<meta property=\"article:published_time\" content=\"2025-08-28T19:44:56+00:00\" \/>\n<meta property=\"article:modified_time\" content=\"2025-08-28T19:50:27+00:00\" \/>\n<meta property=\"og:image\" content=\"https:\/\/static.africa-press.net\/cote\/sites\/43\/2025\/08\/sm_1756397985.640902.jpg\" \/>\n\t<meta property=\"og:image:width\" content=\"720\" \/>\n\t<meta property=\"og:image:height\" content=\"379\" \/>\n\t<meta property=\"og:image:type\" content=\"image\/jpeg\" \/>\n<meta name=\"author\" content=\"cfeditorfr\" \/>\n<meta name=\"twitter:card\" content=\"summary_large_image\" \/>\n<meta name=\"twitter:label1\" content=\"\u00c9crit par\" \/>\n\t<meta name=\"twitter:data1\" content=\"cfeditorfr\" \/>\n\t<meta name=\"twitter:label2\" content=\"Dur\u00e9e de lecture estim\u00e9e\" \/>\n\t<meta name=\"twitter:data2\" content=\"2 minutes\" \/>\n<script type=\"application\/ld+json\" class=\"yoast-schema-graph\">{\"@context\":\"https:\/\/schema.org\",\"@graph\":[{\"@type\":\"Article\",\"@id\":\"https:\/\/www.africa-press.net\/cotedivoire\/economie\/sidi-ould-tah-prete-serment-comme-president-du-bad#article\",\"isPartOf\":{\"@id\":\"https:\/\/www.africa-press.net\/cotedivoire\/economie\/sidi-ould-tah-prete-serment-comme-president-du-bad\"},\"author\":{\"name\":\"cfeditorfr\",\"@id\":\"https:\/\/www.africa-press.net\/cotedivoire\/#\/schema\/person\/2b1cf3cd81a31e3cd26889ca66d677f1\"},\"headline\":\"Sidi Ould Tah Pr\u00eate Serment Comme Pr\u00e9sident du BAD\",\"datePublished\":\"2025-08-28T19:44:56+00:00\",\"dateModified\":\"2025-08-28T19:50:27+00:00\",\"mainEntityOfPage\":{\"@id\":\"https:\/\/www.africa-press.net\/cotedivoire\/economie\/sidi-ould-tah-prete-serment-comme-president-du-bad\"},\"wordCount\":315,\"commentCount\":0,\"image\":{\"@id\":\"https:\/\/www.africa-press.net\/cotedivoire\/economie\/sidi-ould-tah-prete-serment-comme-president-du-bad#primaryimage\"},\"thumbnailUrl\":\"https:\/\/static.africa-press.net\/cote\/sites\/43\/2025\/08\/sm_1756397985.640902.jpg\",\"keywords\":[\"Abidjan\",\"Akinwumi Adesina\",\"BAD\",\"C\u00d4TE D'IVOIRE\",\"Mohamed Ould Ghazouani\",\"Ouattara\",\"prestation\",\"serment\",\"Sidi Ould Tah\"],\"articleSection\":[\"\u00c9conomie\",\"Toutes les actualit\u00e9s\"],\"inLanguage\":\"fr-FR\",\"potentialAction\":[{\"@type\":\"CommentAction\",\"name\":\"Comment\",\"target\":[\"https:\/\/www.africa-press.net\/cotedivoire\/economie\/sidi-ould-tah-prete-serment-comme-president-du-bad#respond\"]}]},{\"@type\":\"WebPage\",\"@id\":\"https:\/\/www.africa-press.net\/cotedivoire\/economie\/sidi-ould-tah-prete-serment-comme-president-du-bad\",\"url\":\"https:\/\/www.africa-press.net\/cotedivoire\/economie\/sidi-ould-tah-prete-serment-comme-president-du-bad\",\"name\":\"Sidi Ould Tah Pr\u00eate Serment Comme Pr\u00e9sident du BAD - C\u00f4te d&#039;Ivoire\",\"isPartOf\":{\"@id\":\"https:\/\/www.africa-press.net\/cotedivoire\/#website\"},\"primaryImageOfPage\":{\"@id\":\"https:\/\/www.africa-press.net\/cotedivoire\/economie\/sidi-ould-tah-prete-serment-comme-president-du-bad#primaryimage\"},\"image\":{\"@id\":\"https:\/\/www.africa-press.net\/cotedivoire\/economie\/sidi-ould-tah-prete-serment-comme-president-du-bad#primaryimage\"},\"thumbnailUrl\":\"https:\/\/static.africa-press.net\/cote\/sites\/43\/2025\/08\/sm_1756397985.640902.jpg\",\"datePublished\":\"2025-08-28T19:44:56+00:00\",\"dateModified\":\"2025-08-28T19:50:27+00:00\",\"author\":{\"@id\":\"https:\/\/www.africa-press.net\/cotedivoire\/#\/schema\/person\/2b1cf3cd81a31e3cd26889ca66d677f1\"},\"description\":\"Elu le 29 mai 2025 a\u0300 Abidjan par le Conseil des gouverneurs de la Banque africaine de de\u0301veloppement (BAD), le Mauritan ...\",\"breadcrumb\":{\"@id\":\"https:\/\/www.africa-press.net\/cotedivoire\/economie\/sidi-ould-tah-prete-serment-comme-president-du-bad#breadcrumb\"},\"inLanguage\":\"fr-FR\",\"potentialAction\":[{\"@type\":\"ReadAction\",\"target\":[\"https:\/\/www.africa-press.net\/cotedivoire\/economie\/sidi-ould-tah-prete-serment-comme-president-du-bad\"]}]},{\"@type\":\"ImageObject\",\"inLanguage\":\"fr-FR\",\"@id\":\"https:\/\/www.africa-press.net\/cotedivoire\/economie\/sidi-ould-tah-prete-serment-comme-president-du-bad#primaryimage\",\"url\":\"https:\/\/static.africa-press.net\/cote\/sites\/43\/2025\/08\/sm_1756397985.640902.jpg\",\"contentUrl\":\"https:\/\/static.africa-press.net\/cote\/sites\/43\/2025\/08\/sm_1756397985.640902.jpg\",\"width\":720,\"height\":379,\"caption\":\"Sidi Ould Tah Pr\u00eate Serment Comme Pr\u00e9sident du BAD\"},{\"@type\":\"BreadcrumbList\",\"@id\":\"https:\/\/www.africa-press.net\/cotedivoire\/economie\/sidi-ould-tah-prete-serment-comme-president-du-bad#breadcrumb\",\"itemListElement\":[{\"@type\":\"ListItem\",\"position\":1,\"name\":\"Accueil\",\"item\":\"https:\/\/www.africa-press.net\/cotedivoire\/\"},{\"@type\":\"ListItem\",\"position\":2,\"name\":\"Sidi Ould Tah Pr\u00eate Serment Comme Pr\u00e9sident du BAD\"}]},{\"@type\":\"WebSite\",\"@id\":\"https:\/\/www.africa-press.net\/cotedivoire\/#website\",\"url\":\"https:\/\/www.africa-press.net\/cotedivoire\/\",\"name\":\"C\u00f4te d&#039;Ivoire\",\"description\":\"Just another Africa News Agency Sites site\",\"potentialAction\":[{\"@type\":\"SearchAction\",\"target\":{\"@type\":\"EntryPoint\",\"urlTemplate\":\"https:\/\/www.africa-press.net\/cotedivoire\/?s={search_term_string}\"},\"query-input\":{\"@type\":\"PropertyValueSpecification\",\"valueRequired\":true,\"valueName\":\"search_term_string\"}}],\"inLanguage\":\"fr-FR\"},{\"@type\":\"Person\",\"@id\":\"https:\/\/www.africa-press.net\/cotedivoire\/#\/schema\/person\/2b1cf3cd81a31e3cd26889ca66d677f1\",\"name\":\"cfeditorfr\"}]}<\/script>\n<!-- \/ Yoast SEO Premium plugin. -->","yoast_head_json":{"title":"Sidi Ould Tah Pr\u00eate Serment Comme Pr\u00e9sident du BAD - C\u00f4te d&#039;Ivoire","description":"Elu le 29 mai 2025 a\u0300 Abidjan par le Conseil des gouverneurs de la Banque africaine de de\u0301veloppement (BAD), le Mauritan ...","robots":{"index":"index","follow":"follow","max-snippet":"max-snippet:-1","max-image-preview":"max-image-preview:large","max-video-preview":"max-video-preview:-1"},"canonical":"https:\/\/www.africa-press.net\/cotedivoire\/economie\/sidi-ould-tah-prete-serment-comme-president-du-bad","og_locale":"fr_FR","og_type":"article","og_title":"Sidi Ould Tah Pr\u00eate Serment Comme Pr\u00e9sident du BAD","og_description":"Elu le 29 mai 2025 a\u0300 Abidjan par le Conseil des gouverneurs de la Banque africaine de de\u0301veloppement (BAD), le Mauritan ...","og_url":"https:\/\/www.africa-press.net\/cotedivoire\/economie\/sidi-ould-tah-prete-serment-comme-president-du-bad","og_site_name":"C\u00f4te d&#039;Ivoire","article_published_time":"2025-08-28T19:44:56+00:00","article_modified_time":"2025-08-28T19:50:27+00:00","og_image":[{"width":720,"height":379,"url":"https:\/\/static.africa-press.net\/cote\/sites\/43\/2025\/08\/sm_1756397985.640902.jpg","type":"image\/jpeg"}],"author":"cfeditorfr","twitter_card":"summary_large_image","twitter_misc":{"\u00c9crit par":"cfeditorfr","Dur\u00e9e de lecture estim\u00e9e":"2 minutes"},"schema":{"@context":"https:\/\/schema.org","@graph":[{"@type":"Article","@id":"https:\/\/www.africa-press.net\/cotedivoire\/economie\/sidi-ould-tah-prete-serment-comme-president-du-bad#article","isPartOf":{"@id":"https:\/\/www.africa-press.net\/cotedivoire\/economie\/sidi-ould-tah-prete-serment-comme-president-du-bad"},"author":{"name":"cfeditorfr","@id":"https:\/\/www.africa-press.net\/cotedivoire\/#\/schema\/person\/2b1cf3cd81a31e3cd26889ca66d677f1"},"headline":"Sidi Ould Tah Pr\u00eate Serment Comme Pr\u00e9sident du BAD","datePublished":"2025-08-28T19:44:56+00:00","dateModified":"2025-08-28T19:50:27+00:00","mainEntityOfPage":{"@id":"https:\/\/www.africa-press.net\/cotedivoire\/economie\/sidi-ould-tah-prete-serment-comme-president-du-bad"},"wordCount":315,"commentCount":0,"image":{"@id":"https:\/\/www.africa-press.net\/cotedivoire\/economie\/sidi-ould-tah-prete-serment-comme-president-du-bad#primaryimage"},"thumbnailUrl":"https:\/\/static.africa-press.net\/cote\/sites\/43\/2025\/08\/sm_1756397985.640902.jpg","keywords":["Abidjan","Akinwumi Adesina","BAD","C\u00d4TE D'IVOIRE","Mohamed Ould Ghazouani","Ouattara","prestation","serment","Sidi Ould Tah"],"articleSection":["\u00c9conomie","Toutes les actualit\u00e9s"],"inLanguage":"fr-FR","potentialAction":[{"@type":"CommentAction","name":"Comment","target":["https:\/\/www.africa-press.net\/cotedivoire\/economie\/sidi-ould-tah-prete-serment-comme-president-du-bad#respond"]}]},{"@type":"WebPage","@id":"https:\/\/www.africa-press.net\/cotedivoire\/economie\/sidi-ould-tah-prete-serment-comme-president-du-bad","url":"https:\/\/www.africa-press.net\/cotedivoire\/economie\/sidi-ould-tah-prete-serment-comme-president-du-bad","name":"Sidi Ould Tah Pr\u00eate Serment Comme Pr\u00e9sident du BAD - C\u00f4te d&#039;Ivoire","isPartOf":{"@id":"https:\/\/www.africa-press.net\/cotedivoire\/#website"},"primaryImageOfPage":{"@id":"https:\/\/www.africa-press.net\/cotedivoire\/economie\/sidi-ould-tah-prete-serment-comme-president-du-bad#primaryimage"},"image":{"@id":"https:\/\/www.africa-press.net\/cotedivoire\/economie\/sidi-ould-tah-prete-serment-comme-president-du-bad#primaryimage"},"thumbnailUrl":"https:\/\/static.africa-press.net\/cote\/sites\/43\/2025\/08\/sm_1756397985.640902.jpg","datePublished":"2025-08-28T19:44:56+00:00","dateModified":"2025-08-28T19:50:27+00:00","author":{"@id":"https:\/\/www.africa-press.net\/cotedivoire\/#\/schema\/person\/2b1cf3cd81a31e3cd26889ca66d677f1"},"description":"Elu le 29 mai 2025 a\u0300 Abidjan par le Conseil des gouverneurs de la Banque africaine de de\u0301veloppement (BAD), le Mauritan ...","breadcrumb":{"@id":"https:\/\/www.africa-press.net\/cotedivoire\/economie\/sidi-ould-tah-prete-serment-comme-president-du-bad#breadcrumb"},"inLanguage":"fr-FR","potentialAction":[{"@type":"ReadAction","target":["https:\/\/www.africa-press.net\/cotedivoire\/economie\/sidi-ould-tah-prete-serment-comme-president-du-bad"]}]},{"@type":"ImageObject","inLanguage":"fr-FR","@id":"https:\/\/www.africa-press.net\/cotedivoire\/economie\/sidi-ould-tah-prete-serment-comme-president-du-bad#primaryimage","url":"https:\/\/static.africa-press.net\/cote\/sites\/43\/2025\/08\/sm_1756397985.640902.jpg","contentUrl":"https:\/\/static.africa-press.net\/cote\/sites\/43\/2025\/08\/sm_1756397985.640902.jpg","width":720,"height":379,"caption":"Sidi Ould Tah Pr\u00eate Serment Comme Pr\u00e9sident du BAD"},{"@type":"BreadcrumbList","@id":"https:\/\/www.africa-press.net\/cotedivoire\/economie\/sidi-ould-tah-prete-serment-comme-president-du-bad#breadcrumb","itemListElement":[{"@type":"ListItem","position":1,"name":"Accueil","item":"https:\/\/www.africa-press.net\/cotedivoire\/"},{"@type":"ListItem","position":2,"name":"Sidi Ould Tah Pr\u00eate Serment Comme Pr\u00e9sident du BAD"}]},{"@type":"WebSite","@id":"https:\/\/www.africa-press.net\/cotedivoire\/#website","url":"https:\/\/www.africa-press.net\/cotedivoire\/","name":"C\u00f4te d&#039;Ivoire","description":"Just another Africa News Agency Sites site","potentialAction":[{"@type":"SearchAction","target":{"@type":"EntryPoint","urlTemplate":"https:\/\/www.africa-press.net\/cotedivoire\/?s={search_term_string}"},"query-input":{"@type":"PropertyValueSpecification","valueRequired":true,"valueName":"search_term_string"}}],"inLanguage":"fr-FR"},{"@type":"Person","@id":"https:\/\/www.africa-press.net\/cotedivoire\/#\/schema\/person\/2b1cf3cd81a31e3cd26889ca66d677f1","name":"cfeditorfr"}]}},"_links":{"self":[{"href":"https:\/\/www.africa-press.net\/cotedivoire\/wp-json\/wp\/v2\/posts\/104340","targetHints":{"allow":["GET"]}}],"collection":[{"href":"https:\/\/www.africa-press.net\/cotedivoire\/wp-json\/wp\/v2\/posts"}],"about":[{"href":"https:\/\/www.africa-press.net\/cotedivoire\/wp-json\/wp\/v2\/types\/post"}],"author":[{"embeddable":true,"href":"https:\/\/www.africa-press.net\/cotedivoire\/wp-json\/wp\/v2\/users\/82"}],"replies":[{"embeddable":true,"href":"https:\/\/www.africa-press.net\/cotedivoire\/wp-json\/wp\/v2\/comments?post=104340"}],"version-history":[{"count":0,"href":"https:\/\/www.africa-press.net\/cotedivoire\/wp-json\/wp\/v2\/posts\/104340\/revisions"}],"wp:featuredmedia":[{"embeddable":true,"href":"https:\/\/www.africa-press.net\/cotedivoire\/wp-json\/wp\/v2\/media\/104339"}],"wp:attachment":[{"href":"https:\/\/www.africa-press.net\/cotedivoire\/wp-json\/wp\/v2\/media?parent=104340"}],"wp:term":[{"taxonomy":"category","embeddable":true,"href":"https:\/\/www.africa-press.net\/cotedivoire\/wp-json\/wp\/v2\/categories?post=104340"},{"taxonomy":"post_tag","embeddable":true,"href":"https:\/\/www.africa-press.net\/cotedivoire\/wp-json\/wp\/v2\/tags?post=104340"}],"curies":[{"name":"wp","href":"https:\/\/api.w.org\/{rel}","templated":true}]}}