{"id":10435,"date":"2021-07-27T13:27:43","date_gmt":"2021-07-27T13:27:43","guid":{"rendered":"https:\/\/www.africa-press.net\/cotedivoire\/?p=10435"},"modified":"2021-07-27T19:14:53","modified_gmt":"2021-07-27T19:14:53","slug":"11-ans-de-chaire-unesco-de-bioethique-en-cote-divoire-le-professeur-lazare-poame-dresse-le-bilan-et-evoque-les-perspectives","status":"publish","type":"post","link":"https:\/\/www.africa-press.net\/cotedivoire\/culture-et-art\/11-ans-de-chaire-unesco-de-bioethique-en-cote-divoire-le-professeur-lazare-poame-dresse-le-bilan-et-evoque-les-perspectives","title":{"rendered":"11 ans de Chaire UNESCO de Bio\u00e9thique en C\u00f4te-d\u2019Ivoire: Le Professeur Lazare Poam\u00e9 dresse le bilan et \u00e9voque les perspectives"},"content":{"rendered":"<p><span style=\"color: #ff6600\"><strong><a href=\"https:\/\/www.africa-press.net\/\">Africa-Press<\/a> &#8211; <a href=\"https:\/\/www.africa-press.net\/cotedivoire\">C\u00f4te d&rsquo;Ivoire<\/a>. <\/strong><\/span>Professeur Lazare POAM\u00c9 (Titulaire de la Chaire UNESCO de Bio\u00e9thique)<\/p>\n<p>Le Professeur Lazare POAM\u00c9 est le Titulaire de la Chaire UNESCO de Bio\u00e9thique. Dans cette interview, il parle de cette Chaire install\u00e9e officiellement il y a onze (11) ans (lundi 26 juillet 2010), au si\u00e8ge de l\u2019Universit\u00e9 de Bouak\u00e9 alors \u00e0 Abidjan, en pr\u00e9sence des hautes autorit\u00e9s de l\u2019UNESCO et de la nation. Il esquisse \u00e9galement quelques r\u00e9sultats des recherches men\u00e9es par la Chaire.<\/p>\n<p>Professeur Lazare POAM\u00c9, vous \u00eates le Titulaire de la Chaire UNESCO de Bio\u00e9thique.<\/p>\n<p>Pouvez-vous nous rappeler ce qu\u2019est la bio\u00e9thique ? Ses domaines d\u2019intervention ?<\/p>\n<p>Professeur Lazare POAM\u00c9 : La bio\u00e9thique est \u00e0 la fois un espace de discussion rationnelle et surtout un champ disciplinaire ax\u00e9 sur les probl\u00e8mes \u00e0 dimension \u00e9thique pos\u00e9s par le d\u00e9veloppement hallucinant de la biologie mol\u00e9culaire et des technosciences biom\u00e9dicales.<\/p>\n<p>Parmi les probl\u00e8mes dits paradigmatiques de la bio\u00e9thique, on peut citer l\u2019acharnement th\u00e9rapeutique et l\u2019euthanasie, l\u2019ins\u00e9mination artificielle, le clonage, le statut de la sexualit\u00e9, du sperme congel\u00e9, de l\u2019embryon et de la m\u00e8re porteuse, l\u2019eug\u00e9nisme, la brevetabilit\u00e9 du vivant, les OGM, l\u2019informatisation et la manipulation des bases de donn\u00e9es personnelles, la commercialisation des organes du corps humain et de ses produits, la finalit\u00e9 de la m\u00e9decine, des armes bact\u00e9riologiques et les probl\u00e8mes environnementaux tels que la biodiversit\u00e9 et la biosph\u00e8re.<\/p>\n<p>Depuis la publication de la Nouvelle encyclop\u00e9die de bio\u00e9thique, les domaines d\u2019intervention de la bio\u00e9thique peuvent \u00eatre ainsi \u00e9num\u00e9r\u00e9s : la procr\u00e9atique, le g\u00e9nie g\u00e9n\u00e9tique, la manipulation de la personnalit\u00e9, le vieillir et le mourir, l\u2019exp\u00e9rimentation sur les vivants humains et non humains. La bio\u00e9thique \u00e9voluant avec son temps, elle explore aujourd\u2019hui des champs nouveaux tels que l\u2019intelligence artificielle, les technologies de la communication, le Business Ethics, la robotique, la connectique, les big data et le transhumanisme.<\/p>\n<p>Quels avantages pour la C\u00f4te d\u2019Ivoire de voir loger cette Chaire de l\u2019ensemble du monde francophone au sein de cette Universit\u00e9 ?<\/p>\n<p>Professeur Lazare POAM\u00c9 : Les avantages sont multiples et divers. Le premier est contenu en germe dans la question pos\u00e9e, car loger une Chaire de l\u2019ensemble du monde francophone dans une Universit\u00e9 africaine et pr\u00e9cis\u00e9ment ivoirienne donne \u00e0 la C\u00f4te d\u2019Ivoire une visibilit\u00e9 honorable. Cette visibilit\u00e9 s\u2019est particuli\u00e8rement accrue \u00e0 l\u2019UNESCO o\u00f9 la C\u00f4te d\u2019Ivoire, \u00e0 travers notre expertise, a \u00e9t\u00e9 port\u00e9e \u00e0 la t\u00eate du Groupe Afrique du Comit\u00e9 Intergouvernemental de Bio\u00e9thique (CIGB) en 2013.<\/p>\n<p>Un autre avantage est celui de la mise au jour de la comp\u00e9titivit\u00e9 scientifique des Universit\u00e9s ivoiriennes. Etant donn\u00e9 que l\u2019obtention de cette Chaire, la premi\u00e8re du genre dans le monde francophone, est conditionn\u00e9e par une s\u00e9rie d\u2019\u00e9preuves, la C\u00f4te d\u2019Ivoire peut se targuer d\u2019avoir des ressources humaines de qualit\u00e9. \u00c0 travers cette Chaire, la C\u00f4te d\u2019Ivoire a \u00e9galement l\u2019avantage d\u2019avoir \u00e0 port\u00e9e de main une expertise dont elle peut disposer pour r\u00e9soudre, sous les tropiques, les probl\u00e8mes de bio\u00e9thique. Nous tenons \u00e0 souligner que la Chaire UNESCO de Bio\u00e9thique se veut r\u00e9solument engag\u00e9e pour le d\u00e9veloppement. D\u2019o\u00f9 l\u2019attelage de la bio\u00e9thique et des Sciences sociales au sein de cette Chaire avec comme figure de proue le Professeur Francis Akind\u00e8s, Responsable des Programmes de formation et de recherche. Cette sp\u00e9cificit\u00e9 de la Chaire trouve sa justification dans la r\u00e9ponse \u00e9thico-technique aux besoins d\u2019accompagnement des programmes de d\u00e9veloppement exprim\u00e9s par les pouvoirs publics et les institutions priv\u00e9es. Ainsi, la Chaire s\u2019attache, par des activit\u00e9s de recherche et \u00e0 la demande d\u2019institutions publiques et priv\u00e9es, \u00e0 aider \u00e0 une meilleure compr\u00e9hension des transformations soci\u00e9tales afin que les r\u00e9ponses propos\u00e9es soient suffisamment \u00e9clair\u00e9es, notamment par les principes \u00e9thiques et bio\u00e9thiques. Vous voyez ! Une telle sp\u00e9cificit\u00e9 inscrit la Chaire dans une perspective fortement d\u00e9veloppementaliste. C\u2019est ainsi que, par-del\u00e0 la recherche en \u00e9thique fondamentale, la Chaire s\u2019att\u00e8le, par la recherche, la formation et l\u2019expertise, \u00e0 promouvoir le respect des principes bio\u00e9thiques dans les espaces de d\u00e9finition et de mise en \u0153uvre des politiques publiques.<\/p>\n<p>Revenons au Groupe Afrique du Comit\u00e9 Intergouvernemental de Bio\u00e9thique (CIGB) que vous avez pr\u00e9sid\u00e9. Pouvez-vous nous en dire plus sur cette instance ?<\/p>\n<p>Cette instance est une composante du Comit\u00e9 Intergouvernemental de Bio\u00e9thique, le CIGB, cr\u00e9\u00e9 pour examiner, entre autres, les avis et recommandations du Comit\u00e9 International de Bio\u00e9thique, le CIB, \u00e0 transmettre au Directeur g\u00e9n\u00e9ral de l\u2019UNESCO.<\/p>\n<p>Le Groupe Afrique, appel\u00e9 aussi Groupe V-a, est pr\u00e9cis\u00e9ment cette composante du CIGB, r\u00e9duite \u00e0 l\u2019Afrique noire avec ses probl\u00e8mes sp\u00e9cifiques que les \u00c9tats membres veulent bien soumettre \u00e0 leurs experts pour traitement. Notre derni\u00e8re contribution aux activit\u00e9s du CIGB date du 15 juillet 2021.<\/p>\n<p>L\u2019autre partie de l\u2019Afrique, dite blanche, est rattach\u00e9e au monde arabe ; elle constitue le Groupe V-b.<\/p>\n<p>Vous devez savoir que l\u2019entr\u00e9e des \u00c9tats membres de l\u2019UNESCO au CIGB est conditionn\u00e9e par une \u00e9lection o\u00f9 se jouent \u00e0 la fois l\u2019image du pays et l\u2019\u00e9toffe \u00e9thico-scientifique de son expert. C\u2019est le lieu de souligner qu\u2019au CIGB, le poids des experts nationaux se mesure non pas \u00e0 la taille ou \u00e0 la puissance de leurs \u00c9tats, mais \u00e0 la pertinence de leurs interventions sur les probl\u00e8mes de bio\u00e9thique qui s\u2019accommodent mal de l\u2019improvisation et des opinions nourries au punch de la doxa.<\/p>\n<p>Sur le continent africain, la C\u00f4te d\u2019Ivoire compte parmi les \u00c9tats pionniers de l\u2019enseignement de la bio\u00e9thique et reste le premier pays francophone abritant la Chaire UNESCO de Bio\u00e9thique. Qui plus est, son expert, le Titulaire de la Chaire, est l\u2019un des rares Africains \u00e0 avoir contribu\u00e9 \u00e0 l\u2019\u00e9laboration de la Nouvelle encyclop\u00e9die de bio\u00e9thique publi\u00e9e \u00e0 Bruxelles en 2001.<\/p>\n<p>Apr\u00e8s son installation officielle le 26 juillet 2010, \u00e0 l\u2019Universit\u00e9 de Bouak\u00e9, la Chaire UNESCO de Bio\u00e9thique a lanc\u00e9, en 2011, le Prix du meilleur traducteur de la D\u00e9claration universelle sur la bio\u00e9thique et les droits de l\u2019homme en langues locales africaines, en l\u2019occurrence le baoul\u00e9, le b\u00e9t\u00e9 et le dioula, l\u2019autre nom du malink\u00e9. Ce Prix a \u00e9t\u00e9 d\u00e9cern\u00e9 en ao\u00fbt 2012, sous la co-pr\u00e9sidence de la Ministre de l\u2019\u00c9ducation nationale, Mme Kandia Camara et du Ministre de l\u2019Enseignement sup\u00e9rieur et de la Recherche scientifique, M. Ciss\u00e9 Ibrahima.<\/p>\n<p>Pour la C\u00f4te d\u2019Ivoire, un pays principiellement \u00e9pris de paix et soucieux de promouvoir l\u2019\u00e9thique, cette D\u00e9claration de l\u2019UNESCO renferme des valeurs universelles autour desquelles les Ivoiriens peuvent se r\u00e9concilier sans heurts fratricides.<\/p>\n<p>C\u2019est sur la base de ces atouts que notre pays a pu \u00eatre port\u00e9 \u00e0 la t\u00eate du Groupe Afrique du CIGB et a m\u00eame eu \u00e0 assurer, au niveau mondial, \u00e0 travers notre modeste personne, la Vice-pr\u00e9sidence du Comit\u00e9 Intergouvernemental de Bio\u00e9thique de l\u2019UNESCO.<\/p>\n<p>Quelles sont les actions qui ont pu \u00eatre men\u00e9es, notamment face \u00e0 la pand\u00e9mie de COVID-19 ?<\/p>\n<p>Professeur Lazare POAM\u00c9 : Les actions men\u00e9es par la Chaire sont innombrables et il serait fastidieux de les \u00e9num\u00e9rer toutes dans le cadre restreint de cette interview.<\/p>\n<p>Parlant de cette pand\u00e9mie dont la dimension sanitaire a induit des glissements vers le pan-m\u00e9dicalisme, vous nous donnez l\u2019occasion de saluer la bravoure du personnel m\u00e9dical dont les valeurs hippocratiques ont parfois \u00e9t\u00e9 mises \u00e0 rude \u00e9preuve.<\/p>\n<p>Longtemps avant la pand\u00e9mie, entre 2012 et 2013, avec une \u00e9quipe de M\u00e9decins, de sociologues et d\u2019\u00e9thiciens, la Chaire a conduit une enqu\u00eate dont l\u2019objectif g\u00e9n\u00e9ral \u00e9tait d\u2019\u00e9valuer, dans les CHU de la C\u00f4te d\u2019Ivoire, les m\u00e9canismes d\u2019appropriation des principes et directives \u00e9thique de l\u2019OMS et de l\u2019UNESCO par les cadres de la sant\u00e9. Les r\u00e9sultats de cette \u00e9tude sont disponibles dans notre base de donn\u00e9es et servent \u00e0 enrichir nos cours de bio\u00e9thique dispens\u00e9s aux \u00e9tudiants en M\u00e9decine. Pour des raisons \u00e9thico-d\u00e9ontologiques, la d\u00e9marche requise a \u00e9t\u00e9 effectu\u00e9e aupr\u00e8s du Minist\u00e8re de la sant\u00e9 \u00e0 l\u2019effet de rendre publics ces r\u00e9sultats.<\/p>\n<p>Pour en revenir \u00e0 la pand\u00e9mie, le num\u00e9ro th\u00e9matique sp\u00e9cial de la Revue RIFEB (Revue internationale Francophone d\u2019\u00c9thique et de Bio\u00e9thique), consacr\u00e9 \u00e0 la lutte contre la Covid-19, est sous presse avec neuf (09) articles ainsi libell\u00e9s :<\/p>\n<p>\u2013 Principisme et casuistique bio\u00e9thiques \u00e0 l\u2019aune des urgences induites par la pand\u00e9mie de Covid-19.<\/p>\n<p>\u2013 Urgence sanitaire et respect du principe de pr\u00e9caution : les dilemmes \u00e9thiques face \u00e0 la Covid-19.<\/p>\n<p>\u2013 Le principe de non-discrimination et de non-stigmatisation en contexte de COVID-19 : quelles strat\u00e9gies de prise en charge des patients ?<\/p>\n<p>\u2013 Covid-19 et urgence sanitaire : le respect de la dignit\u00e9 humaine revisit\u00e9.<\/p>\n<p>\u2013 Informations scientifiques et dilemmes \u00e9thiques dans le contexte de la pand\u00e9mie COVID-19.<\/p>\n<p>\u2013 COVID-19 et Bio\u00e9thique : Le principe de consentement \u00e0 l\u2019\u00e9preuve de l\u2019obligation m\u00e9dico-politique.<\/p>\n<p>\u2013 Th\u00e9rapie s\u00e9lective des patients du Covid-19 et dignit\u00e9 humaine.<\/p>\n<p>\u2013 Infod\u00e9mie, viralit\u00e9 num\u00e9rique et principes bio\u00e9thiques dans la crise de la Covid-19.<\/p>\n<p>\u2013 Covid-19 et s\u00e9curit\u00e9 sanitaire : la pr\u00e9caution face au risque \u00e9thique dans les pratiques pharmaco-\u00e9pid\u00e9miologiques en Afrique.<\/p>\n<p>Ce num\u00e9ro, faut-il le rappeler, est le fruit d\u2019un S\u00e9minaire interafricain de bio\u00e9thique organis\u00e9 en d\u00e9cembre 2020, sous la pr\u00e9sidence du Ministre de l\u2019Enseignement sup\u00e9rieur et de la Recherche scientifique.<\/p>\n<p>Pour ce qui est des traitements attendus contre la Covid-19, la Chaire a privil\u00e9gi\u00e9 le champ de la m\u00e9decine naturelle et des technologies douces.<\/p>\n<p>Nos chercheurs, en se tournant vers le riche patrimoine v\u00e9g\u00e9tal dont dispose le continent africain, ont pu trouver une solution relevant de l\u2019urgence \u00e9thique sans donner dans l\u2019\u00e9thique de l\u2019urgence.<\/p>\n<p>Ainsi, la Chaire a enregistr\u00e9 des contributions centr\u00e9es sur la phytoth\u00e9rapie avec la production de deux tisanes.<\/p>\n<p>La premi\u00e8re est celle du Professeur Annick Yamousso TAHIRI, Professeur de Biologie \u00e0 l\u2019UFHB, sp\u00e9cialiste des substances naturelles, Chercheure associ\u00e9e \u00e0 la Chaire UNESCO de Bio\u00e9thique de l\u2019Universit\u00e9 Alassane Ouattara \u2013 Bouak\u00e9 et membre du<\/p>\n<p>Comit\u00e9 consultatif national de Bio\u00e9thique. Cette tisane, aux propri\u00e9t\u00e9s antivirales, antiinfectieuses, antioxydantes et h\u00e9pathoprotectrices, a \u00e9t\u00e9 pr\u00e9sent\u00e9e par le Minist\u00e8re de la Recherche scientifique de C\u00f4te d\u2019Ivoire en juin 2020 comme une solution riposte \u00e0 la maladie de la Covid-19.<\/p>\n<p>La seconde tisane, aux vertus th\u00e9rapeutiques presqu\u2019analogues \u00e0 la premi\u00e8re, a \u00e9t\u00e9 produite par un phytoth\u00e9rapeute, Monsieur Pierre KADIO dont nous suivons les recherches depuis une dizaine d\u2019ann\u00e9es sur le traitement du VIH\/SIDA. Sa tisane est issue d\u2019un produit pour lequel il a obtenu, en 2018, un brevet d\u2019invention (N\u00b018864) d\u00e9livr\u00e9 par l\u2019OAPI (Organisation Africaine de la Propri\u00e9t\u00e9 Intellectuelle) avec pour mention \u2019\u2019M\u00e9dicament naturel contre le VIH\/SIDA et autres pathologies\u2019\u2019.<\/p>\n<p>La recherche sur les pand\u00e9mies, pas seulement celle de la COVID-19, constitue un des axes prioritaires des programmes permanents de la Chaire UNESCO de Bio\u00e9thique. Pour l\u2019ann\u00e9e 2020, alors que la Chaire affinait, au mois de mars, ses travaux sur les multiples dimensions (\u00e9conomiques, culturelles, sociales et anthropologiques) de l\u2019\u00e9pid\u00e9mie \u00e0 virus Ebola, ses chercheurs durent, face \u00e0 l\u2019urgence, polariser leurs efforts sur la pand\u00e9mie de COVID-19.<\/p>\n<p>Ainsi, en marge de l\u2019\u00e9tude sur la construction sociale des rumeurs, des<\/p>\n<p>discours et pratiques face \u00e0 une \u00e9pid\u00e9mie, de nouveaux projets de recherche ont vu le jour au nombre desquels ceux-ci:<\/p>\n<p>\u2013 \u00c9l\u00e9ments de strat\u00e9gie de gestion et de lutte contre la propagation de la COVID-19 en C\u00f4te d\u2019Ivoire : regards crois\u00e9s.<\/p>\n<p>\u2013 Les personnes du 3\u00e8me \u00e2ge face \u00e0 la Covid-19 en C\u00f4te d\u2019Ivoire : perception de la maladie, prises de risque et r\u00e9silience sociale.<\/p>\n<p>\u2013 La r\u00e9invention des rites fun\u00e9raires en temps de COVID-19.<\/p>\n<p>Cette derni\u00e8re \u00e9tude a \u00e9t\u00e9 men\u00e9e en collaboration avec des chercheurs du d\u00e9partement LPED de l\u2019IRD.<\/p>\n<p>Les activit\u00e9s quasi permanentes de recherche de la Chaire sont organis\u00e9es autour de neuf (09) programmes en recherche appliqu\u00e9e et trois (03) programmes en recherche fondamentale. La revue internationale, d\u00e9nomm\u00e9e RIFEB (Revue Internationale Francophone d\u2019\u00c9thique et de Bio\u00e9thique), cr\u00e9\u00e9e par la Chaire, sert de moyen de vulgarisation de ses recherches.<\/p>\n<p>Les recherches conduites, jusque-l\u00e0, dans le cadre des programmes de la Chaire, ont port\u00e9 sur la procr\u00e9atique, l\u2019\u00e9thique du vivant, la ph\u00e9nom\u00e9nologie de la violence urbaine. Celle-ci, avec un financement du CRDI, a d\u00e9bouch\u00e9 sur un film documentaire intitul\u00e9 Microbes \u00e0 Abidjan. Elles ont \u00e9galement port\u00e9 sur les aspects socio\u00e9conomiques et \u00e9thico-culturels de l\u2019alimentation infantile, en partenariat avec Danone, sur l\u2019\u00e9pid\u00e9mie \u00e0 virus Ebola, les rites fun\u00e9raires en vue d\u2019une am\u00e9lioration des plans de riposte en cas d\u2019\u00e9pid\u00e9mie en Afrique de l\u2019Ouest, en partenariat avec l\u2019OMS. \u00c0 cela, s\u2019ajoutent la sant\u00e9 g\u00e9n\u00e9sique avec une focalisation sur les grossesses en milieu scolaire, \u00e0 la demande du Minist\u00e8re de l\u2019\u00c9ducation nationale, l\u2019avortement et ses cons\u00e9quences sur la sant\u00e9 des femmes en C\u00f4te d\u2019Ivoire, \u00e0 la demande de \u00ab M\u00e9decins du Monde \u00bb. Enfin, encore avec le Minist\u00e8re de l\u2019\u00c9ducation nationale, nous avons travaill\u00e9 sur la politique des subventions aux \u00e9tablissements priv\u00e9s en passant ces subventions au laminoir des principes pertinents de la bio\u00e9thique.<\/p>\n<p>Pour le dernier trimestre de l\u2019ann\u00e9e 2021, nous pr\u00e9parons, avec une \u00e9quipe des chercheurs de la Chaire, conduite par le Professeur Marcel Kouassi, un S\u00e9minaire international intitul\u00e9 : Bio\u00e9thique et pand\u00e9mie de COVID-19 : principes bio\u00e9thiques et construction d\u2019une diplomatie vaccinale globale. Ce S\u00e9minaire, organis\u00e9 en collaboration avec la Commission nationale ivoirienne pour l\u2019UNESCO et le Bureau multisectoriel de l\u2019UNESCO \u00e0 Abuja, au Nig\u00e9ria, sera l\u2019occasion d\u2019examiner les questions et enjeux li\u00e9s aux diff\u00e9rents vaccins contre le coronavirus.<\/p>\n<p>Tout cela, pour vous dire combien la Chaire est discr\u00e8tement active sur le territoire ivoirien.<\/p>\n<p>En plus de la recherche, qu\u2019est-ce que la bio\u00e9thique peut apporter dans la gestion des entreprises et Institutions ?<\/p>\n<p>Professeur Lazare POAM\u00c9 : La bio\u00e9thique ayant pour champ d\u2019\u00e9lection et de pr\u00e9dilection l\u2019\u00e9thique devenue le nouvel \u00e9talon de mesure des performances d\u2019une entreprise moderne, vous devinez ais\u00e9ment son importance dans la gestion des entreprises. Aussi bien pour le management des ressources humaines que pour la gestion des conflits en entreprise, la bio\u00e9thique, sous l\u2019angle de l\u2019\u00e9thique \u00e9conomique et de l\u2019\u00e9thique de la communication, peut transformer qualitativement les entreprises et institutions soucieuses de pr\u00e9server leur image de marque et d\u2019offrir des produits et des services marqu\u00e9s du sceau de l\u2019Assurance qualit\u00e9. Sous l\u2019angle de l\u2019\u00e9thique environnementale, la bio\u00e9thique peut \u00eatre un phare secourable pour le d\u00e9veloppement durable et la promotion exemplaire de la responsabilit\u00e9 soci\u00e9tale des entreprises.<\/p>\n<p>Quelle est la proc\u00e9dure \u00e0 suivre pour b\u00e9n\u00e9ficier de la formation en bio\u00e9thique et qu\u2019est-ce que les connaissances en bio\u00e9thique apportent de plus ?<\/p>\n<p>Professeur Lazare POAM\u00c9 : La bio\u00e9thique, que nous avons introduite au forceps \u00e0 l\u2019ex-Universit\u00e9 de Bouak\u00e9, au cours de l\u2019ann\u00e9e universitaire 1994-1995, continue d\u2019\u00eatre enseign\u00e9e \u00e0 l\u2019Universit\u00e9 Alassane Ouattara, de la Licence au Doctorat. La voie \u00e0 suivre est donc celle de la formation.<\/p>\n<p>Deux types de formation s\u2019offrent aux managers en acte ou en puissance : la formation dipl\u00f4mante, relativement longue, g\u00e9n\u00e9ralement r\u00e9serv\u00e9e aux \u00e9tudiants \u00e0 temps plein et la formation certifiante, plus courte. Pour acc\u00e9der \u00e0 ce second type de formation, les int\u00e9ress\u00e9s doivent soumettre un dossier au Directeur des programmes et projets de recherche de la Chaire.<\/p>\n<p>Aujourd\u2019hui, nous sommes particuli\u00e8rement heureux d\u2019avoir contribu\u00e9 \u00e0 l\u2019introduction de l\u2019enseignement de la bio\u00e9thique dans les universit\u00e9s africaines, car l\u2019une des particularit\u00e9s de la formation en bio\u00e9thique est de placer l\u2019\u00e9thique dans une nouvelle clairi\u00e8re, celle qui conf\u00e8re \u00e0 l\u2019apprenant une meilleure compr\u00e9hension des enjeux de la modernit\u00e9, de la postmodernit\u00e9, des rapports interhumains et des mutations qui s\u2019op\u00e8rent dangereusement dans le technocosme.<\/p>\n<p>&nbsp;<\/p>\n","protected":false},"excerpt":{"rendered":"<p>Africa-Press &#8211; C\u00f4te d&rsquo;Ivoire. Professeur Lazare POAM\u00c9 (Titulaire de la Chaire UNESCO de Bio\u00e9thique) Le Professeur Lazare POAM\u00c9 est le Titulaire de la Chaire UNESCO de Bio\u00e9thique. Dans cette interview, il parle de cette Chaire install\u00e9e officiellement il y a onze (11) ans (lundi 26 juillet 2010), au si\u00e8ge de l\u2019Universit\u00e9 de Bouak\u00e9 alors \u00e0 [&hellip;]<\/p>\n","protected":false},"author":82,"featured_media":10434,"comment_status":"open","ping_status":"closed","sticky":false,"template":"","format":"standard","meta":{"footnotes":""},"categories":[5,11,10],"tags":[56,63,29],"class_list":["post-10435","post","type-post","status-publish","format-standard","has-post-thumbnail","hentry","category-culture-et-art","category-homepage-french","category-toutes-les-actualites","tag-africa-press","tag-africa-press-cote-divoire","tag-cote-divoire"],"yoast_head":"<!-- This site is optimized with the Yoast SEO Premium plugin v26.1 (Yoast SEO v27.0) - https:\/\/yoast.com\/product\/yoast-seo-premium-wordpress\/ -->\n<title>11 ans de Chaire UNESCO de Bio\u00e9thique en C\u00f4te-d\u2019Ivoire: Le Professeur Lazare Poam\u00e9 dresse le bilan et \u00e9voque les perspectives - C\u00f4te d&#039;Ivoire<\/title>\n<meta name=\"description\" content=\"Professeur Lazare POAM\u00c9 (Titulaire de la Chaire UNESCO de Bio\u00e9thique) Le Professeur Lazare POAM\u00c9 est le Titulaire de la ...\" \/>\n<meta name=\"robots\" content=\"index, follow, max-snippet:-1, max-image-preview:large, max-video-preview:-1\" \/>\n<link rel=\"canonical\" href=\"https:\/\/www.africa-press.net\/cotedivoire\/culture-et-art\/11-ans-de-chaire-unesco-de-bioethique-en-cote-divoire-le-professeur-lazare-poame-dresse-le-bilan-et-evoque-les-perspectives\" \/>\n<meta property=\"og:locale\" content=\"fr_FR\" \/>\n<meta property=\"og:type\" content=\"article\" \/>\n<meta property=\"og:title\" content=\"11 ans de Chaire UNESCO de Bio\u00e9thique en C\u00f4te-d\u2019Ivoire: Le Professeur Lazare Poam\u00e9 dresse le bilan et \u00e9voque les perspectives\" \/>\n<meta property=\"og:description\" content=\"Professeur Lazare POAM\u00c9 (Titulaire de la Chaire UNESCO de Bio\u00e9thique) Le Professeur Lazare POAM\u00c9 est le Titulaire de la ...\" \/>\n<meta property=\"og:url\" content=\"https:\/\/www.africa-press.net\/cotedivoire\/culture-et-art\/11-ans-de-chaire-unesco-de-bioethique-en-cote-divoire-le-professeur-lazare-poame-dresse-le-bilan-et-evoque-les-perspectives\" \/>\n<meta property=\"og:site_name\" content=\"C\u00f4te d&#039;Ivoire\" \/>\n<meta property=\"article:published_time\" content=\"2021-07-27T13:27:43+00:00\" \/>\n<meta property=\"article:modified_time\" content=\"2021-07-27T19:14:53+00:00\" \/>\n<meta property=\"og:image\" content=\"https:\/\/static.africa-press.net\/cote\/sites\/43\/2021\/07\/img-6100015412bf0.jpg\" \/>\n\t<meta property=\"og:image:width\" content=\"720\" \/>\n\t<meta property=\"og:image:height\" content=\"478\" \/>\n\t<meta property=\"og:image:type\" content=\"image\/jpeg\" \/>\n<meta name=\"author\" content=\"cfeditorfr\" \/>\n<meta name=\"twitter:card\" content=\"summary_large_image\" \/>\n<meta name=\"twitter:label1\" content=\"\u00c9crit par\" \/>\n\t<meta name=\"twitter:data1\" content=\"cfeditorfr\" \/>\n\t<meta name=\"twitter:label2\" content=\"Dur\u00e9e de lecture estim\u00e9e\" \/>\n\t<meta name=\"twitter:data2\" content=\"14 minutes\" \/>\n<script type=\"application\/ld+json\" class=\"yoast-schema-graph\">{\"@context\":\"https:\/\/schema.org\",\"@graph\":[{\"@type\":\"Article\",\"@id\":\"https:\/\/www.africa-press.net\/cotedivoire\/culture-et-art\/11-ans-de-chaire-unesco-de-bioethique-en-cote-divoire-le-professeur-lazare-poame-dresse-le-bilan-et-evoque-les-perspectives#article\",\"isPartOf\":{\"@id\":\"https:\/\/www.africa-press.net\/cotedivoire\/culture-et-art\/11-ans-de-chaire-unesco-de-bioethique-en-cote-divoire-le-professeur-lazare-poame-dresse-le-bilan-et-evoque-les-perspectives\"},\"author\":{\"name\":\"cfeditorfr\",\"@id\":\"https:\/\/www.africa-press.net\/cotedivoire\/#\/schema\/person\/2b1cf3cd81a31e3cd26889ca66d677f1\"},\"headline\":\"11 ans de Chaire UNESCO de Bio\u00e9thique en C\u00f4te-d\u2019Ivoire: Le Professeur Lazare Poam\u00e9 dresse le bilan et \u00e9voque les perspectives\",\"datePublished\":\"2021-07-27T13:27:43+00:00\",\"dateModified\":\"2021-07-27T19:14:53+00:00\",\"mainEntityOfPage\":{\"@id\":\"https:\/\/www.africa-press.net\/cotedivoire\/culture-et-art\/11-ans-de-chaire-unesco-de-bioethique-en-cote-divoire-le-professeur-lazare-poame-dresse-le-bilan-et-evoque-les-perspectives\"},\"wordCount\":2812,\"commentCount\":0,\"image\":{\"@id\":\"https:\/\/www.africa-press.net\/cotedivoire\/culture-et-art\/11-ans-de-chaire-unesco-de-bioethique-en-cote-divoire-le-professeur-lazare-poame-dresse-le-bilan-et-evoque-les-perspectives#primaryimage\"},\"thumbnailUrl\":\"https:\/\/static.africa-press.net\/cote\/sites\/43\/2021\/07\/img-6100015412bf0.jpg\",\"keywords\":[\"Africa Press\",\"Africa Press-C\u00f4te d'Ivoire\",\"C\u00d4TE D'IVOIRE\"],\"articleSection\":[\"Culture et Art\",\"homepage-french\",\"Toutes les actualit\u00e9s\"],\"inLanguage\":\"fr-FR\",\"potentialAction\":[{\"@type\":\"CommentAction\",\"name\":\"Comment\",\"target\":[\"https:\/\/www.africa-press.net\/cotedivoire\/culture-et-art\/11-ans-de-chaire-unesco-de-bioethique-en-cote-divoire-le-professeur-lazare-poame-dresse-le-bilan-et-evoque-les-perspectives#respond\"]}]},{\"@type\":\"WebPage\",\"@id\":\"https:\/\/www.africa-press.net\/cotedivoire\/culture-et-art\/11-ans-de-chaire-unesco-de-bioethique-en-cote-divoire-le-professeur-lazare-poame-dresse-le-bilan-et-evoque-les-perspectives\",\"url\":\"https:\/\/www.africa-press.net\/cotedivoire\/culture-et-art\/11-ans-de-chaire-unesco-de-bioethique-en-cote-divoire-le-professeur-lazare-poame-dresse-le-bilan-et-evoque-les-perspectives\",\"name\":\"11 ans de Chaire UNESCO de Bio\u00e9thique en C\u00f4te-d\u2019Ivoire: Le Professeur Lazare Poam\u00e9 dresse le bilan et \u00e9voque les perspectives - C\u00f4te d&#039;Ivoire\",\"isPartOf\":{\"@id\":\"https:\/\/www.africa-press.net\/cotedivoire\/#website\"},\"primaryImageOfPage\":{\"@id\":\"https:\/\/www.africa-press.net\/cotedivoire\/culture-et-art\/11-ans-de-chaire-unesco-de-bioethique-en-cote-divoire-le-professeur-lazare-poame-dresse-le-bilan-et-evoque-les-perspectives#primaryimage\"},\"image\":{\"@id\":\"https:\/\/www.africa-press.net\/cotedivoire\/culture-et-art\/11-ans-de-chaire-unesco-de-bioethique-en-cote-divoire-le-professeur-lazare-poame-dresse-le-bilan-et-evoque-les-perspectives#primaryimage\"},\"thumbnailUrl\":\"https:\/\/static.africa-press.net\/cote\/sites\/43\/2021\/07\/img-6100015412bf0.jpg\",\"datePublished\":\"2021-07-27T13:27:43+00:00\",\"dateModified\":\"2021-07-27T19:14:53+00:00\",\"author\":{\"@id\":\"https:\/\/www.africa-press.net\/cotedivoire\/#\/schema\/person\/2b1cf3cd81a31e3cd26889ca66d677f1\"},\"description\":\"Professeur Lazare POAM\u00c9 (Titulaire de la Chaire UNESCO de Bio\u00e9thique) Le Professeur Lazare POAM\u00c9 est le Titulaire de la ...\",\"breadcrumb\":{\"@id\":\"https:\/\/www.africa-press.net\/cotedivoire\/culture-et-art\/11-ans-de-chaire-unesco-de-bioethique-en-cote-divoire-le-professeur-lazare-poame-dresse-le-bilan-et-evoque-les-perspectives#breadcrumb\"},\"inLanguage\":\"fr-FR\",\"potentialAction\":[{\"@type\":\"ReadAction\",\"target\":[\"https:\/\/www.africa-press.net\/cotedivoire\/culture-et-art\/11-ans-de-chaire-unesco-de-bioethique-en-cote-divoire-le-professeur-lazare-poame-dresse-le-bilan-et-evoque-les-perspectives\"]}]},{\"@type\":\"ImageObject\",\"inLanguage\":\"fr-FR\",\"@id\":\"https:\/\/www.africa-press.net\/cotedivoire\/culture-et-art\/11-ans-de-chaire-unesco-de-bioethique-en-cote-divoire-le-professeur-lazare-poame-dresse-le-bilan-et-evoque-les-perspectives#primaryimage\",\"url\":\"https:\/\/static.africa-press.net\/cote\/sites\/43\/2021\/07\/img-6100015412bf0.jpg\",\"contentUrl\":\"https:\/\/static.africa-press.net\/cote\/sites\/43\/2021\/07\/img-6100015412bf0.jpg\",\"width\":720,\"height\":478,\"caption\":\"11 ans de Chaire UNESCO de Bio\u00e9thique en C\u00f4te-d\u2019Ivoire: Le Professeur Lazare Poam\u00e9 dresse le bilan et \u00e9voque les perspectives\"},{\"@type\":\"BreadcrumbList\",\"@id\":\"https:\/\/www.africa-press.net\/cotedivoire\/culture-et-art\/11-ans-de-chaire-unesco-de-bioethique-en-cote-divoire-le-professeur-lazare-poame-dresse-le-bilan-et-evoque-les-perspectives#breadcrumb\",\"itemListElement\":[{\"@type\":\"ListItem\",\"position\":1,\"name\":\"Accueil\",\"item\":\"https:\/\/www.africa-press.net\/cotedivoire\/\"},{\"@type\":\"ListItem\",\"position\":2,\"name\":\"11 ans de Chaire UNESCO de Bio\u00e9thique en C\u00f4te-d\u2019Ivoire: Le Professeur Lazare Poam\u00e9 dresse le bilan et \u00e9voque les perspectives\"}]},{\"@type\":\"WebSite\",\"@id\":\"https:\/\/www.africa-press.net\/cotedivoire\/#website\",\"url\":\"https:\/\/www.africa-press.net\/cotedivoire\/\",\"name\":\"C\u00f4te d&#039;Ivoire\",\"description\":\"Just another Africa News Agency Sites site\",\"potentialAction\":[{\"@type\":\"SearchAction\",\"target\":{\"@type\":\"EntryPoint\",\"urlTemplate\":\"https:\/\/www.africa-press.net\/cotedivoire\/?s={search_term_string}\"},\"query-input\":{\"@type\":\"PropertyValueSpecification\",\"valueRequired\":true,\"valueName\":\"search_term_string\"}}],\"inLanguage\":\"fr-FR\"},{\"@type\":\"Person\",\"@id\":\"https:\/\/www.africa-press.net\/cotedivoire\/#\/schema\/person\/2b1cf3cd81a31e3cd26889ca66d677f1\",\"name\":\"cfeditorfr\"}]}<\/script>\n<!-- \/ Yoast SEO Premium plugin. -->","yoast_head_json":{"title":"11 ans de Chaire UNESCO de Bio\u00e9thique en C\u00f4te-d\u2019Ivoire: Le Professeur Lazare Poam\u00e9 dresse le bilan et \u00e9voque les perspectives - C\u00f4te d&#039;Ivoire","description":"Professeur Lazare POAM\u00c9 (Titulaire de la Chaire UNESCO de Bio\u00e9thique) Le Professeur Lazare POAM\u00c9 est le Titulaire de la ...","robots":{"index":"index","follow":"follow","max-snippet":"max-snippet:-1","max-image-preview":"max-image-preview:large","max-video-preview":"max-video-preview:-1"},"canonical":"https:\/\/www.africa-press.net\/cotedivoire\/culture-et-art\/11-ans-de-chaire-unesco-de-bioethique-en-cote-divoire-le-professeur-lazare-poame-dresse-le-bilan-et-evoque-les-perspectives","og_locale":"fr_FR","og_type":"article","og_title":"11 ans de Chaire UNESCO de Bio\u00e9thique en C\u00f4te-d\u2019Ivoire: Le Professeur Lazare Poam\u00e9 dresse le bilan et \u00e9voque les perspectives","og_description":"Professeur Lazare POAM\u00c9 (Titulaire de la Chaire UNESCO de Bio\u00e9thique) Le Professeur Lazare POAM\u00c9 est le Titulaire de la ...","og_url":"https:\/\/www.africa-press.net\/cotedivoire\/culture-et-art\/11-ans-de-chaire-unesco-de-bioethique-en-cote-divoire-le-professeur-lazare-poame-dresse-le-bilan-et-evoque-les-perspectives","og_site_name":"C\u00f4te d&#039;Ivoire","article_published_time":"2021-07-27T13:27:43+00:00","article_modified_time":"2021-07-27T19:14:53+00:00","og_image":[{"width":720,"height":478,"url":"https:\/\/static.africa-press.net\/cote\/sites\/43\/2021\/07\/img-6100015412bf0.jpg","type":"image\/jpeg"}],"author":"cfeditorfr","twitter_card":"summary_large_image","twitter_misc":{"\u00c9crit par":"cfeditorfr","Dur\u00e9e de lecture estim\u00e9e":"14 minutes"},"schema":{"@context":"https:\/\/schema.org","@graph":[{"@type":"Article","@id":"https:\/\/www.africa-press.net\/cotedivoire\/culture-et-art\/11-ans-de-chaire-unesco-de-bioethique-en-cote-divoire-le-professeur-lazare-poame-dresse-le-bilan-et-evoque-les-perspectives#article","isPartOf":{"@id":"https:\/\/www.africa-press.net\/cotedivoire\/culture-et-art\/11-ans-de-chaire-unesco-de-bioethique-en-cote-divoire-le-professeur-lazare-poame-dresse-le-bilan-et-evoque-les-perspectives"},"author":{"name":"cfeditorfr","@id":"https:\/\/www.africa-press.net\/cotedivoire\/#\/schema\/person\/2b1cf3cd81a31e3cd26889ca66d677f1"},"headline":"11 ans de Chaire UNESCO de Bio\u00e9thique en C\u00f4te-d\u2019Ivoire: Le Professeur Lazare Poam\u00e9 dresse le bilan et \u00e9voque les perspectives","datePublished":"2021-07-27T13:27:43+00:00","dateModified":"2021-07-27T19:14:53+00:00","mainEntityOfPage":{"@id":"https:\/\/www.africa-press.net\/cotedivoire\/culture-et-art\/11-ans-de-chaire-unesco-de-bioethique-en-cote-divoire-le-professeur-lazare-poame-dresse-le-bilan-et-evoque-les-perspectives"},"wordCount":2812,"commentCount":0,"image":{"@id":"https:\/\/www.africa-press.net\/cotedivoire\/culture-et-art\/11-ans-de-chaire-unesco-de-bioethique-en-cote-divoire-le-professeur-lazare-poame-dresse-le-bilan-et-evoque-les-perspectives#primaryimage"},"thumbnailUrl":"https:\/\/static.africa-press.net\/cote\/sites\/43\/2021\/07\/img-6100015412bf0.jpg","keywords":["Africa Press","Africa Press-C\u00f4te d'Ivoire","C\u00d4TE D'IVOIRE"],"articleSection":["Culture et Art","homepage-french","Toutes les actualit\u00e9s"],"inLanguage":"fr-FR","potentialAction":[{"@type":"CommentAction","name":"Comment","target":["https:\/\/www.africa-press.net\/cotedivoire\/culture-et-art\/11-ans-de-chaire-unesco-de-bioethique-en-cote-divoire-le-professeur-lazare-poame-dresse-le-bilan-et-evoque-les-perspectives#respond"]}]},{"@type":"WebPage","@id":"https:\/\/www.africa-press.net\/cotedivoire\/culture-et-art\/11-ans-de-chaire-unesco-de-bioethique-en-cote-divoire-le-professeur-lazare-poame-dresse-le-bilan-et-evoque-les-perspectives","url":"https:\/\/www.africa-press.net\/cotedivoire\/culture-et-art\/11-ans-de-chaire-unesco-de-bioethique-en-cote-divoire-le-professeur-lazare-poame-dresse-le-bilan-et-evoque-les-perspectives","name":"11 ans de Chaire UNESCO de Bio\u00e9thique en C\u00f4te-d\u2019Ivoire: Le Professeur Lazare Poam\u00e9 dresse le bilan et \u00e9voque les perspectives - C\u00f4te d&#039;Ivoire","isPartOf":{"@id":"https:\/\/www.africa-press.net\/cotedivoire\/#website"},"primaryImageOfPage":{"@id":"https:\/\/www.africa-press.net\/cotedivoire\/culture-et-art\/11-ans-de-chaire-unesco-de-bioethique-en-cote-divoire-le-professeur-lazare-poame-dresse-le-bilan-et-evoque-les-perspectives#primaryimage"},"image":{"@id":"https:\/\/www.africa-press.net\/cotedivoire\/culture-et-art\/11-ans-de-chaire-unesco-de-bioethique-en-cote-divoire-le-professeur-lazare-poame-dresse-le-bilan-et-evoque-les-perspectives#primaryimage"},"thumbnailUrl":"https:\/\/static.africa-press.net\/cote\/sites\/43\/2021\/07\/img-6100015412bf0.jpg","datePublished":"2021-07-27T13:27:43+00:00","dateModified":"2021-07-27T19:14:53+00:00","author":{"@id":"https:\/\/www.africa-press.net\/cotedivoire\/#\/schema\/person\/2b1cf3cd81a31e3cd26889ca66d677f1"},"description":"Professeur Lazare POAM\u00c9 (Titulaire de la Chaire UNESCO de Bio\u00e9thique) Le Professeur Lazare POAM\u00c9 est le Titulaire de la ...","breadcrumb":{"@id":"https:\/\/www.africa-press.net\/cotedivoire\/culture-et-art\/11-ans-de-chaire-unesco-de-bioethique-en-cote-divoire-le-professeur-lazare-poame-dresse-le-bilan-et-evoque-les-perspectives#breadcrumb"},"inLanguage":"fr-FR","potentialAction":[{"@type":"ReadAction","target":["https:\/\/www.africa-press.net\/cotedivoire\/culture-et-art\/11-ans-de-chaire-unesco-de-bioethique-en-cote-divoire-le-professeur-lazare-poame-dresse-le-bilan-et-evoque-les-perspectives"]}]},{"@type":"ImageObject","inLanguage":"fr-FR","@id":"https:\/\/www.africa-press.net\/cotedivoire\/culture-et-art\/11-ans-de-chaire-unesco-de-bioethique-en-cote-divoire-le-professeur-lazare-poame-dresse-le-bilan-et-evoque-les-perspectives#primaryimage","url":"https:\/\/static.africa-press.net\/cote\/sites\/43\/2021\/07\/img-6100015412bf0.jpg","contentUrl":"https:\/\/static.africa-press.net\/cote\/sites\/43\/2021\/07\/img-6100015412bf0.jpg","width":720,"height":478,"caption":"11 ans de Chaire UNESCO de Bio\u00e9thique en C\u00f4te-d\u2019Ivoire: Le Professeur Lazare Poam\u00e9 dresse le bilan et \u00e9voque les perspectives"},{"@type":"BreadcrumbList","@id":"https:\/\/www.africa-press.net\/cotedivoire\/culture-et-art\/11-ans-de-chaire-unesco-de-bioethique-en-cote-divoire-le-professeur-lazare-poame-dresse-le-bilan-et-evoque-les-perspectives#breadcrumb","itemListElement":[{"@type":"ListItem","position":1,"name":"Accueil","item":"https:\/\/www.africa-press.net\/cotedivoire\/"},{"@type":"ListItem","position":2,"name":"11 ans de Chaire UNESCO de Bio\u00e9thique en C\u00f4te-d\u2019Ivoire: Le Professeur Lazare Poam\u00e9 dresse le bilan et \u00e9voque les perspectives"}]},{"@type":"WebSite","@id":"https:\/\/www.africa-press.net\/cotedivoire\/#website","url":"https:\/\/www.africa-press.net\/cotedivoire\/","name":"C\u00f4te d&#039;Ivoire","description":"Just another Africa News Agency Sites site","potentialAction":[{"@type":"SearchAction","target":{"@type":"EntryPoint","urlTemplate":"https:\/\/www.africa-press.net\/cotedivoire\/?s={search_term_string}"},"query-input":{"@type":"PropertyValueSpecification","valueRequired":true,"valueName":"search_term_string"}}],"inLanguage":"fr-FR"},{"@type":"Person","@id":"https:\/\/www.africa-press.net\/cotedivoire\/#\/schema\/person\/2b1cf3cd81a31e3cd26889ca66d677f1","name":"cfeditorfr"}]}},"_links":{"self":[{"href":"https:\/\/www.africa-press.net\/cotedivoire\/wp-json\/wp\/v2\/posts\/10435","targetHints":{"allow":["GET"]}}],"collection":[{"href":"https:\/\/www.africa-press.net\/cotedivoire\/wp-json\/wp\/v2\/posts"}],"about":[{"href":"https:\/\/www.africa-press.net\/cotedivoire\/wp-json\/wp\/v2\/types\/post"}],"author":[{"embeddable":true,"href":"https:\/\/www.africa-press.net\/cotedivoire\/wp-json\/wp\/v2\/users\/82"}],"replies":[{"embeddable":true,"href":"https:\/\/www.africa-press.net\/cotedivoire\/wp-json\/wp\/v2\/comments?post=10435"}],"version-history":[{"count":0,"href":"https:\/\/www.africa-press.net\/cotedivoire\/wp-json\/wp\/v2\/posts\/10435\/revisions"}],"wp:featuredmedia":[{"embeddable":true,"href":"https:\/\/www.africa-press.net\/cotedivoire\/wp-json\/wp\/v2\/media\/10434"}],"wp:attachment":[{"href":"https:\/\/www.africa-press.net\/cotedivoire\/wp-json\/wp\/v2\/media?parent=10435"}],"wp:term":[{"taxonomy":"category","embeddable":true,"href":"https:\/\/www.africa-press.net\/cotedivoire\/wp-json\/wp\/v2\/categories?post=10435"},{"taxonomy":"post_tag","embeddable":true,"href":"https:\/\/www.africa-press.net\/cotedivoire\/wp-json\/wp\/v2\/tags?post=10435"}],"curies":[{"name":"wp","href":"https:\/\/api.w.org\/{rel}","templated":true}]}}