{"id":10438,"date":"2021-07-27T13:38:18","date_gmt":"2021-07-27T13:38:18","guid":{"rendered":"https:\/\/www.africa-press.net\/cotedivoire\/?p=10438"},"modified":"2021-07-27T19:15:02","modified_gmt":"2021-07-27T19:15:02","slug":"fitch-ratings-confirme-la-bonne-sante-de-leconomie-de-la-cote-divoire-avec-la-note-souveraine-bb","status":"publish","type":"post","link":"https:\/\/www.africa-press.net\/cotedivoire\/economie\/fitch-ratings-confirme-la-bonne-sante-de-leconomie-de-la-cote-divoire-avec-la-note-souveraine-bb","title":{"rendered":"Fitch Ratings confirme la bonne sant\u00e9 de l\u2019\u00e9conomie de la C\u00f4te-d\u2019Ivoire avec la note souveraine BB-"},"content":{"rendered":"<p><span style=\"color: #ff6600\"><strong><a href=\"https:\/\/www.africa-press.net\/\">Africa-Press<\/a> &#8211; <a href=\"https:\/\/www.africa-press.net\/cotedivoire\">C\u00f4te d&rsquo;Ivoire<\/a>.\u00a0 <\/strong><\/span>\u00a0La C\u00f4te d\u2019Ivoire fait d\u00e9sormais partie du cercle des notations de cat\u00e9gorie \u00ab double B \u00bb des trois plus grandes agences internationales de notation. Not\u00e9 Ba3 par Moody\u2019s, le pays obtient une note BB- avec perspective stable chez S&amp;P et chez Fitch, confirmant ses bonnes performances \u00e9conomiques.<\/p>\n<p>Malgr\u00e9 la morosit\u00e9 de l\u2019environnement socio-\u00e9conomique mondial, la C\u00f4te d\u2019Ivoire continue de b\u00e9n\u00e9ficier d\u2019une bonne r\u00e9putation aupr\u00e8s des agences internationales de notation souveraine. Dans son dernier rapport sur le pays, l\u2019agence de notation am\u00e9ricaine Fitch Ratings a d\u00e9cid\u00e9 de relever notation financi\u00e8re du pays dirig\u00e9 par Alassane Ouattara, en lui attribuant, le 16 juillet dernier, la note BB- avec perspective stable, contre \u00ab B+ \u00bb avec perspective positive pr\u00e9c\u00e9demment.<\/p>\n<p>Cette am\u00e9lioration de la note du pays fait de la C\u00f4te d\u2019Ivoire le troisi\u00e8me pays africain le mieux not\u00e9 par l\u2019institution, et le deuxi\u00e8me d\u2019Afrique subsaharienne, derri\u00e8re respectivement le Maroc et le Botswana. Cette notation intervient peu apr\u00e8s celle de l\u2019agence Standard and Poor\u2019s, qui avait elle aussi d\u00e9cid\u00e9 de rehausser la note souveraine de pays \u00e0 BB- avec perspective stable, le classant ainsi \u00e0 la 2e place parmi les pays d\u2019Afrique subsaharienne les mieux not\u00e9s, juste derri\u00e8re le Bostwana (BB+) et au m\u00eame niveau que l\u2019Afrique du Sud.<\/p>\n<p>Dans chacun des cas, les raisons ayant motiv\u00e9 les am\u00e9liorations de la note souveraine de la C\u00f4te sont la r\u00e9silience de l\u2019\u00e9conomie du pays ouest-africain, malgr\u00e9 les diff\u00e9rentes crises sociales, \u00e9conomiques ou sanitaires qui l\u2019ont touch\u00e9. Gr\u00e2ce \u00e0 de bonnes politiques publiques, et \u00e0 des efforts accrus de consolidation budg\u00e9taire \u00e0 moyen terme, coupl\u00e9s \u00e0 des investissements ambitieux, la C\u00f4te d\u2019Ivoire a ainsi r\u00e9ussi \u00e0 obtenir de bonnes performances \u00e9conomiques ces derni\u00e8res ann\u00e9es.<\/p>\n<p>La robustesse et la stabilit\u00e9 du cadre macro-\u00e9conomique ainsi qu\u2019un environnement socio-politique apais\u00e9, comme l\u2019atteste la bonne tenue des \u00e9lections l\u00e9gislatives le 6 mars dernier, avec la participation de toutes les forces politiques, ont \u00e9galement motiv\u00e9 la revue \u00e0 la hausse de la note souveraine du pays des \u00e9l\u00e9phants. Des performances qui lui conf\u00e8rent \u00e9galement un r\u00f4le moteur au sein de l\u2019UEMOA.<\/p>\n<p>Cependant, le climat politique et social, marqu\u00e9 r\u00e9cemment par le retour au pays de l\u2019ancien pr\u00e9sident Laurent Gbagbo et le secteur s\u00e9curitaire restent des points de vigilance qui m\u00e9ritent toute l\u2019attention des autorit\u00e9s, indiquent \u00e9galement les agences.<\/p>\n<p>Notons que la C\u00f4te d\u2019Ivoire qui est \u00e9galement not\u00e9e Ba3 par l\u2019agence Moody\u2019s, s\u2019inscrit d\u00e9sormais dans le cercle des notations de cat\u00e9gorie \u00ab Double B \u00bb aupr\u00e8s de l\u2019ensemble des trois plus grandes agences internationales de notation. Sur le continent africain, seuls 4 pays se situent dans cette cat\u00e9gorie. Il s\u2019agit du Maroc, de la Namibie, de l\u2019Afrique du Sud et de la C\u00f4te d\u2019Ivoire. Mais parmi ces pays, la C\u00f4te d\u2019Ivoire est le seul \u00e0 ne pas souffrir d\u2019une perspective n\u00e9gative sur l\u2019une de ses notations.<\/p>\n","protected":false},"excerpt":{"rendered":"<p>Africa-Press &#8211; C\u00f4te d&rsquo;Ivoire.\u00a0 \u00a0La C\u00f4te d\u2019Ivoire fait d\u00e9sormais partie du cercle des notations de cat\u00e9gorie \u00ab double B \u00bb des trois plus grandes agences internationales de notation. Not\u00e9 Ba3 par Moody\u2019s, le pays obtient une note BB- avec perspective stable chez S&amp;P et chez Fitch, confirmant ses bonnes performances \u00e9conomiques. Malgr\u00e9 la morosit\u00e9 de [&hellip;]<\/p>\n","protected":false},"author":82,"featured_media":10437,"comment_status":"open","ping_status":"closed","sticky":false,"template":"","format":"standard","meta":{"footnotes":""},"categories":[3,11,10],"tags":[56,63,29],"class_list":["post-10438","post","type-post","status-publish","format-standard","has-post-thumbnail","hentry","category-economie","category-homepage-french","category-toutes-les-actualites","tag-africa-press","tag-africa-press-cote-divoire","tag-cote-divoire"],"yoast_head":"<!-- This site is optimized with the Yoast SEO Premium plugin v26.1 (Yoast SEO v27.0) - https:\/\/yoast.com\/product\/yoast-seo-premium-wordpress\/ -->\n<title>Fitch Ratings confirme la bonne sant\u00e9 de l\u2019\u00e9conomie de la C\u00f4te-d\u2019Ivoire avec la note souveraine BB- C\u00f4te d&#039;Ivoire<\/title>\n<meta name=\"description\" content=\"(Agence Ecofin) \u2013 La C\u00f4te d\u2019Ivoire fait d\u00e9sormais partie du cercle des notations de cat\u00e9gorie \u00ab double B \u00bb des trois plu ...\" \/>\n<meta name=\"robots\" content=\"index, follow, max-snippet:-1, max-image-preview:large, max-video-preview:-1\" \/>\n<link rel=\"canonical\" href=\"https:\/\/www.africa-press.net\/cotedivoire\/economie\/fitch-ratings-confirme-la-bonne-sante-de-leconomie-de-la-cote-divoire-avec-la-note-souveraine-bb\" \/>\n<meta property=\"og:locale\" content=\"fr_FR\" \/>\n<meta property=\"og:type\" content=\"article\" \/>\n<meta property=\"og:title\" content=\"Fitch Ratings confirme la bonne sant\u00e9 de l\u2019\u00e9conomie de la C\u00f4te-d\u2019Ivoire avec la note souveraine BB-\" \/>\n<meta property=\"og:description\" content=\"(Agence Ecofin) \u2013 La C\u00f4te d\u2019Ivoire fait d\u00e9sormais partie du cercle des notations de cat\u00e9gorie \u00ab double B \u00bb des trois plu ...\" \/>\n<meta property=\"og:url\" content=\"https:\/\/www.africa-press.net\/cotedivoire\/economie\/fitch-ratings-confirme-la-bonne-sante-de-leconomie-de-la-cote-divoire-avec-la-note-souveraine-bb\" \/>\n<meta property=\"og:site_name\" content=\"C\u00f4te d&#039;Ivoire\" \/>\n<meta property=\"article:published_time\" content=\"2021-07-27T13:38:18+00:00\" \/>\n<meta property=\"article:modified_time\" content=\"2021-07-27T19:15:02+00:00\" \/>\n<meta property=\"og:image\" content=\"https:\/\/static.africa-press.net\/cote\/sites\/43\/2021\/07\/img-6100017405e02.jpg\" \/>\n\t<meta property=\"og:image:width\" content=\"1384\" \/>\n\t<meta property=\"og:image:height\" content=\"599\" \/>\n\t<meta property=\"og:image:type\" content=\"image\/jpeg\" \/>\n<meta name=\"author\" content=\"cfeditorfr\" \/>\n<meta name=\"twitter:card\" content=\"summary_large_image\" \/>\n<meta name=\"twitter:label1\" content=\"\u00c9crit par\" \/>\n\t<meta name=\"twitter:data1\" content=\"cfeditorfr\" \/>\n\t<meta name=\"twitter:label2\" content=\"Dur\u00e9e de lecture estim\u00e9e\" \/>\n\t<meta name=\"twitter:data2\" content=\"3 minutes\" \/>\n<script type=\"application\/ld+json\" class=\"yoast-schema-graph\">{\"@context\":\"https:\/\/schema.org\",\"@graph\":[{\"@type\":\"Article\",\"@id\":\"https:\/\/www.africa-press.net\/cotedivoire\/economie\/fitch-ratings-confirme-la-bonne-sante-de-leconomie-de-la-cote-divoire-avec-la-note-souveraine-bb#article\",\"isPartOf\":{\"@id\":\"https:\/\/www.africa-press.net\/cotedivoire\/economie\/fitch-ratings-confirme-la-bonne-sante-de-leconomie-de-la-cote-divoire-avec-la-note-souveraine-bb\"},\"author\":{\"name\":\"cfeditorfr\",\"@id\":\"https:\/\/www.africa-press.net\/cotedivoire\/#\/schema\/person\/2b1cf3cd81a31e3cd26889ca66d677f1\"},\"headline\":\"Fitch Ratings confirme la bonne sant\u00e9 de l\u2019\u00e9conomie de la C\u00f4te-d\u2019Ivoire avec la note souveraine BB-\",\"datePublished\":\"2021-07-27T13:38:18+00:00\",\"dateModified\":\"2021-07-27T19:15:02+00:00\",\"mainEntityOfPage\":{\"@id\":\"https:\/\/www.africa-press.net\/cotedivoire\/economie\/fitch-ratings-confirme-la-bonne-sante-de-leconomie-de-la-cote-divoire-avec-la-note-souveraine-bb\"},\"wordCount\":559,\"commentCount\":0,\"image\":{\"@id\":\"https:\/\/www.africa-press.net\/cotedivoire\/economie\/fitch-ratings-confirme-la-bonne-sante-de-leconomie-de-la-cote-divoire-avec-la-note-souveraine-bb#primaryimage\"},\"thumbnailUrl\":\"https:\/\/static.africa-press.net\/cote\/sites\/43\/2021\/07\/img-6100017405e02.jpg\",\"keywords\":[\"Africa Press\",\"Africa Press-C\u00f4te d'Ivoire\",\"C\u00d4TE D'IVOIRE\"],\"articleSection\":[\"\u00c9conomie\",\"homepage-french\",\"Toutes les actualit\u00e9s\"],\"inLanguage\":\"fr-FR\",\"potentialAction\":[{\"@type\":\"CommentAction\",\"name\":\"Comment\",\"target\":[\"https:\/\/www.africa-press.net\/cotedivoire\/economie\/fitch-ratings-confirme-la-bonne-sante-de-leconomie-de-la-cote-divoire-avec-la-note-souveraine-bb#respond\"]}]},{\"@type\":\"WebPage\",\"@id\":\"https:\/\/www.africa-press.net\/cotedivoire\/economie\/fitch-ratings-confirme-la-bonne-sante-de-leconomie-de-la-cote-divoire-avec-la-note-souveraine-bb\",\"url\":\"https:\/\/www.africa-press.net\/cotedivoire\/economie\/fitch-ratings-confirme-la-bonne-sante-de-leconomie-de-la-cote-divoire-avec-la-note-souveraine-bb\",\"name\":\"Fitch Ratings confirme la bonne sant\u00e9 de l\u2019\u00e9conomie de la C\u00f4te-d\u2019Ivoire avec la note souveraine BB- C\u00f4te d&#039;Ivoire\",\"isPartOf\":{\"@id\":\"https:\/\/www.africa-press.net\/cotedivoire\/#website\"},\"primaryImageOfPage\":{\"@id\":\"https:\/\/www.africa-press.net\/cotedivoire\/economie\/fitch-ratings-confirme-la-bonne-sante-de-leconomie-de-la-cote-divoire-avec-la-note-souveraine-bb#primaryimage\"},\"image\":{\"@id\":\"https:\/\/www.africa-press.net\/cotedivoire\/economie\/fitch-ratings-confirme-la-bonne-sante-de-leconomie-de-la-cote-divoire-avec-la-note-souveraine-bb#primaryimage\"},\"thumbnailUrl\":\"https:\/\/static.africa-press.net\/cote\/sites\/43\/2021\/07\/img-6100017405e02.jpg\",\"datePublished\":\"2021-07-27T13:38:18+00:00\",\"dateModified\":\"2021-07-27T19:15:02+00:00\",\"author\":{\"@id\":\"https:\/\/www.africa-press.net\/cotedivoire\/#\/schema\/person\/2b1cf3cd81a31e3cd26889ca66d677f1\"},\"description\":\"(Agence Ecofin) \u2013 La C\u00f4te d\u2019Ivoire fait d\u00e9sormais partie du cercle des notations de cat\u00e9gorie \u00ab double B \u00bb des trois plu ...\",\"breadcrumb\":{\"@id\":\"https:\/\/www.africa-press.net\/cotedivoire\/economie\/fitch-ratings-confirme-la-bonne-sante-de-leconomie-de-la-cote-divoire-avec-la-note-souveraine-bb#breadcrumb\"},\"inLanguage\":\"fr-FR\",\"potentialAction\":[{\"@type\":\"ReadAction\",\"target\":[\"https:\/\/www.africa-press.net\/cotedivoire\/economie\/fitch-ratings-confirme-la-bonne-sante-de-leconomie-de-la-cote-divoire-avec-la-note-souveraine-bb\"]}]},{\"@type\":\"ImageObject\",\"inLanguage\":\"fr-FR\",\"@id\":\"https:\/\/www.africa-press.net\/cotedivoire\/economie\/fitch-ratings-confirme-la-bonne-sante-de-leconomie-de-la-cote-divoire-avec-la-note-souveraine-bb#primaryimage\",\"url\":\"https:\/\/static.africa-press.net\/cote\/sites\/43\/2021\/07\/img-6100017405e02.jpg\",\"contentUrl\":\"https:\/\/static.africa-press.net\/cote\/sites\/43\/2021\/07\/img-6100017405e02.jpg\",\"width\":1384,\"height\":599,\"caption\":\"Fitch Ratings confirme la bonne sant\u00e9 de l\u2019\u00e9conomie de la C\u00f4te-d\u2019Ivoire avec la note souveraine BB-\"},{\"@type\":\"BreadcrumbList\",\"@id\":\"https:\/\/www.africa-press.net\/cotedivoire\/economie\/fitch-ratings-confirme-la-bonne-sante-de-leconomie-de-la-cote-divoire-avec-la-note-souveraine-bb#breadcrumb\",\"itemListElement\":[{\"@type\":\"ListItem\",\"position\":1,\"name\":\"Accueil\",\"item\":\"https:\/\/www.africa-press.net\/cotedivoire\/\"},{\"@type\":\"ListItem\",\"position\":2,\"name\":\"Fitch Ratings confirme la bonne sant\u00e9 de l\u2019\u00e9conomie de la C\u00f4te-d\u2019Ivoire avec la note souveraine BB-\"}]},{\"@type\":\"WebSite\",\"@id\":\"https:\/\/www.africa-press.net\/cotedivoire\/#website\",\"url\":\"https:\/\/www.africa-press.net\/cotedivoire\/\",\"name\":\"C\u00f4te d&#039;Ivoire\",\"description\":\"Just another Africa News Agency Sites site\",\"potentialAction\":[{\"@type\":\"SearchAction\",\"target\":{\"@type\":\"EntryPoint\",\"urlTemplate\":\"https:\/\/www.africa-press.net\/cotedivoire\/?s={search_term_string}\"},\"query-input\":{\"@type\":\"PropertyValueSpecification\",\"valueRequired\":true,\"valueName\":\"search_term_string\"}}],\"inLanguage\":\"fr-FR\"},{\"@type\":\"Person\",\"@id\":\"https:\/\/www.africa-press.net\/cotedivoire\/#\/schema\/person\/2b1cf3cd81a31e3cd26889ca66d677f1\",\"name\":\"cfeditorfr\"}]}<\/script>\n<!-- \/ Yoast SEO Premium plugin. -->","yoast_head_json":{"title":"Fitch Ratings confirme la bonne sant\u00e9 de l\u2019\u00e9conomie de la C\u00f4te-d\u2019Ivoire avec la note souveraine BB- C\u00f4te d&#039;Ivoire","description":"(Agence Ecofin) \u2013 La C\u00f4te d\u2019Ivoire fait d\u00e9sormais partie du cercle des notations de cat\u00e9gorie \u00ab double B \u00bb des trois plu ...","robots":{"index":"index","follow":"follow","max-snippet":"max-snippet:-1","max-image-preview":"max-image-preview:large","max-video-preview":"max-video-preview:-1"},"canonical":"https:\/\/www.africa-press.net\/cotedivoire\/economie\/fitch-ratings-confirme-la-bonne-sante-de-leconomie-de-la-cote-divoire-avec-la-note-souveraine-bb","og_locale":"fr_FR","og_type":"article","og_title":"Fitch Ratings confirme la bonne sant\u00e9 de l\u2019\u00e9conomie de la C\u00f4te-d\u2019Ivoire avec la note souveraine BB-","og_description":"(Agence Ecofin) \u2013 La C\u00f4te d\u2019Ivoire fait d\u00e9sormais partie du cercle des notations de cat\u00e9gorie \u00ab double B \u00bb des trois plu ...","og_url":"https:\/\/www.africa-press.net\/cotedivoire\/economie\/fitch-ratings-confirme-la-bonne-sante-de-leconomie-de-la-cote-divoire-avec-la-note-souveraine-bb","og_site_name":"C\u00f4te d&#039;Ivoire","article_published_time":"2021-07-27T13:38:18+00:00","article_modified_time":"2021-07-27T19:15:02+00:00","og_image":[{"width":1384,"height":599,"url":"https:\/\/static.africa-press.net\/cote\/sites\/43\/2021\/07\/img-6100017405e02.jpg","type":"image\/jpeg"}],"author":"cfeditorfr","twitter_card":"summary_large_image","twitter_misc":{"\u00c9crit par":"cfeditorfr","Dur\u00e9e de lecture estim\u00e9e":"3 minutes"},"schema":{"@context":"https:\/\/schema.org","@graph":[{"@type":"Article","@id":"https:\/\/www.africa-press.net\/cotedivoire\/economie\/fitch-ratings-confirme-la-bonne-sante-de-leconomie-de-la-cote-divoire-avec-la-note-souveraine-bb#article","isPartOf":{"@id":"https:\/\/www.africa-press.net\/cotedivoire\/economie\/fitch-ratings-confirme-la-bonne-sante-de-leconomie-de-la-cote-divoire-avec-la-note-souveraine-bb"},"author":{"name":"cfeditorfr","@id":"https:\/\/www.africa-press.net\/cotedivoire\/#\/schema\/person\/2b1cf3cd81a31e3cd26889ca66d677f1"},"headline":"Fitch Ratings confirme la bonne sant\u00e9 de l\u2019\u00e9conomie de la C\u00f4te-d\u2019Ivoire avec la note souveraine BB-","datePublished":"2021-07-27T13:38:18+00:00","dateModified":"2021-07-27T19:15:02+00:00","mainEntityOfPage":{"@id":"https:\/\/www.africa-press.net\/cotedivoire\/economie\/fitch-ratings-confirme-la-bonne-sante-de-leconomie-de-la-cote-divoire-avec-la-note-souveraine-bb"},"wordCount":559,"commentCount":0,"image":{"@id":"https:\/\/www.africa-press.net\/cotedivoire\/economie\/fitch-ratings-confirme-la-bonne-sante-de-leconomie-de-la-cote-divoire-avec-la-note-souveraine-bb#primaryimage"},"thumbnailUrl":"https:\/\/static.africa-press.net\/cote\/sites\/43\/2021\/07\/img-6100017405e02.jpg","keywords":["Africa Press","Africa Press-C\u00f4te d'Ivoire","C\u00d4TE D'IVOIRE"],"articleSection":["\u00c9conomie","homepage-french","Toutes les actualit\u00e9s"],"inLanguage":"fr-FR","potentialAction":[{"@type":"CommentAction","name":"Comment","target":["https:\/\/www.africa-press.net\/cotedivoire\/economie\/fitch-ratings-confirme-la-bonne-sante-de-leconomie-de-la-cote-divoire-avec-la-note-souveraine-bb#respond"]}]},{"@type":"WebPage","@id":"https:\/\/www.africa-press.net\/cotedivoire\/economie\/fitch-ratings-confirme-la-bonne-sante-de-leconomie-de-la-cote-divoire-avec-la-note-souveraine-bb","url":"https:\/\/www.africa-press.net\/cotedivoire\/economie\/fitch-ratings-confirme-la-bonne-sante-de-leconomie-de-la-cote-divoire-avec-la-note-souveraine-bb","name":"Fitch Ratings confirme la bonne sant\u00e9 de l\u2019\u00e9conomie de la C\u00f4te-d\u2019Ivoire avec la note souveraine BB- C\u00f4te d&#039;Ivoire","isPartOf":{"@id":"https:\/\/www.africa-press.net\/cotedivoire\/#website"},"primaryImageOfPage":{"@id":"https:\/\/www.africa-press.net\/cotedivoire\/economie\/fitch-ratings-confirme-la-bonne-sante-de-leconomie-de-la-cote-divoire-avec-la-note-souveraine-bb#primaryimage"},"image":{"@id":"https:\/\/www.africa-press.net\/cotedivoire\/economie\/fitch-ratings-confirme-la-bonne-sante-de-leconomie-de-la-cote-divoire-avec-la-note-souveraine-bb#primaryimage"},"thumbnailUrl":"https:\/\/static.africa-press.net\/cote\/sites\/43\/2021\/07\/img-6100017405e02.jpg","datePublished":"2021-07-27T13:38:18+00:00","dateModified":"2021-07-27T19:15:02+00:00","author":{"@id":"https:\/\/www.africa-press.net\/cotedivoire\/#\/schema\/person\/2b1cf3cd81a31e3cd26889ca66d677f1"},"description":"(Agence Ecofin) \u2013 La C\u00f4te d\u2019Ivoire fait d\u00e9sormais partie du cercle des notations de cat\u00e9gorie \u00ab double B \u00bb des trois plu ...","breadcrumb":{"@id":"https:\/\/www.africa-press.net\/cotedivoire\/economie\/fitch-ratings-confirme-la-bonne-sante-de-leconomie-de-la-cote-divoire-avec-la-note-souveraine-bb#breadcrumb"},"inLanguage":"fr-FR","potentialAction":[{"@type":"ReadAction","target":["https:\/\/www.africa-press.net\/cotedivoire\/economie\/fitch-ratings-confirme-la-bonne-sante-de-leconomie-de-la-cote-divoire-avec-la-note-souveraine-bb"]}]},{"@type":"ImageObject","inLanguage":"fr-FR","@id":"https:\/\/www.africa-press.net\/cotedivoire\/economie\/fitch-ratings-confirme-la-bonne-sante-de-leconomie-de-la-cote-divoire-avec-la-note-souveraine-bb#primaryimage","url":"https:\/\/static.africa-press.net\/cote\/sites\/43\/2021\/07\/img-6100017405e02.jpg","contentUrl":"https:\/\/static.africa-press.net\/cote\/sites\/43\/2021\/07\/img-6100017405e02.jpg","width":1384,"height":599,"caption":"Fitch Ratings confirme la bonne sant\u00e9 de l\u2019\u00e9conomie de la C\u00f4te-d\u2019Ivoire avec la note souveraine BB-"},{"@type":"BreadcrumbList","@id":"https:\/\/www.africa-press.net\/cotedivoire\/economie\/fitch-ratings-confirme-la-bonne-sante-de-leconomie-de-la-cote-divoire-avec-la-note-souveraine-bb#breadcrumb","itemListElement":[{"@type":"ListItem","position":1,"name":"Accueil","item":"https:\/\/www.africa-press.net\/cotedivoire\/"},{"@type":"ListItem","position":2,"name":"Fitch Ratings confirme la bonne sant\u00e9 de l\u2019\u00e9conomie de la C\u00f4te-d\u2019Ivoire avec la note souveraine BB-"}]},{"@type":"WebSite","@id":"https:\/\/www.africa-press.net\/cotedivoire\/#website","url":"https:\/\/www.africa-press.net\/cotedivoire\/","name":"C\u00f4te d&#039;Ivoire","description":"Just another Africa News Agency Sites site","potentialAction":[{"@type":"SearchAction","target":{"@type":"EntryPoint","urlTemplate":"https:\/\/www.africa-press.net\/cotedivoire\/?s={search_term_string}"},"query-input":{"@type":"PropertyValueSpecification","valueRequired":true,"valueName":"search_term_string"}}],"inLanguage":"fr-FR"},{"@type":"Person","@id":"https:\/\/www.africa-press.net\/cotedivoire\/#\/schema\/person\/2b1cf3cd81a31e3cd26889ca66d677f1","name":"cfeditorfr"}]}},"_links":{"self":[{"href":"https:\/\/www.africa-press.net\/cotedivoire\/wp-json\/wp\/v2\/posts\/10438","targetHints":{"allow":["GET"]}}],"collection":[{"href":"https:\/\/www.africa-press.net\/cotedivoire\/wp-json\/wp\/v2\/posts"}],"about":[{"href":"https:\/\/www.africa-press.net\/cotedivoire\/wp-json\/wp\/v2\/types\/post"}],"author":[{"embeddable":true,"href":"https:\/\/www.africa-press.net\/cotedivoire\/wp-json\/wp\/v2\/users\/82"}],"replies":[{"embeddable":true,"href":"https:\/\/www.africa-press.net\/cotedivoire\/wp-json\/wp\/v2\/comments?post=10438"}],"version-history":[{"count":0,"href":"https:\/\/www.africa-press.net\/cotedivoire\/wp-json\/wp\/v2\/posts\/10438\/revisions"}],"wp:featuredmedia":[{"embeddable":true,"href":"https:\/\/www.africa-press.net\/cotedivoire\/wp-json\/wp\/v2\/media\/10437"}],"wp:attachment":[{"href":"https:\/\/www.africa-press.net\/cotedivoire\/wp-json\/wp\/v2\/media?parent=10438"}],"wp:term":[{"taxonomy":"category","embeddable":true,"href":"https:\/\/www.africa-press.net\/cotedivoire\/wp-json\/wp\/v2\/categories?post=10438"},{"taxonomy":"post_tag","embeddable":true,"href":"https:\/\/www.africa-press.net\/cotedivoire\/wp-json\/wp\/v2\/tags?post=10438"}],"curies":[{"name":"wp","href":"https:\/\/api.w.org\/{rel}","templated":true}]}}