{"id":10441,"date":"2021-07-27T13:44:54","date_gmt":"2021-07-27T13:44:54","guid":{"rendered":"https:\/\/www.africa-press.net\/cotedivoire\/?p=10441"},"modified":"2021-07-27T19:15:12","modified_gmt":"2021-07-27T19:15:12","slug":"5-000-taxis-compteurs-neufs-a-abidjan-dici-2026","status":"publish","type":"post","link":"https:\/\/www.africa-press.net\/cotedivoire\/economie\/5-000-taxis-compteurs-neufs-a-abidjan-dici-2026","title":{"rendered":"5 000 taxis compteurs neufs \u00e0 Abidjan d\u2019ici 2026"},"content":{"rendered":"<p><span style=\"color: #ff6600\"><strong><a href=\"https:\/\/www.africa-press.net\/\">Africa-Press<\/a> &#8211; <a href=\"https:\/\/www.africa-press.net\/cotedivoire\">C\u00f4te d&rsquo;Ivoire<\/a>.\u00a0 <\/strong><\/span>\u00a0En C\u00f4te d\u2019Ivoire, un d\u00e9cret de 2017 limite \u00e0 5 ans l\u2019\u00e2ge des v\u00e9hicules import\u00e9s d\u00e9di\u00e9s aux taxis et \u00e0 7 ans la dur\u00e9e de leur exploitation une fois en circulation. Or, sur le terrain, le parc roulant n\u2019affiche toujours pas une fi\u00e8re allure, notamment dans le district d\u2019Abidjan qui compte pr\u00e8s de 20 000 taxis compteurs.<\/p>\n<p>Le parc roulant de la m\u00e9gapole ivoirienne d\u2019Abidjan va refaire sa mue. A l\u2019horizon 2026, il y est pr\u00e9vu le renouvellement du parc automobile de 5 000 taxis compteurs. C\u2019est \u00e0 l\u2019initiative de la convention de partenariat sign\u00e9e, vendredi 23 juillet, entre la Mutuelle d\u2019assurance des taxis compteurs d\u2019Abidjan (MATCA) et la microfinance panafricaine Credafrica.<\/p>\n<p>Selon les termes de ladite convention,1 000 nouveaux v\u00e9hicules, exclusivement de marque Toyota, seront mis en circulation par an, pendant 5 ans. Ce projet de modernisation est \u00e9valu\u00e9 \u00e0 60 milliards FCFA (107,6 millions USD).<\/p>\n<p>Pour les autorit\u00e9s, cette dynamique va en droite ligne avec la double vision de modernisation et de d\u00e9veloppement du secteur des transports urbains dans les principales villes du pays. Les effets escompt\u00e9s \u00e9tant la r\u00e9duction significative du nombre croissant d\u2019accidents de la route, la r\u00e9duction des \u00e9missions de gaz \u00e0 effet de serre ainsi que la forte congestion.<\/p>\n<p>Un projet similaire est \u00e9galement en cours. Soutenu par les Ivoiriens de la diaspora en collaboration avec le Fonds de d\u00e9veloppement du transport routier (FDTR), il porte sur la mise en circulation de 200 nouveaux taxis compteurs d\u2019ici ao\u00fbt. Un premier lot de 50 v\u00e9hicules a \u00e9t\u00e9 r\u00e9ceptionn\u00e9 en avril dernier au profit de trois entreprises b\u00e9n\u00e9ficiaires.<\/p>\n<p>&nbsp;<\/p>\n","protected":false},"excerpt":{"rendered":"<p>Africa-Press &#8211; C\u00f4te d&rsquo;Ivoire.\u00a0 \u00a0En C\u00f4te d\u2019Ivoire, un d\u00e9cret de 2017 limite \u00e0 5 ans l\u2019\u00e2ge des v\u00e9hicules import\u00e9s d\u00e9di\u00e9s aux taxis et \u00e0 7 ans la dur\u00e9e de leur exploitation une fois en circulation. Or, sur le terrain, le parc roulant n\u2019affiche toujours pas une fi\u00e8re allure, notamment dans le district d\u2019Abidjan qui compte [&hellip;]<\/p>\n","protected":false},"author":82,"featured_media":10440,"comment_status":"open","ping_status":"closed","sticky":false,"template":"","format":"standard","meta":{"footnotes":""},"categories":[3,11,20,10],"tags":[56,63,29],"class_list":["post-10441","post","type-post","status-publish","format-standard","has-post-thumbnail","hentry","category-economie","category-homepage-french","category-top-nouvelles","category-toutes-les-actualites","tag-africa-press","tag-africa-press-cote-divoire","tag-cote-divoire"],"yoast_head":"<!-- This site is optimized with the Yoast SEO Premium plugin v26.1 (Yoast SEO v27.0) - https:\/\/yoast.com\/product\/yoast-seo-premium-wordpress\/ -->\n<title>5 000 taxis compteurs neufs \u00e0 Abidjan d\u2019ici 2026 - C\u00f4te d&#039;Ivoire<\/title>\n<meta name=\"description\" content=\"(Agence Ecofin) \u2013 En C\u00f4te d\u2019Ivoire, un d\u00e9cret de 2017 limite \u00e0 5 ans l\u2019\u00e2ge des v\u00e9hicules import\u00e9s d\u00e9di\u00e9s aux taxis et \u00e0 ...\" \/>\n<meta name=\"robots\" content=\"index, follow, max-snippet:-1, max-image-preview:large, max-video-preview:-1\" \/>\n<link rel=\"canonical\" href=\"https:\/\/www.africa-press.net\/cotedivoire\/economie\/5-000-taxis-compteurs-neufs-a-abidjan-dici-2026\" \/>\n<meta property=\"og:locale\" content=\"fr_FR\" \/>\n<meta property=\"og:type\" content=\"article\" \/>\n<meta property=\"og:title\" content=\"5 000 taxis compteurs neufs \u00e0 Abidjan d\u2019ici 2026\" \/>\n<meta property=\"og:description\" content=\"(Agence Ecofin) \u2013 En C\u00f4te d\u2019Ivoire, un d\u00e9cret de 2017 limite \u00e0 5 ans l\u2019\u00e2ge des v\u00e9hicules import\u00e9s d\u00e9di\u00e9s aux taxis et \u00e0 ...\" \/>\n<meta property=\"og:url\" content=\"https:\/\/www.africa-press.net\/cotedivoire\/economie\/5-000-taxis-compteurs-neufs-a-abidjan-dici-2026\" \/>\n<meta property=\"og:site_name\" content=\"C\u00f4te d&#039;Ivoire\" \/>\n<meta property=\"article:published_time\" content=\"2021-07-27T13:44:54+00:00\" \/>\n<meta property=\"article:modified_time\" content=\"2021-07-27T19:15:12+00:00\" \/>\n<meta property=\"og:image\" content=\"https:\/\/static.africa-press.net\/cote\/sites\/43\/2021\/07\/img-61000197bbd9d.jpg\" \/>\n\t<meta property=\"og:image:width\" content=\"909\" \/>\n\t<meta property=\"og:image:height\" content=\"549\" \/>\n\t<meta property=\"og:image:type\" content=\"image\/jpeg\" \/>\n<meta name=\"author\" content=\"cfeditorfr\" \/>\n<meta name=\"twitter:card\" content=\"summary_large_image\" \/>\n<meta name=\"twitter:label1\" content=\"\u00c9crit par\" \/>\n\t<meta name=\"twitter:data1\" content=\"cfeditorfr\" \/>\n\t<meta name=\"twitter:label2\" content=\"Dur\u00e9e de lecture estim\u00e9e\" \/>\n\t<meta name=\"twitter:data2\" content=\"2 minutes\" \/>\n<script type=\"application\/ld+json\" class=\"yoast-schema-graph\">{\"@context\":\"https:\/\/schema.org\",\"@graph\":[{\"@type\":\"Article\",\"@id\":\"https:\/\/www.africa-press.net\/cotedivoire\/economie\/5-000-taxis-compteurs-neufs-a-abidjan-dici-2026#article\",\"isPartOf\":{\"@id\":\"https:\/\/www.africa-press.net\/cotedivoire\/economie\/5-000-taxis-compteurs-neufs-a-abidjan-dici-2026\"},\"author\":{\"name\":\"cfeditorfr\",\"@id\":\"https:\/\/www.africa-press.net\/cotedivoire\/#\/schema\/person\/2b1cf3cd81a31e3cd26889ca66d677f1\"},\"headline\":\"5 000 taxis compteurs neufs \u00e0 Abidjan d\u2019ici 2026\",\"datePublished\":\"2021-07-27T13:44:54+00:00\",\"dateModified\":\"2021-07-27T19:15:12+00:00\",\"mainEntityOfPage\":{\"@id\":\"https:\/\/www.africa-press.net\/cotedivoire\/economie\/5-000-taxis-compteurs-neufs-a-abidjan-dici-2026\"},\"wordCount\":291,\"commentCount\":0,\"image\":{\"@id\":\"https:\/\/www.africa-press.net\/cotedivoire\/economie\/5-000-taxis-compteurs-neufs-a-abidjan-dici-2026#primaryimage\"},\"thumbnailUrl\":\"https:\/\/static.africa-press.net\/cote\/sites\/43\/2021\/07\/img-61000197bbd9d.jpg\",\"keywords\":[\"Africa Press\",\"Africa Press-C\u00f4te d'Ivoire\",\"C\u00d4TE D'IVOIRE\"],\"articleSection\":[\"\u00c9conomie\",\"homepage-french\",\"Top Nouvelles\",\"Toutes les actualit\u00e9s\"],\"inLanguage\":\"fr-FR\",\"potentialAction\":[{\"@type\":\"CommentAction\",\"name\":\"Comment\",\"target\":[\"https:\/\/www.africa-press.net\/cotedivoire\/economie\/5-000-taxis-compteurs-neufs-a-abidjan-dici-2026#respond\"]}]},{\"@type\":\"WebPage\",\"@id\":\"https:\/\/www.africa-press.net\/cotedivoire\/economie\/5-000-taxis-compteurs-neufs-a-abidjan-dici-2026\",\"url\":\"https:\/\/www.africa-press.net\/cotedivoire\/economie\/5-000-taxis-compteurs-neufs-a-abidjan-dici-2026\",\"name\":\"5 000 taxis compteurs neufs \u00e0 Abidjan d\u2019ici 2026 - C\u00f4te d&#039;Ivoire\",\"isPartOf\":{\"@id\":\"https:\/\/www.africa-press.net\/cotedivoire\/#website\"},\"primaryImageOfPage\":{\"@id\":\"https:\/\/www.africa-press.net\/cotedivoire\/economie\/5-000-taxis-compteurs-neufs-a-abidjan-dici-2026#primaryimage\"},\"image\":{\"@id\":\"https:\/\/www.africa-press.net\/cotedivoire\/economie\/5-000-taxis-compteurs-neufs-a-abidjan-dici-2026#primaryimage\"},\"thumbnailUrl\":\"https:\/\/static.africa-press.net\/cote\/sites\/43\/2021\/07\/img-61000197bbd9d.jpg\",\"datePublished\":\"2021-07-27T13:44:54+00:00\",\"dateModified\":\"2021-07-27T19:15:12+00:00\",\"author\":{\"@id\":\"https:\/\/www.africa-press.net\/cotedivoire\/#\/schema\/person\/2b1cf3cd81a31e3cd26889ca66d677f1\"},\"description\":\"(Agence Ecofin) \u2013 En C\u00f4te d\u2019Ivoire, un d\u00e9cret de 2017 limite \u00e0 5 ans l\u2019\u00e2ge des v\u00e9hicules import\u00e9s d\u00e9di\u00e9s aux taxis et \u00e0 ...\",\"breadcrumb\":{\"@id\":\"https:\/\/www.africa-press.net\/cotedivoire\/economie\/5-000-taxis-compteurs-neufs-a-abidjan-dici-2026#breadcrumb\"},\"inLanguage\":\"fr-FR\",\"potentialAction\":[{\"@type\":\"ReadAction\",\"target\":[\"https:\/\/www.africa-press.net\/cotedivoire\/economie\/5-000-taxis-compteurs-neufs-a-abidjan-dici-2026\"]}]},{\"@type\":\"ImageObject\",\"inLanguage\":\"fr-FR\",\"@id\":\"https:\/\/www.africa-press.net\/cotedivoire\/economie\/5-000-taxis-compteurs-neufs-a-abidjan-dici-2026#primaryimage\",\"url\":\"https:\/\/static.africa-press.net\/cote\/sites\/43\/2021\/07\/img-61000197bbd9d.jpg\",\"contentUrl\":\"https:\/\/static.africa-press.net\/cote\/sites\/43\/2021\/07\/img-61000197bbd9d.jpg\",\"width\":909,\"height\":549,\"caption\":\"5 000 taxis compteurs neufs \u00e0 Abidjan d\u2019ici 2026\"},{\"@type\":\"BreadcrumbList\",\"@id\":\"https:\/\/www.africa-press.net\/cotedivoire\/economie\/5-000-taxis-compteurs-neufs-a-abidjan-dici-2026#breadcrumb\",\"itemListElement\":[{\"@type\":\"ListItem\",\"position\":1,\"name\":\"Accueil\",\"item\":\"https:\/\/www.africa-press.net\/cotedivoire\/\"},{\"@type\":\"ListItem\",\"position\":2,\"name\":\"5 000 taxis compteurs neufs \u00e0 Abidjan d\u2019ici 2026\"}]},{\"@type\":\"WebSite\",\"@id\":\"https:\/\/www.africa-press.net\/cotedivoire\/#website\",\"url\":\"https:\/\/www.africa-press.net\/cotedivoire\/\",\"name\":\"C\u00f4te d&#039;Ivoire\",\"description\":\"Just another Africa News Agency Sites site\",\"potentialAction\":[{\"@type\":\"SearchAction\",\"target\":{\"@type\":\"EntryPoint\",\"urlTemplate\":\"https:\/\/www.africa-press.net\/cotedivoire\/?s={search_term_string}\"},\"query-input\":{\"@type\":\"PropertyValueSpecification\",\"valueRequired\":true,\"valueName\":\"search_term_string\"}}],\"inLanguage\":\"fr-FR\"},{\"@type\":\"Person\",\"@id\":\"https:\/\/www.africa-press.net\/cotedivoire\/#\/schema\/person\/2b1cf3cd81a31e3cd26889ca66d677f1\",\"name\":\"cfeditorfr\"}]}<\/script>\n<!-- \/ Yoast SEO Premium plugin. -->","yoast_head_json":{"title":"5 000 taxis compteurs neufs \u00e0 Abidjan d\u2019ici 2026 - C\u00f4te d&#039;Ivoire","description":"(Agence Ecofin) \u2013 En C\u00f4te d\u2019Ivoire, un d\u00e9cret de 2017 limite \u00e0 5 ans l\u2019\u00e2ge des v\u00e9hicules import\u00e9s d\u00e9di\u00e9s aux taxis et \u00e0 ...","robots":{"index":"index","follow":"follow","max-snippet":"max-snippet:-1","max-image-preview":"max-image-preview:large","max-video-preview":"max-video-preview:-1"},"canonical":"https:\/\/www.africa-press.net\/cotedivoire\/economie\/5-000-taxis-compteurs-neufs-a-abidjan-dici-2026","og_locale":"fr_FR","og_type":"article","og_title":"5 000 taxis compteurs neufs \u00e0 Abidjan d\u2019ici 2026","og_description":"(Agence Ecofin) \u2013 En C\u00f4te d\u2019Ivoire, un d\u00e9cret de 2017 limite \u00e0 5 ans l\u2019\u00e2ge des v\u00e9hicules import\u00e9s d\u00e9di\u00e9s aux taxis et \u00e0 ...","og_url":"https:\/\/www.africa-press.net\/cotedivoire\/economie\/5-000-taxis-compteurs-neufs-a-abidjan-dici-2026","og_site_name":"C\u00f4te d&#039;Ivoire","article_published_time":"2021-07-27T13:44:54+00:00","article_modified_time":"2021-07-27T19:15:12+00:00","og_image":[{"width":909,"height":549,"url":"https:\/\/static.africa-press.net\/cote\/sites\/43\/2021\/07\/img-61000197bbd9d.jpg","type":"image\/jpeg"}],"author":"cfeditorfr","twitter_card":"summary_large_image","twitter_misc":{"\u00c9crit par":"cfeditorfr","Dur\u00e9e de lecture estim\u00e9e":"2 minutes"},"schema":{"@context":"https:\/\/schema.org","@graph":[{"@type":"Article","@id":"https:\/\/www.africa-press.net\/cotedivoire\/economie\/5-000-taxis-compteurs-neufs-a-abidjan-dici-2026#article","isPartOf":{"@id":"https:\/\/www.africa-press.net\/cotedivoire\/economie\/5-000-taxis-compteurs-neufs-a-abidjan-dici-2026"},"author":{"name":"cfeditorfr","@id":"https:\/\/www.africa-press.net\/cotedivoire\/#\/schema\/person\/2b1cf3cd81a31e3cd26889ca66d677f1"},"headline":"5 000 taxis compteurs neufs \u00e0 Abidjan d\u2019ici 2026","datePublished":"2021-07-27T13:44:54+00:00","dateModified":"2021-07-27T19:15:12+00:00","mainEntityOfPage":{"@id":"https:\/\/www.africa-press.net\/cotedivoire\/economie\/5-000-taxis-compteurs-neufs-a-abidjan-dici-2026"},"wordCount":291,"commentCount":0,"image":{"@id":"https:\/\/www.africa-press.net\/cotedivoire\/economie\/5-000-taxis-compteurs-neufs-a-abidjan-dici-2026#primaryimage"},"thumbnailUrl":"https:\/\/static.africa-press.net\/cote\/sites\/43\/2021\/07\/img-61000197bbd9d.jpg","keywords":["Africa Press","Africa Press-C\u00f4te d'Ivoire","C\u00d4TE D'IVOIRE"],"articleSection":["\u00c9conomie","homepage-french","Top Nouvelles","Toutes les actualit\u00e9s"],"inLanguage":"fr-FR","potentialAction":[{"@type":"CommentAction","name":"Comment","target":["https:\/\/www.africa-press.net\/cotedivoire\/economie\/5-000-taxis-compteurs-neufs-a-abidjan-dici-2026#respond"]}]},{"@type":"WebPage","@id":"https:\/\/www.africa-press.net\/cotedivoire\/economie\/5-000-taxis-compteurs-neufs-a-abidjan-dici-2026","url":"https:\/\/www.africa-press.net\/cotedivoire\/economie\/5-000-taxis-compteurs-neufs-a-abidjan-dici-2026","name":"5 000 taxis compteurs neufs \u00e0 Abidjan d\u2019ici 2026 - C\u00f4te d&#039;Ivoire","isPartOf":{"@id":"https:\/\/www.africa-press.net\/cotedivoire\/#website"},"primaryImageOfPage":{"@id":"https:\/\/www.africa-press.net\/cotedivoire\/economie\/5-000-taxis-compteurs-neufs-a-abidjan-dici-2026#primaryimage"},"image":{"@id":"https:\/\/www.africa-press.net\/cotedivoire\/economie\/5-000-taxis-compteurs-neufs-a-abidjan-dici-2026#primaryimage"},"thumbnailUrl":"https:\/\/static.africa-press.net\/cote\/sites\/43\/2021\/07\/img-61000197bbd9d.jpg","datePublished":"2021-07-27T13:44:54+00:00","dateModified":"2021-07-27T19:15:12+00:00","author":{"@id":"https:\/\/www.africa-press.net\/cotedivoire\/#\/schema\/person\/2b1cf3cd81a31e3cd26889ca66d677f1"},"description":"(Agence Ecofin) \u2013 En C\u00f4te d\u2019Ivoire, un d\u00e9cret de 2017 limite \u00e0 5 ans l\u2019\u00e2ge des v\u00e9hicules import\u00e9s d\u00e9di\u00e9s aux taxis et \u00e0 ...","breadcrumb":{"@id":"https:\/\/www.africa-press.net\/cotedivoire\/economie\/5-000-taxis-compteurs-neufs-a-abidjan-dici-2026#breadcrumb"},"inLanguage":"fr-FR","potentialAction":[{"@type":"ReadAction","target":["https:\/\/www.africa-press.net\/cotedivoire\/economie\/5-000-taxis-compteurs-neufs-a-abidjan-dici-2026"]}]},{"@type":"ImageObject","inLanguage":"fr-FR","@id":"https:\/\/www.africa-press.net\/cotedivoire\/economie\/5-000-taxis-compteurs-neufs-a-abidjan-dici-2026#primaryimage","url":"https:\/\/static.africa-press.net\/cote\/sites\/43\/2021\/07\/img-61000197bbd9d.jpg","contentUrl":"https:\/\/static.africa-press.net\/cote\/sites\/43\/2021\/07\/img-61000197bbd9d.jpg","width":909,"height":549,"caption":"5 000 taxis compteurs neufs \u00e0 Abidjan d\u2019ici 2026"},{"@type":"BreadcrumbList","@id":"https:\/\/www.africa-press.net\/cotedivoire\/economie\/5-000-taxis-compteurs-neufs-a-abidjan-dici-2026#breadcrumb","itemListElement":[{"@type":"ListItem","position":1,"name":"Accueil","item":"https:\/\/www.africa-press.net\/cotedivoire\/"},{"@type":"ListItem","position":2,"name":"5 000 taxis compteurs neufs \u00e0 Abidjan d\u2019ici 2026"}]},{"@type":"WebSite","@id":"https:\/\/www.africa-press.net\/cotedivoire\/#website","url":"https:\/\/www.africa-press.net\/cotedivoire\/","name":"C\u00f4te d&#039;Ivoire","description":"Just another Africa News Agency Sites site","potentialAction":[{"@type":"SearchAction","target":{"@type":"EntryPoint","urlTemplate":"https:\/\/www.africa-press.net\/cotedivoire\/?s={search_term_string}"},"query-input":{"@type":"PropertyValueSpecification","valueRequired":true,"valueName":"search_term_string"}}],"inLanguage":"fr-FR"},{"@type":"Person","@id":"https:\/\/www.africa-press.net\/cotedivoire\/#\/schema\/person\/2b1cf3cd81a31e3cd26889ca66d677f1","name":"cfeditorfr"}]}},"_links":{"self":[{"href":"https:\/\/www.africa-press.net\/cotedivoire\/wp-json\/wp\/v2\/posts\/10441","targetHints":{"allow":["GET"]}}],"collection":[{"href":"https:\/\/www.africa-press.net\/cotedivoire\/wp-json\/wp\/v2\/posts"}],"about":[{"href":"https:\/\/www.africa-press.net\/cotedivoire\/wp-json\/wp\/v2\/types\/post"}],"author":[{"embeddable":true,"href":"https:\/\/www.africa-press.net\/cotedivoire\/wp-json\/wp\/v2\/users\/82"}],"replies":[{"embeddable":true,"href":"https:\/\/www.africa-press.net\/cotedivoire\/wp-json\/wp\/v2\/comments?post=10441"}],"version-history":[{"count":0,"href":"https:\/\/www.africa-press.net\/cotedivoire\/wp-json\/wp\/v2\/posts\/10441\/revisions"}],"wp:featuredmedia":[{"embeddable":true,"href":"https:\/\/www.africa-press.net\/cotedivoire\/wp-json\/wp\/v2\/media\/10440"}],"wp:attachment":[{"href":"https:\/\/www.africa-press.net\/cotedivoire\/wp-json\/wp\/v2\/media?parent=10441"}],"wp:term":[{"taxonomy":"category","embeddable":true,"href":"https:\/\/www.africa-press.net\/cotedivoire\/wp-json\/wp\/v2\/categories?post=10441"},{"taxonomy":"post_tag","embeddable":true,"href":"https:\/\/www.africa-press.net\/cotedivoire\/wp-json\/wp\/v2\/tags?post=10441"}],"curies":[{"name":"wp","href":"https:\/\/api.w.org\/{rel}","templated":true}]}}