{"id":10444,"date":"2021-07-27T13:50:29","date_gmt":"2021-07-27T13:50:29","guid":{"rendered":"https:\/\/www.africa-press.net\/cotedivoire\/?p=10444"},"modified":"2021-07-27T19:15:21","modified_gmt":"2021-07-27T19:15:21","slug":"quand-la-question-de-la-vie-chere-anime-tous-les-debats-en-cote-divoire-tribune-de-gael-lakpa-ecrivain","status":"publish","type":"post","link":"https:\/\/www.africa-press.net\/cotedivoire\/dossiers\/quand-la-question-de-la-vie-chere-anime-tous-les-debats-en-cote-divoire-tribune-de-gael-lakpa-ecrivain","title":{"rendered":"Quand la question de la vie ch\u00e8re anime tous les d\u00e9bats en C\u00f4te-d\u2019Ivoire (Tribune de Ga\u00ebl Lakpa, \u00e9crivain)"},"content":{"rendered":"<p><span style=\"color: #ff6600\"><strong><a href=\"https:\/\/www.africa-press.net\/\">Africa-Press<\/a> &#8211; <a href=\"https:\/\/www.africa-press.net\/cotedivoire\">C\u00f4te d&rsquo;Ivoire<\/a>. <\/strong><\/span>Aujourd\u2019hui la question de la vie ch\u00e8re anime tous les d\u00e9bats. Je vois qu\u2019une vid\u00e9o de Mamadou Koulibaly est devenue virale sur les r\u00e9seaux sociaux et tout le monde est fier et se l\u2019arracher, au point m\u00eame d\u2019hisser son auteur au rang de proph\u00e8te. Cette vid\u00e9o se situe en 2016.<\/p>\n<p>Malheureusement, \u00e0 cette \u00e9poque, en 2016 lorsque lui (MK) tenait ce discours \u00e0 Koumassi (si je me trompe pas), nous autres, membres de l\u2019opposition avec les plateformes Coalition du Non et le front du refus \u00e9tions \u00e0 Port Bouet pour expliquer la m\u00eame chose.<\/p>\n<p>C\u2019\u00e9tait plusieurs d\u00e9l\u00e9gations qui avaient investi le tout Abidjan et le reste du pays pour expliquer les choses aux ivoiriens pour qu\u2019ils comprennent et s\u2019opposent \u00e0 cette nouvelle constitution qui allait ouvrir la porte aux interpr\u00e9tations pour le 3eme mandats mais aussi la Vice Pr\u00e9sidence, Le S\u00e9nat, la chambre des rois et chefs traditionnels (le probl\u00e8me est a un autre niveau) au d\u00e9triment de leurs propres int\u00e9r\u00eats.<\/p>\n<p>Peut-on aujourd\u2019hui se souvenir de combien d\u2019ivoiriens c\u2019\u00e9taient int\u00e9ress\u00e9s \u00e0 cette question fondamentale ? Combien on \u00e9cout\u00e9 ? Lorsque nous parlons, beaucoup disent qu\u2019ils ne font pas la politique. Mais tout n\u2019est pas que politique ! Les politiques se saisissent de certaines questions sociales tout simplement parce que notre soci\u00e9t\u00e9 civile n\u2019est pas forte.<\/p>\n<p>D\u2019autres ivoiriens, s\u2019ils n\u2019en riaient pas demandaient de l\u2019argent pour voter NON au cas o\u00f9 il y avait vote. L\u2019argent rapide et press\u00e9 c\u2019est tout ce qui int\u00e9resse l\u2019ivoirien nouveau. Alors le RHDP leur en donne en temps voulu et ils se taisent. Aujourd\u2019hui, 5 ans apr\u00e8s M. Koulibaly est vu comme un proph\u00e8te alors qu\u2019il n\u2019a rien fait d\u2019extraordinaire, \u00e0 part son boulot d\u2019opposant qui doit \u00e9clairer le peuple.<\/p>\n<p>Il a juste expliqu\u00e9 les r\u00e9percussions \u00e9conomiques de cette nouvelle constitution, en dehors des aspects politiques, juridiques, ex\u00e9cutifs et sociaux. Et beaucoup ne l\u2019ont pas \u00e9cout\u00e9. \u00c0 Pr\u00e9sent, il est tellement d\u00e9pit\u00e9 apr\u00e8s le 3eme mandat qu\u2019il est d\u00e9sormais silencieux.<\/p>\n<p>Les manifestants contre la nouvelle constitution ont \u00e9t\u00e9 gaz\u00e9es au Plateau parce qu\u2019ils voulaient se faire entendre sur le mode ill\u00e9gal et les insuffisances de l\u2019environnement m\u00eame de changement de la constitution. C\u2019\u00e9tait un projet inique qui allait nous pousser vers le 3eme mandat, encore des morts et tout ce que nous vivons aujourd\u2019hui. De m\u00e9moire fra\u00eeche, l\u2019ont se souvient encore de cette image du m\u00eame Mamadou Koulibaly brutalis\u00e9 et jet\u00e9 dans un cargo de police. Les gens en avaient encore rigol\u00e9.<\/p>\n<p>Le vin est \u00e0 pr\u00e9sent tir\u00e9, nous le buvons tous, Neutres comme partisans, RHDP comme opposants. Chaque peuple m\u00e9rite ses gouvernants. Cette citation \u00e0 tout son sens en C\u00f4te d\u2019Ivoire. Quel est donc ce peuple amorphe dont rien n\u2019int\u00e9resse, \u00e0 part les buzz inutiles sur les r\u00e9seaux sociaux et la bi\u00e8re \u00e0 flot ? C\u2019est triste mais c\u2019est notre temps et notre r\u00e9alit\u00e9.<\/p>\n<p>Allez visiter l\u2019annexe fiscale vot\u00e9e l\u2019ann\u00e9e derni\u00e8re et vous aurez quelques r\u00e9ponses sur la chert\u00e9 de la vie. Cette m\u00eame annexe fiscale avait aussi \u00e9t\u00e9 d\u00e9nonc\u00e9e par des opposants et des intellectuels. Mais \u00e7a c\u2019est un autre niveau. Tout grimpe, tout augmente. Il n\u2019y a pas que dans l\u2019alimentaire. Tous les secteurs sont touch\u00e9s. Parce que le pays est hyper endett\u00e9. En 2011, lorsque le RHDP prenait le pouvoir avec le PPTE nous \u00e9tions \u00e0 environ 2000 milliards de dette. Aujourd\u2019hui nous en sommes \u00e0 17000 milliards.<\/p>\n<p>On parle d\u2019une politique \u00e9conomique saine ? On parle ainsi d\u2019une bonne politique \u00e9conomique tourn\u00e9e vers le bien \u00eatre des populations ? L\u2019argent est l\u00e0 mais les ivoiriens n\u2019en ont pas, ils n\u2019en connaissent pas la couleur. La balance est d\u00e9s\u00e9quilibr\u00e9e. Les multinationales s\u2019en mettent plein les poches avec certains membres du gouvernement et DG proches du pouvoir, en t\u00e9moignent les r\u00e9cents limogeages des DG du FER, AGEF, ARTCI etc.<\/p>\n<p>L\u2019ext\u00e9rieur ne veut plus pr\u00eater, ou le fait difficilement, alors il faut puiser dans les poches \u00e0 l\u2019int\u00e9rieur du pays. L\u2019int\u00e9rieur c\u2019est le citoyens lambda, artisans, enseignants, policiers, ch\u00f4meurs, journalistes\u2026 L\u2019impact se fait maintenant sentir directement sur tous sans gilet ni syst\u00e8me d\u2019amortissement.<\/p>\n<p>L\u2019opposition ? On en parle ? Elle ne d\u00e9veloppe plus tellement, tout \u00e7a parce qu\u2019il faut bien chercher \u00e0 survivre et pr\u00e9server sa vie. La d\u00e9sob\u00e9issance civile a laiss\u00e9 des traces \u00e0 tous les niveaux. En ce 3eme mandat, rien n\u2019est plus s\u00fbr. Alors on parle tous de r\u00e9conciliation. On ira tous se r\u00e9concilier avec nous m\u00eame et avec nos adversaires d\u2019hier. Peut-\u00eatre qu\u2019\u00e0 ce prix, tous les ivoiriens pourront enfin manger et boire \u00e0 leur faim.<\/p>\n<p>&nbsp;<\/p>\n","protected":false},"excerpt":{"rendered":"<p>Africa-Press &#8211; C\u00f4te d&rsquo;Ivoire. Aujourd\u2019hui la question de la vie ch\u00e8re anime tous les d\u00e9bats. Je vois qu\u2019une vid\u00e9o de Mamadou Koulibaly est devenue virale sur les r\u00e9seaux sociaux et tout le monde est fier et se l\u2019arracher, au point m\u00eame d\u2019hisser son auteur au rang de proph\u00e8te. Cette vid\u00e9o se situe en 2016. Malheureusement, [&hellip;]<\/p>\n","protected":false},"author":82,"featured_media":10443,"comment_status":"open","ping_status":"closed","sticky":false,"template":"","format":"standard","meta":{"footnotes":""},"categories":[7,11,20,10],"tags":[56,63,29],"class_list":["post-10444","post","type-post","status-publish","format-standard","has-post-thumbnail","hentry","category-dossiers","category-homepage-french","category-top-nouvelles","category-toutes-les-actualites","tag-africa-press","tag-africa-press-cote-divoire","tag-cote-divoire"],"yoast_head":"<!-- This site is optimized with the Yoast SEO Premium plugin v26.1 (Yoast SEO v27.0) - https:\/\/yoast.com\/product\/yoast-seo-premium-wordpress\/ -->\n<title>Quand la question de la vie ch\u00e8re anime tous les d\u00e9bats en C\u00f4te-d\u2019Ivoire (Tribune de Ga\u00ebl Lakpa, \u00e9crivain) - C\u00f4te d&#039;Ivoire<\/title>\n<meta name=\"description\" content=\"Aujourd\u2019hui la question de la vie ch\u00e8re anime tous les d\u00e9bats. Je vois qu\u2019une vid\u00e9o de Mamadou Koulibaly est devenue vir ...\" \/>\n<meta name=\"robots\" content=\"index, follow, max-snippet:-1, max-image-preview:large, max-video-preview:-1\" \/>\n<link rel=\"canonical\" href=\"https:\/\/www.africa-press.net\/cotedivoire\/dossiers\/quand-la-question-de-la-vie-chere-anime-tous-les-debats-en-cote-divoire-tribune-de-gael-lakpa-ecrivain\" \/>\n<meta property=\"og:locale\" content=\"fr_FR\" \/>\n<meta property=\"og:type\" content=\"article\" \/>\n<meta property=\"og:title\" content=\"Quand la question de la vie ch\u00e8re anime tous les d\u00e9bats en C\u00f4te-d\u2019Ivoire (Tribune de Ga\u00ebl Lakpa, \u00e9crivain)\" \/>\n<meta property=\"og:description\" content=\"Aujourd\u2019hui la question de la vie ch\u00e8re anime tous les d\u00e9bats. Je vois qu\u2019une vid\u00e9o de Mamadou Koulibaly est devenue vir ...\" \/>\n<meta property=\"og:url\" content=\"https:\/\/www.africa-press.net\/cotedivoire\/dossiers\/quand-la-question-de-la-vie-chere-anime-tous-les-debats-en-cote-divoire-tribune-de-gael-lakpa-ecrivain\" \/>\n<meta property=\"og:site_name\" content=\"C\u00f4te d&#039;Ivoire\" \/>\n<meta property=\"article:published_time\" content=\"2021-07-27T13:50:29+00:00\" \/>\n<meta property=\"article:modified_time\" content=\"2021-07-27T19:15:21+00:00\" \/>\n<meta property=\"og:image\" content=\"https:\/\/static.africa-press.net\/cote\/sites\/43\/2021\/07\/img-610001bd43e0b.jpg\" \/>\n\t<meta property=\"og:image:width\" content=\"720\" \/>\n\t<meta property=\"og:image:height\" content=\"630\" \/>\n\t<meta property=\"og:image:type\" content=\"image\/jpeg\" \/>\n<meta name=\"author\" content=\"cfeditorfr\" \/>\n<meta name=\"twitter:card\" content=\"summary_large_image\" \/>\n<meta name=\"twitter:label1\" content=\"\u00c9crit par\" \/>\n\t<meta name=\"twitter:data1\" content=\"cfeditorfr\" \/>\n\t<meta name=\"twitter:label2\" content=\"Dur\u00e9e de lecture estim\u00e9e\" \/>\n\t<meta name=\"twitter:data2\" content=\"4 minutes\" \/>\n<script type=\"application\/ld+json\" class=\"yoast-schema-graph\">{\"@context\":\"https:\/\/schema.org\",\"@graph\":[{\"@type\":\"Article\",\"@id\":\"https:\/\/www.africa-press.net\/cotedivoire\/dossiers\/quand-la-question-de-la-vie-chere-anime-tous-les-debats-en-cote-divoire-tribune-de-gael-lakpa-ecrivain#article\",\"isPartOf\":{\"@id\":\"https:\/\/www.africa-press.net\/cotedivoire\/dossiers\/quand-la-question-de-la-vie-chere-anime-tous-les-debats-en-cote-divoire-tribune-de-gael-lakpa-ecrivain\"},\"author\":{\"name\":\"cfeditorfr\",\"@id\":\"https:\/\/www.africa-press.net\/cotedivoire\/#\/schema\/person\/2b1cf3cd81a31e3cd26889ca66d677f1\"},\"headline\":\"Quand la question de la vie ch\u00e8re anime tous les d\u00e9bats en C\u00f4te-d\u2019Ivoire (Tribune de Ga\u00ebl Lakpa, \u00e9crivain)\",\"datePublished\":\"2021-07-27T13:50:29+00:00\",\"dateModified\":\"2021-07-27T19:15:21+00:00\",\"mainEntityOfPage\":{\"@id\":\"https:\/\/www.africa-press.net\/cotedivoire\/dossiers\/quand-la-question-de-la-vie-chere-anime-tous-les-debats-en-cote-divoire-tribune-de-gael-lakpa-ecrivain\"},\"wordCount\":876,\"commentCount\":0,\"image\":{\"@id\":\"https:\/\/www.africa-press.net\/cotedivoire\/dossiers\/quand-la-question-de-la-vie-chere-anime-tous-les-debats-en-cote-divoire-tribune-de-gael-lakpa-ecrivain#primaryimage\"},\"thumbnailUrl\":\"https:\/\/static.africa-press.net\/cote\/sites\/43\/2021\/07\/img-610001bd43e0b.jpg\",\"keywords\":[\"Africa Press\",\"Africa Press-C\u00f4te d'Ivoire\",\"C\u00d4TE D'IVOIRE\"],\"articleSection\":[\"Dossiers\",\"homepage-french\",\"Top Nouvelles\",\"Toutes les actualit\u00e9s\"],\"inLanguage\":\"fr-FR\",\"potentialAction\":[{\"@type\":\"CommentAction\",\"name\":\"Comment\",\"target\":[\"https:\/\/www.africa-press.net\/cotedivoire\/dossiers\/quand-la-question-de-la-vie-chere-anime-tous-les-debats-en-cote-divoire-tribune-de-gael-lakpa-ecrivain#respond\"]}]},{\"@type\":\"WebPage\",\"@id\":\"https:\/\/www.africa-press.net\/cotedivoire\/dossiers\/quand-la-question-de-la-vie-chere-anime-tous-les-debats-en-cote-divoire-tribune-de-gael-lakpa-ecrivain\",\"url\":\"https:\/\/www.africa-press.net\/cotedivoire\/dossiers\/quand-la-question-de-la-vie-chere-anime-tous-les-debats-en-cote-divoire-tribune-de-gael-lakpa-ecrivain\",\"name\":\"Quand la question de la vie ch\u00e8re anime tous les d\u00e9bats en C\u00f4te-d\u2019Ivoire (Tribune de Ga\u00ebl Lakpa, \u00e9crivain) - C\u00f4te d&#039;Ivoire\",\"isPartOf\":{\"@id\":\"https:\/\/www.africa-press.net\/cotedivoire\/#website\"},\"primaryImageOfPage\":{\"@id\":\"https:\/\/www.africa-press.net\/cotedivoire\/dossiers\/quand-la-question-de-la-vie-chere-anime-tous-les-debats-en-cote-divoire-tribune-de-gael-lakpa-ecrivain#primaryimage\"},\"image\":{\"@id\":\"https:\/\/www.africa-press.net\/cotedivoire\/dossiers\/quand-la-question-de-la-vie-chere-anime-tous-les-debats-en-cote-divoire-tribune-de-gael-lakpa-ecrivain#primaryimage\"},\"thumbnailUrl\":\"https:\/\/static.africa-press.net\/cote\/sites\/43\/2021\/07\/img-610001bd43e0b.jpg\",\"datePublished\":\"2021-07-27T13:50:29+00:00\",\"dateModified\":\"2021-07-27T19:15:21+00:00\",\"author\":{\"@id\":\"https:\/\/www.africa-press.net\/cotedivoire\/#\/schema\/person\/2b1cf3cd81a31e3cd26889ca66d677f1\"},\"description\":\"Aujourd\u2019hui la question de la vie ch\u00e8re anime tous les d\u00e9bats. Je vois qu\u2019une vid\u00e9o de Mamadou Koulibaly est devenue vir ...\",\"breadcrumb\":{\"@id\":\"https:\/\/www.africa-press.net\/cotedivoire\/dossiers\/quand-la-question-de-la-vie-chere-anime-tous-les-debats-en-cote-divoire-tribune-de-gael-lakpa-ecrivain#breadcrumb\"},\"inLanguage\":\"fr-FR\",\"potentialAction\":[{\"@type\":\"ReadAction\",\"target\":[\"https:\/\/www.africa-press.net\/cotedivoire\/dossiers\/quand-la-question-de-la-vie-chere-anime-tous-les-debats-en-cote-divoire-tribune-de-gael-lakpa-ecrivain\"]}]},{\"@type\":\"ImageObject\",\"inLanguage\":\"fr-FR\",\"@id\":\"https:\/\/www.africa-press.net\/cotedivoire\/dossiers\/quand-la-question-de-la-vie-chere-anime-tous-les-debats-en-cote-divoire-tribune-de-gael-lakpa-ecrivain#primaryimage\",\"url\":\"https:\/\/static.africa-press.net\/cote\/sites\/43\/2021\/07\/img-610001bd43e0b.jpg\",\"contentUrl\":\"https:\/\/static.africa-press.net\/cote\/sites\/43\/2021\/07\/img-610001bd43e0b.jpg\",\"width\":720,\"height\":630,\"caption\":\"Quand la question de la vie ch\u00e8re anime tous les d\u00e9bats en C\u00f4te-d\u2019Ivoire (Tribune de Ga\u00ebl Lakpa, \u00e9crivain)\"},{\"@type\":\"BreadcrumbList\",\"@id\":\"https:\/\/www.africa-press.net\/cotedivoire\/dossiers\/quand-la-question-de-la-vie-chere-anime-tous-les-debats-en-cote-divoire-tribune-de-gael-lakpa-ecrivain#breadcrumb\",\"itemListElement\":[{\"@type\":\"ListItem\",\"position\":1,\"name\":\"Accueil\",\"item\":\"https:\/\/www.africa-press.net\/cotedivoire\/\"},{\"@type\":\"ListItem\",\"position\":2,\"name\":\"Quand la question de la vie ch\u00e8re anime tous les d\u00e9bats en C\u00f4te-d\u2019Ivoire (Tribune de Ga\u00ebl Lakpa, \u00e9crivain)\"}]},{\"@type\":\"WebSite\",\"@id\":\"https:\/\/www.africa-press.net\/cotedivoire\/#website\",\"url\":\"https:\/\/www.africa-press.net\/cotedivoire\/\",\"name\":\"C\u00f4te d&#039;Ivoire\",\"description\":\"Just another Africa News Agency Sites site\",\"potentialAction\":[{\"@type\":\"SearchAction\",\"target\":{\"@type\":\"EntryPoint\",\"urlTemplate\":\"https:\/\/www.africa-press.net\/cotedivoire\/?s={search_term_string}\"},\"query-input\":{\"@type\":\"PropertyValueSpecification\",\"valueRequired\":true,\"valueName\":\"search_term_string\"}}],\"inLanguage\":\"fr-FR\"},{\"@type\":\"Person\",\"@id\":\"https:\/\/www.africa-press.net\/cotedivoire\/#\/schema\/person\/2b1cf3cd81a31e3cd26889ca66d677f1\",\"name\":\"cfeditorfr\"}]}<\/script>\n<!-- \/ Yoast SEO Premium plugin. -->","yoast_head_json":{"title":"Quand la question de la vie ch\u00e8re anime tous les d\u00e9bats en C\u00f4te-d\u2019Ivoire (Tribune de Ga\u00ebl Lakpa, \u00e9crivain) - C\u00f4te d&#039;Ivoire","description":"Aujourd\u2019hui la question de la vie ch\u00e8re anime tous les d\u00e9bats. Je vois qu\u2019une vid\u00e9o de Mamadou Koulibaly est devenue vir ...","robots":{"index":"index","follow":"follow","max-snippet":"max-snippet:-1","max-image-preview":"max-image-preview:large","max-video-preview":"max-video-preview:-1"},"canonical":"https:\/\/www.africa-press.net\/cotedivoire\/dossiers\/quand-la-question-de-la-vie-chere-anime-tous-les-debats-en-cote-divoire-tribune-de-gael-lakpa-ecrivain","og_locale":"fr_FR","og_type":"article","og_title":"Quand la question de la vie ch\u00e8re anime tous les d\u00e9bats en C\u00f4te-d\u2019Ivoire (Tribune de Ga\u00ebl Lakpa, \u00e9crivain)","og_description":"Aujourd\u2019hui la question de la vie ch\u00e8re anime tous les d\u00e9bats. Je vois qu\u2019une vid\u00e9o de Mamadou Koulibaly est devenue vir ...","og_url":"https:\/\/www.africa-press.net\/cotedivoire\/dossiers\/quand-la-question-de-la-vie-chere-anime-tous-les-debats-en-cote-divoire-tribune-de-gael-lakpa-ecrivain","og_site_name":"C\u00f4te d&#039;Ivoire","article_published_time":"2021-07-27T13:50:29+00:00","article_modified_time":"2021-07-27T19:15:21+00:00","og_image":[{"width":720,"height":630,"url":"https:\/\/static.africa-press.net\/cote\/sites\/43\/2021\/07\/img-610001bd43e0b.jpg","type":"image\/jpeg"}],"author":"cfeditorfr","twitter_card":"summary_large_image","twitter_misc":{"\u00c9crit par":"cfeditorfr","Dur\u00e9e de lecture estim\u00e9e":"4 minutes"},"schema":{"@context":"https:\/\/schema.org","@graph":[{"@type":"Article","@id":"https:\/\/www.africa-press.net\/cotedivoire\/dossiers\/quand-la-question-de-la-vie-chere-anime-tous-les-debats-en-cote-divoire-tribune-de-gael-lakpa-ecrivain#article","isPartOf":{"@id":"https:\/\/www.africa-press.net\/cotedivoire\/dossiers\/quand-la-question-de-la-vie-chere-anime-tous-les-debats-en-cote-divoire-tribune-de-gael-lakpa-ecrivain"},"author":{"name":"cfeditorfr","@id":"https:\/\/www.africa-press.net\/cotedivoire\/#\/schema\/person\/2b1cf3cd81a31e3cd26889ca66d677f1"},"headline":"Quand la question de la vie ch\u00e8re anime tous les d\u00e9bats en C\u00f4te-d\u2019Ivoire (Tribune de Ga\u00ebl Lakpa, \u00e9crivain)","datePublished":"2021-07-27T13:50:29+00:00","dateModified":"2021-07-27T19:15:21+00:00","mainEntityOfPage":{"@id":"https:\/\/www.africa-press.net\/cotedivoire\/dossiers\/quand-la-question-de-la-vie-chere-anime-tous-les-debats-en-cote-divoire-tribune-de-gael-lakpa-ecrivain"},"wordCount":876,"commentCount":0,"image":{"@id":"https:\/\/www.africa-press.net\/cotedivoire\/dossiers\/quand-la-question-de-la-vie-chere-anime-tous-les-debats-en-cote-divoire-tribune-de-gael-lakpa-ecrivain#primaryimage"},"thumbnailUrl":"https:\/\/static.africa-press.net\/cote\/sites\/43\/2021\/07\/img-610001bd43e0b.jpg","keywords":["Africa Press","Africa Press-C\u00f4te d'Ivoire","C\u00d4TE D'IVOIRE"],"articleSection":["Dossiers","homepage-french","Top Nouvelles","Toutes les actualit\u00e9s"],"inLanguage":"fr-FR","potentialAction":[{"@type":"CommentAction","name":"Comment","target":["https:\/\/www.africa-press.net\/cotedivoire\/dossiers\/quand-la-question-de-la-vie-chere-anime-tous-les-debats-en-cote-divoire-tribune-de-gael-lakpa-ecrivain#respond"]}]},{"@type":"WebPage","@id":"https:\/\/www.africa-press.net\/cotedivoire\/dossiers\/quand-la-question-de-la-vie-chere-anime-tous-les-debats-en-cote-divoire-tribune-de-gael-lakpa-ecrivain","url":"https:\/\/www.africa-press.net\/cotedivoire\/dossiers\/quand-la-question-de-la-vie-chere-anime-tous-les-debats-en-cote-divoire-tribune-de-gael-lakpa-ecrivain","name":"Quand la question de la vie ch\u00e8re anime tous les d\u00e9bats en C\u00f4te-d\u2019Ivoire (Tribune de Ga\u00ebl Lakpa, \u00e9crivain) - C\u00f4te d&#039;Ivoire","isPartOf":{"@id":"https:\/\/www.africa-press.net\/cotedivoire\/#website"},"primaryImageOfPage":{"@id":"https:\/\/www.africa-press.net\/cotedivoire\/dossiers\/quand-la-question-de-la-vie-chere-anime-tous-les-debats-en-cote-divoire-tribune-de-gael-lakpa-ecrivain#primaryimage"},"image":{"@id":"https:\/\/www.africa-press.net\/cotedivoire\/dossiers\/quand-la-question-de-la-vie-chere-anime-tous-les-debats-en-cote-divoire-tribune-de-gael-lakpa-ecrivain#primaryimage"},"thumbnailUrl":"https:\/\/static.africa-press.net\/cote\/sites\/43\/2021\/07\/img-610001bd43e0b.jpg","datePublished":"2021-07-27T13:50:29+00:00","dateModified":"2021-07-27T19:15:21+00:00","author":{"@id":"https:\/\/www.africa-press.net\/cotedivoire\/#\/schema\/person\/2b1cf3cd81a31e3cd26889ca66d677f1"},"description":"Aujourd\u2019hui la question de la vie ch\u00e8re anime tous les d\u00e9bats. Je vois qu\u2019une vid\u00e9o de Mamadou Koulibaly est devenue vir ...","breadcrumb":{"@id":"https:\/\/www.africa-press.net\/cotedivoire\/dossiers\/quand-la-question-de-la-vie-chere-anime-tous-les-debats-en-cote-divoire-tribune-de-gael-lakpa-ecrivain#breadcrumb"},"inLanguage":"fr-FR","potentialAction":[{"@type":"ReadAction","target":["https:\/\/www.africa-press.net\/cotedivoire\/dossiers\/quand-la-question-de-la-vie-chere-anime-tous-les-debats-en-cote-divoire-tribune-de-gael-lakpa-ecrivain"]}]},{"@type":"ImageObject","inLanguage":"fr-FR","@id":"https:\/\/www.africa-press.net\/cotedivoire\/dossiers\/quand-la-question-de-la-vie-chere-anime-tous-les-debats-en-cote-divoire-tribune-de-gael-lakpa-ecrivain#primaryimage","url":"https:\/\/static.africa-press.net\/cote\/sites\/43\/2021\/07\/img-610001bd43e0b.jpg","contentUrl":"https:\/\/static.africa-press.net\/cote\/sites\/43\/2021\/07\/img-610001bd43e0b.jpg","width":720,"height":630,"caption":"Quand la question de la vie ch\u00e8re anime tous les d\u00e9bats en C\u00f4te-d\u2019Ivoire (Tribune de Ga\u00ebl Lakpa, \u00e9crivain)"},{"@type":"BreadcrumbList","@id":"https:\/\/www.africa-press.net\/cotedivoire\/dossiers\/quand-la-question-de-la-vie-chere-anime-tous-les-debats-en-cote-divoire-tribune-de-gael-lakpa-ecrivain#breadcrumb","itemListElement":[{"@type":"ListItem","position":1,"name":"Accueil","item":"https:\/\/www.africa-press.net\/cotedivoire\/"},{"@type":"ListItem","position":2,"name":"Quand la question de la vie ch\u00e8re anime tous les d\u00e9bats en C\u00f4te-d\u2019Ivoire (Tribune de Ga\u00ebl Lakpa, \u00e9crivain)"}]},{"@type":"WebSite","@id":"https:\/\/www.africa-press.net\/cotedivoire\/#website","url":"https:\/\/www.africa-press.net\/cotedivoire\/","name":"C\u00f4te d&#039;Ivoire","description":"Just another Africa News Agency Sites site","potentialAction":[{"@type":"SearchAction","target":{"@type":"EntryPoint","urlTemplate":"https:\/\/www.africa-press.net\/cotedivoire\/?s={search_term_string}"},"query-input":{"@type":"PropertyValueSpecification","valueRequired":true,"valueName":"search_term_string"}}],"inLanguage":"fr-FR"},{"@type":"Person","@id":"https:\/\/www.africa-press.net\/cotedivoire\/#\/schema\/person\/2b1cf3cd81a31e3cd26889ca66d677f1","name":"cfeditorfr"}]}},"_links":{"self":[{"href":"https:\/\/www.africa-press.net\/cotedivoire\/wp-json\/wp\/v2\/posts\/10444","targetHints":{"allow":["GET"]}}],"collection":[{"href":"https:\/\/www.africa-press.net\/cotedivoire\/wp-json\/wp\/v2\/posts"}],"about":[{"href":"https:\/\/www.africa-press.net\/cotedivoire\/wp-json\/wp\/v2\/types\/post"}],"author":[{"embeddable":true,"href":"https:\/\/www.africa-press.net\/cotedivoire\/wp-json\/wp\/v2\/users\/82"}],"replies":[{"embeddable":true,"href":"https:\/\/www.africa-press.net\/cotedivoire\/wp-json\/wp\/v2\/comments?post=10444"}],"version-history":[{"count":0,"href":"https:\/\/www.africa-press.net\/cotedivoire\/wp-json\/wp\/v2\/posts\/10444\/revisions"}],"wp:featuredmedia":[{"embeddable":true,"href":"https:\/\/www.africa-press.net\/cotedivoire\/wp-json\/wp\/v2\/media\/10443"}],"wp:attachment":[{"href":"https:\/\/www.africa-press.net\/cotedivoire\/wp-json\/wp\/v2\/media?parent=10444"}],"wp:term":[{"taxonomy":"category","embeddable":true,"href":"https:\/\/www.africa-press.net\/cotedivoire\/wp-json\/wp\/v2\/categories?post=10444"},{"taxonomy":"post_tag","embeddable":true,"href":"https:\/\/www.africa-press.net\/cotedivoire\/wp-json\/wp\/v2\/tags?post=10444"}],"curies":[{"name":"wp","href":"https:\/\/api.w.org\/{rel}","templated":true}]}}