{"id":104487,"date":"2025-09-01T19:09:46","date_gmt":"2025-09-01T19:09:46","guid":{"rendered":"https:\/\/www.africa-press.net\/cotedivoire\/politique\/koumoin-rene-appelle-a-lunion-a-botro-3"},"modified":"2025-09-01T19:48:24","modified_gmt":"2025-09-01T19:48:24","slug":"koumoin-rene-appelle-a-lunion-a-botro-3","status":"publish","type":"post","link":"https:\/\/www.africa-press.net\/cotedivoire\/politique\/koumoin-rene-appelle-a-lunion-a-botro-3","title":{"rendered":"Koumoin Ren\u00e9 Appelle \u00e0 l&rsquo;Union \u00e0 Botro 3"},"content":{"rendered":"<p><span style=\"color: #ff6600\"><strong>Africa-Press &#8211; C\u00f4te d&rsquo;Ivoire. <\/strong><\/span>Le centre culturel de Languibonou, localite\u0301 situe\u0301e dans la re\u0301gion de Gbe\u0302ke\u0302 sur l&rsquo;axe Bouake\u0301 &#8211; Be\u0301oumi, a refuse\u0301 du monde le samedi 30 aou\u0302t 2025. En effet, les militants du PDCI-RDA de cette sous-pre\u0301fecture, ont pris d&rsquo;assaut les lieux pour e\u0302tre des te\u0301moins privile\u0301gie\u0301s de la prise officielle des re\u0302nes de la de\u0301le\u0301gation PDCI-RDA Botro 3 (Languibonou) par Koumoin Konan Rene\u0301, nomme\u0301 le 20 aou\u0302t 2025 par le Pre\u0301sident du plus vieux parti politique ivoirien, Tidjane Thiam en remplacement du Prof Yao Kouame\u0301 Albert comme indique\u0301 par KOACI dans un pre\u0301ce\u0301dent article.<\/p>\n<p>\u00ab Je voudrais dire grand merci au Pre\u0301sident Tidjane Thiam qui a bien voulu porter son choix sur moi pour assurer l&rsquo;inte\u0301rim de la de\u0301le\u0301gation PDCI-RDA de Languibonou (Botro 3). Il ne s&rsquo;est pas trompe\u0301 de choix, car je suis chez moi a\u0300 Languibonou. A\u0300 Languibonou, il y a une vitalite\u0301 au niveau du PDCI-RDA eu e\u0301gard a\u0300 la mobilisation exceptionnelle de tout le personnel politique enregistre\u0301e ce jour.<\/p>\n<p>C&rsquo;est une mission noble et de\u0301licate. Je voudrais compter sur l&rsquo;ensemble des cadres ici pre\u0301sents, sur les secre\u0301taires de section, sur les jeunes et sur les femmes pour qu&rsquo;on puisse re\u0301ussir cette mission. Je suis venu pour qu&rsquo;on se mette ensemble dans l&rsquo;entente et la cohe\u0301sion dans l&rsquo;optique de redynamiser cette de\u0301le\u0301gation. Je suis le de\u0301le\u0301gue\u0301 de tous&#8230;\u00bb a explique\u0301 le de\u0301sormais de\u0301le\u0301gue\u0301 PDCI-RDA Botro 2 et 3, Koumoin Konan Rene\u0301 qui a tendu la main a\u0300 son pre\u0301de\u0301cesseur pour un e\u0301ventuel retour dans leur maison commune qui n&rsquo;est autre que le PDCI. Il s&rsquo;est e\u0301galement engage\u0301 a\u0300 parrainer toutes les activite\u0301s du PDCI-RDA dans cette localite\u0301.<\/p>\n<p>Cette prise de contact entre le de\u0301le\u0301gue\u0301 inte\u0301rimaire Koumoin Konan Rene\u0301 et le personnel politique de la de\u0301le\u0301gation PDCI-RDA Botro 3, a e\u0301te\u0301 marque\u0301e par la pre\u0301sence d&rsquo;e\u0301lus, cadres et dignitaires du parti notamment le Maire de Botro, N&rsquo;Guessan N&rsquo;Goran dit Maurice Gandour et Diby Kouassi Albert alias Kpadjalika, ex de\u0301pute\u0301 de Diabo &#8211; Languibonou. Ce dernier, a e\u0301te\u0301 mandate\u0301 par son parti pour remettre les charges de de\u0301le\u0301gue\u0301 de Botro 3 a\u0300 Koumoin Konan Rene\u0301.<\/p>\n<p><strong>Pour plus d&rsquo;informations et d&rsquo;analyses sur la <span style=\"color: #ff6600\">C\u00f4te d&rsquo;Ivoire<\/span>, suivez <span style=\"color: #ff6600\">Africa-Press<\/span><\/strong><\/p>\n","protected":false},"excerpt":{"rendered":"<p>Africa-Press &#8211; C\u00f4te d&rsquo;Ivoire. Le centre culturel de Languibonou, localite\u0301 situe\u0301e dans la re\u0301gion de Gbe\u0302ke\u0302 sur l&rsquo;axe Bouake\u0301 &#8211; Be\u0301oumi, a refuse\u0301 du monde le samedi 30 aou\u0302t 2025. En effet, les militants du PDCI-RDA de cette sous-pre\u0301fecture, ont pris d&rsquo;assaut les lieux pour e\u0302tre des te\u0301moins privile\u0301gie\u0301s de la prise officielle des re\u0302nes [&hellip;]<\/p>\n","protected":false},"author":82,"featured_media":104486,"comment_status":"open","ping_status":"closed","sticky":false,"template":"","format":"standard","meta":{"footnotes":""},"categories":[2,10],"tags":[1473,29,3698,18624,2578,423],"class_list":["post-104487","post","type-post","status-publish","format-standard","has-post-thumbnail","hentry","category-politique","category-toutes-les-actualites","tag-botro","tag-cote-divoire","tag-delegue","tag-koumoin-konan-rene","tag-languibonou","tag-pdci"],"yoast_head":"<!-- This site is optimized with the Yoast SEO Premium plugin v26.1 (Yoast SEO v27.0) - https:\/\/yoast.com\/product\/yoast-seo-premium-wordpress\/ -->\n<title>Koumoin Ren\u00e9 Appelle \u00e0 l&#039;Union \u00e0 Botro 3 - C\u00f4te d&#039;Ivoire<\/title>\n<meta name=\"description\" content=\"Le centre culturel de Languibonou, localite\u0301 situe\u0301e dans la re\u0301gion de Gbe\u0302ke\u0302 sur l&#039;axe Bouake\u0301 - Be\u0301oumi, a refuse\u0301 d ...\" \/>\n<meta name=\"robots\" content=\"index, follow, max-snippet:-1, max-image-preview:large, max-video-preview:-1\" \/>\n<link rel=\"canonical\" href=\"https:\/\/www.africa-press.net\/cotedivoire\/politique\/koumoin-rene-appelle-a-lunion-a-botro-3\" \/>\n<meta property=\"og:locale\" content=\"fr_FR\" \/>\n<meta property=\"og:type\" content=\"article\" \/>\n<meta property=\"og:title\" content=\"Koumoin Ren\u00e9 Appelle \u00e0 l&#039;Union \u00e0 Botro 3\" \/>\n<meta property=\"og:description\" content=\"Le centre culturel de Languibonou, localite\u0301 situe\u0301e dans la re\u0301gion de Gbe\u0302ke\u0302 sur l&#039;axe Bouake\u0301 - Be\u0301oumi, a refuse\u0301 d ...\" \/>\n<meta property=\"og:url\" content=\"https:\/\/www.africa-press.net\/cotedivoire\/politique\/koumoin-rene-appelle-a-lunion-a-botro-3\" \/>\n<meta property=\"og:site_name\" content=\"C\u00f4te d&#039;Ivoire\" \/>\n<meta property=\"article:published_time\" content=\"2025-09-01T19:09:46+00:00\" \/>\n<meta property=\"article:modified_time\" content=\"2025-09-01T19:48:24+00:00\" \/>\n<meta property=\"og:image\" content=\"https:\/\/static.africa-press.net\/cote\/sites\/43\/2025\/09\/sm_1756743441.12241.jpg\" \/>\n\t<meta property=\"og:image:width\" content=\"720\" \/>\n\t<meta property=\"og:image:height\" content=\"324\" \/>\n\t<meta property=\"og:image:type\" content=\"image\/jpeg\" \/>\n<meta name=\"author\" content=\"cfeditorfr\" \/>\n<meta name=\"twitter:card\" content=\"summary_large_image\" \/>\n<meta name=\"twitter:label1\" content=\"\u00c9crit par\" \/>\n\t<meta name=\"twitter:data1\" content=\"cfeditorfr\" \/>\n\t<meta name=\"twitter:label2\" content=\"Dur\u00e9e de lecture estim\u00e9e\" \/>\n\t<meta name=\"twitter:data2\" content=\"2 minutes\" \/>\n<script type=\"application\/ld+json\" class=\"yoast-schema-graph\">{\"@context\":\"https:\/\/schema.org\",\"@graph\":[{\"@type\":\"Article\",\"@id\":\"https:\/\/www.africa-press.net\/cotedivoire\/politique\/koumoin-rene-appelle-a-lunion-a-botro-3#article\",\"isPartOf\":{\"@id\":\"https:\/\/www.africa-press.net\/cotedivoire\/politique\/koumoin-rene-appelle-a-lunion-a-botro-3\"},\"author\":{\"name\":\"cfeditorfr\",\"@id\":\"https:\/\/www.africa-press.net\/cotedivoire\/#\/schema\/person\/2b1cf3cd81a31e3cd26889ca66d677f1\"},\"headline\":\"Koumoin Ren\u00e9 Appelle \u00e0 l&rsquo;Union \u00e0 Botro 3\",\"datePublished\":\"2025-09-01T19:09:46+00:00\",\"dateModified\":\"2025-09-01T19:48:24+00:00\",\"mainEntityOfPage\":{\"@id\":\"https:\/\/www.africa-press.net\/cotedivoire\/politique\/koumoin-rene-appelle-a-lunion-a-botro-3\"},\"wordCount\":429,\"commentCount\":0,\"image\":{\"@id\":\"https:\/\/www.africa-press.net\/cotedivoire\/politique\/koumoin-rene-appelle-a-lunion-a-botro-3#primaryimage\"},\"thumbnailUrl\":\"https:\/\/static.africa-press.net\/cote\/sites\/43\/2025\/09\/sm_1756743441.12241.jpg\",\"keywords\":[\"Botro\",\"C\u00d4TE D'IVOIRE\",\"d\u00e9l\u00e9gu\u00e9\",\"Koumoin Konan Ren\u00e9\",\"Languibonou\",\"Pdci\"],\"articleSection\":[\"Politique\",\"Toutes les actualit\u00e9s\"],\"inLanguage\":\"fr-FR\",\"potentialAction\":[{\"@type\":\"CommentAction\",\"name\":\"Comment\",\"target\":[\"https:\/\/www.africa-press.net\/cotedivoire\/politique\/koumoin-rene-appelle-a-lunion-a-botro-3#respond\"]}]},{\"@type\":\"WebPage\",\"@id\":\"https:\/\/www.africa-press.net\/cotedivoire\/politique\/koumoin-rene-appelle-a-lunion-a-botro-3\",\"url\":\"https:\/\/www.africa-press.net\/cotedivoire\/politique\/koumoin-rene-appelle-a-lunion-a-botro-3\",\"name\":\"Koumoin Ren\u00e9 Appelle \u00e0 l'Union \u00e0 Botro 3 - C\u00f4te d&#039;Ivoire\",\"isPartOf\":{\"@id\":\"https:\/\/www.africa-press.net\/cotedivoire\/#website\"},\"primaryImageOfPage\":{\"@id\":\"https:\/\/www.africa-press.net\/cotedivoire\/politique\/koumoin-rene-appelle-a-lunion-a-botro-3#primaryimage\"},\"image\":{\"@id\":\"https:\/\/www.africa-press.net\/cotedivoire\/politique\/koumoin-rene-appelle-a-lunion-a-botro-3#primaryimage\"},\"thumbnailUrl\":\"https:\/\/static.africa-press.net\/cote\/sites\/43\/2025\/09\/sm_1756743441.12241.jpg\",\"datePublished\":\"2025-09-01T19:09:46+00:00\",\"dateModified\":\"2025-09-01T19:48:24+00:00\",\"author\":{\"@id\":\"https:\/\/www.africa-press.net\/cotedivoire\/#\/schema\/person\/2b1cf3cd81a31e3cd26889ca66d677f1\"},\"description\":\"Le centre culturel de Languibonou, localite\u0301 situe\u0301e dans la re\u0301gion de Gbe\u0302ke\u0302 sur l'axe Bouake\u0301 - Be\u0301oumi, a refuse\u0301 d ...\",\"breadcrumb\":{\"@id\":\"https:\/\/www.africa-press.net\/cotedivoire\/politique\/koumoin-rene-appelle-a-lunion-a-botro-3#breadcrumb\"},\"inLanguage\":\"fr-FR\",\"potentialAction\":[{\"@type\":\"ReadAction\",\"target\":[\"https:\/\/www.africa-press.net\/cotedivoire\/politique\/koumoin-rene-appelle-a-lunion-a-botro-3\"]}]},{\"@type\":\"ImageObject\",\"inLanguage\":\"fr-FR\",\"@id\":\"https:\/\/www.africa-press.net\/cotedivoire\/politique\/koumoin-rene-appelle-a-lunion-a-botro-3#primaryimage\",\"url\":\"https:\/\/static.africa-press.net\/cote\/sites\/43\/2025\/09\/sm_1756743441.12241.jpg\",\"contentUrl\":\"https:\/\/static.africa-press.net\/cote\/sites\/43\/2025\/09\/sm_1756743441.12241.jpg\",\"width\":720,\"height\":324,\"caption\":\"Koumoin Ren\u00e9 Appelle \u00e0 l'Union \u00e0 Botro 3\"},{\"@type\":\"BreadcrumbList\",\"@id\":\"https:\/\/www.africa-press.net\/cotedivoire\/politique\/koumoin-rene-appelle-a-lunion-a-botro-3#breadcrumb\",\"itemListElement\":[{\"@type\":\"ListItem\",\"position\":1,\"name\":\"Accueil\",\"item\":\"https:\/\/www.africa-press.net\/cotedivoire\/\"},{\"@type\":\"ListItem\",\"position\":2,\"name\":\"Koumoin Ren\u00e9 Appelle \u00e0 l&#8217;Union \u00e0 Botro 3\"}]},{\"@type\":\"WebSite\",\"@id\":\"https:\/\/www.africa-press.net\/cotedivoire\/#website\",\"url\":\"https:\/\/www.africa-press.net\/cotedivoire\/\",\"name\":\"C\u00f4te d&#039;Ivoire\",\"description\":\"Just another Africa News Agency Sites site\",\"potentialAction\":[{\"@type\":\"SearchAction\",\"target\":{\"@type\":\"EntryPoint\",\"urlTemplate\":\"https:\/\/www.africa-press.net\/cotedivoire\/?s={search_term_string}\"},\"query-input\":{\"@type\":\"PropertyValueSpecification\",\"valueRequired\":true,\"valueName\":\"search_term_string\"}}],\"inLanguage\":\"fr-FR\"},{\"@type\":\"Person\",\"@id\":\"https:\/\/www.africa-press.net\/cotedivoire\/#\/schema\/person\/2b1cf3cd81a31e3cd26889ca66d677f1\",\"name\":\"cfeditorfr\"}]}<\/script>\n<!-- \/ Yoast SEO Premium plugin. -->","yoast_head_json":{"title":"Koumoin Ren\u00e9 Appelle \u00e0 l'Union \u00e0 Botro 3 - C\u00f4te d&#039;Ivoire","description":"Le centre culturel de Languibonou, localite\u0301 situe\u0301e dans la re\u0301gion de Gbe\u0302ke\u0302 sur l'axe Bouake\u0301 - Be\u0301oumi, a refuse\u0301 d ...","robots":{"index":"index","follow":"follow","max-snippet":"max-snippet:-1","max-image-preview":"max-image-preview:large","max-video-preview":"max-video-preview:-1"},"canonical":"https:\/\/www.africa-press.net\/cotedivoire\/politique\/koumoin-rene-appelle-a-lunion-a-botro-3","og_locale":"fr_FR","og_type":"article","og_title":"Koumoin Ren\u00e9 Appelle \u00e0 l'Union \u00e0 Botro 3","og_description":"Le centre culturel de Languibonou, localite\u0301 situe\u0301e dans la re\u0301gion de Gbe\u0302ke\u0302 sur l'axe Bouake\u0301 - Be\u0301oumi, a refuse\u0301 d ...","og_url":"https:\/\/www.africa-press.net\/cotedivoire\/politique\/koumoin-rene-appelle-a-lunion-a-botro-3","og_site_name":"C\u00f4te d&#039;Ivoire","article_published_time":"2025-09-01T19:09:46+00:00","article_modified_time":"2025-09-01T19:48:24+00:00","og_image":[{"width":720,"height":324,"url":"https:\/\/static.africa-press.net\/cote\/sites\/43\/2025\/09\/sm_1756743441.12241.jpg","type":"image\/jpeg"}],"author":"cfeditorfr","twitter_card":"summary_large_image","twitter_misc":{"\u00c9crit par":"cfeditorfr","Dur\u00e9e de lecture estim\u00e9e":"2 minutes"},"schema":{"@context":"https:\/\/schema.org","@graph":[{"@type":"Article","@id":"https:\/\/www.africa-press.net\/cotedivoire\/politique\/koumoin-rene-appelle-a-lunion-a-botro-3#article","isPartOf":{"@id":"https:\/\/www.africa-press.net\/cotedivoire\/politique\/koumoin-rene-appelle-a-lunion-a-botro-3"},"author":{"name":"cfeditorfr","@id":"https:\/\/www.africa-press.net\/cotedivoire\/#\/schema\/person\/2b1cf3cd81a31e3cd26889ca66d677f1"},"headline":"Koumoin Ren\u00e9 Appelle \u00e0 l&rsquo;Union \u00e0 Botro 3","datePublished":"2025-09-01T19:09:46+00:00","dateModified":"2025-09-01T19:48:24+00:00","mainEntityOfPage":{"@id":"https:\/\/www.africa-press.net\/cotedivoire\/politique\/koumoin-rene-appelle-a-lunion-a-botro-3"},"wordCount":429,"commentCount":0,"image":{"@id":"https:\/\/www.africa-press.net\/cotedivoire\/politique\/koumoin-rene-appelle-a-lunion-a-botro-3#primaryimage"},"thumbnailUrl":"https:\/\/static.africa-press.net\/cote\/sites\/43\/2025\/09\/sm_1756743441.12241.jpg","keywords":["Botro","C\u00d4TE D'IVOIRE","d\u00e9l\u00e9gu\u00e9","Koumoin Konan Ren\u00e9","Languibonou","Pdci"],"articleSection":["Politique","Toutes les actualit\u00e9s"],"inLanguage":"fr-FR","potentialAction":[{"@type":"CommentAction","name":"Comment","target":["https:\/\/www.africa-press.net\/cotedivoire\/politique\/koumoin-rene-appelle-a-lunion-a-botro-3#respond"]}]},{"@type":"WebPage","@id":"https:\/\/www.africa-press.net\/cotedivoire\/politique\/koumoin-rene-appelle-a-lunion-a-botro-3","url":"https:\/\/www.africa-press.net\/cotedivoire\/politique\/koumoin-rene-appelle-a-lunion-a-botro-3","name":"Koumoin Ren\u00e9 Appelle \u00e0 l'Union \u00e0 Botro 3 - C\u00f4te d&#039;Ivoire","isPartOf":{"@id":"https:\/\/www.africa-press.net\/cotedivoire\/#website"},"primaryImageOfPage":{"@id":"https:\/\/www.africa-press.net\/cotedivoire\/politique\/koumoin-rene-appelle-a-lunion-a-botro-3#primaryimage"},"image":{"@id":"https:\/\/www.africa-press.net\/cotedivoire\/politique\/koumoin-rene-appelle-a-lunion-a-botro-3#primaryimage"},"thumbnailUrl":"https:\/\/static.africa-press.net\/cote\/sites\/43\/2025\/09\/sm_1756743441.12241.jpg","datePublished":"2025-09-01T19:09:46+00:00","dateModified":"2025-09-01T19:48:24+00:00","author":{"@id":"https:\/\/www.africa-press.net\/cotedivoire\/#\/schema\/person\/2b1cf3cd81a31e3cd26889ca66d677f1"},"description":"Le centre culturel de Languibonou, localite\u0301 situe\u0301e dans la re\u0301gion de Gbe\u0302ke\u0302 sur l'axe Bouake\u0301 - Be\u0301oumi, a refuse\u0301 d ...","breadcrumb":{"@id":"https:\/\/www.africa-press.net\/cotedivoire\/politique\/koumoin-rene-appelle-a-lunion-a-botro-3#breadcrumb"},"inLanguage":"fr-FR","potentialAction":[{"@type":"ReadAction","target":["https:\/\/www.africa-press.net\/cotedivoire\/politique\/koumoin-rene-appelle-a-lunion-a-botro-3"]}]},{"@type":"ImageObject","inLanguage":"fr-FR","@id":"https:\/\/www.africa-press.net\/cotedivoire\/politique\/koumoin-rene-appelle-a-lunion-a-botro-3#primaryimage","url":"https:\/\/static.africa-press.net\/cote\/sites\/43\/2025\/09\/sm_1756743441.12241.jpg","contentUrl":"https:\/\/static.africa-press.net\/cote\/sites\/43\/2025\/09\/sm_1756743441.12241.jpg","width":720,"height":324,"caption":"Koumoin Ren\u00e9 Appelle \u00e0 l'Union \u00e0 Botro 3"},{"@type":"BreadcrumbList","@id":"https:\/\/www.africa-press.net\/cotedivoire\/politique\/koumoin-rene-appelle-a-lunion-a-botro-3#breadcrumb","itemListElement":[{"@type":"ListItem","position":1,"name":"Accueil","item":"https:\/\/www.africa-press.net\/cotedivoire\/"},{"@type":"ListItem","position":2,"name":"Koumoin Ren\u00e9 Appelle \u00e0 l&#8217;Union \u00e0 Botro 3"}]},{"@type":"WebSite","@id":"https:\/\/www.africa-press.net\/cotedivoire\/#website","url":"https:\/\/www.africa-press.net\/cotedivoire\/","name":"C\u00f4te d&#039;Ivoire","description":"Just another Africa News Agency Sites site","potentialAction":[{"@type":"SearchAction","target":{"@type":"EntryPoint","urlTemplate":"https:\/\/www.africa-press.net\/cotedivoire\/?s={search_term_string}"},"query-input":{"@type":"PropertyValueSpecification","valueRequired":true,"valueName":"search_term_string"}}],"inLanguage":"fr-FR"},{"@type":"Person","@id":"https:\/\/www.africa-press.net\/cotedivoire\/#\/schema\/person\/2b1cf3cd81a31e3cd26889ca66d677f1","name":"cfeditorfr"}]}},"_links":{"self":[{"href":"https:\/\/www.africa-press.net\/cotedivoire\/wp-json\/wp\/v2\/posts\/104487","targetHints":{"allow":["GET"]}}],"collection":[{"href":"https:\/\/www.africa-press.net\/cotedivoire\/wp-json\/wp\/v2\/posts"}],"about":[{"href":"https:\/\/www.africa-press.net\/cotedivoire\/wp-json\/wp\/v2\/types\/post"}],"author":[{"embeddable":true,"href":"https:\/\/www.africa-press.net\/cotedivoire\/wp-json\/wp\/v2\/users\/82"}],"replies":[{"embeddable":true,"href":"https:\/\/www.africa-press.net\/cotedivoire\/wp-json\/wp\/v2\/comments?post=104487"}],"version-history":[{"count":0,"href":"https:\/\/www.africa-press.net\/cotedivoire\/wp-json\/wp\/v2\/posts\/104487\/revisions"}],"wp:featuredmedia":[{"embeddable":true,"href":"https:\/\/www.africa-press.net\/cotedivoire\/wp-json\/wp\/v2\/media\/104486"}],"wp:attachment":[{"href":"https:\/\/www.africa-press.net\/cotedivoire\/wp-json\/wp\/v2\/media?parent=104487"}],"wp:term":[{"taxonomy":"category","embeddable":true,"href":"https:\/\/www.africa-press.net\/cotedivoire\/wp-json\/wp\/v2\/categories?post=104487"},{"taxonomy":"post_tag","embeddable":true,"href":"https:\/\/www.africa-press.net\/cotedivoire\/wp-json\/wp\/v2\/tags?post=104487"}],"curies":[{"name":"wp","href":"https:\/\/api.w.org\/{rel}","templated":true}]}}